{"id":166156,"date":"2026-04-29T08:58:29","date_gmt":"2026-04-29T08:58:29","guid":{"rendered":"https:\/\/friss-hirek.hu\/index.php\/kiallt-a-nato-es-ukrajna-mellett-iii-karoly-trumpnal-de-egy-temat-latvanyosan-kerult\/friss-hirek\/"},"modified":"2026-04-29T08:58:29","modified_gmt":"2026-04-29T08:58:29","slug":"kiallt-a-nato-es-ukrajna-mellett-iii-karoly-trumpnal-de-egy-temat-latvanyosan-kerult","status":"publish","type":"post","link":"https:\/\/friss-hirek.hu\/index.php\/kiallt-a-nato-es-ukrajna-mellett-iii-karoly-trumpnal-de-egy-temat-latvanyosan-kerult\/uzlet\/","title":{"rendered":"Ki\u00e1llt a NATO \u00e9s Ukrajna mellett III. K\u00e1roly Trumpn\u00e1l, de egy t\u00e9m\u00e1t l\u00e1tv\u00e1nyosan ker\u00fclt"},"content":{"rendered":"<p><strong>III. K\u00e1roly brit kir\u00e1ly n\u00e9gynapos l\u00e1togat\u00e1st tesz az Egyes\u00fclt \u00c1llamokba. A m\u00e1sodik napon kim\u00e9rt, de kir\u00e1lyhoz k\u00e9pest er\u0151teljes besz\u00e9det mondott a Kongresszus el\u0151tt.<\/strong><\/p><div id=\"friss-3044954765\" class=\"friss-etarget friss-entity-placement\"><script type=\"text\/javascript\" id=\"etargetScript7a9b589f63cb072bef80df221f46a22b\">function etargetPostloadFunction7a9b589f63cb072bef80df221f46a22b(){var e=\"etargetPostload7a9b589f63cb072bef80df221f46a22b\",t=\"etargetScript7a9b589f63cb072bef80df221f46a22b\",o=document.getElementById(e);if(o){for(var n=o.offsetTop,d=o.offsetLeft,r=o.offsetWidth,a=o.offsetHeight;o.offsetParent;)o=o.offsetParent,n+=o.offsetTop,d+=o.offsetLeft;var i=(n<=window.pageYOffset+window.innerHeight&&d<window.pageXOffset+window.innerWidth&&n+a>window.pageYOffset&&d+r>window.pageXOffset);if(i&&etargetAllowOtherCheck){allowed=!1;var c=document.createElement(\"script\");return c.src=\"\/\/hu.search.etargetnet.com\/generic\/uni.php?g=ref:58661,area:700x210\",void(document.getElementById(t)&&document.getElementById(e)&&(document.getElementById(t).parentNode.appendChild(c),document.getElementById(t).parentNode.removeChild(document.getElementById(t)),document.getElementById(e).parentNode.removeChild(document.getElementById(e)),document.removeEventListener(\"scroll\",etargetPostloadFunction7a9b589f63cb072bef80df221f46a22b),document.removeEventListener(\"resize\",etargetPostloadFunction7a9b589f63cb072bef80df221f46a22b),document.removeEventListener(\"DOMContentLoaded\",etargetPostloadFunction7a9b589f63cb072bef80df221f46a22b)))}}}var etargetDivID=\"etargetPostload7a9b589f63cb072bef80df221f46a22b\",etargetScriptID=\"etargetScript7a9b589f63cb072bef80df221f46a22b\",etargetPostloadPoint=document.createElement(\"div\");etargetPostloadPoint.id=etargetDivID;var etargetCurScript=document.getElementById(etargetScriptID);etargetCurScript.parentNode.appendChild(etargetPostloadPoint),document.addEventListener(\"scroll\",etargetPostloadFunction7a9b589f63cb072bef80df221f46a22b),document.addEventListener(\"resize\",etargetPostloadFunction7a9b589f63cb072bef80df221f46a22b),document.addEventListener(\"DOMContentLoaded\",etargetPostloadFunction7a9b589f63cb072bef80df221f46a22b);var etargetAllowOtherCheck=!0;if(typeof(\"forceRunPostload\")==\"string\"){etargetPostloadFunction7a9b589f63cb072bef80df221f46a22b()}<\/script><\/div>\n<p>A Reuters besz\u00e1mol\u00f3ja <a href=\"https:\/\/www.reuters.com\/world\/uk\/king-charles-promote-british-american-unity-rare-speech-congress-2026-04-28\/\">szerint<\/a> III. K\u00e1roly a besz\u00e9d\u00e9ben hangs\u00falyozta, hogy az Egyes\u00fclt Kir\u00e1lys\u00e1g \u00e9s az Egyes\u00fclt \u00c1llamok a n\u00e9zetelt\u00e9r\u00e9sek ellen\u00e9re tov\u00e1bbra is szoros sz\u00f6vets\u00e9gesek maradnak. A ritka, k\u00f6z\u00f6s kongresszusi \u00fcl\u00e9sen elmondott besz\u00e9d k\u00fcl\u00f6n\u00f6sen \u00e9rz\u00e9keny id\u0151szakban hangzott el, amikor London \u00e9s Washington k\u00f6z\u00f6tt fesz\u00fclts\u00e9get okoz az ir\u00e1ni h\u00e1bor\u00fa meg\u00edt\u00e9l\u00e9se. Trump maga t\u00f6bbsz\u00f6r is b\u00edr\u00e1lta Keir Starmer brit minisztereln\u00f6k\u00f6t, ami\u00e9rt az nem adott neki seg\u00edts\u00e9get az ir\u00e1ni h\u00e1bor\u00faban. <\/p>\n<div class=\"related-post-links\">\n<p>\t\t<span class=\"related-post-links__title minititle\">T\u00f6bb ebb\u0151l<\/span><\/p>\n<div class=\"related-post-links__link-wrapper\">\n\t\t\t\t<a href=\"https:\/\/forbes.hu\/penz\/egyes-regiokban-mar-nulla-az-otthon-start-kamatelonye\/\" class=\"related-post-links__link\">Egyes r\u00e9gi\u00f3kban m\u00e1r nulla az Otthon Start kamatel\u0151nye<\/a>\n\t\t\t<\/div>\n<div class=\"related-post-links__link-wrapper\">\n\t\t\t\t<a href=\"https:\/\/forbes.hu\/hirek\/dontott-a-rendorseg-a-panyi-szabolcs-ellen-tett-feljelentesrol\/\" class=\"related-post-links__link\">D\u00f6nt\u00f6tt a rend\u0151rs\u00e9g a Panyi Szabolcs ellen tett feljelent\u00e9sr\u0151l<\/a>\n\t\t\t<\/div>\n<\/div>\n<p>A kir\u00e1ly \u00fagy fogalmazott: a k\u00e9t orsz\u00e1got a demokr\u00e1cia v\u00e9delme, a polg\u00e1rok biztons\u00e1ga \u00e9s a k\u00f6z\u00f6s \u00e9rt\u00e9kek melletti ki\u00e1ll\u00e1s k\u00f6ti \u00f6ssze. Besz\u00e9d\u00e9ben utalt a szeptember 11-i terrort\u00e1mad\u00e1sok ut\u00e1ni egy\u00fcttm\u0171k\u00f6d\u00e9sre, valamint arra is, hogy hasonl\u00f3 elt\u00f6k\u00e9lts\u00e9gre van sz\u00fcks\u00e9g Ukrajna t\u00e1mogat\u00e1s\u00e1ban.<\/p>\n<blockquote class=\"wp-block-quote is-layout-flow wp-block-quote-is-layout-flow\">\n<p>K\u00e1roly enyh\u00e9n b\u00edr\u00e1lta az elszigetel\u0151d\u00e9st \u00e9s kiemelte a NATO, illetve a nemzetk\u00f6zi partners\u00e9gek jelent\u0151s\u00e9g\u00e9t is, amit sokan Donald Trump \u201eAmerica First\u201d politik\u00e1j\u00e1ra adott v\u00e1laszk\u00e9nt \u00e9rtelmeztek. <\/p>\n<\/blockquote>\n<p>Trump kor\u00e1bban t\u00f6bbsz\u00f6r kritiz\u00e1lta a NATO-t \u00e9s az eur\u00f3pai sz\u00f6vets\u00e9geseket, valamint bizonytalanul nyilatkozott Ukrajna tov\u00e1bbi t\u00e1mogat\u00e1s\u00e1r\u00f3l.<\/p>\n<p>A Feh\u00e9r H\u00e1zban rendezett \u00e1llami vacsor\u00e1n Trump azt \u00e1ll\u00edtotta, hogy a brit kir\u00e1ly vele egy\u00fctt ellenzi, hogy Ir\u00e1n atomfegyverhez jusson, K\u00e1roly azonban err\u0151l nem tett eml\u00edt\u00e9st. A brit uralkod\u00f3 hagyom\u00e1nyosan nem komment\u00e1l aktu\u00e1lpolitikai k\u00e9rd\u00e9seket. <\/p>\n<p>Az uralkod\u00f3 washingtoni l\u00e1togat\u00e1s\u00e1n l\u00e1tv\u00e1nyosan ker\u00fclte a Jeffrey Epstein-botr\u00e1ny t\u00e9m\u00e1j\u00e1t. Testv\u00e9re, Andr\u00e1s herceg  ellen jelenleg is rend\u0151rs\u00e9gi nyomoz\u00e1s zajlik a prostit\u00faci\u00f3-\u00e9s emberkereskedelmi h\u00e1l\u00f3zathoz f\u0171z\u0151d\u0151 kapcsolatai miatt. A kor\u00e1bbi herceg minden jogs\u00e9rt\u00e9st tagad.<\/p>\n<p>III. K\u00e1roly mind\u00f6ssze a m\u00e1sodik brit uralkod\u00f3 volt, aki felsz\u00f3lalt az amerikai Kongresszus el\u0151tt: \u00e9desanyja, II. Erzs\u00e9bet kir\u00e1lyn\u0151 1991-ben mondott besz\u00e9det.<\/p>\n<p><!-- No email blocks found --><\/p>\n<p>The post <a href=\"https:\/\/forbes.hu\/hirek\/kiallt-a-nato-es-ukrajna-mellett-iii-karoly-trumpnal-de-egy-temat-latvanyosan-kerult\/\">Ki\u00e1llt a NATO \u00e9s Ukrajna mellett III. K\u00e1roly Trumpn\u00e1l, de egy t\u00e9m\u00e1t l\u00e1tv\u00e1nyosan ker\u00fclt<\/a> appeared first on <a href=\"https:\/\/forbes.hu\/\">Forbes.hu<\/a>.<\/p><div id=\"friss-480579017\" class=\"friss-etarget-cikk-vege friss-entity-placement\"><script type=\"text\/javascript\" id=\"etargetScript7a9b589f63cb072bef80df221f46a22b\">function etargetPostloadFunction7a9b589f63cb072bef80df221f46a22b(){var e=\"etargetPostload7a9b589f63cb072bef80df221f46a22b\",t=\"etargetScript7a9b589f63cb072bef80df221f46a22b\",o=document.getElementById(e);if(o){for(var n=o.offsetTop,d=o.offsetLeft,r=o.offsetWidth,a=o.offsetHeight;o.offsetParent;)o=o.offsetParent,n+=o.offsetTop,d+=o.offsetLeft;var i=(n<=window.pageYOffset+window.innerHeight&&d<window.pageXOffset+window.innerWidth&&n+a>window.pageYOffset&&d+r>window.pageXOffset);if(i&&etargetAllowOtherCheck){allowed=!1;var c=document.createElement(\"script\");return c.src=\"\/\/hu.search.etargetnet.com\/generic\/uni.php?g=ref:58661,area:700x210\",void(document.getElementById(t)&&document.getElementById(e)&&(document.getElementById(t).parentNode.appendChild(c),document.getElementById(t).parentNode.removeChild(document.getElementById(t)),document.getElementById(e).parentNode.removeChild(document.getElementById(e)),document.removeEventListener(\"scroll\",etargetPostloadFunction7a9b589f63cb072bef80df221f46a22b),document.removeEventListener(\"resize\",etargetPostloadFunction7a9b589f63cb072bef80df221f46a22b),document.removeEventListener(\"DOMContentLoaded\",etargetPostloadFunction7a9b589f63cb072bef80df221f46a22b)))}}}var etargetDivID=\"etargetPostload7a9b589f63cb072bef80df221f46a22b\",etargetScriptID=\"etargetScript7a9b589f63cb072bef80df221f46a22b\",etargetPostloadPoint=document.createElement(\"div\");etargetPostloadPoint.id=etargetDivID;var etargetCurScript=document.getElementById(etargetScriptID);etargetCurScript.parentNode.appendChild(etargetPostloadPoint),document.addEventListener(\"scroll\",etargetPostloadFunction7a9b589f63cb072bef80df221f46a22b),document.addEventListener(\"resize\",etargetPostloadFunction7a9b589f63cb072bef80df221f46a22b),document.addEventListener(\"DOMContentLoaded\",etargetPostloadFunction7a9b589f63cb072bef80df221f46a22b);var etargetAllowOtherCheck=!0;if(typeof(\"forceRunPostload\")==\"string\"){etargetPostloadFunction7a9b589f63cb072bef80df221f46a22b()}<\/script><\/div><div id=\"friss-4022934299\" class=\"friss-after-content friss-entity-placement\"><script type=\"text\/javascript\" id=\"etargetScript7a9b589f63cb072bef80df221f46a22b\">function etargetPostloadFunction7a9b589f63cb072bef80df221f46a22b(){var e=\"etargetPostload7a9b589f63cb072bef80df221f46a22b\",t=\"etargetScript7a9b589f63cb072bef80df221f46a22b\",o=document.getElementById(e);if(o){for(var n=o.offsetTop,d=o.offsetLeft,r=o.offsetWidth,a=o.offsetHeight;o.offsetParent;)o=o.offsetParent,n+=o.offsetTop,d+=o.offsetLeft;var i=(n<=window.pageYOffset+window.innerHeight&&d<window.pageXOffset+window.innerWidth&&n+a>window.pageYOffset&&d+r>window.pageXOffset);if(i&&etargetAllowOtherCheck){allowed=!1;var c=document.createElement(\"script\");return c.src=\"\/\/hu.search.etargetnet.com\/generic\/uni.php?g=ref:58661,area:700x210\",void(document.getElementById(t)&&document.getElementById(e)&&(document.getElementById(t).parentNode.appendChild(c),document.getElementById(t).parentNode.removeChild(document.getElementById(t)),document.getElementById(e).parentNode.removeChild(document.getElementById(e)),document.removeEventListener(\"scroll\",etargetPostloadFunction7a9b589f63cb072bef80df221f46a22b),document.removeEventListener(\"resize\",etargetPostloadFunction7a9b589f63cb072bef80df221f46a22b),document.removeEventListener(\"DOMContentLoaded\",etargetPostloadFunction7a9b589f63cb072bef80df221f46a22b)))}}}var etargetDivID=\"etargetPostload7a9b589f63cb072bef80df221f46a22b\",etargetScriptID=\"etargetScript7a9b589f63cb072bef80df221f46a22b\",etargetPostloadPoint=document.createElement(\"div\");etargetPostloadPoint.id=etargetDivID;var etargetCurScript=document.getElementById(etargetScriptID);etargetCurScript.parentNode.appendChild(etargetPostloadPoint),document.addEventListener(\"scroll\",etargetPostloadFunction7a9b589f63cb072bef80df221f46a22b),document.addEventListener(\"resize\",etargetPostloadFunction7a9b589f63cb072bef80df221f46a22b),document.addEventListener(\"DOMContentLoaded\",etargetPostloadFunction7a9b589f63cb072bef80df221f46a22b);var etargetAllowOtherCheck=!0;if(typeof(\"forceRunPostload\")==\"string\"){etargetPostloadFunction7a9b589f63cb072bef80df221f46a22b()}<\/script><\/div><div id=\"friss-2689457400\" class=\"friss-after-content_2 friss-entity-placement\" style=\"clear: both;\"><div class=\"wprss_ajax\" data-id=\"rssbfa46b6f42\"><img loading=\"lazy\" decoding=\"async\" src=\"https:\/\/friss-hirek.hu\/wp-content\/plugins\/wp-rss-retriever\/inc\/imgs\/ajax-loader.gif\" alt=\"Loading RSS Feed\" width=\"16\" height=\"16\"><\/div><\/div><br style=\"clear: both; display: block; float: none;\"\/><div id=\"friss-172465784\" class=\"friss-after-content_3 friss-entity-placement\">https:\/\/www.youtube.com\/watch?v=Pdnw4KiUWp0<\/div>","protected":false},"excerpt":{"rendered":"<p>III. K\u00e1roly brit kir\u00e1ly n\u00e9gynapos l\u00e1togat\u00e1st tesz az Egyes\u00fclt \u00c1llamokba. A m\u00e1sodik napon kim\u00e9rt, de kir\u00e1lyhoz k\u00e9pest er\u0151teljes besz\u00e9det mondott a Kongresszus el\u0151tt. A Reuters besz\u00e1mol\u00f3ja szerint III. K\u00e1roly a besz\u00e9d\u00e9ben hangs\u00falyozta, hogy az Egyes\u00fclt Kir\u00e1lys\u00e1g \u00e9s az Egyes\u00fclt \u00c1llamok a n\u00e9zetelt\u00e9r\u00e9sek ellen\u00e9re tov\u00e1bbra is szoros sz\u00f6vets\u00e9gesek maradnak. A ritka, k\u00f6z\u00f6s kongresszusi \u00fcl\u00e9sen elmondott besz\u00e9d [&hellip;]<\/p>\n","protected":false},"author":1,"featured_media":0,"comment_status":"open","ping_status":"open","sticky":false,"template":"","format":"standard","meta":{"footnotes":""},"categories":[7],"tags":[],"class_list":["post-166156","post","type-post","status-publish","format-standard","hentry","category-uzlet"],"amp_enabled":true,"_links":{"self":[{"href":"https:\/\/friss-hirek.hu\/index.php\/wp-json\/wp\/v2\/posts\/166156","targetHints":{"allow":["GET"]}}],"collection":[{"href":"https:\/\/friss-hirek.hu\/index.php\/wp-json\/wp\/v2\/posts"}],"about":[{"href":"https:\/\/friss-hirek.hu\/index.php\/wp-json\/wp\/v2\/types\/post"}],"author":[{"embeddable":true,"href":"https:\/\/friss-hirek.hu\/index.php\/wp-json\/wp\/v2\/users\/1"}],"replies":[{"embeddable":true,"href":"https:\/\/friss-hirek.hu\/index.php\/wp-json\/wp\/v2\/comments?post=166156"}],"version-history":[{"count":0,"href":"https:\/\/friss-hirek.hu\/index.php\/wp-json\/wp\/v2\/posts\/166156\/revisions"}],"wp:attachment":[{"href":"https:\/\/friss-hirek.hu\/index.php\/wp-json\/wp\/v2\/media?parent=166156"}],"wp:term":[{"taxonomy":"category","embeddable":true,"href":"https:\/\/friss-hirek.hu\/index.php\/wp-json\/wp\/v2\/categories?post=166156"},{"taxonomy":"post_tag","embeddable":true,"href":"https:\/\/friss-hirek.hu\/index.php\/wp-json\/wp\/v2\/tags?post=166156"}],"curies":[{"name":"wp","href":"https:\/\/api.w.org\/{rel}","templated":true}]}}