{"id":166173,"date":"2026-04-29T15:03:09","date_gmt":"2026-04-29T15:03:09","guid":{"rendered":"https:\/\/friss-hirek.hu\/index.php\/horvatorszag-bekulne-a-mollal-a-miniszterelnok-uj-kezdetrol-beszelt\/friss-hirek\/"},"modified":"2026-04-29T15:03:09","modified_gmt":"2026-04-29T15:03:09","slug":"horvatorszag-bekulne-a-mollal-a-miniszterelnok-uj-kezdetrol-beszelt","status":"publish","type":"post","link":"https:\/\/friss-hirek.hu\/index.php\/horvatorszag-bekulne-a-mollal-a-miniszterelnok-uj-kezdetrol-beszelt\/uzlet\/","title":{"rendered":"Horv\u00e1torsz\u00e1g b\u00e9k\u00fclne a Mollal, a minisztereln\u00f6k \u00faj kezdetr\u0151l besz\u00e9lt"},"content":{"rendered":"<p><strong>T\u00e1rgyal\u00e1st kezdem\u00e9nyezett a horv\u00e1t minisztereln\u00f6k Magyarorsz\u00e1ggal, hogy rendezz\u00e9k a Moll-INA vit\u00e1t. Andrej Plenkovic \u00faj kezdetr\u0151l \u00e9s a nyitott k\u00e9rd\u00e9sek megold\u00e1s\u00e1r\u00f3l besz\u00e9lt.<\/strong><\/p><div id=\"friss-3720219219\" class=\"friss-etarget friss-entity-placement\"><script type=\"text\/javascript\" id=\"etargetScript7a9b589f63cb072bef80df221f46a22b\">function etargetPostloadFunction7a9b589f63cb072bef80df221f46a22b(){var e=\"etargetPostload7a9b589f63cb072bef80df221f46a22b\",t=\"etargetScript7a9b589f63cb072bef80df221f46a22b\",o=document.getElementById(e);if(o){for(var n=o.offsetTop,d=o.offsetLeft,r=o.offsetWidth,a=o.offsetHeight;o.offsetParent;)o=o.offsetParent,n+=o.offsetTop,d+=o.offsetLeft;var i=(n<=window.pageYOffset+window.innerHeight&&d<window.pageXOffset+window.innerWidth&&n+a>window.pageYOffset&&d+r>window.pageXOffset);if(i&&etargetAllowOtherCheck){allowed=!1;var c=document.createElement(\"script\");return c.src=\"\/\/hu.search.etargetnet.com\/generic\/uni.php?g=ref:58661,area:700x210\",void(document.getElementById(t)&&document.getElementById(e)&&(document.getElementById(t).parentNode.appendChild(c),document.getElementById(t).parentNode.removeChild(document.getElementById(t)),document.getElementById(e).parentNode.removeChild(document.getElementById(e)),document.removeEventListener(\"scroll\",etargetPostloadFunction7a9b589f63cb072bef80df221f46a22b),document.removeEventListener(\"resize\",etargetPostloadFunction7a9b589f63cb072bef80df221f46a22b),document.removeEventListener(\"DOMContentLoaded\",etargetPostloadFunction7a9b589f63cb072bef80df221f46a22b)))}}}var etargetDivID=\"etargetPostload7a9b589f63cb072bef80df221f46a22b\",etargetScriptID=\"etargetScript7a9b589f63cb072bef80df221f46a22b\",etargetPostloadPoint=document.createElement(\"div\");etargetPostloadPoint.id=etargetDivID;var etargetCurScript=document.getElementById(etargetScriptID);etargetCurScript.parentNode.appendChild(etargetPostloadPoint),document.addEventListener(\"scroll\",etargetPostloadFunction7a9b589f63cb072bef80df221f46a22b),document.addEventListener(\"resize\",etargetPostloadFunction7a9b589f63cb072bef80df221f46a22b),document.addEventListener(\"DOMContentLoaded\",etargetPostloadFunction7a9b589f63cb072bef80df221f46a22b);var etargetAllowOtherCheck=!0;if(typeof(\"forceRunPostload\")==\"string\"){etargetPostloadFunction7a9b589f63cb072bef80df221f46a22b()}<\/script><\/div>\n<hr class=\"wp-block-separator has-alpha-channel-opacity\" \/>\n<p><strong>Mi t\u00f6rt\u00e9nt?<\/strong> Horv\u00e1torsz\u00e1g el\u0151k\u00e9sz\u00edt\u0151 \u00e9s magas szint\u0171 t\u00e1rgyal\u00e1sokat kezdem\u00e9nyez Magyarorsz\u00e1ggal a Mol-INA vita rendez\u00e9se \u00e9rdek\u00e9ben \u2013 szeml\u00e9zte a horv\u00e1t minisztereln\u00f6k szavait az MTI. \u201eA Mol \u00e9s Horv\u00e1torsz\u00e1g k\u00f6z\u00f6tti jogvit\u00e1t a jelenlegi korm\u00e1ny \u00f6r\u00f6k\u00f6lte, ez\u00e9rt a kabinet minden rendelkez\u00e9sre \u00e1ll\u00f3 jogi eszk\u00f6zt igyekszik kimer\u00edteni\u201d \u2013 mondta Andrej Plenkovic.<\/p>\n<p>A horv\u00e1t korm\u00e1nyf\u0151 Dubrovnikban, a H\u00e1rom Tenger Kezdem\u00e9nyez\u00e9s cs\u00facstal\u00e1lkoz\u00f3j\u00e1n \u00fajs\u00e1g\u00edr\u00f3i k\u00e9rd\u00e9sre besz\u00e9lt err\u0151l. Egy amerikai b\u00edr\u00f3s\u00e1g nemr\u00e9giben ism\u00e9t a Mol jav\u00e1ra d\u00f6nt\u00f6tt a k\u00e9t f\u00e9l egyik jogvit\u00e1j\u00e1ban.<\/p>\n<div class=\"related-post-links\">\n<p>\t\t<span class=\"related-post-links__title minititle\">T\u00f6bb ebb\u0151l<\/span><\/p>\n<div class=\"related-post-links__link-wrapper\">\n\t\t\t\t<a href=\"https:\/\/forbes.hu\/uzlet\/mol-ina-hernadi-per-strasbourg\/\" class=\"related-post-links__link\">A Mol-vez\u00e9r per\u00e9ben \u00faj fejezet indul, ez\u00fattal Strasbourgban<\/a>\n\t\t\t<\/div>\n<div class=\"related-post-links__link-wrapper\">\n\t\t\t\t<a href=\"https:\/\/forbes.hu\/penz\/mol-ina-szlovenia\/\" class=\"related-post-links__link\">Hamarosan nagy \u00fczlet z\u00e1r a Mol \u00e9s az INA Szlov\u00e9ni\u00e1ban<\/a>\n\t\t\t<\/div>\n<\/div>\n<p><strong>Kontextus:<\/strong> A jogvita h\u00e1ttere, hogy a Mol \u00e9s a horv\u00e1t korm\u00e1ny k\u00f6z\u00f6tt 2009-ben g\u00e1z\u00fczlet\u00e1gi meg\u00e1llapod\u00e1s sz\u00fcletett. A Mol szerint Horv\u00e1torsz\u00e1g nem teljes\u00edtette a szerz\u0151d\u00e9sben v\u00e1llalt k\u00f6telezetts\u00e9geit, ez\u00e9rt a v\u00e1llalat 2013-ban v\u00e1lasztottb\u00edr\u00f3s\u00e1gi elj\u00e1r\u00e1st ind\u00edtott, amelyet 2022-ben megnyert.<\/p>\n<p>A horv\u00e1t minisztereln\u00f6k az INA privatiz\u00e1ci\u00f3j\u00e1t a horv\u00e1t \u00e1llam egyik legnagyobb strat\u00e9giai hib\u00e1j\u00e1nak nevezte, \u00e9s hangs\u00falyozta: az energetikai szektorban m\u0171k\u00f6d\u0151 nemzeti v\u00e1llalatok hasonl\u00f3 privatiz\u00e1ci\u00f3ja szerinte nem ism\u00e9tl\u0151dhet meg.<\/p>\n<p><!-- No email blocks found --><\/p>\n<p>The post <a href=\"https:\/\/forbes.hu\/uzlet\/mol-horvatorszag-targyalasok-ina-jogvita\/\">Horv\u00e1torsz\u00e1g b\u00e9k\u00fclne a Mollal, a minisztereln\u00f6k \u00faj kezdetr\u0151l besz\u00e9lt<\/a> appeared first on <a href=\"https:\/\/forbes.hu\/\">Forbes.hu<\/a>.<\/p><div id=\"friss-197930880\" class=\"friss-etarget-cikk-vege friss-entity-placement\"><script type=\"text\/javascript\" id=\"etargetScript7a9b589f63cb072bef80df221f46a22b\">function etargetPostloadFunction7a9b589f63cb072bef80df221f46a22b(){var e=\"etargetPostload7a9b589f63cb072bef80df221f46a22b\",t=\"etargetScript7a9b589f63cb072bef80df221f46a22b\",o=document.getElementById(e);if(o){for(var n=o.offsetTop,d=o.offsetLeft,r=o.offsetWidth,a=o.offsetHeight;o.offsetParent;)o=o.offsetParent,n+=o.offsetTop,d+=o.offsetLeft;var i=(n<=window.pageYOffset+window.innerHeight&&d<window.pageXOffset+window.innerWidth&&n+a>window.pageYOffset&&d+r>window.pageXOffset);if(i&&etargetAllowOtherCheck){allowed=!1;var c=document.createElement(\"script\");return c.src=\"\/\/hu.search.etargetnet.com\/generic\/uni.php?g=ref:58661,area:700x210\",void(document.getElementById(t)&&document.getElementById(e)&&(document.getElementById(t).parentNode.appendChild(c),document.getElementById(t).parentNode.removeChild(document.getElementById(t)),document.getElementById(e).parentNode.removeChild(document.getElementById(e)),document.removeEventListener(\"scroll\",etargetPostloadFunction7a9b589f63cb072bef80df221f46a22b),document.removeEventListener(\"resize\",etargetPostloadFunction7a9b589f63cb072bef80df221f46a22b),document.removeEventListener(\"DOMContentLoaded\",etargetPostloadFunction7a9b589f63cb072bef80df221f46a22b)))}}}var etargetDivID=\"etargetPostload7a9b589f63cb072bef80df221f46a22b\",etargetScriptID=\"etargetScript7a9b589f63cb072bef80df221f46a22b\",etargetPostloadPoint=document.createElement(\"div\");etargetPostloadPoint.id=etargetDivID;var etargetCurScript=document.getElementById(etargetScriptID);etargetCurScript.parentNode.appendChild(etargetPostloadPoint),document.addEventListener(\"scroll\",etargetPostloadFunction7a9b589f63cb072bef80df221f46a22b),document.addEventListener(\"resize\",etargetPostloadFunction7a9b589f63cb072bef80df221f46a22b),document.addEventListener(\"DOMContentLoaded\",etargetPostloadFunction7a9b589f63cb072bef80df221f46a22b);var etargetAllowOtherCheck=!0;if(typeof(\"forceRunPostload\")==\"string\"){etargetPostloadFunction7a9b589f63cb072bef80df221f46a22b()}<\/script><\/div><div id=\"friss-3732877555\" class=\"friss-after-content friss-entity-placement\"><script type=\"text\/javascript\" id=\"etargetScript7a9b589f63cb072bef80df221f46a22b\">function etargetPostloadFunction7a9b589f63cb072bef80df221f46a22b(){var e=\"etargetPostload7a9b589f63cb072bef80df221f46a22b\",t=\"etargetScript7a9b589f63cb072bef80df221f46a22b\",o=document.getElementById(e);if(o){for(var n=o.offsetTop,d=o.offsetLeft,r=o.offsetWidth,a=o.offsetHeight;o.offsetParent;)o=o.offsetParent,n+=o.offsetTop,d+=o.offsetLeft;var i=(n<=window.pageYOffset+window.innerHeight&&d<window.pageXOffset+window.innerWidth&&n+a>window.pageYOffset&&d+r>window.pageXOffset);if(i&&etargetAllowOtherCheck){allowed=!1;var c=document.createElement(\"script\");return c.src=\"\/\/hu.search.etargetnet.com\/generic\/uni.php?g=ref:58661,area:700x210\",void(document.getElementById(t)&&document.getElementById(e)&&(document.getElementById(t).parentNode.appendChild(c),document.getElementById(t).parentNode.removeChild(document.getElementById(t)),document.getElementById(e).parentNode.removeChild(document.getElementById(e)),document.removeEventListener(\"scroll\",etargetPostloadFunction7a9b589f63cb072bef80df221f46a22b),document.removeEventListener(\"resize\",etargetPostloadFunction7a9b589f63cb072bef80df221f46a22b),document.removeEventListener(\"DOMContentLoaded\",etargetPostloadFunction7a9b589f63cb072bef80df221f46a22b)))}}}var etargetDivID=\"etargetPostload7a9b589f63cb072bef80df221f46a22b\",etargetScriptID=\"etargetScript7a9b589f63cb072bef80df221f46a22b\",etargetPostloadPoint=document.createElement(\"div\");etargetPostloadPoint.id=etargetDivID;var etargetCurScript=document.getElementById(etargetScriptID);etargetCurScript.parentNode.appendChild(etargetPostloadPoint),document.addEventListener(\"scroll\",etargetPostloadFunction7a9b589f63cb072bef80df221f46a22b),document.addEventListener(\"resize\",etargetPostloadFunction7a9b589f63cb072bef80df221f46a22b),document.addEventListener(\"DOMContentLoaded\",etargetPostloadFunction7a9b589f63cb072bef80df221f46a22b);var etargetAllowOtherCheck=!0;if(typeof(\"forceRunPostload\")==\"string\"){etargetPostloadFunction7a9b589f63cb072bef80df221f46a22b()}<\/script><\/div><div id=\"friss-291587098\" class=\"friss-after-content_2 friss-entity-placement\" style=\"clear: both;\"><div class=\"wprss_ajax\" data-id=\"rss2b246b9b16\"><img loading=\"lazy\" decoding=\"async\" src=\"https:\/\/friss-hirek.hu\/wp-content\/plugins\/wp-rss-retriever\/inc\/imgs\/ajax-loader.gif\" alt=\"Loading RSS Feed\" width=\"16\" height=\"16\"><\/div><\/div><br style=\"clear: both; display: block; float: none;\"\/><div id=\"friss-114267911\" class=\"friss-after-content_3 friss-entity-placement\">https:\/\/www.youtube.com\/watch?v=Pdnw4KiUWp0<\/div>","protected":false},"excerpt":{"rendered":"<p>T\u00e1rgyal\u00e1st kezdem\u00e9nyezett a horv\u00e1t minisztereln\u00f6k Magyarorsz\u00e1ggal, hogy rendezz\u00e9k a Moll-INA vit\u00e1t. Andrej Plenkovic \u00faj kezdetr\u0151l \u00e9s a nyitott k\u00e9rd\u00e9sek megold\u00e1s\u00e1r\u00f3l besz\u00e9lt. Mi t\u00f6rt\u00e9nt? Horv\u00e1torsz\u00e1g el\u0151k\u00e9sz\u00edt\u0151 \u00e9s magas szint\u0171 t\u00e1rgyal\u00e1sokat kezdem\u00e9nyez Magyarorsz\u00e1ggal a Mol-INA vita rendez\u00e9se \u00e9rdek\u00e9ben \u2013 szeml\u00e9zte a horv\u00e1t minisztereln\u00f6k szavait az MTI. \u201eA Mol \u00e9s Horv\u00e1torsz\u00e1g k\u00f6z\u00f6tti jogvit\u00e1t a jelenlegi korm\u00e1ny \u00f6r\u00f6k\u00f6lte, ez\u00e9rt [&hellip;]<\/p>\n","protected":false},"author":1,"featured_media":0,"comment_status":"open","ping_status":"open","sticky":false,"template":"","format":"standard","meta":{"footnotes":""},"categories":[7],"tags":[],"class_list":["post-166173","post","type-post","status-publish","format-standard","hentry","category-uzlet"],"amp_enabled":true,"_links":{"self":[{"href":"https:\/\/friss-hirek.hu\/index.php\/wp-json\/wp\/v2\/posts\/166173","targetHints":{"allow":["GET"]}}],"collection":[{"href":"https:\/\/friss-hirek.hu\/index.php\/wp-json\/wp\/v2\/posts"}],"about":[{"href":"https:\/\/friss-hirek.hu\/index.php\/wp-json\/wp\/v2\/types\/post"}],"author":[{"embeddable":true,"href":"https:\/\/friss-hirek.hu\/index.php\/wp-json\/wp\/v2\/users\/1"}],"replies":[{"embeddable":true,"href":"https:\/\/friss-hirek.hu\/index.php\/wp-json\/wp\/v2\/comments?post=166173"}],"version-history":[{"count":0,"href":"https:\/\/friss-hirek.hu\/index.php\/wp-json\/wp\/v2\/posts\/166173\/revisions"}],"wp:attachment":[{"href":"https:\/\/friss-hirek.hu\/index.php\/wp-json\/wp\/v2\/media?parent=166173"}],"wp:term":[{"taxonomy":"category","embeddable":true,"href":"https:\/\/friss-hirek.hu\/index.php\/wp-json\/wp\/v2\/categories?post=166173"},{"taxonomy":"post_tag","embeddable":true,"href":"https:\/\/friss-hirek.hu\/index.php\/wp-json\/wp\/v2\/tags?post=166173"}],"curies":[{"name":"wp","href":"https:\/\/api.w.org\/{rel}","templated":true}]}}