{"id":166174,"date":"2026-04-29T15:03:09","date_gmt":"2026-04-29T15:03:09","guid":{"rendered":"https:\/\/friss-hirek.hu\/index.php\/a-forradalmi-garda-kicsavarja-az-iranyitast-az-ajatollah-kezebol-iranban\/friss-hirek\/"},"modified":"2026-04-29T15:03:09","modified_gmt":"2026-04-29T15:03:09","slug":"a-forradalmi-garda-kicsavarja-az-iranyitast-az-ajatollah-kezebol-iranban","status":"publish","type":"post","link":"https:\/\/friss-hirek.hu\/index.php\/a-forradalmi-garda-kicsavarja-az-iranyitast-az-ajatollah-kezebol-iranban\/uzlet\/","title":{"rendered":"A Forradalmi G\u00e1rda kicsavarja az ir\u00e1ny\u00edt\u00e1st az ajatollah kez\u00e9b\u0151l Ir\u00e1nban"},"content":{"rendered":"<p><strong>Annak ellen\u00e9re, hogy Ali Hamenei ajatollah hely\u00e9t a fia vette \u00e1t Ir\u00e1n \u00e9l\u00e9n, a val\u00f3s hatalom m\u00e1r nem a legf\u0151bb vezet\u0151n\u00e9l van. A Reutersnek nyilatkoz\u00f3 forr\u00e1sok szerint az ir\u00e1ni d\u00f6nt\u00e9shoz\u00e1st a Forradalmi G\u00e1rda kem\u00e9nyvonalas parancsnokai ragadt\u00e1k magukhoz, akik a b\u00e9ket\u00e1rgyal\u00e1sokat is ir\u00e1ny\u00edtj\u00e1k.<\/strong><\/p><div id=\"friss-3345624882\" class=\"friss-etarget friss-entity-placement\"><script type=\"text\/javascript\" id=\"etargetScript7a9b589f63cb072bef80df221f46a22b\">function etargetPostloadFunction7a9b589f63cb072bef80df221f46a22b(){var e=\"etargetPostload7a9b589f63cb072bef80df221f46a22b\",t=\"etargetScript7a9b589f63cb072bef80df221f46a22b\",o=document.getElementById(e);if(o){for(var n=o.offsetTop,d=o.offsetLeft,r=o.offsetWidth,a=o.offsetHeight;o.offsetParent;)o=o.offsetParent,n+=o.offsetTop,d+=o.offsetLeft;var i=(n<=window.pageYOffset+window.innerHeight&&d<window.pageXOffset+window.innerWidth&&n+a>window.pageYOffset&&d+r>window.pageXOffset);if(i&&etargetAllowOtherCheck){allowed=!1;var c=document.createElement(\"script\");return c.src=\"\/\/hu.search.etargetnet.com\/generic\/uni.php?g=ref:58661,area:700x210\",void(document.getElementById(t)&&document.getElementById(e)&&(document.getElementById(t).parentNode.appendChild(c),document.getElementById(t).parentNode.removeChild(document.getElementById(t)),document.getElementById(e).parentNode.removeChild(document.getElementById(e)),document.removeEventListener(\"scroll\",etargetPostloadFunction7a9b589f63cb072bef80df221f46a22b),document.removeEventListener(\"resize\",etargetPostloadFunction7a9b589f63cb072bef80df221f46a22b),document.removeEventListener(\"DOMContentLoaded\",etargetPostloadFunction7a9b589f63cb072bef80df221f46a22b)))}}}var etargetDivID=\"etargetPostload7a9b589f63cb072bef80df221f46a22b\",etargetScriptID=\"etargetScript7a9b589f63cb072bef80df221f46a22b\",etargetPostloadPoint=document.createElement(\"div\");etargetPostloadPoint.id=etargetDivID;var etargetCurScript=document.getElementById(etargetScriptID);etargetCurScript.parentNode.appendChild(etargetPostloadPoint),document.addEventListener(\"scroll\",etargetPostloadFunction7a9b589f63cb072bef80df221f46a22b),document.addEventListener(\"resize\",etargetPostloadFunction7a9b589f63cb072bef80df221f46a22b),document.addEventListener(\"DOMContentLoaded\",etargetPostloadFunction7a9b589f63cb072bef80df221f46a22b);var etargetAllowOtherCheck=!0;if(typeof(\"forceRunPostload\")==\"string\"){etargetPostloadFunction7a9b589f63cb072bef80df221f46a22b()}<\/script><\/div>\n<hr class=\"wp-block-separator has-alpha-channel-opacity\" \/>\n<p><strong>Mi t\u00f6rt\u00e9nt?<\/strong> B\u00e1r m\u00e9g mindig Modzstaba H\u00e1menei ajatollah van a hierarchia cs\u00facs\u00e1n Ir\u00e1nban, a val\u00f3di ir\u00e1ny\u00edt\u00e1st m\u00e1r a Forradalmi G\u00e1rda parancsnokai l\u00e1tj\u00e1k el \u2013 \u00edrta meg a <a href=\"https:\/\/www.reuters.com\/world\/asia-pacific\/irans-guards-seize-wartime-power-blunting-supreme-leaders-role-2026-04-28\/\">Reuters<\/a>, pakiszt\u00e1ni \u00e9s ir\u00e1ni forr\u00e1sokra hivatkozva.<\/p>\n<p>A h\u00edr\u00fcgyn\u00f6ks\u00e9g szerint a b\u00e9ket\u00e1rgyal\u00e1sokban is a katonai vezet\u0151k szava a d\u00f6nt\u0151, annak ellen\u00e9re, hogy hivatalosan Abbas Araghchi ir\u00e1ni k\u00fcl\u00fcgyminiszter az Egyes\u00fclt \u00c1llamokkal egyeztet\u0151 deleg\u00e1ci\u00f3 vezet\u0151je. A Reuters \u00fagy tudja, hogy egy k\u00f6zponti vezet\u0151 n\u00e9lk\u00fcl az ir\u00e1ni d\u00f6nt\u00e9shoz\u00e1s rendk\u00edv\u00fcl lelassult. A b\u00e9ket\u00e1rgyal\u00e1sokkal kapcsolatos egyeztet\u00e9sek \u00edgy nehezen haladnak, mivel Teher\u00e1nnak ak\u00e1r 2-3 napj\u00e1ba is telhet, mire v\u00e1laszol.<\/p>\n<p>A forr\u00e1sok szerint a b\u00e9ket\u00e1rgyal\u00e1sokon a gyakorlatban a Forradalmi G\u00e1rda egyik parancsnoka, Ahmad Vahidi a kulcsszerepl\u0151.<\/p>\n<div class=\"related-post-links\">\n<p>\t\t<span class=\"related-post-links__title minititle\">T\u00f6bb ebb\u0151l<\/span><\/p>\n<div class=\"related-post-links__link-wrapper\">\n\t\t\t\t<a href=\"https:\/\/forbes.hu\/hirek\/elhuzodo-irani-konfliktusra-keszitette-fel-trump-a-tanacsadoit\/\" class=\"related-post-links__link\">Elh\u00faz\u00f3d\u00f3 ir\u00e1ni konfliktusra k\u00e9sz\u00edtette fel Trump a tan\u00e1csad\u00f3it<\/a>\n\t\t\t<\/div>\n<div class=\"related-post-links__link-wrapper\">\n\t\t\t\t<a href=\"https:\/\/forbes.hu\/uzlet\/iran-hormuzi-szoros-usa-amerika-haboru\/\" class=\"related-post-links__link\">Ir\u00e1n elfogott k\u00e9t haj\u00f3t a Hormuzi-szorosn\u00e1l, miut\u00e1n az Egyes\u00fclt \u00c1llamok felhagyott a t\u00e1mad\u00e1sokkal<\/a>\n\t\t\t<\/div>\n<\/div>\n<p><strong>Kontextus:<\/strong> Az Egyes\u00fclt \u00c1llamok \u00e9s Izrael 2026. febru\u00e1r 28-\u00e1n t\u00e1madta meg Ir\u00e1nt. A vill\u00e1mhadm\u00e1veletnek tervezett akci\u00f3 els\u0151 csap\u00e1saiban meghalt Ali Hamenei ajatollah, Ir\u00e1n legf\u0151bb vezet\u0151je, \u00e9s csal\u00e1dj\u00e1nak nagyobb r\u00e9sze. A hely\u00e9t a fia, Modzstaba H\u00e1menei vette \u00e1t, aki s\u00falyosan megs\u00e9r\u00fclt a t\u00e1mad\u00e1sban \u00e9s az\u00f3ta nem is mutatkozott a nyilv\u00e1noss\u00e1g el\u0151tt.<\/p>\n<p>Az ir\u00e1ni h\u00e1bor\u00fa m\u00e1r k\u00e9t h\u00f3napja h\u00faz\u00f3dik \u00e9s az elemz\u0151k szerint nem sz\u00e1m\u00edthatunk gyors befejez\u00e9sre. A konfliktus az eg\u00e9sz vil\u00e1ggazdas\u00e1got megr\u00e1zta, mivel a glob\u00e1lis ell\u00e1t\u00e1si l\u00e1ncok egyik legfontosabb \u00fatvonal\u00e1t, a Hormuzi-szoros Ir\u00e1n \u00e9s az Egyes\u00fclt \u00c1llamok is blok\u00e1d al\u00e1 vonta.<\/p>\n<p>A Hormuzi-szoros lez\u00e1r\u00e1sa miatt az energiahordoz\u00f3kb\u00f3l \u00e9s m\u00e1s nyersanyagokb\u00f3l is hi\u00e1ny keletkezett. A szak\u00e1rt\u00f3k arra figyelmeztethetnek, hogy az \u00e9v m\u00e1sodik fel\u00e9ben jelent\u0151s infl\u00e1ci\u00f3s nyom\u00e1s jelentkezhet Eur\u00f3p\u00e1ban, mivel a glob\u00e1lis m\u0171tr\u00e1gyagy\u00e1rt\u00e1s egy nagy r\u00e9sze is kiesett a h\u00e1bor\u00fa miatt.<\/p>\n<p><strong>Hogyan tov\u00e1bb?<\/strong> A Reutersnek nyilatkoz\u00f3 forr\u00e1sok szerint a b\u00e9ket\u00e1rgyal\u00e1sok k\u00f6r\u00fcli egyeztet\u00e9sek ugyan zajlanak, de a felek nem akarnak engedni az elv\u00e1r\u00e1saikb\u00f3l. Probl\u00e9m\u00e1t jelent p\u00e9ld\u00e1ul, hogy a t\u00e1rgyal\u00e1sok els\u0151 k\u00f6r\u00e9ben Ir\u00e1n nem akar a nukle\u00e1ris k\u00e9rd\u00e9ssel foglalkozni, mik\u00f6zben az Egyes\u00fclt \u00c1llamoknak ez az egyik legfontosabb t\u00e1rgyal\u00e1si pont.<\/p>\n<p>\u201eVal\u00f3j\u00e1ban egyik f\u00e9l sem akar t\u00e1rgyalni\u201d \u2013 ezt a Reutersnek nyilatkoz\u00f3 egyik forr\u00e1s mondta. Mindek\u00f6zben Az Egyes\u00fclt \u00c1llamok eln\u00f6k\u00e9n, Donald Trumpon egyre nagyobb a nyom\u00e1s a helyzet rendez\u00e9s\u00e9re, mivel novemberben f\u00e9lid\u0151s v\u00e1laszt\u00e1sokat tartanak az USA-ban. Az elemz\u00e9sek szerint a republik\u00e1nus p\u00e1rt elvesztette magabiztos el\u0151ny\u00e9t \u00e9s jelenleg fej-fej mellett \u00e1llnak a demokrat\u00e1kkal a v\u00e1laszt\u00f3k k\u00f6r\u00e9ben.<\/p>\n<p><!-- No email blocks found --><\/p>\n<p>The post <a href=\"https:\/\/forbes.hu\/hirek\/iran-forradalmi-garda-haboru-ajatollah-usa-beketargyalas\/\">A Forradalmi G\u00e1rda kicsavarja az ir\u00e1ny\u00edt\u00e1st az ajatollah kez\u00e9b\u0151l Ir\u00e1nban<\/a> appeared first on <a href=\"https:\/\/forbes.hu\/\">Forbes.hu<\/a>.<\/p><div id=\"friss-327468581\" class=\"friss-etarget-cikk-vege friss-entity-placement\"><script type=\"text\/javascript\" id=\"etargetScript7a9b589f63cb072bef80df221f46a22b\">function etargetPostloadFunction7a9b589f63cb072bef80df221f46a22b(){var e=\"etargetPostload7a9b589f63cb072bef80df221f46a22b\",t=\"etargetScript7a9b589f63cb072bef80df221f46a22b\",o=document.getElementById(e);if(o){for(var n=o.offsetTop,d=o.offsetLeft,r=o.offsetWidth,a=o.offsetHeight;o.offsetParent;)o=o.offsetParent,n+=o.offsetTop,d+=o.offsetLeft;var i=(n<=window.pageYOffset+window.innerHeight&&d<window.pageXOffset+window.innerWidth&&n+a>window.pageYOffset&&d+r>window.pageXOffset);if(i&&etargetAllowOtherCheck){allowed=!1;var c=document.createElement(\"script\");return c.src=\"\/\/hu.search.etargetnet.com\/generic\/uni.php?g=ref:58661,area:700x210\",void(document.getElementById(t)&&document.getElementById(e)&&(document.getElementById(t).parentNode.appendChild(c),document.getElementById(t).parentNode.removeChild(document.getElementById(t)),document.getElementById(e).parentNode.removeChild(document.getElementById(e)),document.removeEventListener(\"scroll\",etargetPostloadFunction7a9b589f63cb072bef80df221f46a22b),document.removeEventListener(\"resize\",etargetPostloadFunction7a9b589f63cb072bef80df221f46a22b),document.removeEventListener(\"DOMContentLoaded\",etargetPostloadFunction7a9b589f63cb072bef80df221f46a22b)))}}}var etargetDivID=\"etargetPostload7a9b589f63cb072bef80df221f46a22b\",etargetScriptID=\"etargetScript7a9b589f63cb072bef80df221f46a22b\",etargetPostloadPoint=document.createElement(\"div\");etargetPostloadPoint.id=etargetDivID;var etargetCurScript=document.getElementById(etargetScriptID);etargetCurScript.parentNode.appendChild(etargetPostloadPoint),document.addEventListener(\"scroll\",etargetPostloadFunction7a9b589f63cb072bef80df221f46a22b),document.addEventListener(\"resize\",etargetPostloadFunction7a9b589f63cb072bef80df221f46a22b),document.addEventListener(\"DOMContentLoaded\",etargetPostloadFunction7a9b589f63cb072bef80df221f46a22b);var etargetAllowOtherCheck=!0;if(typeof(\"forceRunPostload\")==\"string\"){etargetPostloadFunction7a9b589f63cb072bef80df221f46a22b()}<\/script><\/div><div id=\"friss-2430667616\" class=\"friss-after-content friss-entity-placement\"><script type=\"text\/javascript\" id=\"etargetScript7a9b589f63cb072bef80df221f46a22b\">function etargetPostloadFunction7a9b589f63cb072bef80df221f46a22b(){var e=\"etargetPostload7a9b589f63cb072bef80df221f46a22b\",t=\"etargetScript7a9b589f63cb072bef80df221f46a22b\",o=document.getElementById(e);if(o){for(var n=o.offsetTop,d=o.offsetLeft,r=o.offsetWidth,a=o.offsetHeight;o.offsetParent;)o=o.offsetParent,n+=o.offsetTop,d+=o.offsetLeft;var i=(n<=window.pageYOffset+window.innerHeight&&d<window.pageXOffset+window.innerWidth&&n+a>window.pageYOffset&&d+r>window.pageXOffset);if(i&&etargetAllowOtherCheck){allowed=!1;var c=document.createElement(\"script\");return c.src=\"\/\/hu.search.etargetnet.com\/generic\/uni.php?g=ref:58661,area:700x210\",void(document.getElementById(t)&&document.getElementById(e)&&(document.getElementById(t).parentNode.appendChild(c),document.getElementById(t).parentNode.removeChild(document.getElementById(t)),document.getElementById(e).parentNode.removeChild(document.getElementById(e)),document.removeEventListener(\"scroll\",etargetPostloadFunction7a9b589f63cb072bef80df221f46a22b),document.removeEventListener(\"resize\",etargetPostloadFunction7a9b589f63cb072bef80df221f46a22b),document.removeEventListener(\"DOMContentLoaded\",etargetPostloadFunction7a9b589f63cb072bef80df221f46a22b)))}}}var etargetDivID=\"etargetPostload7a9b589f63cb072bef80df221f46a22b\",etargetScriptID=\"etargetScript7a9b589f63cb072bef80df221f46a22b\",etargetPostloadPoint=document.createElement(\"div\");etargetPostloadPoint.id=etargetDivID;var etargetCurScript=document.getElementById(etargetScriptID);etargetCurScript.parentNode.appendChild(etargetPostloadPoint),document.addEventListener(\"scroll\",etargetPostloadFunction7a9b589f63cb072bef80df221f46a22b),document.addEventListener(\"resize\",etargetPostloadFunction7a9b589f63cb072bef80df221f46a22b),document.addEventListener(\"DOMContentLoaded\",etargetPostloadFunction7a9b589f63cb072bef80df221f46a22b);var etargetAllowOtherCheck=!0;if(typeof(\"forceRunPostload\")==\"string\"){etargetPostloadFunction7a9b589f63cb072bef80df221f46a22b()}<\/script><\/div><div id=\"friss-3871574242\" class=\"friss-after-content_2 friss-entity-placement\" style=\"clear: both;\"><div class=\"wprss_ajax\" data-id=\"rss40eb62e0ef\"><img loading=\"lazy\" decoding=\"async\" src=\"https:\/\/friss-hirek.hu\/wp-content\/plugins\/wp-rss-retriever\/inc\/imgs\/ajax-loader.gif\" alt=\"Loading RSS Feed\" width=\"16\" height=\"16\"><\/div><\/div><br style=\"clear: both; display: block; float: none;\"\/><div id=\"friss-1104559788\" class=\"friss-after-content_3 friss-entity-placement\">https:\/\/www.youtube.com\/watch?v=Pdnw4KiUWp0<\/div>","protected":false},"excerpt":{"rendered":"<p>Annak ellen\u00e9re, hogy Ali Hamenei ajatollah hely\u00e9t a fia vette \u00e1t Ir\u00e1n \u00e9l\u00e9n, a val\u00f3s hatalom m\u00e1r nem a legf\u0151bb vezet\u0151n\u00e9l van. A Reutersnek nyilatkoz\u00f3 forr\u00e1sok szerint az ir\u00e1ni d\u00f6nt\u00e9shoz\u00e1st a Forradalmi G\u00e1rda kem\u00e9nyvonalas parancsnokai ragadt\u00e1k magukhoz, akik a b\u00e9ket\u00e1rgyal\u00e1sokat is ir\u00e1ny\u00edtj\u00e1k. Mi t\u00f6rt\u00e9nt? B\u00e1r m\u00e9g mindig Modzstaba H\u00e1menei ajatollah van a hierarchia cs\u00facs\u00e1n Ir\u00e1nban, [&hellip;]<\/p>\n","protected":false},"author":1,"featured_media":0,"comment_status":"open","ping_status":"open","sticky":false,"template":"","format":"standard","meta":{"footnotes":""},"categories":[7],"tags":[],"class_list":["post-166174","post","type-post","status-publish","format-standard","hentry","category-uzlet"],"amp_enabled":true,"_links":{"self":[{"href":"https:\/\/friss-hirek.hu\/index.php\/wp-json\/wp\/v2\/posts\/166174","targetHints":{"allow":["GET"]}}],"collection":[{"href":"https:\/\/friss-hirek.hu\/index.php\/wp-json\/wp\/v2\/posts"}],"about":[{"href":"https:\/\/friss-hirek.hu\/index.php\/wp-json\/wp\/v2\/types\/post"}],"author":[{"embeddable":true,"href":"https:\/\/friss-hirek.hu\/index.php\/wp-json\/wp\/v2\/users\/1"}],"replies":[{"embeddable":true,"href":"https:\/\/friss-hirek.hu\/index.php\/wp-json\/wp\/v2\/comments?post=166174"}],"version-history":[{"count":0,"href":"https:\/\/friss-hirek.hu\/index.php\/wp-json\/wp\/v2\/posts\/166174\/revisions"}],"wp:attachment":[{"href":"https:\/\/friss-hirek.hu\/index.php\/wp-json\/wp\/v2\/media?parent=166174"}],"wp:term":[{"taxonomy":"category","embeddable":true,"href":"https:\/\/friss-hirek.hu\/index.php\/wp-json\/wp\/v2\/categories?post=166174"},{"taxonomy":"post_tag","embeddable":true,"href":"https:\/\/friss-hirek.hu\/index.php\/wp-json\/wp\/v2\/tags?post=166174"}],"curies":[{"name":"wp","href":"https:\/\/api.w.org\/{rel}","templated":true}]}}