{"id":166175,"date":"2026-04-29T15:03:09","date_gmt":"2026-04-29T15:03:09","guid":{"rendered":"https:\/\/friss-hirek.hu\/index.php\/tenylegesen-letoltendo-bortonbunteteseket-jelent-ha-elindul-a-vagyonvisszaszerzes-a-felelossegre-vonas-a-legmagasabb-szintig-erhet\/friss-hirek\/"},"modified":"2026-04-29T15:03:09","modified_gmt":"2026-04-29T15:03:09","slug":"tenylegesen-letoltendo-bortonbunteteseket-jelent-ha-elindul-a-vagyonvisszaszerzes-a-felelossegre-vonas-a-legmagasabb-szintig-erhet","status":"publish","type":"post","link":"https:\/\/friss-hirek.hu\/index.php\/tenylegesen-letoltendo-bortonbunteteseket-jelent-ha-elindul-a-vagyonvisszaszerzes-a-felelossegre-vonas-a-legmagasabb-szintig-erhet\/uzlet\/","title":{"rendered":"T\u00e9nylegesen let\u00f6ltend\u0151 b\u00f6rt\u00f6nb\u00fcntet\u00e9seket jelent, ha elindul a vagyonvisszaszerz\u00e9s, a felel\u0151ss\u00e9gre von\u00e1s a legmagasabb szintig \u00e9rhet"},"content":{"rendered":"<p><strong>A vagyonvisszaszerz\u00e9s Magyarorsz\u00e1gon nemcsak milli\u00e1rdok sors\u00e1r\u00f3l, hanem ak\u00e1r let\u00f6ltend\u0151 b\u00f6rt\u00f6nb\u00fcntet\u00e9sekr\u0151l is sz\u00f3lhat \u2013 \u00e1ll\u00edtja Horv\u00e1th L\u00f3r\u00e1nt \u00fcgyv\u00e9d. A Forbes Money podcast vend\u00e9ge szerint t\u00f6bb ezer \u00fcgy indulhat el, \u00e9s a felel\u0151ss\u00e9gre von\u00e1s a legmagasabb politikai k\u00f6r\u00f6kig is el\u00e9rhet, m\u00e1r ha b\u00edrja er\u0151forr\u00e1ssal az igazs\u00e1gszolg\u00e1ltat\u00e1s.<\/strong><\/p><div id=\"friss-4173659749\" class=\"friss-etarget friss-entity-placement\"><script type=\"text\/javascript\" id=\"etargetScript7a9b589f63cb072bef80df221f46a22b\">function etargetPostloadFunction7a9b589f63cb072bef80df221f46a22b(){var e=\"etargetPostload7a9b589f63cb072bef80df221f46a22b\",t=\"etargetScript7a9b589f63cb072bef80df221f46a22b\",o=document.getElementById(e);if(o){for(var n=o.offsetTop,d=o.offsetLeft,r=o.offsetWidth,a=o.offsetHeight;o.offsetParent;)o=o.offsetParent,n+=o.offsetTop,d+=o.offsetLeft;var i=(n<=window.pageYOffset+window.innerHeight&&d<window.pageXOffset+window.innerWidth&&n+a>window.pageYOffset&&d+r>window.pageXOffset);if(i&&etargetAllowOtherCheck){allowed=!1;var c=document.createElement(\"script\");return c.src=\"\/\/hu.search.etargetnet.com\/generic\/uni.php?g=ref:58661,area:700x210\",void(document.getElementById(t)&&document.getElementById(e)&&(document.getElementById(t).parentNode.appendChild(c),document.getElementById(t).parentNode.removeChild(document.getElementById(t)),document.getElementById(e).parentNode.removeChild(document.getElementById(e)),document.removeEventListener(\"scroll\",etargetPostloadFunction7a9b589f63cb072bef80df221f46a22b),document.removeEventListener(\"resize\",etargetPostloadFunction7a9b589f63cb072bef80df221f46a22b),document.removeEventListener(\"DOMContentLoaded\",etargetPostloadFunction7a9b589f63cb072bef80df221f46a22b)))}}}var etargetDivID=\"etargetPostload7a9b589f63cb072bef80df221f46a22b\",etargetScriptID=\"etargetScript7a9b589f63cb072bef80df221f46a22b\",etargetPostloadPoint=document.createElement(\"div\");etargetPostloadPoint.id=etargetDivID;var etargetCurScript=document.getElementById(etargetScriptID);etargetCurScript.parentNode.appendChild(etargetPostloadPoint),document.addEventListener(\"scroll\",etargetPostloadFunction7a9b589f63cb072bef80df221f46a22b),document.addEventListener(\"resize\",etargetPostloadFunction7a9b589f63cb072bef80df221f46a22b),document.addEventListener(\"DOMContentLoaded\",etargetPostloadFunction7a9b589f63cb072bef80df221f46a22b);var etargetAllowOtherCheck=!0;if(typeof(\"forceRunPostload\")==\"string\"){etargetPostloadFunction7a9b589f63cb072bef80df221f46a22b()}<\/script><\/div>\n<section class=\"text-token-text-primary w-full focus:outline-none [--shadow-height:45px] has-data-writing-block:pointer-events-none has-data-writing-block:-mt-(--shadow-height) has-data-writing-block:pt-(--shadow-height) [&amp;:has([data-writing-block])&gt;*]:pointer-events-auto [content-visibility:auto] supports-[content-visibility:auto]:[contain-intrinsic-size:auto_100lvh] R6Vx5W_threadScrollVars scroll-mb-[calc(var(--scroll-root-safe-area-inset-bottom,0px)+var(--thread-response-height))] scroll-mt-[calc(var(--header-height)+min(200px,max(70px,20svh)))]\" dir=\"auto\" data-turn-id=\"request-WEB:2fd33dc9-a635-4fe8-8a28-b3da9c1a7991-0\" data-testid=\"conversation-turn-2\" data-scroll-anchor=\"false\" data-turn=\"assistant\">\n<div class=\"\">\n<div class=\"text-base my-auto mx-auto [--thread-content-margin:var(--thread-content-margin-xs,calc(var(--spacing)*4))] @w-sm\/main:[--thread-content-margin:var(--thread-content-margin-sm,calc(var(--spacing)*6))] @w-lg\/main:[--thread-content-margin:var(--thread-content-margin-lg,calc(var(--spacing)*16))] px-(--thread-content-margin)\">\n<div class=\"[--thread-content-max-width:100%] mx-auto flex-1 w-full max-w-full group\/turn-messages focus-visible:outline-hidden pb-[40px] relative flex w-full min-w-0 flex-col agent-turn\">\n<div class=\"z-0 flex min-h-[46px] justify-start\"><\/div>\n<\/div>\n<\/div>\n<\/div>\n<\/section>\n<div aria-hidden=\"true\" class=\"pointer-events-none -mt-px h-px translate-y-[calc(var(--scroll-root-safe-area-inset-bottom)-14*var(--spacing))]\"><\/div>\n<hr class=\"wp-block-separator has-alpha-channel-opacity\" \/>\n<p>Magyar P\u00e9ter a k\u00e9tharmados v\u00e1laszt\u00e1si gy\u0151zelme ut\u00e1n sem feledkezett meg egyik legfontosabb kamp\u00e1ny\u00edg\u00e9ret\u00e9r\u0151l, miszerint elind\u00edtj\u00e1k a \u201evagyonvisszaszerz\u00e9st\u201d Magyarorsz\u00e1gon. Ezt a feladatot a Tisza-korm\u00e1ny egy teljesen \u00faj szervre, a Nemzeti Vagyonvisszaszerz\u00e9si \u00e9s V\u00e9delmi Hivatalra b\u00edzn\u00e1. <\/p>\n<h2 class=\"wp-block-heading\">Vagyonvisszaszerz\u00e9s: milyen \u00fcgyekben indulhat elj\u00e1r\u00e1s?<\/h2>\n<p>Dr. Horv\u00e1th L\u00f3r\u00e1nt vezet\u0151 \u00fcgyv\u00e9d, az \u00dcgyv\u00e9dk\u00f6r eln\u00f6ke a Forbes Money podcastban arr\u00f3l besz\u00e9lt, nagyon fontos, hogy a vagyonvisszaszerz\u00e9s a jogszer\u0171tlen\u00fcl megszerzett vagyonra ir\u00e1nyulhat. Ez a t\u00e1rsadalmi bizalom megszil\u00e1rd\u00edt\u00e1sa \u00e9rdek\u00e9ben fontos, illetve az Eur\u00f3pai Uni\u00f3t\u00f3l \u00e9rkez\u0151 elv\u00e1r\u00e1s is, hogy jog\u00e1llami keretekk\u00f6z\u00f6tt t\u00f6rt\u00e9njen a felel\u0151ss\u00e9gre von\u00e1s.<\/p>\n\n<blockquote class=\"wp-block-quote is-layout-flow wp-block-quote-is-layout-flow\">\n<p>Elk\u00e9peszt\u0151 mennyis\u00e9g\u0171 \u00e1llami p\u00e9nz \u00e1ramlott a mag\u00e1nszektorba \u00e9s vesz\u00edtette el k\u00f6zp\u00e9nz jelleg\u00e9t. Ezek k\u00f6z\u00fcl az \u00fcgyek k\u00f6z\u00fcl m\u00e1r t\u00f6bbet felt\u00e1rtak az elm\u00falt 16 \u00e9vben is, viszont olyan szerepl\u0151k maradtak ki az elj\u00e1r\u00e1sokb\u00f3l, akinek felelni\u00fck kellett volna<\/p>\n<\/blockquote>\n<p>\u2013 mondta Horv\u00e1th L\u00f3r\u00e1nt. Jellemz\u0151 volt, hogy k\u00f6lts\u00e9gvet\u00e9si csal\u00e1sos \u00fcgyekben a b\u00edr\u00f3s\u00e1gi t\u00e1rgyal\u00e1sokr\u00f3l hi\u00e1nyoztak olyan szem\u00e9lyek, akik a t\u00e9nyleges haszon\u00e9lvez\u0151k \u00e9s ir\u00e1ny\u00edt\u00f3k voltak. \u201e\u00dagy besz\u00e9lgett\u00fcnk \u00fcgyekr\u0151l a b\u00edr\u00f3s\u00e1ggal meg az \u00fcgy\u00e9szs\u00e9ggel, hogy vannak nevek, amiket nem lehetett kimondani\u201d \u2013 jellemezte az elm\u00falt \u00e9veket az \u00fcgyv\u00e9d. Szerinte ezeket az elj\u00e1r\u00e1sokat kell mindenek el\u0151tt helyretenni.<\/p>\n<p>A vagyonvisszaszerz\u00e9s t\u00e1rgyk\u00f6r\u00e9be tartoz\u00f3 p\u00e9nzek minden esetben az \u00e1llami vagyonhoz tartoztak. Ezeket a p\u00e9nzeket az \u00e1llam k\u00fcl\u00f6nb\u00f6z\u0151 elj\u00e1r\u00e1sokon kereszt\u00fcl \u2013 k\u00f6zbeszerz\u00e9sek, p\u00e1ly\u00e1zatok, koncesszi\u00f3k, stb. \u2013 juttatta el mag\u00e1n szervezetekhez. Ezeket az \u00fcgyeket kett\u00e9 kell bontani. Egyr\u00e9szt: az \u00e1llam \u00e9s az \u00e1llam szerepl\u0151i k\u00f6vettek-e el b\u0171ncselekm\u00e9nyeket azzal, hogy ezek az elj\u00e1r\u00e1sok nem jogszer\u0171en lettek elv\u00e9gezve? Amennyiben bebizonyosodik, hogy igen, ezek a hivatali b\u0171ncselekm\u00e9nyeknek sz\u00e1m\u00edtanak. M\u00e1sr\u00e9szt pedig ott vannak az \u00fczleti szerepl\u0151k, akik gazdas\u00e1gi b\u0171ncselekm\u00e9nyekben vonhat\u00f3k felel\u0151ss\u00e9gre, ami\u00e9rt az \u00e1llami k\u00f6lts\u00e9gvet\u00e9st megr\u00f6vid\u00edtett\u00e9k.<\/p>\n<h2 class=\"wp-block-heading\">Brut\u00e1lis er\u0151forr\u00e1s kell az elsz\u00e1moltat\u00e1shoz, ha komolyan gondolj\u00e1k<\/h2>\n<p>\u201eA hivatali b\u0171ncselekm\u00e9nyek eset\u00e9ben nagyj\u00e1b\u00f3l 7-8 ezer elj\u00e1r\u00e1st kell majd elind\u00edtani a Nemzeti Ad\u00f3-, \u00e9s V\u00e1mhivatal b\u0171n\u00fcgyi szerv\u00e9nek\u201d \u2013 mondta Horv\u00e1th L\u00f3r\u00e1nt. Hozz\u00e1tette, hogy \u00e1tlagosan egy \u00e9vben 4 ezer \u00faj \u00fcgy indul meg. Mindehhez pedig m\u00e9g hozz\u00e1 kell sz\u00e1molni azokat az \u00fcgyeket, amik m\u00e1r folyamatban vannak. <\/p>\n<p>Az \u00fcgyv\u00e9d szerint ez olyan mennyis\u00e9g\u0171 \u00fcgy, amely megfojthatja a hat\u00f3s\u00e1gokat.<\/p>\n<p>Szerinte a legfontosabb, hogy az elj\u00e1r\u00f3 szervek \u00e1llom\u00e1ny\u00e1t b\u0151v\u00edteni kell, hogy megfelel\u0151 er\u0151forr\u00e1s \u00e1lljon rendelkez\u00e9sre a k\u00f6zelj\u00f6v\u0151ben elkezd\u0151d\u0151 hatalmas mennyis\u00e9g\u0171 \u00fcgy kezel\u00e9s\u00e9re. <\/p>\n<blockquote class=\"wp-block-quote is-layout-flow wp-block-quote-is-layout-flow\">\n<p>\u201eR\u00e9m\u00fcletes emberhi\u00e1ny van jelenleg a rendv\u00e9delmi szervekn\u00e9l. 40-50 sz\u00e1zal\u00e9kkal kevesebb az ember a test\u00fcletekben, mint kellene.\u201d <\/p>\n<\/blockquote>\n<p>Horv\u00e1th L\u00f3r\u00e1nt szerint emellett a szak\u00e9rtelem is hi\u00e1nyzik. Szerinte 10-20 \u00e9ves m\u00falttal ezekn\u00e9l a szervekn\u00e9l m\u00e1r matuzs\u00e1lemnek lehet sz\u00e1m\u00edtani. A fiatalok n\u00e9h\u00e1ny \u00e9v ut\u00e1n p\u00e1ly\u00e1t v\u00e1ltanak, nagyon nagy a fluktu\u00e1ci\u00f3, ami a szak\u00e9rtelem rov\u00e1s\u00e1ra megy.<\/p>\n<p>Az emberhi\u00e1ny ak\u00e1r akad\u00e1lya is lehet a Vagyonvisszaszerz\u00e9si Hivatal fel\u00e1ll\u00edt\u00e1s\u00e1nak. Horv\u00e1th L\u00f3r\u00e1nt szerint ezt a v\u00e1llal\u00e1st k\u00fcls\u0151 szerepl\u0151k n\u00e9lk\u00fcl nem lehet megval\u00f3s\u00edtani. K\u00fcls\u0151 szerepl\u0151k alatt olyan szak\u00e9rt\u0151kre gondolt, akik jelenleg nem ilyen ter\u00fcleten m\u0171k\u00f6dnek, de a szak\u00e9rtelm\u00fck kulcsfontoss\u00e1g\u00fa lehet a hivatal m\u0171k\u00f6d\u00e9s\u00e9ben. P\u00e9ldak\u00e9nt eml\u00edtette azokat az ad\u00f3tan\u00e1csad\u00f3kat, akik j\u00e1ratosak a mesters\u00e9ges intelligencia haszn\u00e1lat\u00e1ban \u00e9s k\u00e9pesek hatalmas mennyis\u00e9g\u0171 adatot min\u00e9l r\u00f6videbb id\u0151 alatt feldolgozni.<\/p>\n\n<blockquote class=\"wp-block-quote is-layout-flow wp-block-quote-is-layout-flow\">\n<p>A nyomozati szervek jelen pillanatban csak nagyon lassan tudn\u00e1nak egy 300 ezer oldalas dokumentumot feldolgozni. Mi\u00e9rt ne adhatn\u00e1k ki ezt a hatalmas inform\u00e1ci\u00f3t\u00f6meget k\u00fcls\u0151s c\u00e9geknek azzal a feladattal, hogy \u00e1ll\u00edtsanak \u00f6ssze bel\u0151le egy elk\u00f6vet\u00e9si t\u00e9rk\u00e9pet? \u00cdgy sokkal gyorsabban \u00f6ssze\u00e1llhatn\u00e1nak azok az anyagok, amivel a hivatal m\u00e1r tud \u00e9rdemben dolgozni<\/p>\n<\/blockquote>\n<p>\u2013 v\u00e1zolta fel az \u00fcgyv\u00e9d az elj\u00e1r\u00e1sok egy lehets\u00e9ges menet\u00e9t. Szerinte a piaci szerepl\u0151k ilyen munk\u00e1kat m\u00e1r r\u00e9g\u00f3ta k\u00e9pesek hat\u00e9konyan elv\u00e9gezni. A bevon\u00e1sukkal pedig rendk\u00edv\u00fcl fel lehetne gyors\u00edtani a vagyonvisszaszerz\u00e9si \u00fcgyeket.<\/p>\n<h2 class=\"wp-block-heading\">Lesz olyan vagyonelem, ami m\u00e1r nem szerezhet\u0151 vissza<\/h2>\n<p>Horv\u00e1th L\u00f3r\u00e1nt kiemelte, hogy csak \u00e9s kiz\u00e1r\u00f3lag azt a vagyont lehet visszaszerezni, ami jogszer\u0171tlen m\u00f3don ker\u00fclt mag\u00e1nk\u00e9zbe. Azoknak a p\u00e9nzeknek az eset\u00e9ben, melyek \u00fatj\u00e1t jogszab\u00e1lyokkal \u00e9p\u00edtett\u00e9k ki, nem elk\u00e9pzelhet\u0151 a vagyonvisszaszerz\u00e9s.<\/p>\n\n<blockquote class=\"wp-block-quote is-layout-flow wp-block-quote-is-layout-flow\">\n<p>Az, hogy a t\u00f6rv\u00e9nyhoz\u00e1s olyan jogszab\u00e1lyokat hozott, melyek lehet\u0151s\u00e9get biztos\u00edtottak arra, hogy b\u0171ncselekm\u00e9nyeket k\u00f6vethessenek elm azt nem lehet orvosolni<\/p>\n<\/blockquote>\n<p>\u2013 mondta az \u00fcgyv\u00e9d. Szerinte ezekben az \u00fcgyekben annyit lehet tenni, hogy meg kell jav\u00edtani a rendszert, be kell z\u00e1rni a kiskapukat, hogy ilyesmi t\u00f6bb\u00e9 ne fordulhasson el\u0151.<\/p>\n<h2 class=\"wp-block-heading\">Nagy p\u00e9nzek, kis halak \u00e9s a b\u00f6rt\u00f6n ablaka<\/h2>\n<p>A visszaszerezhet\u0151 vagyon eset\u00e9ben is probl\u00e9m\u00e1t jelenthet, ha az <a href=\"https:\/\/forbes.hu\/penz\/papiron-kulfoldre-vitt-vagyonok-mennyi-eselye-van-a-nav-nak-es-a-birosagoknak\/\">adott vagyon m\u00e1r nincs az orsz\u00e1gban<\/a>. Visszaszerzeni csak a likvid vagyonelemeket lehet, a mozd\u00edthat\u00f3 dolgokat, p\u00e9ld\u00e1ul a k\u00e9szp\u00e9nzt. Magyar P\u00e9ter m\u00falt h\u00e9ten tett k\u00f6zz\u00e9 egy vide\u00f3t, miszerint a NER-hez k\u00f6thet\u0151 \u00fczletemberek nagy mennyis\u00e9gben viszik ki a vagyont Magyarorsz\u00e1gr\u00f3l. Horv\u00e1th L\u00f3r\u00e1nt jelezte, hogy p\u00e9ld\u00e1ul a banki \u00e1tutal\u00e1sokn\u00e1l a magyarorsz\u00e1gi \u00e9s a k\u00fclf\u00f6ldi banknak is ellen\u0151riznie kell, hogy az \u00e9rintett p\u00e9nz milyen forr\u00e1sb\u00f3l sz\u00e1rmazik, ha felt\u0171n\u0151en nagy \u00e9rt\u00e9kr\u0151l van sz\u00f3. <\/p>\n<p>A bankok bek\u00e9rhetnek olyan dokumentumokat, melyek a p\u00e9nz eredet\u00e9t \u00e9s a t\u00e9nyleges tulajdonos kil\u00e9t\u00e9t bizony\u00edtj\u00e1k. Ez a valid\u00e1ci\u00f3 kell a nagy\u00e9rt\u00e9k\u0171 kiutal\u00e1sokhoz. Emellett egy k\u00fclf\u00f6ldi orsz\u00e1gban megjelen\u0151 nagy mennyis\u00e9g\u0171 p\u00e9nz is figyelmet kelthet. P\u00e9ld\u00e1ul, ha az \u00e9rintettek k\u00e9szp\u00e9nzben ki akarj\u00e1k venni a kivitt vagyont, akkor a bank vizsg\u00e1lhatja annak a p\u00e9nznek az eredet\u00e9t. \u201eA banki tranzakci\u00f3kon kereszt\u00fcl e most zajl\u00f3 vagyonkiment\u00e9sek el\u00e9g nagy akad\u00e1lyokba tudnak \u00fctk\u00f6zni.\u201d<\/p>\n<p>Az \u00fcgyv\u00e9d szerint a k\u00e9szp\u00e9nz eset\u00e9ben m\u00e1s a helyzet. A logisztika ugyan nehezebb, hiszen a vagyont sz\u00e1ll\u00edtani kell. Azonban onnant\u00f3l, hogy a vagyon eljut egy olyan orsz\u00e1gba, ahol nem t\u00fal szigor\u00faak a p\u00e9nzmos\u00e1s elleni int\u00e9zked\u00e9sek, neh\u00e9z ut\u00e1na menni a dolognak.<\/p>\n<p>Horv\u00e1th L\u00f3r\u00e1nt a Forbes Money podcastban vil\u00e1gosan lesz\u00f6gezte, hogy a vagyonvisszaszerz\u00e9si elj\u00e1r\u00e1sok nem szimbolikus int\u00e9zked\u00e9sek lesznek. Szerinte t\u00e9nylegesen let\u00f6ltend\u0151 b\u00f6rt\u00f6nb\u00fcntet\u00e9seket l\u00e1thatunk majd a k\u00f6vetkez\u0151 \u00e9vekben ezeknek az \u00fcgyeknek a v\u00e9g\u00e9n. Hozz\u00e1tette, hogy a felel\u0151ss\u00e9gre von\u00e1s a legmagasabb k\u00f6r\u00f6kig, vezet\u0151 politikusokig \u00e9rhet. Kifejtette, hogy ezeknek az elj\u00e1r\u00e1soknak rengeteg \u00e9rintettje le \u00e9s a \u201ekishalak\u201d, akik nem voltak t\u00e9nyleges haszon\u00e9lvez\u0151i ezeknek az \u00fcgyeknek vallom\u00e1sokat fognak tenni, annak \u00e9rdek\u00e9ben, hogy ne \u0151k vigy\u00e9k el a balh\u00e9t.<\/p>\n\n<blockquote class=\"wp-block-quote is-layout-flow wp-block-quote-is-layout-flow\">\n<p>Olyan \u00fcgyekr\u0151l besz\u00e9l\u00fcnk, melyek nagys\u00e1grendileg nagyobbak, mint amivel mi \u00fcgyv\u00e9dek a t\u00e1rgyal\u00f3termekben tal\u00e1lkoztunk. Ha ezeknek a bizony\u00edt\u00e1sa megt\u00f6rt\u00e9nik, elker\u00fclhetetlen, hogy ezek az emberek b\u00f6rt\u00f6nbe ker\u00fcljenek<\/p>\n<\/blockquote>\n<p>\u2013 mondta Horv\u00e1th L\u00f3r\u00e1nt.<\/p>\n<hr class=\"wp-block-separator has-alpha-channel-opacity\" \/>\n<p><a href=\"https:\/\/forbes.hu\/authentication\/\" target=\"_blank\" rel=\"noreferrer noopener\">Regisztr\u00e1lj<\/a>\u00a0a Forbes.hu-ra, \u00e9s k\u00f6vesd podcast-csatorn\u00e1inkat\u00a0a\u00a0<a href=\"https:\/\/www.youtube.com\/user\/forbesmagyarorszag\" target=\"_blank\" rel=\"noreferrer noopener\">YouTube-on<\/a>\u00a0\u00e9s a\u00a0<a href=\"https:\/\/open.spotify.com\/show\/5ZytgLgO9RmGxJJ8JQkeAb?si=wI8crp0MSJKuIWPAgdqjEQ\" target=\"_blank\" rel=\"noreferrer noopener\">Spotifyon!<\/a><\/p>\n\n<p><!-- No email blocks found --><\/p>\n<p>The post <a href=\"https:\/\/forbes.hu\/penz\/forbes-money-podcast-vagyonvisszaszerzes\/\">T\u00e9nylegesen let\u00f6ltend\u0151 b\u00f6rt\u00f6nb\u00fcntet\u00e9seket jelent, ha elindul a vagyonvisszaszerz\u00e9s, a felel\u0151ss\u00e9gre von\u00e1s a legmagasabb szintig \u00e9rhet<\/a> appeared first on <a href=\"https:\/\/forbes.hu\/\">Forbes.hu<\/a>.<\/p><div id=\"friss-1027126849\" class=\"friss-etarget-cikk-vege friss-entity-placement\"><script type=\"text\/javascript\" id=\"etargetScript7a9b589f63cb072bef80df221f46a22b\">function etargetPostloadFunction7a9b589f63cb072bef80df221f46a22b(){var e=\"etargetPostload7a9b589f63cb072bef80df221f46a22b\",t=\"etargetScript7a9b589f63cb072bef80df221f46a22b\",o=document.getElementById(e);if(o){for(var n=o.offsetTop,d=o.offsetLeft,r=o.offsetWidth,a=o.offsetHeight;o.offsetParent;)o=o.offsetParent,n+=o.offsetTop,d+=o.offsetLeft;var i=(n<=window.pageYOffset+window.innerHeight&&d<window.pageXOffset+window.innerWidth&&n+a>window.pageYOffset&&d+r>window.pageXOffset);if(i&&etargetAllowOtherCheck){allowed=!1;var c=document.createElement(\"script\");return c.src=\"\/\/hu.search.etargetnet.com\/generic\/uni.php?g=ref:58661,area:700x210\",void(document.getElementById(t)&&document.getElementById(e)&&(document.getElementById(t).parentNode.appendChild(c),document.getElementById(t).parentNode.removeChild(document.getElementById(t)),document.getElementById(e).parentNode.removeChild(document.getElementById(e)),document.removeEventListener(\"scroll\",etargetPostloadFunction7a9b589f63cb072bef80df221f46a22b),document.removeEventListener(\"resize\",etargetPostloadFunction7a9b589f63cb072bef80df221f46a22b),document.removeEventListener(\"DOMContentLoaded\",etargetPostloadFunction7a9b589f63cb072bef80df221f46a22b)))}}}var etargetDivID=\"etargetPostload7a9b589f63cb072bef80df221f46a22b\",etargetScriptID=\"etargetScript7a9b589f63cb072bef80df221f46a22b\",etargetPostloadPoint=document.createElement(\"div\");etargetPostloadPoint.id=etargetDivID;var etargetCurScript=document.getElementById(etargetScriptID);etargetCurScript.parentNode.appendChild(etargetPostloadPoint),document.addEventListener(\"scroll\",etargetPostloadFunction7a9b589f63cb072bef80df221f46a22b),document.addEventListener(\"resize\",etargetPostloadFunction7a9b589f63cb072bef80df221f46a22b),document.addEventListener(\"DOMContentLoaded\",etargetPostloadFunction7a9b589f63cb072bef80df221f46a22b);var etargetAllowOtherCheck=!0;if(typeof(\"forceRunPostload\")==\"string\"){etargetPostloadFunction7a9b589f63cb072bef80df221f46a22b()}<\/script><\/div><div id=\"friss-1436558753\" class=\"friss-after-content friss-entity-placement\"><script type=\"text\/javascript\" id=\"etargetScript7a9b589f63cb072bef80df221f46a22b\">function etargetPostloadFunction7a9b589f63cb072bef80df221f46a22b(){var e=\"etargetPostload7a9b589f63cb072bef80df221f46a22b\",t=\"etargetScript7a9b589f63cb072bef80df221f46a22b\",o=document.getElementById(e);if(o){for(var n=o.offsetTop,d=o.offsetLeft,r=o.offsetWidth,a=o.offsetHeight;o.offsetParent;)o=o.offsetParent,n+=o.offsetTop,d+=o.offsetLeft;var i=(n<=window.pageYOffset+window.innerHeight&&d<window.pageXOffset+window.innerWidth&&n+a>window.pageYOffset&&d+r>window.pageXOffset);if(i&&etargetAllowOtherCheck){allowed=!1;var c=document.createElement(\"script\");return c.src=\"\/\/hu.search.etargetnet.com\/generic\/uni.php?g=ref:58661,area:700x210\",void(document.getElementById(t)&&document.getElementById(e)&&(document.getElementById(t).parentNode.appendChild(c),document.getElementById(t).parentNode.removeChild(document.getElementById(t)),document.getElementById(e).parentNode.removeChild(document.getElementById(e)),document.removeEventListener(\"scroll\",etargetPostloadFunction7a9b589f63cb072bef80df221f46a22b),document.removeEventListener(\"resize\",etargetPostloadFunction7a9b589f63cb072bef80df221f46a22b),document.removeEventListener(\"DOMContentLoaded\",etargetPostloadFunction7a9b589f63cb072bef80df221f46a22b)))}}}var etargetDivID=\"etargetPostload7a9b589f63cb072bef80df221f46a22b\",etargetScriptID=\"etargetScript7a9b589f63cb072bef80df221f46a22b\",etargetPostloadPoint=document.createElement(\"div\");etargetPostloadPoint.id=etargetDivID;var etargetCurScript=document.getElementById(etargetScriptID);etargetCurScript.parentNode.appendChild(etargetPostloadPoint),document.addEventListener(\"scroll\",etargetPostloadFunction7a9b589f63cb072bef80df221f46a22b),document.addEventListener(\"resize\",etargetPostloadFunction7a9b589f63cb072bef80df221f46a22b),document.addEventListener(\"DOMContentLoaded\",etargetPostloadFunction7a9b589f63cb072bef80df221f46a22b);var etargetAllowOtherCheck=!0;if(typeof(\"forceRunPostload\")==\"string\"){etargetPostloadFunction7a9b589f63cb072bef80df221f46a22b()}<\/script><\/div><div id=\"friss-4259634388\" class=\"friss-after-content_2 friss-entity-placement\" style=\"clear: both;\"><div class=\"wprss_ajax\" data-id=\"rssc2f8690b8c\"><img loading=\"lazy\" decoding=\"async\" src=\"https:\/\/friss-hirek.hu\/wp-content\/plugins\/wp-rss-retriever\/inc\/imgs\/ajax-loader.gif\" alt=\"Loading RSS Feed\" width=\"16\" height=\"16\"><\/div><\/div><br style=\"clear: both; display: block; float: none;\"\/><div id=\"friss-488562688\" class=\"friss-after-content_3 friss-entity-placement\">https:\/\/www.youtube.com\/watch?v=Pdnw4KiUWp0<\/div>","protected":false},"excerpt":{"rendered":"<p>A vagyonvisszaszerz\u00e9s Magyarorsz\u00e1gon nemcsak milli\u00e1rdok sors\u00e1r\u00f3l, hanem ak\u00e1r let\u00f6ltend\u0151 b\u00f6rt\u00f6nb\u00fcntet\u00e9sekr\u0151l is sz\u00f3lhat \u2013 \u00e1ll\u00edtja Horv\u00e1th L\u00f3r\u00e1nt \u00fcgyv\u00e9d. A Forbes Money podcast vend\u00e9ge szerint t\u00f6bb ezer \u00fcgy indulhat el, \u00e9s a felel\u0151ss\u00e9gre von\u00e1s a legmagasabb politikai k\u00f6r\u00f6kig is el\u00e9rhet, m\u00e1r ha b\u00edrja er\u0151forr\u00e1ssal az igazs\u00e1gszolg\u00e1ltat\u00e1s. Magyar P\u00e9ter a k\u00e9tharmados v\u00e1laszt\u00e1si gy\u0151zelme ut\u00e1n sem feledkezett meg egyik [&hellip;]<\/p>\n","protected":false},"author":1,"featured_media":0,"comment_status":"open","ping_status":"open","sticky":false,"template":"","format":"standard","meta":{"footnotes":""},"categories":[7],"tags":[],"class_list":["post-166175","post","type-post","status-publish","format-standard","hentry","category-uzlet"],"amp_enabled":true,"_links":{"self":[{"href":"https:\/\/friss-hirek.hu\/index.php\/wp-json\/wp\/v2\/posts\/166175","targetHints":{"allow":["GET"]}}],"collection":[{"href":"https:\/\/friss-hirek.hu\/index.php\/wp-json\/wp\/v2\/posts"}],"about":[{"href":"https:\/\/friss-hirek.hu\/index.php\/wp-json\/wp\/v2\/types\/post"}],"author":[{"embeddable":true,"href":"https:\/\/friss-hirek.hu\/index.php\/wp-json\/wp\/v2\/users\/1"}],"replies":[{"embeddable":true,"href":"https:\/\/friss-hirek.hu\/index.php\/wp-json\/wp\/v2\/comments?post=166175"}],"version-history":[{"count":0,"href":"https:\/\/friss-hirek.hu\/index.php\/wp-json\/wp\/v2\/posts\/166175\/revisions"}],"wp:attachment":[{"href":"https:\/\/friss-hirek.hu\/index.php\/wp-json\/wp\/v2\/media?parent=166175"}],"wp:term":[{"taxonomy":"category","embeddable":true,"href":"https:\/\/friss-hirek.hu\/index.php\/wp-json\/wp\/v2\/categories?post=166175"},{"taxonomy":"post_tag","embeddable":true,"href":"https:\/\/friss-hirek.hu\/index.php\/wp-json\/wp\/v2\/tags?post=166175"}],"curies":[{"name":"wp","href":"https:\/\/api.w.org\/{rel}","templated":true}]}}