{"id":166178,"date":"2026-04-29T16:03:31","date_gmt":"2026-04-29T16:03:31","guid":{"rendered":"https:\/\/friss-hirek.hu\/index.php\/pert-inditott-a-central-mediacsoport-a-ringier-magyarorszag-felvasarlasa-miatt-varga-zoltan-vezerigazgato-szerint-nem-lehetunk-kovetkezmenyek-nelkuli-orszag\/friss-hirek\/"},"modified":"2026-04-29T16:03:31","modified_gmt":"2026-04-29T16:03:31","slug":"pert-inditott-a-central-mediacsoport-a-ringier-magyarorszag-felvasarlasa-miatt-varga-zoltan-vezerigazgato-szerint-nem-lehetunk-kovetkezmenyek-nelkuli-orszag","status":"publish","type":"post","link":"https:\/\/friss-hirek.hu\/index.php\/pert-inditott-a-central-mediacsoport-a-ringier-magyarorszag-felvasarlasa-miatt-varga-zoltan-vezerigazgato-szerint-nem-lehetunk-kovetkezmenyek-nelkuli-orszag\/uzlet\/","title":{"rendered":"Pert ind\u00edtott a Centr\u00e1l M\u00e9diacsoport a Ringier Magyarorsz\u00e1g felv\u00e1s\u00e1rl\u00e1sa miatt. Varga Zolt\u00e1n vez\u00e9rigazgat\u00f3 szerint nem lehet\u00fcnk k\u00f6vetkezm\u00e9nyek n\u00e9lk\u00fcli orsz\u00e1g"},"content":{"rendered":"<p><strong>Varga Zolt\u00e1n felh\u00edvta a Ringier sv\u00e1jci vez\u00e9rigazgat\u00f3j\u00e1t, hogy k\u00f6z\u00f6lje vele a helyzetet. K\u00f6z\u00f6lte, hogy a l\u00e9p\u00e9s logikus \u00e9s \u0151 is ezt tette volna.<\/strong><\/p><div id=\"friss-639969021\" class=\"friss-etarget friss-entity-placement\"><script type=\"text\/javascript\" id=\"etargetScript7a9b589f63cb072bef80df221f46a22b\">function etargetPostloadFunction7a9b589f63cb072bef80df221f46a22b(){var e=\"etargetPostload7a9b589f63cb072bef80df221f46a22b\",t=\"etargetScript7a9b589f63cb072bef80df221f46a22b\",o=document.getElementById(e);if(o){for(var n=o.offsetTop,d=o.offsetLeft,r=o.offsetWidth,a=o.offsetHeight;o.offsetParent;)o=o.offsetParent,n+=o.offsetTop,d+=o.offsetLeft;var i=(n<=window.pageYOffset+window.innerHeight&&d<window.pageXOffset+window.innerWidth&&n+a>window.pageYOffset&&d+r>window.pageXOffset);if(i&&etargetAllowOtherCheck){allowed=!1;var c=document.createElement(\"script\");return c.src=\"\/\/hu.search.etargetnet.com\/generic\/uni.php?g=ref:58661,area:700x210\",void(document.getElementById(t)&&document.getElementById(e)&&(document.getElementById(t).parentNode.appendChild(c),document.getElementById(t).parentNode.removeChild(document.getElementById(t)),document.getElementById(e).parentNode.removeChild(document.getElementById(e)),document.removeEventListener(\"scroll\",etargetPostloadFunction7a9b589f63cb072bef80df221f46a22b),document.removeEventListener(\"resize\",etargetPostloadFunction7a9b589f63cb072bef80df221f46a22b),document.removeEventListener(\"DOMContentLoaded\",etargetPostloadFunction7a9b589f63cb072bef80df221f46a22b)))}}}var etargetDivID=\"etargetPostload7a9b589f63cb072bef80df221f46a22b\",etargetScriptID=\"etargetScript7a9b589f63cb072bef80df221f46a22b\",etargetPostloadPoint=document.createElement(\"div\");etargetPostloadPoint.id=etargetDivID;var etargetCurScript=document.getElementById(etargetScriptID);etargetCurScript.parentNode.appendChild(etargetPostloadPoint),document.addEventListener(\"scroll\",etargetPostloadFunction7a9b589f63cb072bef80df221f46a22b),document.addEventListener(\"resize\",etargetPostloadFunction7a9b589f63cb072bef80df221f46a22b),document.addEventListener(\"DOMContentLoaded\",etargetPostloadFunction7a9b589f63cb072bef80df221f46a22b);var etargetAllowOtherCheck=!0;if(typeof(\"forceRunPostload\")==\"string\"){etargetPostloadFunction7a9b589f63cb072bef80df221f46a22b()}<\/script><\/div>\n<hr class=\"wp-block-separator has-alpha-channel-opacity\" \/>\n<p><strong>Mi t\u00f6rt\u00e9nt?<\/strong> Beperelte a Ringiert \u00e9s elj\u00e1r\u00e1st ind\u00edtott az Indam\u00e9dia \u00e1ltali felv\u00e1s\u00e1rl\u00e1s miatt a Centr\u00e1l M\u00e9diacsoport \u2013 err\u0151l a c\u00e9g tulajdonosa \u00e9s vez\u00e9rigazgat\u00f3ja besz\u00e9lt a <a href=\"https:\/\/hang.hu\/belfold\/varga-zoltan-central-interju-egymilliard-euro-a-tet-188048?fbclid=IwY2xjawRe4P9leHRuA2FlbQIxMQBzcnRjBmFwcF9pZBAyMjIwMzkxNzg4MjAwODkyAAEej7PBqJuj76S6roKHrn5Kv4zKw5w0q_64ZUATI0SlXXl_37TLoLpdoNnfDAY_aem_S8Ljodi_8eJ_MuxJNIhK_Q\">Magyar Hangnak<\/a> adott interj\u00faj\u00e1ban. Varga Zolt\u00e1n azt mondta, hogy a panaszaik eljutottak az Eur\u00f3pai M\u00e9diaszolg\u00e1ltat\u00e1si Test\u00fclethez, ahol nekik kedvez\u0151 \u00e1ll\u00e1sfoglal\u00e1s sz\u00fcletett.<\/p>\n<p>Varga azt mondta, hogy az \u00fcgynek k\u00f6vetkezm\u00e9nyei lesznek, illetve kijelentette, hogy \u201enem lehet\u00fcnk k\u00f6vetkezm\u00e9nyek n\u00e9lk\u00fcli orsz\u00e1g\u201d.<\/p>\n<div class=\"related-post-links\">\n<p>\t\t<span class=\"related-post-links__title minititle\">T\u00f6bb ebb\u0151l<\/span><\/p>\n<div class=\"related-post-links__link-wrapper\">\n\t\t\t\t<a href=\"https:\/\/forbes.hu\/uzlet\/forbes-podcast-varga-zoltan-central-eros-mondatok\/\" class=\"related-post-links__link\">Addig hiszek a f\u00fcggetlens\u00e9gben, am\u00edg nyeres\u00e9gesek vagyunk \u2013 er\u0151s mondatok a Varga-interj\u00fab\u00f3l<\/a>\n\t\t\t<\/div>\n<div class=\"related-post-links__link-wrapper\">\n\t\t\t\t<a href=\"https:\/\/forbes.hu\/podcast\/media-varga-zoltan-central-ner\/\" class=\"related-post-links__link\">Nem tudtam, hogy mekkora hatalmat jelent a m\u00e9dia, \u00e9n csak egy j\u00f3 dealt l\u00e1ttam<\/a>\n\t\t\t<\/div>\n<div class=\"related-post-links__link-wrapper\">\n\t\t\t\t<a href=\"https:\/\/forbes.hu\/podcast\/deal-podcast-0101-varga-zoltan-ner-interju\/\" class=\"related-post-links__link\">Becsattogott 12 markos ember g\u00e9pfegyverrel. Engem kerestek<\/a>\n\t\t\t<\/div>\n<\/div>\n<p><strong>Kontextus:<\/strong> A sv\u00e1jci tulajdon\u00fa Ringier Magyarorsz\u00e1got 2025 \u0151sz\u00e9n v\u00e1s\u00e1rolta fel az Indam\u00e9dia Network Zrt. Az err\u0151l sz\u00f3l\u00f3 d\u00f6nt\u00e9st 2025. okt\u00f3ber 31-\u00e9n jelentett\u00e9k be. Az akviz\u00edci\u00f3val t\u00f6bbek k\u00f6z\u00f6tt olyan term\u00e9kek ker\u00fcltek az Indam\u00e9di\u00e1hoz, mint a Blikk, a\u00a0Kiskegyed, a\u00a0Glamour, az\u00a0Eg\u00e9szs\u00e9gKalauz\u00a0\u00e9s a\u00a0TV24.<\/p>\n<p>Varga Zolt\u00e1n arr\u00f3l besz\u00e9lt, hogy a Ringier rengeteg \u00e1llami hirdet\u00e9st kapott az ut\u00f3bbi id\u0151ben, nagys\u00e1grendileg \u00e9vi 2,5 milli\u00e1rd forintot. Hozz\u00e1tette, hogy a c\u00e9gcsoportj\u00e1nak az el\u00e9r\u00e9se \u00e9s \u00e1rbev\u00e9tele a Ringier Magyarorsz\u00e1g k\u00e9tszerese, m\u00e9gsem kaptak \u00e1llami hirdet\u00e9seket.<\/p>\n\n<blockquote class=\"wp-block-quote is-layout-flow wp-block-quote-is-layout-flow\">\n<p>Az \u00e1llami forintok n\u00e9lk\u00fcl a Ringier Magyarorsz\u00e1g vesztes\u00e9ges lett volna, m\u00e9gis el tudt\u00e1k adni k\u00f6zel t\u00edzmilli\u00e1rd\u00e9rt<\/p>\n<\/blockquote>\n<p>\u2013 mondta Varga Zolt\u00e1n.<\/p>\n\n<p>Arr\u00f3l is besz\u00e9lt, hogy kor\u00e1bban panaszt tettek a Gazdas\u00e1gi Versenyhivataln\u00e1l a Ringier Magyarorsz\u00e1g felv\u00e1s\u00e1rl\u00e1sa miatt, de az \u00e1prilis 12-i v\u00e1laszt\u00e1sokig az \u00fcgy nem haladt. \u201eAz Indam\u00e9dia a m\u00e1sodik legnagyobb szerepl\u0151 az online piacon, \u00e9s felv\u00e1s\u00e1rolta a negyedik legnagyobbat, vagyis a Ringier-t. Erre nem lehet azt mondani, hogy nem befoly\u00e1solta a versenyt\u201d \u2013 \u00e9rz\u00e9keltette a felv\u00e1s\u00e1rl\u00e1s s\u00faly\u00e1t a vez\u00e9rigazgat\u00f3.<\/p>\n<p>Varga Zolt\u00e1n hozz\u00e1tette, hogy felh\u00edvta a Ringier sv\u00e1jci vez\u00e9rigazgat\u00f3j\u00e1t, hogy t\u00e1j\u00e9koztassa a perr\u0151l \u00e9s az elj\u00e1r\u00e1sr\u00f3l. \u201eAzt v\u00e1laszolta, hogy logikus l\u00e9p\u00e9s \u00e9s a helyemben \u0151 is ugyanezt tette volna\u201d \u2013 mes\u00e9lte a vez\u00e9rigazgat\u00f3.<\/p>\n<p>Deal. Varga Zolt\u00e1n, a Centr\u00e1l M\u00e9diacsoport vez\u00e9rigazgat\u00f3ja a Forbes Deal podcast vend\u00e9ge volt. Az epiz\u00f3dot itt meghallgathatj\u00e1k:<\/p>\n<p><!-- No email blocks found --><\/p>\n<p>The post <a href=\"https:\/\/forbes.hu\/uzlet\/central-mediacsoport-varga-zoltan-per-ringier-indamedia\/\">Pert ind\u00edtott a Centr\u00e1l M\u00e9diacsoport a Ringier Magyarorsz\u00e1g felv\u00e1s\u00e1rl\u00e1sa miatt. Varga Zolt\u00e1n vez\u00e9rigazgat\u00f3 szerint nem lehet\u00fcnk k\u00f6vetkezm\u00e9nyek n\u00e9lk\u00fcli orsz\u00e1g<\/a> appeared first on <a href=\"https:\/\/forbes.hu\/\">Forbes.hu<\/a>.<\/p><div id=\"friss-910035182\" class=\"friss-etarget-cikk-vege friss-entity-placement\"><script type=\"text\/javascript\" id=\"etargetScript7a9b589f63cb072bef80df221f46a22b\">function etargetPostloadFunction7a9b589f63cb072bef80df221f46a22b(){var e=\"etargetPostload7a9b589f63cb072bef80df221f46a22b\",t=\"etargetScript7a9b589f63cb072bef80df221f46a22b\",o=document.getElementById(e);if(o){for(var n=o.offsetTop,d=o.offsetLeft,r=o.offsetWidth,a=o.offsetHeight;o.offsetParent;)o=o.offsetParent,n+=o.offsetTop,d+=o.offsetLeft;var i=(n<=window.pageYOffset+window.innerHeight&&d<window.pageXOffset+window.innerWidth&&n+a>window.pageYOffset&&d+r>window.pageXOffset);if(i&&etargetAllowOtherCheck){allowed=!1;var c=document.createElement(\"script\");return c.src=\"\/\/hu.search.etargetnet.com\/generic\/uni.php?g=ref:58661,area:700x210\",void(document.getElementById(t)&&document.getElementById(e)&&(document.getElementById(t).parentNode.appendChild(c),document.getElementById(t).parentNode.removeChild(document.getElementById(t)),document.getElementById(e).parentNode.removeChild(document.getElementById(e)),document.removeEventListener(\"scroll\",etargetPostloadFunction7a9b589f63cb072bef80df221f46a22b),document.removeEventListener(\"resize\",etargetPostloadFunction7a9b589f63cb072bef80df221f46a22b),document.removeEventListener(\"DOMContentLoaded\",etargetPostloadFunction7a9b589f63cb072bef80df221f46a22b)))}}}var etargetDivID=\"etargetPostload7a9b589f63cb072bef80df221f46a22b\",etargetScriptID=\"etargetScript7a9b589f63cb072bef80df221f46a22b\",etargetPostloadPoint=document.createElement(\"div\");etargetPostloadPoint.id=etargetDivID;var etargetCurScript=document.getElementById(etargetScriptID);etargetCurScript.parentNode.appendChild(etargetPostloadPoint),document.addEventListener(\"scroll\",etargetPostloadFunction7a9b589f63cb072bef80df221f46a22b),document.addEventListener(\"resize\",etargetPostloadFunction7a9b589f63cb072bef80df221f46a22b),document.addEventListener(\"DOMContentLoaded\",etargetPostloadFunction7a9b589f63cb072bef80df221f46a22b);var etargetAllowOtherCheck=!0;if(typeof(\"forceRunPostload\")==\"string\"){etargetPostloadFunction7a9b589f63cb072bef80df221f46a22b()}<\/script><\/div><div id=\"friss-596831467\" class=\"friss-after-content friss-entity-placement\"><script type=\"text\/javascript\" id=\"etargetScript7a9b589f63cb072bef80df221f46a22b\">function etargetPostloadFunction7a9b589f63cb072bef80df221f46a22b(){var e=\"etargetPostload7a9b589f63cb072bef80df221f46a22b\",t=\"etargetScript7a9b589f63cb072bef80df221f46a22b\",o=document.getElementById(e);if(o){for(var n=o.offsetTop,d=o.offsetLeft,r=o.offsetWidth,a=o.offsetHeight;o.offsetParent;)o=o.offsetParent,n+=o.offsetTop,d+=o.offsetLeft;var i=(n<=window.pageYOffset+window.innerHeight&&d<window.pageXOffset+window.innerWidth&&n+a>window.pageYOffset&&d+r>window.pageXOffset);if(i&&etargetAllowOtherCheck){allowed=!1;var c=document.createElement(\"script\");return c.src=\"\/\/hu.search.etargetnet.com\/generic\/uni.php?g=ref:58661,area:700x210\",void(document.getElementById(t)&&document.getElementById(e)&&(document.getElementById(t).parentNode.appendChild(c),document.getElementById(t).parentNode.removeChild(document.getElementById(t)),document.getElementById(e).parentNode.removeChild(document.getElementById(e)),document.removeEventListener(\"scroll\",etargetPostloadFunction7a9b589f63cb072bef80df221f46a22b),document.removeEventListener(\"resize\",etargetPostloadFunction7a9b589f63cb072bef80df221f46a22b),document.removeEventListener(\"DOMContentLoaded\",etargetPostloadFunction7a9b589f63cb072bef80df221f46a22b)))}}}var etargetDivID=\"etargetPostload7a9b589f63cb072bef80df221f46a22b\",etargetScriptID=\"etargetScript7a9b589f63cb072bef80df221f46a22b\",etargetPostloadPoint=document.createElement(\"div\");etargetPostloadPoint.id=etargetDivID;var etargetCurScript=document.getElementById(etargetScriptID);etargetCurScript.parentNode.appendChild(etargetPostloadPoint),document.addEventListener(\"scroll\",etargetPostloadFunction7a9b589f63cb072bef80df221f46a22b),document.addEventListener(\"resize\",etargetPostloadFunction7a9b589f63cb072bef80df221f46a22b),document.addEventListener(\"DOMContentLoaded\",etargetPostloadFunction7a9b589f63cb072bef80df221f46a22b);var etargetAllowOtherCheck=!0;if(typeof(\"forceRunPostload\")==\"string\"){etargetPostloadFunction7a9b589f63cb072bef80df221f46a22b()}<\/script><\/div><div id=\"friss-343337049\" class=\"friss-after-content_2 friss-entity-placement\" style=\"clear: both;\"><div class=\"wprss_ajax\" data-id=\"rssf3d3fe9a6e\"><img loading=\"lazy\" decoding=\"async\" src=\"https:\/\/friss-hirek.hu\/wp-content\/plugins\/wp-rss-retriever\/inc\/imgs\/ajax-loader.gif\" alt=\"Loading RSS Feed\" width=\"16\" height=\"16\"><\/div><\/div><br style=\"clear: both; display: block; float: none;\"\/><div id=\"friss-3866685163\" class=\"friss-after-content_3 friss-entity-placement\">https:\/\/www.youtube.com\/watch?v=Pdnw4KiUWp0<\/div>","protected":false},"excerpt":{"rendered":"<p>Varga Zolt\u00e1n felh\u00edvta a Ringier sv\u00e1jci vez\u00e9rigazgat\u00f3j\u00e1t, hogy k\u00f6z\u00f6lje vele a helyzetet. K\u00f6z\u00f6lte, hogy a l\u00e9p\u00e9s logikus \u00e9s \u0151 is ezt tette volna. Mi t\u00f6rt\u00e9nt? Beperelte a Ringiert \u00e9s elj\u00e1r\u00e1st ind\u00edtott az Indam\u00e9dia \u00e1ltali felv\u00e1s\u00e1rl\u00e1s miatt a Centr\u00e1l M\u00e9diacsoport \u2013 err\u0151l a c\u00e9g tulajdonosa \u00e9s vez\u00e9rigazgat\u00f3ja besz\u00e9lt a Magyar Hangnak adott interj\u00faj\u00e1ban. Varga Zolt\u00e1n azt [&hellip;]<\/p>\n","protected":false},"author":1,"featured_media":0,"comment_status":"open","ping_status":"open","sticky":false,"template":"","format":"standard","meta":{"footnotes":""},"categories":[7],"tags":[],"class_list":["post-166178","post","type-post","status-publish","format-standard","hentry","category-uzlet"],"amp_enabled":true,"_links":{"self":[{"href":"https:\/\/friss-hirek.hu\/index.php\/wp-json\/wp\/v2\/posts\/166178","targetHints":{"allow":["GET"]}}],"collection":[{"href":"https:\/\/friss-hirek.hu\/index.php\/wp-json\/wp\/v2\/posts"}],"about":[{"href":"https:\/\/friss-hirek.hu\/index.php\/wp-json\/wp\/v2\/types\/post"}],"author":[{"embeddable":true,"href":"https:\/\/friss-hirek.hu\/index.php\/wp-json\/wp\/v2\/users\/1"}],"replies":[{"embeddable":true,"href":"https:\/\/friss-hirek.hu\/index.php\/wp-json\/wp\/v2\/comments?post=166178"}],"version-history":[{"count":0,"href":"https:\/\/friss-hirek.hu\/index.php\/wp-json\/wp\/v2\/posts\/166178\/revisions"}],"wp:attachment":[{"href":"https:\/\/friss-hirek.hu\/index.php\/wp-json\/wp\/v2\/media?parent=166178"}],"wp:term":[{"taxonomy":"category","embeddable":true,"href":"https:\/\/friss-hirek.hu\/index.php\/wp-json\/wp\/v2\/categories?post=166178"},{"taxonomy":"post_tag","embeddable":true,"href":"https:\/\/friss-hirek.hu\/index.php\/wp-json\/wp\/v2\/tags?post=166178"}],"curies":[{"name":"wp","href":"https:\/\/api.w.org\/{rel}","templated":true}]}}