{"id":166180,"date":"2026-04-29T17:03:45","date_gmt":"2026-04-29T17:03:45","guid":{"rendered":"https:\/\/friss-hirek.hu\/index.php\/a-nemzeti-kooperacio-kulturaja\/friss-hirek\/"},"modified":"2026-04-29T17:03:45","modified_gmt":"2026-04-29T17:03:45","slug":"a-nemzeti-kooperacio-kulturaja","status":"publish","type":"post","link":"https:\/\/friss-hirek.hu\/index.php\/a-nemzeti-kooperacio-kulturaja\/uzlet\/","title":{"rendered":"A nemzeti kooper\u00e1ci\u00f3 kult\u00far\u00e1ja"},"content":{"rendered":"<p><strong>Ahogy az \u00fajs\u00e1g\u00edr\u00f3 dolga sem az els\u0151sorban, hogy \u00edrjon, sokkal ink\u00e1bb, hogy gondolkozzon, \u00fagy a\u00a0k\u00f6z\u00f6s \u00fcgyek megbesz\u00e9l\u00e9s\u00e9nek is \u00e9pp ez a\u00a0l\u00e9nyege: a\u00a0k\u00f6zben zajl\u00f3 intenz\u00edv gondolkod\u00e1s. K\u00f6z\u00f6sen. <\/strong><\/p><div id=\"friss-423041710\" class=\"friss-etarget friss-entity-placement\"><script type=\"text\/javascript\" id=\"etargetScript7a9b589f63cb072bef80df221f46a22b\">function etargetPostloadFunction7a9b589f63cb072bef80df221f46a22b(){var e=\"etargetPostload7a9b589f63cb072bef80df221f46a22b\",t=\"etargetScript7a9b589f63cb072bef80df221f46a22b\",o=document.getElementById(e);if(o){for(var n=o.offsetTop,d=o.offsetLeft,r=o.offsetWidth,a=o.offsetHeight;o.offsetParent;)o=o.offsetParent,n+=o.offsetTop,d+=o.offsetLeft;var i=(n<=window.pageYOffset+window.innerHeight&&d<window.pageXOffset+window.innerWidth&&n+a>window.pageYOffset&&d+r>window.pageXOffset);if(i&&etargetAllowOtherCheck){allowed=!1;var c=document.createElement(\"script\");return c.src=\"\/\/hu.search.etargetnet.com\/generic\/uni.php?g=ref:58661,area:700x210\",void(document.getElementById(t)&&document.getElementById(e)&&(document.getElementById(t).parentNode.appendChild(c),document.getElementById(t).parentNode.removeChild(document.getElementById(t)),document.getElementById(e).parentNode.removeChild(document.getElementById(e)),document.removeEventListener(\"scroll\",etargetPostloadFunction7a9b589f63cb072bef80df221f46a22b),document.removeEventListener(\"resize\",etargetPostloadFunction7a9b589f63cb072bef80df221f46a22b),document.removeEventListener(\"DOMContentLoaded\",etargetPostloadFunction7a9b589f63cb072bef80df221f46a22b)))}}}var etargetDivID=\"etargetPostload7a9b589f63cb072bef80df221f46a22b\",etargetScriptID=\"etargetScript7a9b589f63cb072bef80df221f46a22b\",etargetPostloadPoint=document.createElement(\"div\");etargetPostloadPoint.id=etargetDivID;var etargetCurScript=document.getElementById(etargetScriptID);etargetCurScript.parentNode.appendChild(etargetPostloadPoint),document.addEventListener(\"scroll\",etargetPostloadFunction7a9b589f63cb072bef80df221f46a22b),document.addEventListener(\"resize\",etargetPostloadFunction7a9b589f63cb072bef80df221f46a22b),document.addEventListener(\"DOMContentLoaded\",etargetPostloadFunction7a9b589f63cb072bef80df221f46a22b);var etargetAllowOtherCheck=!0;if(typeof(\"forceRunPostload\")==\"string\"){etargetPostloadFunction7a9b589f63cb072bef80df221f46a22b()}<\/script><\/div>\n<p>A <a href=\"https:\/\/forbes.hu\/a-nyomtatott-kiadasok-archivuma\/#all\">m\u00e1jus Forbes<\/a> magazin f\u0151szerkeszt\u0151i bek\u00f6sz\u00f6nt\u0151je. <\/p>\n<hr class=\"wp-block-separator has-alpha-channel-opacity\" \/>\n<blockquote class=\"wp-block-quote is-layout-flow wp-block-quote-is-layout-flow\">\n<p><em>\u201eArra t\u00f6rekedtem, hogy ne nevessek az emberi tetteken, ne s\u00edrjak rajtuk, ne gy\u0171l\u00f6ljem, hanem meg\u00e9rtsem \u0151ket.\u201d<\/em> <\/p>\n<\/blockquote>\n<p>Baruch Spinoza\u00a0<\/p>\n<hr class=\"wp-block-separator has-alpha-channel-opacity\" \/>\n<p class=\"has-drop-cap\">Vissza kell venn\u00fcnk a\u00a0nyelv\u00fcnket, ahogy Unger Anna mondta az Elemz\u0151 c\u00edm\u0171 remek m\u0171sorban. Hogy mindenki \u00e9rtse, az \u201eelsz\u00e1moltat\u00e1s nem bossz\u00fa\u201d, \u00e9s a\u00a0\u201efelel\u0151ss\u00e9gre von\u00e1s nem megtorl\u00e1s\u201d. A\u00a0nyelv\u00fcnket nem a\u00a0fideszesekt\u0151l kell visszavenn\u00fcnk, hanem att\u00f3l a\u00a0sz\u0171k csoportt\u00f3l, amelyik a\u00a0hatalmi logika ment\u00e9n kisaj\u00e1t\u00edtotta. A\u00a0k\u00f6z\u00f6s nyelv n\u00e9lk\u00fcl ugyanis nem fogunk tudni kooper\u00e1lni.\u00a0<\/p>\n<p>R\u00e1csavarodtunk a\u00a0politik\u00e1ra, \u00e9s mondan\u00e1m, hogy most egy kicsit lej\u00f6v\u00f6k r\u00f3la \u00e9n is. Val\u00f3j\u00e1ban nagyon helyes, hogy foglalkozunk vele, de j\u00f3 lenne, ha a\u00a0foci mellett ez is csak egy lenne a\u00a0\u201elegfontosabb nem fontos dolgok\u201d k\u00f6z\u00fcl. A\u00a0politika nem csak a\u00a0hivat\u00e1sos politikusok\u00e9, a\u00a0hivat\u00e1s nekik a\u00a0k\u00e9pviselet \u00e9s a\u00a0d\u00f6nt\u00e9sek felel\u0151ss\u00e9ge. K\u00f6z\u00f6s \u00fcgyeink kibesz\u00e9l\u00e9s\u00e9nek lehet\u0151s\u00e9g\u00e9t nem veheti el t\u0151l\u00fcnk senki. Ahogy az \u00fajs\u00e1g\u00edr\u00f3 dolga sem az els\u0151sorban, hogy \u00edrjon, sokkal ink\u00e1bb, hogy gondolkozzon, \u00fagy a\u00a0k\u00f6z\u00f6s \u00fcgyek megbesz\u00e9l\u00e9s\u00e9nek is \u00e9pp ez a\u00a0l\u00e9nyege: a\u00a0k\u00f6zben zajl\u00f3 intenz\u00edv gondolkod\u00e1s. K\u00f6z\u00f6sen.<\/p>\n<p>Az ut\u00f3bbi nyolc \u00e9vtizedben a\u00a0magyar politikai elit lej\u00e1ratott \u00e9s ki\u00fcres\u00edtett olyan alapvet\u0151 fogalmakat, mint a\u00a0kollabor\u00e1ci\u00f3 \u00e9s az egy\u00fcttm\u0171k\u00f6d\u00e9s. Hogy a\u00a0rossz beidegz\u0151d\u00e9seket a\u00a0m\u00falt be tudja temetni, az mutatja, amikor a\u00a0negat\u00edv t\u00f6ltet\u0171 \u201ekollabor\u00e1ns\u201d sz\u00f3 helyett azt hallom egy-egy mosolyg\u00f3 v\u00e1llalkoz\u00f3t\u00f3l, hogy \u201e\u00f6sszehoztunk egy j\u00f3 kollabot\u201d. Ha a\u00a0nyelv k\u00f6z\u00f6s, fogalmaink elkezdenek a\u00a0saj\u00e1t logik\u00e1juk szerint l\u00e9tezni, \u00e9s \u00f6sszek\u00f6tnek minket.\u00a0<\/p>\n<p>Az el\u0151tt\u00fcnk \u00e1ll\u00f3 id\u0151szak nem lesz k\u00f6nny\u0171. Lemond\u00e1sokkal fog j\u00e1rni, hogy egy szabadabb \u00e9s maga el\u00e9 hatalmi korl\u00e1tokat \u00e1ll\u00edt\u00f3 rendszert \u00e9p\u00edts\u00fcnk fel \u2013 \u00e9s ezt mi fogjuk fel\u00e9p\u00edteni azzal, hogy nem hagyjuk betemetetlen\u00fcl a\u00a0m\u00falt b\u0171neit. <\/p>\n<p>Most ugyanis kult\u00far\u00e1t is teremt\u00fcnk, ahova bizonyos dolgok vagy belef\u00e9rnek \u2013 vagy nem. A\u00a0vonalat vil\u00e1gosan \u00e9s egy\u00e9rtelm\u0171en meg kell h\u00fazni, \u00e9s tartani kell hozz\u00e1 magunkat. En\u00e9lk\u00fcl \u00fajabb eur\u00f3billi\u00f3kat \u00e9s hossz\u00fa \u00e9veket fogunk elvesz\u00edteni az \u00e9let\u00fcnkb\u0151l.\u00a0<\/p>\n<p>A k\u00f6vetkez\u0151 id\u0151szak k\u00e9nyelmetlen lesz, vit\u00e1kkal terhes \u2013 meg kell majd dolgoznunk egym\u00e1st, \u00e9s el kell fogadnunk, hogy a\u00a0k\u00f6z\u00f6ss\u00e9g n\u00e9ha m\u00e1shogy d\u00f6nt, mint ahogy mi szeretn\u00e9nk. Nem trivi\u00e1lis, hogy tudunk \u00edgy m\u0171k\u00f6dni, nagy tanul\u00e1si folyamat kezd\u0151dik most. \u00c9lvezz\u00fck ki. Intellektu\u00e1lisan is izgalmas id\u0151k j\u00f6nnek, csavarodjunk r\u00e1 a\u00a0napi politika helyett a\u00a0demokr\u00e1ci\u00e1ra. A\u00a0demokr\u00e1cia r\u00edtusok, cselekv\u00e9sek sorozata is tud lenni, nem csak n\u00e9gy\u00e9vente egyetlen mozdulat\u00e9.\u00a0<\/p>\n<p>\u00c1prilis 12-\u00e9n egy, a\u00a0v\u00e9gletekig megosztottnak hitt t\u00e1rsadalom meghozott egy d\u00f6nt\u00e9st. A\u00a0t\u00e9t nem is lehetett volna nagyobb. M\u00e9gis: a\u00a0szavaz\u00f3k\u00f6r\u00f6kben a\u00a0p\u00e1rtdeleg\u00e1ltak gyakorlatilag atrocit\u00e1sok n\u00e9lk\u00fcl dolgoztak \u00f6ssze egy olyan v\u00e1laszt\u00e1son, amin a\u00a0r\u00e9szv\u00e9tel csaknem nyolcvansz\u00e1zal\u00e9kos volt. <\/p>\n<p>Rem\u00e9nyt ad, hogy ennyire ki\u00e9lezett helyzetben is k\u00e9pesek voltunk ilyen magas szint\u0171 kooper\u00e1ci\u00f3ra \u2013 ne felejts\u00fck el, \u00e9s gyakoroljuk ezt is. Legyen az \u00faj rendszer szava a\u00a0kooper\u00e1ci\u00f3 \u2013 de mi t\u00f6lts\u00fck fel jelent\u00e9ssel, \u00e9s ne hagyjuk, hogy ezt a\u00a0jogunkat elvegy\u00e9k t\u0151l\u00fcnk. <\/p>\n<p><!-- No email blocks found --><\/p>\n<p>The post <a href=\"https:\/\/forbes.hu\/uzlet\/a-nemzeti-kooperacio-kulturaja\/\">A nemzeti kooper\u00e1ci\u00f3 kult\u00far\u00e1ja<\/a> appeared first on <a href=\"https:\/\/forbes.hu\/\">Forbes.hu<\/a>.<\/p><div id=\"friss-642775949\" class=\"friss-etarget-cikk-vege friss-entity-placement\"><script type=\"text\/javascript\" id=\"etargetScript7a9b589f63cb072bef80df221f46a22b\">function etargetPostloadFunction7a9b589f63cb072bef80df221f46a22b(){var e=\"etargetPostload7a9b589f63cb072bef80df221f46a22b\",t=\"etargetScript7a9b589f63cb072bef80df221f46a22b\",o=document.getElementById(e);if(o){for(var n=o.offsetTop,d=o.offsetLeft,r=o.offsetWidth,a=o.offsetHeight;o.offsetParent;)o=o.offsetParent,n+=o.offsetTop,d+=o.offsetLeft;var i=(n<=window.pageYOffset+window.innerHeight&&d<window.pageXOffset+window.innerWidth&&n+a>window.pageYOffset&&d+r>window.pageXOffset);if(i&&etargetAllowOtherCheck){allowed=!1;var c=document.createElement(\"script\");return c.src=\"\/\/hu.search.etargetnet.com\/generic\/uni.php?g=ref:58661,area:700x210\",void(document.getElementById(t)&&document.getElementById(e)&&(document.getElementById(t).parentNode.appendChild(c),document.getElementById(t).parentNode.removeChild(document.getElementById(t)),document.getElementById(e).parentNode.removeChild(document.getElementById(e)),document.removeEventListener(\"scroll\",etargetPostloadFunction7a9b589f63cb072bef80df221f46a22b),document.removeEventListener(\"resize\",etargetPostloadFunction7a9b589f63cb072bef80df221f46a22b),document.removeEventListener(\"DOMContentLoaded\",etargetPostloadFunction7a9b589f63cb072bef80df221f46a22b)))}}}var etargetDivID=\"etargetPostload7a9b589f63cb072bef80df221f46a22b\",etargetScriptID=\"etargetScript7a9b589f63cb072bef80df221f46a22b\",etargetPostloadPoint=document.createElement(\"div\");etargetPostloadPoint.id=etargetDivID;var etargetCurScript=document.getElementById(etargetScriptID);etargetCurScript.parentNode.appendChild(etargetPostloadPoint),document.addEventListener(\"scroll\",etargetPostloadFunction7a9b589f63cb072bef80df221f46a22b),document.addEventListener(\"resize\",etargetPostloadFunction7a9b589f63cb072bef80df221f46a22b),document.addEventListener(\"DOMContentLoaded\",etargetPostloadFunction7a9b589f63cb072bef80df221f46a22b);var etargetAllowOtherCheck=!0;if(typeof(\"forceRunPostload\")==\"string\"){etargetPostloadFunction7a9b589f63cb072bef80df221f46a22b()}<\/script><\/div><div id=\"friss-1394958113\" class=\"friss-after-content friss-entity-placement\"><script type=\"text\/javascript\" id=\"etargetScript7a9b589f63cb072bef80df221f46a22b\">function etargetPostloadFunction7a9b589f63cb072bef80df221f46a22b(){var e=\"etargetPostload7a9b589f63cb072bef80df221f46a22b\",t=\"etargetScript7a9b589f63cb072bef80df221f46a22b\",o=document.getElementById(e);if(o){for(var n=o.offsetTop,d=o.offsetLeft,r=o.offsetWidth,a=o.offsetHeight;o.offsetParent;)o=o.offsetParent,n+=o.offsetTop,d+=o.offsetLeft;var i=(n<=window.pageYOffset+window.innerHeight&&d<window.pageXOffset+window.innerWidth&&n+a>window.pageYOffset&&d+r>window.pageXOffset);if(i&&etargetAllowOtherCheck){allowed=!1;var c=document.createElement(\"script\");return c.src=\"\/\/hu.search.etargetnet.com\/generic\/uni.php?g=ref:58661,area:700x210\",void(document.getElementById(t)&&document.getElementById(e)&&(document.getElementById(t).parentNode.appendChild(c),document.getElementById(t).parentNode.removeChild(document.getElementById(t)),document.getElementById(e).parentNode.removeChild(document.getElementById(e)),document.removeEventListener(\"scroll\",etargetPostloadFunction7a9b589f63cb072bef80df221f46a22b),document.removeEventListener(\"resize\",etargetPostloadFunction7a9b589f63cb072bef80df221f46a22b),document.removeEventListener(\"DOMContentLoaded\",etargetPostloadFunction7a9b589f63cb072bef80df221f46a22b)))}}}var etargetDivID=\"etargetPostload7a9b589f63cb072bef80df221f46a22b\",etargetScriptID=\"etargetScript7a9b589f63cb072bef80df221f46a22b\",etargetPostloadPoint=document.createElement(\"div\");etargetPostloadPoint.id=etargetDivID;var etargetCurScript=document.getElementById(etargetScriptID);etargetCurScript.parentNode.appendChild(etargetPostloadPoint),document.addEventListener(\"scroll\",etargetPostloadFunction7a9b589f63cb072bef80df221f46a22b),document.addEventListener(\"resize\",etargetPostloadFunction7a9b589f63cb072bef80df221f46a22b),document.addEventListener(\"DOMContentLoaded\",etargetPostloadFunction7a9b589f63cb072bef80df221f46a22b);var etargetAllowOtherCheck=!0;if(typeof(\"forceRunPostload\")==\"string\"){etargetPostloadFunction7a9b589f63cb072bef80df221f46a22b()}<\/script><\/div><div id=\"friss-3976881213\" class=\"friss-after-content_2 friss-entity-placement\" style=\"clear: both;\"><div class=\"wprss_ajax\" data-id=\"rss35fcf5f504\"><img loading=\"lazy\" decoding=\"async\" src=\"https:\/\/friss-hirek.hu\/wp-content\/plugins\/wp-rss-retriever\/inc\/imgs\/ajax-loader.gif\" alt=\"Loading RSS Feed\" width=\"16\" height=\"16\"><\/div><\/div><br style=\"clear: both; display: block; float: none;\"\/><div id=\"friss-2335025407\" class=\"friss-after-content_3 friss-entity-placement\">https:\/\/www.youtube.com\/watch?v=Pdnw4KiUWp0<\/div>","protected":false},"excerpt":{"rendered":"<p>Ahogy az \u00fajs\u00e1g\u00edr\u00f3 dolga sem az els\u0151sorban, hogy \u00edrjon, sokkal ink\u00e1bb, hogy gondolkozzon, \u00fagy a\u00a0k\u00f6z\u00f6s \u00fcgyek megbesz\u00e9l\u00e9s\u00e9nek is \u00e9pp ez a\u00a0l\u00e9nyege: a\u00a0k\u00f6zben zajl\u00f3 intenz\u00edv gondolkod\u00e1s. K\u00f6z\u00f6sen. A m\u00e1jus Forbes magazin f\u0151szerkeszt\u0151i bek\u00f6sz\u00f6nt\u0151je. \u201eArra t\u00f6rekedtem, hogy ne nevessek az emberi tetteken, ne s\u00edrjak rajtuk, ne gy\u0171l\u00f6ljem, hanem meg\u00e9rtsem \u0151ket.\u201d Baruch Spinoza\u00a0 Vissza kell venn\u00fcnk a\u00a0nyelv\u00fcnket, ahogy [&hellip;]<\/p>\n","protected":false},"author":1,"featured_media":0,"comment_status":"open","ping_status":"open","sticky":false,"template":"","format":"standard","meta":{"footnotes":""},"categories":[7],"tags":[],"class_list":["post-166180","post","type-post","status-publish","format-standard","hentry","category-uzlet"],"amp_enabled":true,"_links":{"self":[{"href":"https:\/\/friss-hirek.hu\/index.php\/wp-json\/wp\/v2\/posts\/166180","targetHints":{"allow":["GET"]}}],"collection":[{"href":"https:\/\/friss-hirek.hu\/index.php\/wp-json\/wp\/v2\/posts"}],"about":[{"href":"https:\/\/friss-hirek.hu\/index.php\/wp-json\/wp\/v2\/types\/post"}],"author":[{"embeddable":true,"href":"https:\/\/friss-hirek.hu\/index.php\/wp-json\/wp\/v2\/users\/1"}],"replies":[{"embeddable":true,"href":"https:\/\/friss-hirek.hu\/index.php\/wp-json\/wp\/v2\/comments?post=166180"}],"version-history":[{"count":0,"href":"https:\/\/friss-hirek.hu\/index.php\/wp-json\/wp\/v2\/posts\/166180\/revisions"}],"wp:attachment":[{"href":"https:\/\/friss-hirek.hu\/index.php\/wp-json\/wp\/v2\/media?parent=166180"}],"wp:term":[{"taxonomy":"category","embeddable":true,"href":"https:\/\/friss-hirek.hu\/index.php\/wp-json\/wp\/v2\/categories?post=166180"},{"taxonomy":"post_tag","embeddable":true,"href":"https:\/\/friss-hirek.hu\/index.php\/wp-json\/wp\/v2\/tags?post=166180"}],"curies":[{"name":"wp","href":"https:\/\/api.w.org\/{rel}","templated":true}]}}