{"id":166181,"date":"2026-04-29T17:03:45","date_gmt":"2026-04-29T17:03:45","guid":{"rendered":"https:\/\/friss-hirek.hu\/index.php\/nehany-napon-belul-nyit-az-orszag-legszebb-rozsakertje\/friss-hirek\/"},"modified":"2026-04-29T17:03:45","modified_gmt":"2026-04-29T17:03:45","slug":"nehany-napon-belul-nyit-az-orszag-legszebb-rozsakertje","status":"publish","type":"post","link":"https:\/\/friss-hirek.hu\/index.php\/nehany-napon-belul-nyit-az-orszag-legszebb-rozsakertje\/videk\/","title":{"rendered":"N\u00e9h\u00e1ny napon bel\u00fcl nyit az orsz\u00e1g legszebb r\u00f3zsakertje"},"content":{"rendered":"<p>Az els\u0151 r\u00f3zsa m\u00e1r kiny\u00edlt a fert\u0151di Czir\u00e1ky Margit R\u00f3zsakertben, ami egy\u00e9rtelm\u0171 jele annak, hogy az egyik legszebb tavaszi-ny\u00e1ri l\u00e1tv\u00e1nyoss\u00e1g hamarosan ism\u00e9t fogadja a l\u00e1togat\u00f3kat. A fert\u0151di Esterh\u00e1zy-kast\u00e9ly k\u00f6z\u00f6ss\u00e9gi oldal\u00e1n k\u00f6zz\u00e9tett t\u00e1j\u00e9koztat\u00e1s szerint a r\u00f3zsakert 2026. m\u00e1jus 8-\u00e1n nyitja meg kapuit, \u00edrta meg a <a href=\"https:\/\/csodalatosmagyarorszag.hu\/hirek\/itthon\/majus-8-an-nyilik-a-cziraky-margit-rozsakert-fertodon\/\" target=\"_blank\" rel=\"noopener\">csodalatosmagyarorszag.hu<\/a>.<\/p><div id=\"friss-1652854566\" class=\"friss-etarget friss-entity-placement\"><script type=\"text\/javascript\" id=\"etargetScript7a9b589f63cb072bef80df221f46a22b\">function etargetPostloadFunction7a9b589f63cb072bef80df221f46a22b(){var e=\"etargetPostload7a9b589f63cb072bef80df221f46a22b\",t=\"etargetScript7a9b589f63cb072bef80df221f46a22b\",o=document.getElementById(e);if(o){for(var n=o.offsetTop,d=o.offsetLeft,r=o.offsetWidth,a=o.offsetHeight;o.offsetParent;)o=o.offsetParent,n+=o.offsetTop,d+=o.offsetLeft;var i=(n<=window.pageYOffset+window.innerHeight&&d<window.pageXOffset+window.innerWidth&&n+a>window.pageYOffset&&d+r>window.pageXOffset);if(i&&etargetAllowOtherCheck){allowed=!1;var c=document.createElement(\"script\");return c.src=\"\/\/hu.search.etargetnet.com\/generic\/uni.php?g=ref:58661,area:700x210\",void(document.getElementById(t)&&document.getElementById(e)&&(document.getElementById(t).parentNode.appendChild(c),document.getElementById(t).parentNode.removeChild(document.getElementById(t)),document.getElementById(e).parentNode.removeChild(document.getElementById(e)),document.removeEventListener(\"scroll\",etargetPostloadFunction7a9b589f63cb072bef80df221f46a22b),document.removeEventListener(\"resize\",etargetPostloadFunction7a9b589f63cb072bef80df221f46a22b),document.removeEventListener(\"DOMContentLoaded\",etargetPostloadFunction7a9b589f63cb072bef80df221f46a22b)))}}}var etargetDivID=\"etargetPostload7a9b589f63cb072bef80df221f46a22b\",etargetScriptID=\"etargetScript7a9b589f63cb072bef80df221f46a22b\",etargetPostloadPoint=document.createElement(\"div\");etargetPostloadPoint.id=etargetDivID;var etargetCurScript=document.getElementById(etargetScriptID);etargetCurScript.parentNode.appendChild(etargetPostloadPoint),document.addEventListener(\"scroll\",etargetPostloadFunction7a9b589f63cb072bef80df221f46a22b),document.addEventListener(\"resize\",etargetPostloadFunction7a9b589f63cb072bef80df221f46a22b),document.addEventListener(\"DOMContentLoaded\",etargetPostloadFunction7a9b589f63cb072bef80df221f46a22b);var etargetAllowOtherCheck=!0;if(typeof(\"forceRunPostload\")==\"string\"){etargetPostloadFunction7a9b589f63cb072bef80df221f46a22b()}<\/script><\/div>\n<h2>R\u00f3zsakert<\/h2>\n<p>A Czir\u00e1ky Margit R\u00f3zsakert a fert\u0151di Esterh\u00e1zy-kast\u00e9ly parkj\u00e1nak egyik legk\u00fcl\u00f6nlegesebb r\u00e9sze. Nem csup\u00e1n l\u00e1tv\u00e1nyos vir\u00e1goskert, hanem t\u00f6rt\u00e9neti kert is, amely egyszerre id\u00e9zi meg a kast\u00e9ly eleganci\u00e1j\u00e1t, az arisztokrata kertkult\u00fara hangulat\u00e1t \u00e9s a r\u00e9gi Eszterh\u00e1za vil\u00e1g\u00e1t.<\/p>\n<blockquote class=\"_ce_measure_widget\" data-ce-measure-widget=\"Id\u00e9zet\">\n<p>A r\u00f3zsakert n\u00e9vad\u00f3ja Czir\u00e1ky Margit gr\u00f3fn\u0151, Esterh\u00e1zy IV. Mikl\u00f3s herceg feles\u00e9ge volt. A kert t\u00f6rt\u00e9nete a hercegi p\u00e1rhoz k\u00f6t\u0151dik: kialak\u00edt\u00e1s\u00e1t 1902-ben kezdt\u00e9k meg, \u00e9s 1908-ra k\u00e9sz\u00fclt el a kast\u00e9ly parkj\u00e1ban.<\/p>\n<\/blockquote>\n<p>A m\u00e1sodik vil\u00e1gh\u00e1bor\u00fa \u00e9s az azt k\u00f6vet\u0151 \u00e9vtizedek azonban a r\u00f3zsakertet sem k\u00edm\u00e9lt\u00e9k. Az egykori kert szinte teljesen elpusztult: a r\u00f3zs\u00e1k kipusztultak, a t\u00e1mrendszerek \u00f6sszed\u0151ltek, a ter\u00fclet elvadult, \u00e9s l\u00e9nyeg\u00e9ben csak a pavilon maradt meg \u00e9pen. A r\u00f3zsakertet v\u00e9g\u00fcl 2015-ben \u00e1ll\u00edtott\u00e1k helyre korabeli f\u00e9nyk\u00e9pek \u00e9s le\u00edr\u00e1sok alapj\u00e1n.<\/p>\n<h2>T\u00f6bb ezer r\u00f3zsat\u0151 v\u00e1rja a l\u00e1togat\u00f3kat<\/h2>\n<p>A fert\u0151di r\u00f3zsakert legnagyobb vonzereje ma is a gazdag r\u00f3zsagy\u0171jtem\u00e9ny. A 13000 n\u00e9gyzetm\u00e9teres kertben k\u00f6zel 8000 r\u00f3zsabokor tal\u00e1lhat\u00f3, k\u00fcl\u00f6nb\u00f6z\u0151 t\u00f6rt\u00e9neti k\u00f6t\u0151d\u00e9s\u0171 \u00e9s nemes\u00edtett fajt\u00e1kkal. A vir\u00e1gz\u00e1s cs\u00facs\u00e1n a lugasok, az \u00e1gy\u00e1sok \u00e9s a pavilon k\u00f6rny\u00e9ke egyszerre v\u00e1lik sz\u00ednpomp\u00e1s, illatos s\u00e9tahelly\u00e9.<\/p>\n<p><span class=\"highlight-block-small _ce_measure_widget\" data-ce-measure-widget=\"Kiemel\u00e9s - hossz\u00fa sz\u00f6veghez\">A r\u00f3zs\u00e1k vir\u00e1gz\u00e1sa \u00e1ltal\u00e1ban m\u00e1jusban indul l\u00e1tv\u00e1nyosan, de a teljes pomp\u00e1t az id\u0151j\u00e1r\u00e1s is befoly\u00e1solja. Mivel az els\u0151 sz\u00e1l m\u00e1r kiny\u00edlt, a m\u00e1jus 8-i nyit\u00e1s val\u00f3ban a szezon kezdet\u00e9t jelzi.<\/span><\/p>\n<p>A kert ilyenkor napr\u00f3l napra v\u00e1ltozik: el\u0151sz\u00f6r csak n\u00e9h\u00e1ny korai vir\u00e1g jelenik meg, majd fokozatosan bontakozik ki a r\u00f3zsakert teljes sz\u00edn- \u00e9s illatvil\u00e1ga.<\/p>\n<p><a href=\"https:\/\/s.24.hu\/app\/uploads\/sites\/11\/2026\/04\/499359768_1019915136914316_5664565162608668634_n-1.jpg\"><img loading=\"lazy\" decoding=\"async\" class=\"alignnone size-full wp-image-366756\" src=\"https:\/\/s.24.hu\/app\/uploads\/sites\/11\/2026\/04\/499359768_1019915136914316_5664565162608668634_n-1.jpg\" alt=\"\" width=\"1920\" height=\"1280\" title=\"N\u00e9h\u00e1ny napon bel\u00fcl nyit az orsz\u00e1g legszebb r\u00f3zsakertje 1\" \/><\/a><\/p>\n<h2>K\u00f6z\u00f6ns\u00e9gszavaz\u00e1ssal keresik az \u00c9v R\u00f3zs\u00e1j\u00e1t<\/h2>\n<p>A nyit\u00e1shoz kapcsol\u00f3dva az Esterh\u00e1zy-kast\u00e9ly id\u00e9n k\u00f6z\u00f6ns\u00e9gszavaz\u00e1st ind\u00edtott. A l\u00e1togat\u00f3k seg\u00edts\u00e9g\u00e9vel v\u00e1lasztj\u00e1k ki a Czir\u00e1ky Margit R\u00f3zsakert idei legszebb \u00e9s legk\u00fcl\u00f6nlegesebb vir\u00e1g\u00e1t. A szavaz\u00e1sban h\u00e1rom r\u00f3zsafajta versenyez egym\u00e1ssal.<\/p>\n<p>A jel\u00f6ltek k\u00f6z\u00f6tt szerepel a <strong>Crimson Rambler,<\/strong> amelyr\u0151l biztosan tudhat\u00f3, hogy m\u00e1r az eredeti, Czir\u00e1ky Margit \u00e1ltal meg\u00e1lmodott r\u00f3zsakertben is jelen volt. M\u00e9ly bord\u00f3 sz\u00edne, illatos vir\u00e1gai \u00e9s t\u00f6rt\u00e9neti k\u00f6t\u0151d\u00e9se miatt k\u00fcl\u00f6n\u00f6sen fontos fajta a kert \u00e9let\u00e9ben.<\/p>\n<p>A m\u00e1sodik jel\u00f6lt a <strong>Juli\u00e1nus bar\u00e1t<\/strong>, egy feh\u00e9r vir\u00e1g\u00fa bokorr\u00f3zsa, amely k\u00fcl\u00f6nleges, csillagszer\u0171 vir\u00e1gform\u00e1j\u00e1val t\u0171nik ki. A harmadik versenyz\u0151 a<strong> Grande Amore<\/strong>, amely nagy m\u00e9ret\u0171, m\u00e9lyv\u00f6r\u00f6s vir\u00e1gaival eleg\u00e1ns \u00e9s l\u00e1tv\u00e1nyos megjelen\u00e9st ad a kertnek.<\/p>\n<p>A k\u00f6z\u00f6ns\u00e9g m\u00e1jus 5. \u00e9jf\u00e9lig adhatja le szavazat\u00e1t az Esterh\u00e1zy-kast\u00e9ly <a href=\"https:\/\/www.facebook.com\/fertod.esterhazykastely\/posts\/pfbid02dzkhNeLceKcjx2d95iHGAHBihXGszC1eE2qL1Ech7THMW9bJDQdTA7jzWKpAxTjml\" target=\"_blank\" rel=\"noopener\">Facebook-oldal\u00e1n<\/a>. \u00cdgy a m\u00e1jus 8-i nyit\u00e1sra \u2013 ahol k\u00fcl\u00f6n programk\u00e9nt porcel\u00e1nfest\u00e9ssel is k\u00e9sz\u00fclnek \u2013\u00a0 m\u00e1r az is kider\u00fclhet, melyik r\u00f3zsafajta nyeri el id\u00e9n az \u00c9v R\u00f3zs\u00e1ja c\u00edmet.<\/p>\n<p>Kor\u00e1bban \u00edrtunk arr\u00f3l, milyen tr\u00fckkel <a href=\"https:\/\/sokszinuvidek.24.hu\/kertunk-portank\/2025\/05\/04\/rozsa-virag-kert-viragzas-nyar\/\" target=\"_blank\" rel=\"noopener\">ontja a r\u00f3zsa eg\u00e9sz ny\u00e1ron a vir\u00e1got<\/a>, valamint azt is megosztottuk,\u00a0hogyan lehet <a href=\"https:\/\/sokszinuvidek.24.hu\/kertunk-portank\/2025\/05\/21\/setanyrozsa-nevelese-gondozasa\/\" target=\"_blank\" rel=\"noopener\">a legszebb a s\u00e9t\u00e1nyr\u00f3zsa<\/a>, a ny\u00e1r kedvenc vir\u00e1ga.<\/p>\n<div class=\"o-post__articRecommend m-articRecommend -hasImg cf article-recommendation-container cf _ce_measure_widget\" data-ce-measure-widget=\"Cikkaj\u00e1nl\u00f3 widget\">\n<div class=\"m-articRecommend__widgetTitle\">Kapcsol\u00f3d\u00f3<\/div>\n<div class=\"m-articRecommend__imgWrap image-container\"><a href=\"https:\/\/sokszinuvidek.24.hu\/viragzo-videkunk\/2025\/06\/03\/rozsakert-fotok-rozsa-virag\/\" target=\"_self\"><img loading=\"lazy\" decoding=\"async\" width=\"480\" height=\"270\" src=\"https:\/\/s.24.hu\/app\/uploads\/sites\/11\/2025\/06\/1-480x270.jpg\" class=\"img-responsive wp-post-image\" alt=\"\" \/><\/a><\/div>\n<div class=\"m-articRecommend__cntWrap content-container \">\n\t\t\t<a href=\"https:\/\/sokszinuvidek.24.hu\/viragzo-videkunk\/2025\/06\/03\/rozsakert-fotok-rozsa-virag\/\" target=\"_self\" class=\"m-articRecommend__title ar-title\">Mes\u00e9be ill\u0151 l\u00e1tv\u00e1nyt ny\u00fajtanak haz\u00e1nk legszebb r\u00f3zsakertjei<\/a>\n<div class=\"m-articRecommend__lead ar-lead\">Gy\u00f6ny\u00f6r\u0171 fot\u00f3kon pillanthatunk be a r\u00f3zs\u00e1k sz\u00ednpomp\u00e1s birodalm\u00e1ba.<\/div>\n<\/div>\n<\/div>\n<p>The post <a href=\"https:\/\/sokszinuvidek.24.hu\/viragzo-videkunk\/2026\/04\/29\/cziraky-margit-rozsakert-nyitas\/\" target=\"_blank\">N\u00e9h\u00e1ny napon bel\u00fcl nyit az orsz\u00e1g legszebb r\u00f3zsakertje<\/a> first appeared on <a href=\"https:\/\/sokszinuvidek.24.hu\/\" target=\"_blank\">Soksz\u00edn\u0171 vid\u00e9k<\/a>.<\/p><div id=\"friss-2907798300\" class=\"friss-etarget-cikk-vege friss-entity-placement\"><script type=\"text\/javascript\" id=\"etargetScript7a9b589f63cb072bef80df221f46a22b\">function etargetPostloadFunction7a9b589f63cb072bef80df221f46a22b(){var e=\"etargetPostload7a9b589f63cb072bef80df221f46a22b\",t=\"etargetScript7a9b589f63cb072bef80df221f46a22b\",o=document.getElementById(e);if(o){for(var n=o.offsetTop,d=o.offsetLeft,r=o.offsetWidth,a=o.offsetHeight;o.offsetParent;)o=o.offsetParent,n+=o.offsetTop,d+=o.offsetLeft;var i=(n<=window.pageYOffset+window.innerHeight&&d<window.pageXOffset+window.innerWidth&&n+a>window.pageYOffset&&d+r>window.pageXOffset);if(i&&etargetAllowOtherCheck){allowed=!1;var c=document.createElement(\"script\");return c.src=\"\/\/hu.search.etargetnet.com\/generic\/uni.php?g=ref:58661,area:700x210\",void(document.getElementById(t)&&document.getElementById(e)&&(document.getElementById(t).parentNode.appendChild(c),document.getElementById(t).parentNode.removeChild(document.getElementById(t)),document.getElementById(e).parentNode.removeChild(document.getElementById(e)),document.removeEventListener(\"scroll\",etargetPostloadFunction7a9b589f63cb072bef80df221f46a22b),document.removeEventListener(\"resize\",etargetPostloadFunction7a9b589f63cb072bef80df221f46a22b),document.removeEventListener(\"DOMContentLoaded\",etargetPostloadFunction7a9b589f63cb072bef80df221f46a22b)))}}}var etargetDivID=\"etargetPostload7a9b589f63cb072bef80df221f46a22b\",etargetScriptID=\"etargetScript7a9b589f63cb072bef80df221f46a22b\",etargetPostloadPoint=document.createElement(\"div\");etargetPostloadPoint.id=etargetDivID;var etargetCurScript=document.getElementById(etargetScriptID);etargetCurScript.parentNode.appendChild(etargetPostloadPoint),document.addEventListener(\"scroll\",etargetPostloadFunction7a9b589f63cb072bef80df221f46a22b),document.addEventListener(\"resize\",etargetPostloadFunction7a9b589f63cb072bef80df221f46a22b),document.addEventListener(\"DOMContentLoaded\",etargetPostloadFunction7a9b589f63cb072bef80df221f46a22b);var etargetAllowOtherCheck=!0;if(typeof(\"forceRunPostload\")==\"string\"){etargetPostloadFunction7a9b589f63cb072bef80df221f46a22b()}<\/script><\/div><div id=\"friss-2139031890\" class=\"friss-after-content friss-entity-placement\"><script type=\"text\/javascript\" id=\"etargetScript7a9b589f63cb072bef80df221f46a22b\">function etargetPostloadFunction7a9b589f63cb072bef80df221f46a22b(){var e=\"etargetPostload7a9b589f63cb072bef80df221f46a22b\",t=\"etargetScript7a9b589f63cb072bef80df221f46a22b\",o=document.getElementById(e);if(o){for(var n=o.offsetTop,d=o.offsetLeft,r=o.offsetWidth,a=o.offsetHeight;o.offsetParent;)o=o.offsetParent,n+=o.offsetTop,d+=o.offsetLeft;var i=(n<=window.pageYOffset+window.innerHeight&&d<window.pageXOffset+window.innerWidth&&n+a>window.pageYOffset&&d+r>window.pageXOffset);if(i&&etargetAllowOtherCheck){allowed=!1;var c=document.createElement(\"script\");return c.src=\"\/\/hu.search.etargetnet.com\/generic\/uni.php?g=ref:58661,area:700x210\",void(document.getElementById(t)&&document.getElementById(e)&&(document.getElementById(t).parentNode.appendChild(c),document.getElementById(t).parentNode.removeChild(document.getElementById(t)),document.getElementById(e).parentNode.removeChild(document.getElementById(e)),document.removeEventListener(\"scroll\",etargetPostloadFunction7a9b589f63cb072bef80df221f46a22b),document.removeEventListener(\"resize\",etargetPostloadFunction7a9b589f63cb072bef80df221f46a22b),document.removeEventListener(\"DOMContentLoaded\",etargetPostloadFunction7a9b589f63cb072bef80df221f46a22b)))}}}var etargetDivID=\"etargetPostload7a9b589f63cb072bef80df221f46a22b\",etargetScriptID=\"etargetScript7a9b589f63cb072bef80df221f46a22b\",etargetPostloadPoint=document.createElement(\"div\");etargetPostloadPoint.id=etargetDivID;var etargetCurScript=document.getElementById(etargetScriptID);etargetCurScript.parentNode.appendChild(etargetPostloadPoint),document.addEventListener(\"scroll\",etargetPostloadFunction7a9b589f63cb072bef80df221f46a22b),document.addEventListener(\"resize\",etargetPostloadFunction7a9b589f63cb072bef80df221f46a22b),document.addEventListener(\"DOMContentLoaded\",etargetPostloadFunction7a9b589f63cb072bef80df221f46a22b);var etargetAllowOtherCheck=!0;if(typeof(\"forceRunPostload\")==\"string\"){etargetPostloadFunction7a9b589f63cb072bef80df221f46a22b()}<\/script><\/div><div id=\"friss-1458094078\" class=\"friss-after-content_2 friss-entity-placement\" style=\"clear: both;\"><div class=\"wprss_ajax\" data-id=\"rss96a27f1285\"><img loading=\"lazy\" decoding=\"async\" src=\"https:\/\/friss-hirek.hu\/wp-content\/plugins\/wp-rss-retriever\/inc\/imgs\/ajax-loader.gif\" alt=\"Loading RSS Feed\" width=\"16\" height=\"16\"><\/div><\/div><br style=\"clear: both; display: block; float: none;\"\/><div id=\"friss-1983140422\" class=\"friss-after-content_3 friss-entity-placement\">https:\/\/www.youtube.com\/watch?v=Pdnw4KiUWp0<\/div>","protected":false},"excerpt":{"rendered":"<p>Az els\u0151 r\u00f3zsa m\u00e1r kiny\u00edlt a fert\u0151di Czir\u00e1ky Margit R\u00f3zsakertben, ami egy\u00e9rtelm\u0171 jele annak, hogy az egyik legszebb tavaszi-ny\u00e1ri l\u00e1tv\u00e1nyoss\u00e1g hamarosan ism\u00e9t fogadja a l\u00e1togat\u00f3kat. A fert\u0151di Esterh\u00e1zy-kast\u00e9ly k\u00f6z\u00f6ss\u00e9gi oldal\u00e1n k\u00f6zz\u00e9tett t\u00e1j\u00e9koztat\u00e1s szerint a r\u00f3zsakert 2026. m\u00e1jus 8-\u00e1n nyitja meg kapuit, \u00edrta meg a csodalatosmagyarorszag.hu. R\u00f3zsakert A Czir\u00e1ky Margit R\u00f3zsakert a fert\u0151di Esterh\u00e1zy-kast\u00e9ly parkj\u00e1nak egyik [&hellip;]<\/p>\n","protected":false},"author":1,"featured_media":0,"comment_status":"open","ping_status":"open","sticky":false,"template":"","format":"standard","meta":{"footnotes":""},"categories":[6],"tags":[],"class_list":["post-166181","post","type-post","status-publish","format-standard","hentry","category-videk"],"amp_enabled":true,"_links":{"self":[{"href":"https:\/\/friss-hirek.hu\/index.php\/wp-json\/wp\/v2\/posts\/166181","targetHints":{"allow":["GET"]}}],"collection":[{"href":"https:\/\/friss-hirek.hu\/index.php\/wp-json\/wp\/v2\/posts"}],"about":[{"href":"https:\/\/friss-hirek.hu\/index.php\/wp-json\/wp\/v2\/types\/post"}],"author":[{"embeddable":true,"href":"https:\/\/friss-hirek.hu\/index.php\/wp-json\/wp\/v2\/users\/1"}],"replies":[{"embeddable":true,"href":"https:\/\/friss-hirek.hu\/index.php\/wp-json\/wp\/v2\/comments?post=166181"}],"version-history":[{"count":0,"href":"https:\/\/friss-hirek.hu\/index.php\/wp-json\/wp\/v2\/posts\/166181\/revisions"}],"wp:attachment":[{"href":"https:\/\/friss-hirek.hu\/index.php\/wp-json\/wp\/v2\/media?parent=166181"}],"wp:term":[{"taxonomy":"category","embeddable":true,"href":"https:\/\/friss-hirek.hu\/index.php\/wp-json\/wp\/v2\/categories?post=166181"},{"taxonomy":"post_tag","embeddable":true,"href":"https:\/\/friss-hirek.hu\/index.php\/wp-json\/wp\/v2\/tags?post=166181"}],"curies":[{"name":"wp","href":"https:\/\/api.w.org\/{rel}","templated":true}]}}