{"id":166194,"date":"2026-04-30T06:14:27","date_gmt":"2026-04-30T06:14:27","guid":{"rendered":"https:\/\/friss-hirek.hu\/index.php\/osszel-mar-nem-lesznek-joindulatuak-megszolalt-varga-mihaly-a-matolcsy-korszakrol-is-beszelt\/friss-hirek\/"},"modified":"2026-04-30T06:14:27","modified_gmt":"2026-04-30T06:14:27","slug":"osszel-mar-nem-lesznek-joindulatuak-megszolalt-varga-mihaly-a-matolcsy-korszakrol-is-beszelt","status":"publish","type":"post","link":"https:\/\/friss-hirek.hu\/index.php\/osszel-mar-nem-lesznek-joindulatuak-megszolalt-varga-mihaly-a-matolcsy-korszakrol-is-beszelt\/uzlet\/","title":{"rendered":"\u201e\u0150sszel m\u00e1r nem lesznek j\u00f3indulat\u00faak\u201d \u2013 megsz\u00f3lalt Varga Mih\u00e1ly, a Matolcsy-korszakr\u00f3l is besz\u00e9lt"},"content":{"rendered":"<p><strong>Varga Mih\u00e1ly kit\u00e9rt a forint \u00e1rfolyam\u00e1t befoly\u00e1sol\u00f3 legfontosabb t\u00e9nyez\u0151kre \u00e9s az \u00faj korm\u00e1ny gazdas\u00e1gpolitik\u00e1j\u00e1ra is.<\/strong><\/p><div id=\"friss-843822868\" class=\"friss-etarget friss-entity-placement\"><script type=\"text\/javascript\" id=\"etargetScript7a9b589f63cb072bef80df221f46a22b\">function etargetPostloadFunction7a9b589f63cb072bef80df221f46a22b(){var e=\"etargetPostload7a9b589f63cb072bef80df221f46a22b\",t=\"etargetScript7a9b589f63cb072bef80df221f46a22b\",o=document.getElementById(e);if(o){for(var n=o.offsetTop,d=o.offsetLeft,r=o.offsetWidth,a=o.offsetHeight;o.offsetParent;)o=o.offsetParent,n+=o.offsetTop,d+=o.offsetLeft;var i=(n<=window.pageYOffset+window.innerHeight&&d<window.pageXOffset+window.innerWidth&&n+a>window.pageYOffset&&d+r>window.pageXOffset);if(i&&etargetAllowOtherCheck){allowed=!1;var c=document.createElement(\"script\");return c.src=\"\/\/hu.search.etargetnet.com\/generic\/uni.php?g=ref:58661,area:700x210\",void(document.getElementById(t)&&document.getElementById(e)&&(document.getElementById(t).parentNode.appendChild(c),document.getElementById(t).parentNode.removeChild(document.getElementById(t)),document.getElementById(e).parentNode.removeChild(document.getElementById(e)),document.removeEventListener(\"scroll\",etargetPostloadFunction7a9b589f63cb072bef80df221f46a22b),document.removeEventListener(\"resize\",etargetPostloadFunction7a9b589f63cb072bef80df221f46a22b),document.removeEventListener(\"DOMContentLoaded\",etargetPostloadFunction7a9b589f63cb072bef80df221f46a22b)))}}}var etargetDivID=\"etargetPostload7a9b589f63cb072bef80df221f46a22b\",etargetScriptID=\"etargetScript7a9b589f63cb072bef80df221f46a22b\",etargetPostloadPoint=document.createElement(\"div\");etargetPostloadPoint.id=etargetDivID;var etargetCurScript=document.getElementById(etargetScriptID);etargetCurScript.parentNode.appendChild(etargetPostloadPoint),document.addEventListener(\"scroll\",etargetPostloadFunction7a9b589f63cb072bef80df221f46a22b),document.addEventListener(\"resize\",etargetPostloadFunction7a9b589f63cb072bef80df221f46a22b),document.addEventListener(\"DOMContentLoaded\",etargetPostloadFunction7a9b589f63cb072bef80df221f46a22b);var etargetAllowOtherCheck=!0;if(typeof(\"forceRunPostload\")==\"string\"){etargetPostloadFunction7a9b589f63cb072bef80df221f46a22b()}<\/script><\/div>\n<p><strong>Mi t\u00f6rt\u00e9nt?<\/strong> Varga Mih\u00e1ly interj\u00fat adott a <a href=\"https:\/\/hvg.hu\/360\/20260430_hvg-varga-mihaly-mnb-elnok-forint-alapkamat-inflacio-kozpenzek-matolcsy-gyorgy-magantokealapok\">hvg.hu-nak<\/a>, melyben az \u00faj magyar korm\u00e1nnyal v\u00e1rhat\u00f3 kapcsolat\u00e1r\u00f3l \u00e9s a Magyar Nemzeti Bank botr\u00e1ny\u00e1r\u00f3l is k\u00e9rdezt\u00e9k. A jegybankeln\u00f6k emellett a forinttal szembeni v\u00e1rakoz\u00e1saira is reflekt\u00e1lt, \u00fagy l\u00e1tja, a v\u00e1laszt\u00e1s \u00f3ta l\u00e1that\u00f3 er\u0151teljes forinter\u0151s\u00f6d\u00e9sre a monet\u00e1ris politik\u00e1nak is reag\u00e1lnia kell. \u201eEls\u0151dleges mand\u00e1tumunk az \u00e1rstabilit\u00e1s el\u00e9r\u00e9se \u00e9s fenntart\u00e1sa\u201d \u2013 fogalmazott, hozz\u00e1t\u00e9ve: nincs nomin\u00e1lis \u00e1rfolyamc\u00e9luk, a forint \u00e1rfolyam\u00e1nak er\u0151s\u00f6d\u00e9se seg\u00edti \u0151ket abban, hogy el\u00e9rj\u00e9k a kit\u0171z\u00f6tt infl\u00e1ci\u00f3s c\u00e9lt. Varga a Goldman Sachs progn\u00f3zis\u00e1n\u00e1l (mely azt javasolja, hogy a 350-es szintig \u00e9rdemes spekul\u00e1lni a forint er\u0151s\u00f6d\u00e9s\u00e9re) ugyanakkor kicsit \u00f3vatosabb lenne.<\/p>\n<div class=\"related-post-links\">\n<p>\t\t<span class=\"related-post-links__title minititle\">T\u00f6bb ebb\u0151l<\/span><\/p>\n<div class=\"related-post-links__link-wrapper\">\n\t\t\t\t<a href=\"https:\/\/forbes.hu\/uzlet\/a-kozossegi-media-60-legmeghatarozobb-magyar-arca-tronfosztas-az-elen\/\" class=\"related-post-links__link\">A k\u00f6z\u00f6ss\u00e9gi m\u00e9dia 60 legmeghat\u00e1roz\u00f3bb magyar arca: tr\u00f3nfoszt\u00e1s az \u00e9len<\/a>\n\t\t\t<\/div>\n<div class=\"related-post-links__link-wrapper\">\n\t\t\t\t<a href=\"https:\/\/forbes.hu\/uzlet\/pamkutya-osbath-testverek-ketmilliardos-buli\/\" class=\"related-post-links__link\">Kuty\u00e1s vide\u00f3kb\u00f3l k\u00e9tmilli\u00e1rdos koncert: a Pamkutya maratoni \u00fatja az influenszerpiac cs\u00facs\u00e1ra<\/a>\n\t\t\t<\/div>\n<\/div>\n<p><strong>A Tisza-korm\u00e1nyr\u00f3l.<\/strong> Varga Mih\u00e1ly arr\u00f3l is besz\u00e9lt: a jegybank tov\u00e1bbi mand\u00e1tuma a mindenkori korm\u00e1ny \u00a0gazdas\u00e1gpolitik\u00e1j\u00e1nak t\u00e1mogat\u00e1sa. \u201eEnnek \u00f6r\u00f6mmel is tesz\u00fcnk eleget, ha el\u0151sz\u00f6r is tudjuk, ez mit jelent, m\u00e1sodszor pedig ha nem gerjeszt infl\u00e1ci\u00f3t\u201d \u2013 nyilatkozta. Varga szerint sok minden akkor d\u0151l el, amikor Magyar P\u00e9ter\u00e9k \u00e1tvizsg\u00e1lj\u00e1k az idei k\u00f6lts\u00e9gvet\u00e9st, az \u0151sszel beterjesztik a 2027-est, ezzel adva a piacnak egy olyan k\u00f6z\u00e9pt\u00e1v\u00fa \u00e1llamh\u00e1ztart\u00e1si forgat\u00f3k\u00f6nyvet, amivel sz\u00e1molni lehet. \u201eAlapvet\u0151en j\u00f3 munkakapcsolatra t\u00f6reksz\u00fcnk az \u00faj korm\u00e1nnyal\u201d \u2013 mondta a jegybank eln\u00f6ke. \u201eA hitelmin\u0151s\u00edt\u0151k m\u00e1jusban val\u00f3sz\u00edn\u0171leg adnak az \u00faj korm\u00e1nynak t\u00fcrelmi id\u0151t, am\u00edg kialak\u00edtja saj\u00e1t gazdas\u00e1gpolitik\u00e1j\u00e1t \u00e9s int\u00e9zm\u00e9nyrendszer\u00e9t, <\/p>\n<blockquote class=\"wp-block-quote is-layout-flow wp-block-quote-is-layout-flow\">\n<p>\u201ede ez gyorsan elm\u00falik. Legk\u00e9s\u0151bb \u0151sszel m\u00e1r nem lesznek j\u00f3indulat\u00faak.\u201d<\/p>\n<\/blockquote>\n<p><strong>Az MNB-botr\u00e1nyr\u00f3l.<\/strong> Varga az elt\u0171nt sz\u00e1zmilli\u00e1rd forintok \u00fcgy\u00e9vel (mely nemr\u00e9g <a href=\"https:\/\/www.forbes.hu\/hirek\/fontos-uj-szakaszba-ert-az-mnb-ugyben-zajlo-nyomozas\/\">\u00faj f\u00e1zis\u00e1ba<\/a> l\u00e9pett) kapcsolatban megosztotta, hogy a Nemzeti Nyomoz\u00f3 Iroda iratokat k\u00e9rt be a jegybankt\u00f3l, melyeket \u00e1t is adtak. \u201eAz MNB fel\u00fcgyel\u0151bizotts\u00e1ga lefolytatott egy vizsg\u00e1latot, ennek alapj\u00e1n az igazgat\u00f3s\u00e1g m\u00e9g tavaly okt\u00f3berben feljelent\u00e9st tett a F\u0151v\u00e1rosi F\u0151\u00fcgy\u00e9szs\u00e9gen. Az adatok al\u00e1t\u00e1masztj\u00e1k az \u00c1SZ meg\u00e1llap\u00edt\u00e1sait\u201d \u2013 fogalmazott. Varga abban b\u00edzik, min\u00e9l gyorsabban pont ker\u00fcl az \u00fcgy v\u00e9g\u00e9re, mik\u00f6zben a jegybank m\u00e1r a vagyonment\u00e9sre f\u00f3kusz\u00e1lna.<\/p>\n<blockquote class=\"wp-block-quote is-layout-flow wp-block-quote-is-layout-flow\">\n<p>\u201eMegtehette volna a jegybank, hogy az alap\u00edtv\u00e1nyt \u00e9s a vagyonkezel\u0151j\u00e9t megsz\u00fcnteti, d\u0151lj\u00f6n be az eg\u00e9sz \u00fagy, ahogy van. A vesztes\u00e9g v\u00e1rhat\u00f3 nagys\u00e1g\u00e1t m\u00e9rlegelve \u00fagy d\u00f6nt\u00f6tt\u00fcnk, hogy igyeksz\u00fcnk menteni, ami ebb\u0151l menthet\u0151\u201d \u2013 mondta.<\/p>\n<\/blockquote>\n<p>Hozz\u00e1tette: az \u00faj menedzsment az elm\u00falt egy \u00e9vben t\u00f6bb mint sz\u00e1zmilli\u00e1rd forintot faragott le a hi\u00e1nyb\u00f3l. A teljes interj\u00fa a <a href=\"https:\/\/hvg.hu\/360\/20260430_hvg-varga-mihaly-mnb-elnok-forint-alapkamat-inflacio-kozpenzek-matolcsy-gyorgy-magantokealapok\">hvg.hu-n<\/a> olvashat\u00f3.<\/p>\n<p><!-- No email blocks found --><\/p>\n<p>The post <a href=\"https:\/\/forbes.hu\/penz\/varga-mihaly-tisza-part-interju\/\">\u201e\u0150sszel m\u00e1r nem lesznek j\u00f3indulat\u00faak\u201d \u2013 megsz\u00f3lalt Varga Mih\u00e1ly, a Matolcsy-korszakr\u00f3l is besz\u00e9lt<\/a> appeared first on <a href=\"https:\/\/forbes.hu\/\">Forbes.hu<\/a>.<\/p><div id=\"friss-950744829\" class=\"friss-etarget-cikk-vege friss-entity-placement\"><script type=\"text\/javascript\" id=\"etargetScript7a9b589f63cb072bef80df221f46a22b\">function etargetPostloadFunction7a9b589f63cb072bef80df221f46a22b(){var e=\"etargetPostload7a9b589f63cb072bef80df221f46a22b\",t=\"etargetScript7a9b589f63cb072bef80df221f46a22b\",o=document.getElementById(e);if(o){for(var n=o.offsetTop,d=o.offsetLeft,r=o.offsetWidth,a=o.offsetHeight;o.offsetParent;)o=o.offsetParent,n+=o.offsetTop,d+=o.offsetLeft;var i=(n<=window.pageYOffset+window.innerHeight&&d<window.pageXOffset+window.innerWidth&&n+a>window.pageYOffset&&d+r>window.pageXOffset);if(i&&etargetAllowOtherCheck){allowed=!1;var c=document.createElement(\"script\");return c.src=\"\/\/hu.search.etargetnet.com\/generic\/uni.php?g=ref:58661,area:700x210\",void(document.getElementById(t)&&document.getElementById(e)&&(document.getElementById(t).parentNode.appendChild(c),document.getElementById(t).parentNode.removeChild(document.getElementById(t)),document.getElementById(e).parentNode.removeChild(document.getElementById(e)),document.removeEventListener(\"scroll\",etargetPostloadFunction7a9b589f63cb072bef80df221f46a22b),document.removeEventListener(\"resize\",etargetPostloadFunction7a9b589f63cb072bef80df221f46a22b),document.removeEventListener(\"DOMContentLoaded\",etargetPostloadFunction7a9b589f63cb072bef80df221f46a22b)))}}}var etargetDivID=\"etargetPostload7a9b589f63cb072bef80df221f46a22b\",etargetScriptID=\"etargetScript7a9b589f63cb072bef80df221f46a22b\",etargetPostloadPoint=document.createElement(\"div\");etargetPostloadPoint.id=etargetDivID;var etargetCurScript=document.getElementById(etargetScriptID);etargetCurScript.parentNode.appendChild(etargetPostloadPoint),document.addEventListener(\"scroll\",etargetPostloadFunction7a9b589f63cb072bef80df221f46a22b),document.addEventListener(\"resize\",etargetPostloadFunction7a9b589f63cb072bef80df221f46a22b),document.addEventListener(\"DOMContentLoaded\",etargetPostloadFunction7a9b589f63cb072bef80df221f46a22b);var etargetAllowOtherCheck=!0;if(typeof(\"forceRunPostload\")==\"string\"){etargetPostloadFunction7a9b589f63cb072bef80df221f46a22b()}<\/script><\/div><div id=\"friss-1817117320\" class=\"friss-after-content friss-entity-placement\"><script type=\"text\/javascript\" id=\"etargetScript7a9b589f63cb072bef80df221f46a22b\">function etargetPostloadFunction7a9b589f63cb072bef80df221f46a22b(){var e=\"etargetPostload7a9b589f63cb072bef80df221f46a22b\",t=\"etargetScript7a9b589f63cb072bef80df221f46a22b\",o=document.getElementById(e);if(o){for(var n=o.offsetTop,d=o.offsetLeft,r=o.offsetWidth,a=o.offsetHeight;o.offsetParent;)o=o.offsetParent,n+=o.offsetTop,d+=o.offsetLeft;var i=(n<=window.pageYOffset+window.innerHeight&&d<window.pageXOffset+window.innerWidth&&n+a>window.pageYOffset&&d+r>window.pageXOffset);if(i&&etargetAllowOtherCheck){allowed=!1;var c=document.createElement(\"script\");return c.src=\"\/\/hu.search.etargetnet.com\/generic\/uni.php?g=ref:58661,area:700x210\",void(document.getElementById(t)&&document.getElementById(e)&&(document.getElementById(t).parentNode.appendChild(c),document.getElementById(t).parentNode.removeChild(document.getElementById(t)),document.getElementById(e).parentNode.removeChild(document.getElementById(e)),document.removeEventListener(\"scroll\",etargetPostloadFunction7a9b589f63cb072bef80df221f46a22b),document.removeEventListener(\"resize\",etargetPostloadFunction7a9b589f63cb072bef80df221f46a22b),document.removeEventListener(\"DOMContentLoaded\",etargetPostloadFunction7a9b589f63cb072bef80df221f46a22b)))}}}var etargetDivID=\"etargetPostload7a9b589f63cb072bef80df221f46a22b\",etargetScriptID=\"etargetScript7a9b589f63cb072bef80df221f46a22b\",etargetPostloadPoint=document.createElement(\"div\");etargetPostloadPoint.id=etargetDivID;var etargetCurScript=document.getElementById(etargetScriptID);etargetCurScript.parentNode.appendChild(etargetPostloadPoint),document.addEventListener(\"scroll\",etargetPostloadFunction7a9b589f63cb072bef80df221f46a22b),document.addEventListener(\"resize\",etargetPostloadFunction7a9b589f63cb072bef80df221f46a22b),document.addEventListener(\"DOMContentLoaded\",etargetPostloadFunction7a9b589f63cb072bef80df221f46a22b);var etargetAllowOtherCheck=!0;if(typeof(\"forceRunPostload\")==\"string\"){etargetPostloadFunction7a9b589f63cb072bef80df221f46a22b()}<\/script><\/div><div id=\"friss-468329096\" class=\"friss-after-content_2 friss-entity-placement\" style=\"clear: both;\"><div class=\"wprss_ajax\" data-id=\"rssdebbf75db1\"><img loading=\"lazy\" decoding=\"async\" src=\"https:\/\/friss-hirek.hu\/wp-content\/plugins\/wp-rss-retriever\/inc\/imgs\/ajax-loader.gif\" alt=\"Loading RSS Feed\" width=\"16\" height=\"16\"><\/div><\/div><br style=\"clear: both; display: block; float: none;\"\/><div id=\"friss-2199680732\" class=\"friss-after-content_3 friss-entity-placement\">https:\/\/www.youtube.com\/watch?v=Pdnw4KiUWp0<\/div>","protected":false},"excerpt":{"rendered":"<p>Varga Mih\u00e1ly kit\u00e9rt a forint \u00e1rfolyam\u00e1t befoly\u00e1sol\u00f3 legfontosabb t\u00e9nyez\u0151kre \u00e9s az \u00faj korm\u00e1ny gazdas\u00e1gpolitik\u00e1j\u00e1ra is. Mi t\u00f6rt\u00e9nt? Varga Mih\u00e1ly interj\u00fat adott a hvg.hu-nak, melyben az \u00faj magyar korm\u00e1nnyal v\u00e1rhat\u00f3 kapcsolat\u00e1r\u00f3l \u00e9s a Magyar Nemzeti Bank botr\u00e1ny\u00e1r\u00f3l is k\u00e9rdezt\u00e9k. A jegybankeln\u00f6k emellett a forinttal szembeni v\u00e1rakoz\u00e1saira is reflekt\u00e1lt, \u00fagy l\u00e1tja, a v\u00e1laszt\u00e1s \u00f3ta l\u00e1that\u00f3 er\u0151teljes forinter\u0151s\u00f6d\u00e9sre [&hellip;]<\/p>\n","protected":false},"author":1,"featured_media":0,"comment_status":"open","ping_status":"open","sticky":false,"template":"","format":"standard","meta":{"footnotes":""},"categories":[7],"tags":[],"class_list":["post-166194","post","type-post","status-publish","format-standard","hentry","category-uzlet"],"amp_enabled":true,"_links":{"self":[{"href":"https:\/\/friss-hirek.hu\/index.php\/wp-json\/wp\/v2\/posts\/166194","targetHints":{"allow":["GET"]}}],"collection":[{"href":"https:\/\/friss-hirek.hu\/index.php\/wp-json\/wp\/v2\/posts"}],"about":[{"href":"https:\/\/friss-hirek.hu\/index.php\/wp-json\/wp\/v2\/types\/post"}],"author":[{"embeddable":true,"href":"https:\/\/friss-hirek.hu\/index.php\/wp-json\/wp\/v2\/users\/1"}],"replies":[{"embeddable":true,"href":"https:\/\/friss-hirek.hu\/index.php\/wp-json\/wp\/v2\/comments?post=166194"}],"version-history":[{"count":0,"href":"https:\/\/friss-hirek.hu\/index.php\/wp-json\/wp\/v2\/posts\/166194\/revisions"}],"wp:attachment":[{"href":"https:\/\/friss-hirek.hu\/index.php\/wp-json\/wp\/v2\/media?parent=166194"}],"wp:term":[{"taxonomy":"category","embeddable":true,"href":"https:\/\/friss-hirek.hu\/index.php\/wp-json\/wp\/v2\/categories?post=166194"},{"taxonomy":"post_tag","embeddable":true,"href":"https:\/\/friss-hirek.hu\/index.php\/wp-json\/wp\/v2\/tags?post=166194"}],"curies":[{"name":"wp","href":"https:\/\/api.w.org\/{rel}","templated":true}]}}