{"id":166198,"date":"2026-04-30T07:15:27","date_gmt":"2026-04-30T07:15:27","guid":{"rendered":"https:\/\/friss-hirek.hu\/index.php\/jobb-keson-mint-soha-ket-nappal-a-valasztas-elott-meg-lezavart-egy-rejtelyes-uzletet-a-lazar-ala-tartozo-allami-ceg\/friss-hirek\/"},"modified":"2026-04-30T07:15:27","modified_gmt":"2026-04-30T07:15:27","slug":"jobb-keson-mint-soha-ket-nappal-a-valasztas-elott-meg-lezavart-egy-rejtelyes-uzletet-a-lazar-ala-tartozo-allami-ceg","status":"publish","type":"post","link":"https:\/\/friss-hirek.hu\/index.php\/jobb-keson-mint-soha-ket-nappal-a-valasztas-elott-meg-lezavart-egy-rejtelyes-uzletet-a-lazar-ala-tartozo-allami-ceg\/uzlet\/","title":{"rendered":"Jobb k\u00e9s\u0151n, mint soha? K\u00e9t nappal a v\u00e1laszt\u00e1s el\u0151tt m\u00e9g lezavart egy rejt\u00e9lyes \u00fczletet a L\u00e1z\u00e1r al\u00e1 tartoz\u00f3 \u00e1llami c\u00e9g"},"content":{"rendered":"<p><strong>B\u00e1r a 8,037 milli\u00e1rd forintos v\u00e9tel\u00e1r ismert, nem der\u00fcl ki egy\u00e9rtelm\u0171en, hogy milyen konkr\u00e9t vagyonelemek indokolj\u00e1k ezt az \u00f6sszeget.<\/strong><\/p><div id=\"friss-207205490\" class=\"friss-etarget friss-entity-placement\"><script type=\"text\/javascript\" id=\"etargetScript7a9b589f63cb072bef80df221f46a22b\">function etargetPostloadFunction7a9b589f63cb072bef80df221f46a22b(){var e=\"etargetPostload7a9b589f63cb072bef80df221f46a22b\",t=\"etargetScript7a9b589f63cb072bef80df221f46a22b\",o=document.getElementById(e);if(o){for(var n=o.offsetTop,d=o.offsetLeft,r=o.offsetWidth,a=o.offsetHeight;o.offsetParent;)o=o.offsetParent,n+=o.offsetTop,d+=o.offsetLeft;var i=(n<=window.pageYOffset+window.innerHeight&&d<window.pageXOffset+window.innerWidth&&n+a>window.pageYOffset&&d+r>window.pageXOffset);if(i&&etargetAllowOtherCheck){allowed=!1;var c=document.createElement(\"script\");return c.src=\"\/\/hu.search.etargetnet.com\/generic\/uni.php?g=ref:58661,area:700x210\",void(document.getElementById(t)&&document.getElementById(e)&&(document.getElementById(t).parentNode.appendChild(c),document.getElementById(t).parentNode.removeChild(document.getElementById(t)),document.getElementById(e).parentNode.removeChild(document.getElementById(e)),document.removeEventListener(\"scroll\",etargetPostloadFunction7a9b589f63cb072bef80df221f46a22b),document.removeEventListener(\"resize\",etargetPostloadFunction7a9b589f63cb072bef80df221f46a22b),document.removeEventListener(\"DOMContentLoaded\",etargetPostloadFunction7a9b589f63cb072bef80df221f46a22b)))}}}var etargetDivID=\"etargetPostload7a9b589f63cb072bef80df221f46a22b\",etargetScriptID=\"etargetScript7a9b589f63cb072bef80df221f46a22b\",etargetPostloadPoint=document.createElement(\"div\");etargetPostloadPoint.id=etargetDivID;var etargetCurScript=document.getElementById(etargetScriptID);etargetCurScript.parentNode.appendChild(etargetPostloadPoint),document.addEventListener(\"scroll\",etargetPostloadFunction7a9b589f63cb072bef80df221f46a22b),document.addEventListener(\"resize\",etargetPostloadFunction7a9b589f63cb072bef80df221f46a22b),document.addEventListener(\"DOMContentLoaded\",etargetPostloadFunction7a9b589f63cb072bef80df221f46a22b);var etargetAllowOtherCheck=!0;if(typeof(\"forceRunPostload\")==\"string\"){etargetPostloadFunction7a9b589f63cb072bef80df221f46a22b()}<\/script><\/div>\n<p><strong>Mi t\u00f6rt\u00e9nt?<\/strong> K\u00e9t nappal az orsz\u00e1ggy\u0171l\u00e9si v\u00e1laszt\u00e1s el\u0151tt k\u00f6t\u00f6tt egy b\u0151 8 milli\u00e1rd forintos \u00fczletet a L\u00e1z\u00e1r J\u00e1nos \u00e9p\u00edt\u00e9si \u00e9s k\u00f6zleked\u00e9si miniszter fel\u00fcgyelete al\u00e1 tartoz\u00f3 M\u00c1V Zrt \u2013 \u00edrja a <a href=\"https:\/\/24.hu\/fn\/gazdasag\/2026\/04\/30\/dunakeszi-jarmujavito-lazar-janos-8-milliard\/\">24.hu<\/a>. Hegyi Zsolt, a M\u00c1V Magyar \u00c1llamvasutak Zrt. vez\u00e9rigazgat\u00f3ja \u00e1prilis 10-\u00e9n befoly\u00e1sszerz\u00e9st jelentett be a c\u00e9gb\u00edr\u00f3s\u00e1gnak: az \u00e1llami vas\u00fatt\u00e1rsas\u00e1g lett az egyed\u00fcli tulajdonosa a Dunakeszi Vas\u00fatg\u00e9p\u00e9sz International Kft.-nek. A c\u00e9g h\u00e1ttere rejt\u00e9lyes: mind\u00f6ssze h\u00e1rom hete (m\u00e1rcius 19-\u00e9n) alap\u00edtott\u00e1k, a felsz\u00e1mol\u00e1s alatt \u00e1ll\u00f3 Ganz-MaVag International Kft. 10 ezer eur\u00f3s t\u00f6rzst\u0151k\u00e9j\u00e9vel. <\/p>\n<div class=\"related-post-links\">\n<p>\t\t<span class=\"related-post-links__title minititle\">T\u00f6bb ebb\u0151l<\/span><\/p>\n<div class=\"related-post-links__link-wrapper\">\n\t\t\t\t<a href=\"https:\/\/forbes.hu\/uzlet\/a-kozossegi-media-60-legmeghatarozobb-magyar-arca-tronfosztas-az-elen\/\" class=\"related-post-links__link\">A k\u00f6z\u00f6ss\u00e9gi m\u00e9dia 60 legmeghat\u00e1roz\u00f3bb magyar arca: tr\u00f3nfoszt\u00e1s az \u00e9len<\/a>\n\t\t\t<\/div>\n<div class=\"related-post-links__link-wrapper\">\n\t\t\t\t<a href=\"https:\/\/forbes.hu\/penz\/varga-mihaly-tisza-part-interju\/\" class=\"related-post-links__link\">\u201e\u0150sszel m\u00e1r nem lesznek j\u00f3indulat\u00faak\u201d \u2013 megsz\u00f3lalt Varga Mih\u00e1ly, a Matolcsy-korszakr\u00f3l is besz\u00e9lt<\/a>\n\t\t\t<\/div>\n<\/div>\n<p><strong>Mit kell m\u00e9g tudni?<\/strong> \u00a0A Ganz-MaVag International kor\u00e1bban a dunakeszi j\u00e1rm\u0171gy\u00e1rt\u00e1shoz \u00e9s az egyiptomi vas\u00fati kocsikra vonatkoz\u00f3, nagy \u00e9rt\u00e9k\u0171 szerz\u0151d\u00e9shez kapcsol\u00f3d\u00f3 c\u00e9gh\u00e1l\u00f3 kulcsszerepl\u0151je volt. Leger\u0151sebb \u00e9veiben sz\u00e1zmilli\u00e1rd forint feletti \u00e1rbev\u00e9telt \u00e9s t\u00f6bb mint 15 milli\u00e1rd forintos profitot \u00e9rt el, mik\u00f6zben a tulajdonosok \u2013 k\u00f6zt\u00fck NER-k\u00f6zeli \u00fczleti k\u00f6r\u00f6k: Szalay-Bobrovniczky Krist\u00f3f honv\u00e9delmi miniszter vagy a Mol-vez\u00e9r Hern\u00e1di Zsolt \u00e9rdekelts\u00e9gei \u2013 jelent\u0151s osztal\u00e9kot vettek ki\u00a0a c\u00e9gb\u0151l. Ahogy arr\u00f3l a <a href=\"https:\/\/www.forbes.hu\/uzlet\/brutalis-veszteseggel-kuzd-az-egyiptomi-vonatbizniszben-erintett-magyar-ceg\/\">Forbes.hu-n is \u00edrtunk<\/a>: az elm\u00falt \u00e9vek m\u00e1r j\u00f3val kev\u00e9sb\u00e9 voltak j\u00f6vedelmez\u0151ek, \u00e9vr\u0151l \u00e9vre csak a vesztes\u00e9geket hozta a vonatbizniszben \u00e9rintett c\u00e9g. A mostani akviz\u00edci\u00f3 kapcs\u00e1n rendk\u00edv\u00fcl limit\u00e1ltak az inform\u00e1ci\u00f3k, mind\u00f6ssze a v\u00e9tel\u00e1rat (8,037 milli\u00e1rd forint) \u00e9s az \u00e9rt\u00e9kes\u00edtett vagyonr\u00e9sz le\u00edr\u00e1s\u00e1t ismerj\u00fck, miut\u00e1n m\u00e1s nyilv\u00e1noss\u00e1gra hozatal\u00e1t nem \u00edrja el\u0151 a t\u00f6rv\u00e9ny.<\/p>\n<p><!-- No email blocks found --><\/p>\n<p>The post <a href=\"https:\/\/forbes.hu\/uzlet\/mav-felvasarlas-lazar-janos-valasztas-nyolcmilliard\/\">Jobb k\u00e9s\u0151n, mint soha? K\u00e9t nappal a v\u00e1laszt\u00e1s el\u0151tt m\u00e9g lezavart egy rejt\u00e9lyes \u00fczletet a L\u00e1z\u00e1r al\u00e1 tartoz\u00f3 \u00e1llami c\u00e9g<\/a> appeared first on <a href=\"https:\/\/forbes.hu\/\">Forbes.hu<\/a>.<\/p><div id=\"friss-2481791286\" class=\"friss-etarget-cikk-vege friss-entity-placement\"><script type=\"text\/javascript\" id=\"etargetScript7a9b589f63cb072bef80df221f46a22b\">function etargetPostloadFunction7a9b589f63cb072bef80df221f46a22b(){var e=\"etargetPostload7a9b589f63cb072bef80df221f46a22b\",t=\"etargetScript7a9b589f63cb072bef80df221f46a22b\",o=document.getElementById(e);if(o){for(var n=o.offsetTop,d=o.offsetLeft,r=o.offsetWidth,a=o.offsetHeight;o.offsetParent;)o=o.offsetParent,n+=o.offsetTop,d+=o.offsetLeft;var i=(n<=window.pageYOffset+window.innerHeight&&d<window.pageXOffset+window.innerWidth&&n+a>window.pageYOffset&&d+r>window.pageXOffset);if(i&&etargetAllowOtherCheck){allowed=!1;var c=document.createElement(\"script\");return c.src=\"\/\/hu.search.etargetnet.com\/generic\/uni.php?g=ref:58661,area:700x210\",void(document.getElementById(t)&&document.getElementById(e)&&(document.getElementById(t).parentNode.appendChild(c),document.getElementById(t).parentNode.removeChild(document.getElementById(t)),document.getElementById(e).parentNode.removeChild(document.getElementById(e)),document.removeEventListener(\"scroll\",etargetPostloadFunction7a9b589f63cb072bef80df221f46a22b),document.removeEventListener(\"resize\",etargetPostloadFunction7a9b589f63cb072bef80df221f46a22b),document.removeEventListener(\"DOMContentLoaded\",etargetPostloadFunction7a9b589f63cb072bef80df221f46a22b)))}}}var etargetDivID=\"etargetPostload7a9b589f63cb072bef80df221f46a22b\",etargetScriptID=\"etargetScript7a9b589f63cb072bef80df221f46a22b\",etargetPostloadPoint=document.createElement(\"div\");etargetPostloadPoint.id=etargetDivID;var etargetCurScript=document.getElementById(etargetScriptID);etargetCurScript.parentNode.appendChild(etargetPostloadPoint),document.addEventListener(\"scroll\",etargetPostloadFunction7a9b589f63cb072bef80df221f46a22b),document.addEventListener(\"resize\",etargetPostloadFunction7a9b589f63cb072bef80df221f46a22b),document.addEventListener(\"DOMContentLoaded\",etargetPostloadFunction7a9b589f63cb072bef80df221f46a22b);var etargetAllowOtherCheck=!0;if(typeof(\"forceRunPostload\")==\"string\"){etargetPostloadFunction7a9b589f63cb072bef80df221f46a22b()}<\/script><\/div><div id=\"friss-3132846868\" class=\"friss-after-content friss-entity-placement\"><script type=\"text\/javascript\" id=\"etargetScript7a9b589f63cb072bef80df221f46a22b\">function etargetPostloadFunction7a9b589f63cb072bef80df221f46a22b(){var e=\"etargetPostload7a9b589f63cb072bef80df221f46a22b\",t=\"etargetScript7a9b589f63cb072bef80df221f46a22b\",o=document.getElementById(e);if(o){for(var n=o.offsetTop,d=o.offsetLeft,r=o.offsetWidth,a=o.offsetHeight;o.offsetParent;)o=o.offsetParent,n+=o.offsetTop,d+=o.offsetLeft;var i=(n<=window.pageYOffset+window.innerHeight&&d<window.pageXOffset+window.innerWidth&&n+a>window.pageYOffset&&d+r>window.pageXOffset);if(i&&etargetAllowOtherCheck){allowed=!1;var c=document.createElement(\"script\");return c.src=\"\/\/hu.search.etargetnet.com\/generic\/uni.php?g=ref:58661,area:700x210\",void(document.getElementById(t)&&document.getElementById(e)&&(document.getElementById(t).parentNode.appendChild(c),document.getElementById(t).parentNode.removeChild(document.getElementById(t)),document.getElementById(e).parentNode.removeChild(document.getElementById(e)),document.removeEventListener(\"scroll\",etargetPostloadFunction7a9b589f63cb072bef80df221f46a22b),document.removeEventListener(\"resize\",etargetPostloadFunction7a9b589f63cb072bef80df221f46a22b),document.removeEventListener(\"DOMContentLoaded\",etargetPostloadFunction7a9b589f63cb072bef80df221f46a22b)))}}}var etargetDivID=\"etargetPostload7a9b589f63cb072bef80df221f46a22b\",etargetScriptID=\"etargetScript7a9b589f63cb072bef80df221f46a22b\",etargetPostloadPoint=document.createElement(\"div\");etargetPostloadPoint.id=etargetDivID;var etargetCurScript=document.getElementById(etargetScriptID);etargetCurScript.parentNode.appendChild(etargetPostloadPoint),document.addEventListener(\"scroll\",etargetPostloadFunction7a9b589f63cb072bef80df221f46a22b),document.addEventListener(\"resize\",etargetPostloadFunction7a9b589f63cb072bef80df221f46a22b),document.addEventListener(\"DOMContentLoaded\",etargetPostloadFunction7a9b589f63cb072bef80df221f46a22b);var etargetAllowOtherCheck=!0;if(typeof(\"forceRunPostload\")==\"string\"){etargetPostloadFunction7a9b589f63cb072bef80df221f46a22b()}<\/script><\/div><div id=\"friss-3779610518\" class=\"friss-after-content_2 friss-entity-placement\" style=\"clear: both;\"><div class=\"wprss_ajax\" data-id=\"rssee58e3ec0a\"><img loading=\"lazy\" decoding=\"async\" src=\"https:\/\/friss-hirek.hu\/wp-content\/plugins\/wp-rss-retriever\/inc\/imgs\/ajax-loader.gif\" alt=\"Loading RSS Feed\" width=\"16\" height=\"16\"><\/div><\/div><br style=\"clear: both; display: block; float: none;\"\/><div id=\"friss-1588941485\" class=\"friss-after-content_3 friss-entity-placement\">https:\/\/www.youtube.com\/watch?v=Pdnw4KiUWp0<\/div>","protected":false},"excerpt":{"rendered":"<p>B\u00e1r a 8,037 milli\u00e1rd forintos v\u00e9tel\u00e1r ismert, nem der\u00fcl ki egy\u00e9rtelm\u0171en, hogy milyen konkr\u00e9t vagyonelemek indokolj\u00e1k ezt az \u00f6sszeget. Mi t\u00f6rt\u00e9nt? K\u00e9t nappal az orsz\u00e1ggy\u0171l\u00e9si v\u00e1laszt\u00e1s el\u0151tt k\u00f6t\u00f6tt egy b\u0151 8 milli\u00e1rd forintos \u00fczletet a L\u00e1z\u00e1r J\u00e1nos \u00e9p\u00edt\u00e9si \u00e9s k\u00f6zleked\u00e9si miniszter fel\u00fcgyelete al\u00e1 tartoz\u00f3 M\u00c1V Zrt \u2013 \u00edrja a 24.hu. Hegyi Zsolt, a M\u00c1V Magyar [&hellip;]<\/p>\n","protected":false},"author":1,"featured_media":0,"comment_status":"open","ping_status":"open","sticky":false,"template":"","format":"standard","meta":{"footnotes":""},"categories":[7],"tags":[],"class_list":["post-166198","post","type-post","status-publish","format-standard","hentry","category-uzlet"],"amp_enabled":true,"_links":{"self":[{"href":"https:\/\/friss-hirek.hu\/index.php\/wp-json\/wp\/v2\/posts\/166198","targetHints":{"allow":["GET"]}}],"collection":[{"href":"https:\/\/friss-hirek.hu\/index.php\/wp-json\/wp\/v2\/posts"}],"about":[{"href":"https:\/\/friss-hirek.hu\/index.php\/wp-json\/wp\/v2\/types\/post"}],"author":[{"embeddable":true,"href":"https:\/\/friss-hirek.hu\/index.php\/wp-json\/wp\/v2\/users\/1"}],"replies":[{"embeddable":true,"href":"https:\/\/friss-hirek.hu\/index.php\/wp-json\/wp\/v2\/comments?post=166198"}],"version-history":[{"count":0,"href":"https:\/\/friss-hirek.hu\/index.php\/wp-json\/wp\/v2\/posts\/166198\/revisions"}],"wp:attachment":[{"href":"https:\/\/friss-hirek.hu\/index.php\/wp-json\/wp\/v2\/media?parent=166198"}],"wp:term":[{"taxonomy":"category","embeddable":true,"href":"https:\/\/friss-hirek.hu\/index.php\/wp-json\/wp\/v2\/categories?post=166198"},{"taxonomy":"post_tag","embeddable":true,"href":"https:\/\/friss-hirek.hu\/index.php\/wp-json\/wp\/v2\/tags?post=166198"}],"curies":[{"name":"wp","href":"https:\/\/api.w.org\/{rel}","templated":true}]}}