{"id":166199,"date":"2026-04-30T07:15:27","date_gmt":"2026-04-30T07:15:27","guid":{"rendered":"https:\/\/friss-hirek.hu\/index.php\/opus-zuhanas-megszolalt-az-egyik-leggazdagabb-magyar-szerinte-a-jelenseg-nem-gazdasagi-alapu\/friss-hirek\/"},"modified":"2026-04-30T07:15:27","modified_gmt":"2026-04-30T07:15:27","slug":"opus-zuhanas-megszolalt-az-egyik-leggazdagabb-magyar-szerinte-a-jelenseg-nem-gazdasagi-alapu","status":"publish","type":"post","link":"https:\/\/friss-hirek.hu\/index.php\/opus-zuhanas-megszolalt-az-egyik-leggazdagabb-magyar-szerinte-a-jelenseg-nem-gazdasagi-alapu\/uzlet\/","title":{"rendered":"Opus-zuhan\u00e1s: megsz\u00f3lalt az egyik leggazdagabb magyar, szerinte a jelens\u00e9g nem gazdas\u00e1gi alap\u00fa"},"content":{"rendered":"<p><strong>\u201eAz \u00e9letem nyitott k\u00f6nyv\u201d \u2013 mondta az Opus eln\u00f6ke, miut\u00e1n arr\u00f3l besz\u00e9lt: nem szokta se meger\u0151s\u00edteni, se c\u00e1folni gazdaglist\u00e1s becsl\u00e9s\u00fcnket.<\/strong><\/p><div id=\"friss-3477977885\" class=\"friss-etarget friss-entity-placement\"><script type=\"text\/javascript\" id=\"etargetScript7a9b589f63cb072bef80df221f46a22b\">function etargetPostloadFunction7a9b589f63cb072bef80df221f46a22b(){var e=\"etargetPostload7a9b589f63cb072bef80df221f46a22b\",t=\"etargetScript7a9b589f63cb072bef80df221f46a22b\",o=document.getElementById(e);if(o){for(var n=o.offsetTop,d=o.offsetLeft,r=o.offsetWidth,a=o.offsetHeight;o.offsetParent;)o=o.offsetParent,n+=o.offsetTop,d+=o.offsetLeft;var i=(n<=window.pageYOffset+window.innerHeight&&d<window.pageXOffset+window.innerWidth&&n+a>window.pageYOffset&&d+r>window.pageXOffset);if(i&&etargetAllowOtherCheck){allowed=!1;var c=document.createElement(\"script\");return c.src=\"\/\/hu.search.etargetnet.com\/generic\/uni.php?g=ref:58661,area:700x210\",void(document.getElementById(t)&&document.getElementById(e)&&(document.getElementById(t).parentNode.appendChild(c),document.getElementById(t).parentNode.removeChild(document.getElementById(t)),document.getElementById(e).parentNode.removeChild(document.getElementById(e)),document.removeEventListener(\"scroll\",etargetPostloadFunction7a9b589f63cb072bef80df221f46a22b),document.removeEventListener(\"resize\",etargetPostloadFunction7a9b589f63cb072bef80df221f46a22b),document.removeEventListener(\"DOMContentLoaded\",etargetPostloadFunction7a9b589f63cb072bef80df221f46a22b)))}}}var etargetDivID=\"etargetPostload7a9b589f63cb072bef80df221f46a22b\",etargetScriptID=\"etargetScript7a9b589f63cb072bef80df221f46a22b\",etargetPostloadPoint=document.createElement(\"div\");etargetPostloadPoint.id=etargetDivID;var etargetCurScript=document.getElementById(etargetScriptID);etargetCurScript.parentNode.appendChild(etargetPostloadPoint),document.addEventListener(\"scroll\",etargetPostloadFunction7a9b589f63cb072bef80df221f46a22b),document.addEventListener(\"resize\",etargetPostloadFunction7a9b589f63cb072bef80df221f46a22b),document.addEventListener(\"DOMContentLoaded\",etargetPostloadFunction7a9b589f63cb072bef80df221f46a22b);var etargetAllowOtherCheck=!0;if(typeof(\"forceRunPostload\")==\"string\"){etargetPostloadFunction7a9b589f63cb072bef80df221f46a22b()}<\/script><\/div>\n<p><strong>Mi t\u00f6rt\u00e9nt?<\/strong> Hossz\u00fa interj\u00fat adott a <a href=\"https:\/\/telex.hu\/gazdasag\/2026\/04\/30\/vida-jozsef-opus-global-tozsde-tv2-nemzeti-menesbirtok-mbh-bank-takarekbank-meszaros-lorinc-interju\">Telexnek<\/a> Vida J\u00f3zsef, az Opus Global Nyrt. eln\u00f6ke, a Forbes 2025-\u00f6s sz\u00e1m\u00edt\u00e1sai szerint a <a href=\"https:\/\/forbes.hu\/extra\/50-leggazdagabb-magyar-2025-26\/33-vida-jozsef\">33. leggazdagabb magyar.<\/a> Vida az Abraham Goldmann Bizalmi Vagyonkezel\u0151 Zrt. r\u00e9v\u00e9n birtokolja a korm\u00e1nyzati propagandacsatorna TV2-t, a G7 der\u00edtette ki, hogy M\u00e9sz\u00e1ros L\u0151rinc Talentis Groupja harmincmilli\u00e1rd forinthoz k\u00f6zeli vagyont adott \u00e1t tart\u00f3s vagyonkezel\u00e9sre a c\u00e9gnek \u2013 k\u00f6r\u00fclbel\u00fcl annyit, amennyi a lap szerint a TV2 v\u00e9tel\u00e1ra volt. Ez az\u00e9rt is aktu\u00e1lis, mert a h\u00e9t elej\u00e9n a leggazdagabb magyar (Vida J\u00f3zsef k\u00f6zeli bar\u00e1tja) a M\u00e9sz\u00e1ros Csoport nev\u00e9ben \u00edrt levelet Magyar P\u00e9ternek, melyben \u00fagy fogalmazott: <a href=\"https:\/\/www.forbes.hu\/hirek\/meszaros-magyar-peter-valasz-meghallgatas\/\">nem tervezik eladni a TV2-t.<\/a><\/p>\n<div class=\"related-post-links\">\n<p>\t\t<span class=\"related-post-links__title minititle\">T\u00f6bb ebb\u0151l<\/span><\/p>\n<div class=\"related-post-links__link-wrapper\">\n\t\t\t\t<a href=\"https:\/\/forbes.hu\/uzlet\/a-kozossegi-media-60-legmeghatarozobb-magyar-arca-tronfosztas-az-elen\/\" class=\"related-post-links__link\">A k\u00f6z\u00f6ss\u00e9gi m\u00e9dia 60 legmeghat\u00e1roz\u00f3bb magyar arca: tr\u00f3nfoszt\u00e1s az \u00e9len<\/a>\n\t\t\t<\/div>\n<div class=\"related-post-links__link-wrapper\">\n\t\t\t\t<a href=\"https:\/\/forbes.hu\/hirek\/meszaros-magyar-peter-valasz-meghallgatas\/\" class=\"related-post-links__link\">Magyar P\u00e9ter v\u00e1lasza M\u00e9sz\u00e1ros L\u0151rincnek: K\u00e9sz\u00fclj\u00f6n a sorra ker\u00fcl\u0151 meghallgat\u00e1sokra<\/a>\n\t\t\t<\/div>\n<\/div>\n<p><strong>Mit kell tudni?<\/strong> A hossz\u00fa interj\u00fa a <a href=\"https:\/\/telex.hu\/gazdasag\/2026\/04\/30\/vida-jozsef-opus-global-tozsde-tv2-nemzeti-menesbirtok-mbh-bank-takarekbank-meszaros-lorinc-interju\">Telexen<\/a> olvashat\u00f3, mi kigy\u0171jt\u00f6tt\u00fcnk n\u00e9h\u00e1ny fontos, vagy \u00e9ppen megh\u00f6kkent\u0151 \u00e1ll\u00edt\u00e1st:<\/p>\n<ul class=\"wp-block-list\">\n<li>b\u00e1r az \u00e9v eleje \u00f3ta 43 sz\u00e1zal\u00e9kot <a href=\"https:\/\/www.forbes.hu\/penz\/otp-ner-reszvenyek-valasztas\/\">esett <\/a>az Opus Global Nyrt pap\u00edrja, Vida szerint a korm\u00e1nyv\u00e1lt\u00e1snak nem lesz hossz\u00fat\u00e1v\u00fa hat\u00e1sa c\u00e9g\u00e9re. Szerinte az emberek \u00f6sszek\u00f6tnek bizonyos dolgokat, amelyek nem is kapcsol\u00f3dnak \u00f6ssze, \u00e9s ez ilyen kileng\u00e9seket okozhat. Ez nem racion\u00e1lis \u00e9s nem gazdas\u00e1gi alap\u00fa d\u00f6nt\u00e9s volt, hanem emocion\u00e1lis.<\/li>\n<li>Vida szerint \u00e9p\u00edt\u0151ipari c\u00e9geik a leggazdagabb magyarral a piacb\u00f3l \u00e9lnek. Arra a k\u00e9rd\u00e9sre, hogy Magyar P\u00e9ter minisztereln\u00f6kk\u00e9nt ugyan\u00fagy adja-e majd a megb\u00edz\u00e1sokat M\u00e9sz\u00e1ros L\u0151rincnek, azt v\u00e1laszolta: \u201eMi\u00e9rt, majd a j\u00f6v\u0151ben kiz\u00e1rj\u00e1k azokat, akik kor\u00e1bban m\u00e1r nyertek \u00e9s am\u00fagy vannak m\u00e9rn\u00f6keik, dolgoz\u00f3ik, kapacit\u00e1saik?\u201d<\/li>\n<li>Vagyon\u00e1ra reflekt\u00e1lva arr\u00f3l besz\u00e9lt, \u00e9lete nyitott k\u00f6nyv, annak ellen\u00e9re, hogy a Forbes <a href=\"https:\/\/forbes.hu\/extra\/50-leggazdagabb-magyar-2025-26\/1-meszaros-lorinc\/\">gazdaglist\u00e1s<\/a> becsl\u00e9s\u00e9t sem meger\u0151s\u00edteni, sem c\u00e1folni\u00a0nem szokta. \u201eAzt szoktam mondani, hogy a teljes\u00edtm\u00e9ny marad, minden m\u00e1s elt\u0171nik. Szer\u00e9ny vagyok, most is az\u00e9rt k\u00e9stem, mert nem sof\u0151rrel j\u00e1rok.\u201d<\/li>\n<li>M\u00e9sz\u00e1ros L\u0151rincr\u0151l: \u201eFelk\u00e9sz\u00fclt szakember. Amiket \u00e1ll\u00edtanak r\u00f3la a sajt\u00f3ban, vagy akik ki akarj\u00e1k karik\u00edrozni, rossz \u00faton j\u00e1rnak, okos emberr\u0151l van sz\u00f3. Nem az \u00e9n dolgom dics\u00e9rni, de meg\u00e9rdemli n\u00e9ha.\u201d<\/li>\n<li>A <em>luxiz\u00e1s<\/em> jelens\u00e9gr\u0151l: \u201eKinek mi a luxus, az relat\u00edv. Mil\u00e1n\u00f3ban, P\u00e1rizsban, New Yorkban m\u00e1s a szint. Ha valakinek luxus kell \u00e9s megtermelte r\u00e1 a forr\u00e1st, tegye! \u00c9n m\u00e1sk\u00e9ppen \u00e9lek.\u201d<\/li>\n<li>Vida J\u00f3zsef a TV2-r\u0151l is besz\u00e9lt. Vaszily Mikl\u00f3st felk\u00e9sz\u00fclt embernek tartja, aki j\u00f3l vezeti a csoportot, \u00e9s olyan emberekkel vette mag\u00e1t k\u00f6rbe, akik ezen a piacon elismertek. Az \u00e9vek sor\u00e1n egy olyan saj\u00e1t gy\u00e1rt\u00e1s\u00fa m\u0171sor ment a csatorn\u00e1n, ami nem tetszett neki. \u00c1ll\u00edt\u00e1sa szerint \u0151 nem k\u00e9rte, hogy a csatorna besz\u00e9l\u0151 fejei a Fideszre szavaz\u00e1sra buzd\u00edtsanak.<\/li>\n<\/ul>\n<p><!-- No email blocks found --><\/p>\n<p>The post <a href=\"https:\/\/forbes.hu\/uzlet\/vida-jozsef-interju-meszaros-lorinc-tisza\/\">Opus-zuhan\u00e1s: megsz\u00f3lalt az egyik leggazdagabb magyar, szerinte a jelens\u00e9g nem gazdas\u00e1gi alap\u00fa<\/a> appeared first on <a href=\"https:\/\/forbes.hu\/\">Forbes.hu<\/a>.<\/p><div id=\"friss-3175745938\" class=\"friss-etarget-cikk-vege friss-entity-placement\"><script type=\"text\/javascript\" id=\"etargetScript7a9b589f63cb072bef80df221f46a22b\">function etargetPostloadFunction7a9b589f63cb072bef80df221f46a22b(){var e=\"etargetPostload7a9b589f63cb072bef80df221f46a22b\",t=\"etargetScript7a9b589f63cb072bef80df221f46a22b\",o=document.getElementById(e);if(o){for(var n=o.offsetTop,d=o.offsetLeft,r=o.offsetWidth,a=o.offsetHeight;o.offsetParent;)o=o.offsetParent,n+=o.offsetTop,d+=o.offsetLeft;var i=(n<=window.pageYOffset+window.innerHeight&&d<window.pageXOffset+window.innerWidth&&n+a>window.pageYOffset&&d+r>window.pageXOffset);if(i&&etargetAllowOtherCheck){allowed=!1;var c=document.createElement(\"script\");return c.src=\"\/\/hu.search.etargetnet.com\/generic\/uni.php?g=ref:58661,area:700x210\",void(document.getElementById(t)&&document.getElementById(e)&&(document.getElementById(t).parentNode.appendChild(c),document.getElementById(t).parentNode.removeChild(document.getElementById(t)),document.getElementById(e).parentNode.removeChild(document.getElementById(e)),document.removeEventListener(\"scroll\",etargetPostloadFunction7a9b589f63cb072bef80df221f46a22b),document.removeEventListener(\"resize\",etargetPostloadFunction7a9b589f63cb072bef80df221f46a22b),document.removeEventListener(\"DOMContentLoaded\",etargetPostloadFunction7a9b589f63cb072bef80df221f46a22b)))}}}var etargetDivID=\"etargetPostload7a9b589f63cb072bef80df221f46a22b\",etargetScriptID=\"etargetScript7a9b589f63cb072bef80df221f46a22b\",etargetPostloadPoint=document.createElement(\"div\");etargetPostloadPoint.id=etargetDivID;var etargetCurScript=document.getElementById(etargetScriptID);etargetCurScript.parentNode.appendChild(etargetPostloadPoint),document.addEventListener(\"scroll\",etargetPostloadFunction7a9b589f63cb072bef80df221f46a22b),document.addEventListener(\"resize\",etargetPostloadFunction7a9b589f63cb072bef80df221f46a22b),document.addEventListener(\"DOMContentLoaded\",etargetPostloadFunction7a9b589f63cb072bef80df221f46a22b);var etargetAllowOtherCheck=!0;if(typeof(\"forceRunPostload\")==\"string\"){etargetPostloadFunction7a9b589f63cb072bef80df221f46a22b()}<\/script><\/div><div id=\"friss-2341218424\" class=\"friss-after-content friss-entity-placement\"><script type=\"text\/javascript\" id=\"etargetScript7a9b589f63cb072bef80df221f46a22b\">function etargetPostloadFunction7a9b589f63cb072bef80df221f46a22b(){var e=\"etargetPostload7a9b589f63cb072bef80df221f46a22b\",t=\"etargetScript7a9b589f63cb072bef80df221f46a22b\",o=document.getElementById(e);if(o){for(var n=o.offsetTop,d=o.offsetLeft,r=o.offsetWidth,a=o.offsetHeight;o.offsetParent;)o=o.offsetParent,n+=o.offsetTop,d+=o.offsetLeft;var i=(n<=window.pageYOffset+window.innerHeight&&d<window.pageXOffset+window.innerWidth&&n+a>window.pageYOffset&&d+r>window.pageXOffset);if(i&&etargetAllowOtherCheck){allowed=!1;var c=document.createElement(\"script\");return c.src=\"\/\/hu.search.etargetnet.com\/generic\/uni.php?g=ref:58661,area:700x210\",void(document.getElementById(t)&&document.getElementById(e)&&(document.getElementById(t).parentNode.appendChild(c),document.getElementById(t).parentNode.removeChild(document.getElementById(t)),document.getElementById(e).parentNode.removeChild(document.getElementById(e)),document.removeEventListener(\"scroll\",etargetPostloadFunction7a9b589f63cb072bef80df221f46a22b),document.removeEventListener(\"resize\",etargetPostloadFunction7a9b589f63cb072bef80df221f46a22b),document.removeEventListener(\"DOMContentLoaded\",etargetPostloadFunction7a9b589f63cb072bef80df221f46a22b)))}}}var etargetDivID=\"etargetPostload7a9b589f63cb072bef80df221f46a22b\",etargetScriptID=\"etargetScript7a9b589f63cb072bef80df221f46a22b\",etargetPostloadPoint=document.createElement(\"div\");etargetPostloadPoint.id=etargetDivID;var etargetCurScript=document.getElementById(etargetScriptID);etargetCurScript.parentNode.appendChild(etargetPostloadPoint),document.addEventListener(\"scroll\",etargetPostloadFunction7a9b589f63cb072bef80df221f46a22b),document.addEventListener(\"resize\",etargetPostloadFunction7a9b589f63cb072bef80df221f46a22b),document.addEventListener(\"DOMContentLoaded\",etargetPostloadFunction7a9b589f63cb072bef80df221f46a22b);var etargetAllowOtherCheck=!0;if(typeof(\"forceRunPostload\")==\"string\"){etargetPostloadFunction7a9b589f63cb072bef80df221f46a22b()}<\/script><\/div><div id=\"friss-313293464\" class=\"friss-after-content_2 friss-entity-placement\" style=\"clear: both;\"><div class=\"wprss_ajax\" data-id=\"rss844410af46\"><img loading=\"lazy\" decoding=\"async\" src=\"https:\/\/friss-hirek.hu\/wp-content\/plugins\/wp-rss-retriever\/inc\/imgs\/ajax-loader.gif\" alt=\"Loading RSS Feed\" width=\"16\" height=\"16\"><\/div><\/div><br style=\"clear: both; display: block; float: none;\"\/><div id=\"friss-4194757962\" class=\"friss-after-content_3 friss-entity-placement\">https:\/\/www.youtube.com\/watch?v=Pdnw4KiUWp0<\/div>","protected":false},"excerpt":{"rendered":"<p>\u201eAz \u00e9letem nyitott k\u00f6nyv\u201d \u2013 mondta az Opus eln\u00f6ke, miut\u00e1n arr\u00f3l besz\u00e9lt: nem szokta se meger\u0151s\u00edteni, se c\u00e1folni gazdaglist\u00e1s becsl\u00e9s\u00fcnket. Mi t\u00f6rt\u00e9nt? Hossz\u00fa interj\u00fat adott a Telexnek Vida J\u00f3zsef, az Opus Global Nyrt. eln\u00f6ke, a Forbes 2025-\u00f6s sz\u00e1m\u00edt\u00e1sai szerint a 33. leggazdagabb magyar. Vida az Abraham Goldmann Bizalmi Vagyonkezel\u0151 Zrt. r\u00e9v\u00e9n birtokolja a korm\u00e1nyzati propagandacsatorna [&hellip;]<\/p>\n","protected":false},"author":1,"featured_media":0,"comment_status":"open","ping_status":"open","sticky":false,"template":"","format":"standard","meta":{"footnotes":""},"categories":[7],"tags":[],"class_list":["post-166199","post","type-post","status-publish","format-standard","hentry","category-uzlet"],"amp_enabled":true,"_links":{"self":[{"href":"https:\/\/friss-hirek.hu\/index.php\/wp-json\/wp\/v2\/posts\/166199","targetHints":{"allow":["GET"]}}],"collection":[{"href":"https:\/\/friss-hirek.hu\/index.php\/wp-json\/wp\/v2\/posts"}],"about":[{"href":"https:\/\/friss-hirek.hu\/index.php\/wp-json\/wp\/v2\/types\/post"}],"author":[{"embeddable":true,"href":"https:\/\/friss-hirek.hu\/index.php\/wp-json\/wp\/v2\/users\/1"}],"replies":[{"embeddable":true,"href":"https:\/\/friss-hirek.hu\/index.php\/wp-json\/wp\/v2\/comments?post=166199"}],"version-history":[{"count":0,"href":"https:\/\/friss-hirek.hu\/index.php\/wp-json\/wp\/v2\/posts\/166199\/revisions"}],"wp:attachment":[{"href":"https:\/\/friss-hirek.hu\/index.php\/wp-json\/wp\/v2\/media?parent=166199"}],"wp:term":[{"taxonomy":"category","embeddable":true,"href":"https:\/\/friss-hirek.hu\/index.php\/wp-json\/wp\/v2\/categories?post=166199"},{"taxonomy":"post_tag","embeddable":true,"href":"https:\/\/friss-hirek.hu\/index.php\/wp-json\/wp\/v2\/tags?post=166199"}],"curies":[{"name":"wp","href":"https:\/\/api.w.org\/{rel}","templated":true}]}}