{"id":166201,"date":"2026-04-30T08:16:30","date_gmt":"2026-04-30T08:16:30","guid":{"rendered":"https:\/\/friss-hirek.hu\/index.php\/hangnemvaltas-az-mcc-nel-hatott-az-osztalekfizetes-elhalasztasa\/friss-hirek\/"},"modified":"2026-04-30T08:16:30","modified_gmt":"2026-04-30T08:16:30","slug":"hangnemvaltas-az-mcc-nel-hatott-az-osztalekfizetes-elhalasztasa","status":"publish","type":"post","link":"https:\/\/friss-hirek.hu\/index.php\/hangnemvaltas-az-mcc-nel-hatott-az-osztalekfizetes-elhalasztasa\/uzlet\/","title":{"rendered":"Hangnemv\u00e1lt\u00e1s az MCC-n\u00e9l: hatott az osztal\u00e9kfizet\u00e9s elhalaszt\u00e1sa?"},"content":{"rendered":"<p><strong>Az MCC szerint a tehets\u00e9ggondoz\u00e1s \u201ek\u00f6z\u00f6s nemzeti \u00e9rdek, amely hossz\u00fa t\u00e1von meghat\u00e1rozza Magyarorsz\u00e1g szellemi \u00e9s gazdas\u00e1gi j\u00f6v\u0151j\u00e9t\u201d.<\/strong><\/p><div id=\"friss-1872704346\" class=\"friss-etarget friss-entity-placement\"><script type=\"text\/javascript\" id=\"etargetScript7a9b589f63cb072bef80df221f46a22b\">function etargetPostloadFunction7a9b589f63cb072bef80df221f46a22b(){var e=\"etargetPostload7a9b589f63cb072bef80df221f46a22b\",t=\"etargetScript7a9b589f63cb072bef80df221f46a22b\",o=document.getElementById(e);if(o){for(var n=o.offsetTop,d=o.offsetLeft,r=o.offsetWidth,a=o.offsetHeight;o.offsetParent;)o=o.offsetParent,n+=o.offsetTop,d+=o.offsetLeft;var i=(n<=window.pageYOffset+window.innerHeight&&d<window.pageXOffset+window.innerWidth&&n+a>window.pageYOffset&&d+r>window.pageXOffset);if(i&&etargetAllowOtherCheck){allowed=!1;var c=document.createElement(\"script\");return c.src=\"\/\/hu.search.etargetnet.com\/generic\/uni.php?g=ref:58661,area:700x210\",void(document.getElementById(t)&&document.getElementById(e)&&(document.getElementById(t).parentNode.appendChild(c),document.getElementById(t).parentNode.removeChild(document.getElementById(t)),document.getElementById(e).parentNode.removeChild(document.getElementById(e)),document.removeEventListener(\"scroll\",etargetPostloadFunction7a9b589f63cb072bef80df221f46a22b),document.removeEventListener(\"resize\",etargetPostloadFunction7a9b589f63cb072bef80df221f46a22b),document.removeEventListener(\"DOMContentLoaded\",etargetPostloadFunction7a9b589f63cb072bef80df221f46a22b)))}}}var etargetDivID=\"etargetPostload7a9b589f63cb072bef80df221f46a22b\",etargetScriptID=\"etargetScript7a9b589f63cb072bef80df221f46a22b\",etargetPostloadPoint=document.createElement(\"div\");etargetPostloadPoint.id=etargetDivID;var etargetCurScript=document.getElementById(etargetScriptID);etargetCurScript.parentNode.appendChild(etargetPostloadPoint),document.addEventListener(\"scroll\",etargetPostloadFunction7a9b589f63cb072bef80df221f46a22b),document.addEventListener(\"resize\",etargetPostloadFunction7a9b589f63cb072bef80df221f46a22b),document.addEventListener(\"DOMContentLoaded\",etargetPostloadFunction7a9b589f63cb072bef80df221f46a22b);var etargetAllowOtherCheck=!0;if(typeof(\"forceRunPostload\")==\"string\"){etargetPostloadFunction7a9b589f63cb072bef80df221f46a22b()}<\/script><\/div>\n<p><strong>Mi t\u00f6rt\u00e9nt?<\/strong> B\u00e9k\u00fcl\u00e9keny hangv\u00e9tel\u0171 k\u00f6zlem\u00e9nyt adott ki a Mathias Corvinus Collegium (MCC), azok ut\u00e1n, hogy Szalai Zolt\u00e1n f\u0151igazgat\u00f3 n\u00e9h\u00e1ny hete z\u00e1rt \u00e1llom\u00e1nygy\u0171l\u00e9sen nyugtatta a k\u00f6zp\u00e9nzzel kit\u00f6m\u00f6tt szervezet munkav\u00e1llal\u00f3it: minden marad a r\u00e9giben, m\u00e9g ha l\u00e1tj\u00e1k is a t\u00f6rekv\u00e9seket, hogy \u201et\u00f6nkretegy\u00e9k az MCC-t.\u201d A Tisza P\u00e1rt gy\u0151zelme ut\u00e1n Magyar P\u00e9ter elmondta: megsz\u00fcntetn\u00e9k az <a href=\"https:\/\/www.forbes.hu\/uzlet\/milliardok-allam-mcc-mol-allam-tisza-reszveny-penz-alapitvany\/\">MCC \u00e1llami t\u00e1mogat\u00e1s\u00e1t,<\/a> \u00e9s visszaszerezn\u00e9k az int\u00e9zm\u00e9nyhez juttatott vagyont. A Tisza eln\u00f6ke t\u00f6bbek k\u00f6z\u00f6tt a <a href=\"https:\/\/www.forbes.hu\/uzlet\/hernadi-zsolt-magyar-peter-talalkozo-kormany\/\">Mollal<\/a> \u00e9s a <a href=\"https:\/\/www.forbes.hu\/penz\/osztalekfizetes-mcc-richter-mol-reszveny-magyar-peter-tisza\/\">Richterrel<\/a> is t\u00e1rgyalt m\u00e1r az osztal\u00e9kfizet\u00e9s elhalaszt\u00e1s\u00e1val kapcsolatban, az MCC ugyanis mindk\u00e9t c\u00e9gben rendelkezik r\u00e9szesed\u00e9ssel.<\/p>\n<div class=\"related-post-links\">\n<p>\t\t<span class=\"related-post-links__title minititle\">T\u00f6bb ebb\u0151l<\/span><\/p>\n<div class=\"related-post-links__link-wrapper\">\n\t\t\t\t<a href=\"https:\/\/forbes.hu\/uzlet\/a-kozossegi-media-60-legmeghatarozobb-magyar-arca-tronfosztas-az-elen\/\" class=\"related-post-links__link\">A k\u00f6z\u00f6ss\u00e9gi m\u00e9dia 60 legmeghat\u00e1roz\u00f3bb magyar arca: tr\u00f3nfoszt\u00e1s az \u00e9len<\/a>\n\t\t\t<\/div>\n<div class=\"related-post-links__link-wrapper\">\n\t\t\t\t<a href=\"https:\/\/forbes.hu\/uzlet\/pamkutya-osbath-testverek-ketmilliardos-buli\/\" class=\"related-post-links__link\">Kuty\u00e1s vide\u00f3kb\u00f3l k\u00e9tmilli\u00e1rdos koncert: a Pamkutya maratoni \u00fatja az influenszerpiac cs\u00facs\u00e1ra<\/a>\n\t\t\t<\/div>\n<\/div>\n<p><strong>Mit kell m\u00e9g tudni?<\/strong> Az MCC szerkeszt\u0151s\u00e9g\u00fcnkh\u00f6z is eljuttatott k\u00f6zlem\u00e9ny\u00e9ben t\u00f6bbek k\u00f6z\u00f6tt azt \u00edrta: a napokban meg\u00e1llapodtak a Richterrel az osztal\u00e9kkifizet\u00e9s elhalaszt\u00e1s\u00e1r\u00f3l.\u00a0\u201eFigyelemmel k\u00eds\u00e9rj\u00fck az \u00faj Orsz\u00e1ggy\u0171l\u00e9s \u00e1ltal meghozott d\u00f6nt\u00e9seket, \u00e9s a j\u00f6v\u0151ben is mindenben a jogszab\u00e1lyoknak megfelel\u0151en j\u00e1runk el\u201d \u2013 tett\u00e9k hozz\u00e1. A szakkoll\u00e9gium hosszasan ecsetelte, hogy az oktat\u00e1s \u00e9s a tehets\u00e9ggondoz\u00e1s \u201ek\u00f6z\u00f6s nemzeti \u00e9rdek, amely hossz\u00fa t\u00e1von meghat\u00e1rozza Magyarorsz\u00e1g szellemi \u00e9s gazdas\u00e1gi j\u00f6v\u0151j\u00e9t.\u201d A leg\u00e9rdekesebb r\u00e9sz azonban a k\u00f6zlem\u00e9ny v\u00e9g\u00e9n tal\u00e1lhat\u00f3:<\/p>\n<blockquote class=\"wp-block-quote is-layout-flow wp-block-quote-is-layout-flow\">\n<p>\u201eInt\u00e9zm\u00e9ny\u00fcnk az elm\u00falt \u00e9vekben, k\u00f6zfeladatot ell\u00e1t\u00f3 oktat\u00e1si \u00e9s tehets\u00e9ggondoz\u00e1si tev\u00e9kenys\u00e9g\u00e9hez kapcsol\u00f3d\u00f3an, jelent\u0151s vagyonjuttat\u00e1sban r\u00e9szes\u00fclt. Amennyiben a mindenkori Orsz\u00e1ggy\u0171l\u00e9s a forr\u00e1sok felhaszn\u00e1l\u00e1s\u00e1val kapcsolatban v\u00e1ltoztat\u00e1sokat tart indokoltnak, az\u00a0MCC\u00a0k\u00e9sz az egy\u00fcttm\u0171k\u00f6d\u00e9sre \u00e9s a sz\u00fcks\u00e9ges egyeztet\u00e9sek lefolytat\u00e1s\u00e1ra.\u201d<\/p>\n<\/blockquote>\n<p><!-- No email blocks found --><\/p>\n<p>The post <a href=\"https:\/\/forbes.hu\/uzlet\/mathias-corvinus-collegium-finanszirozas-kormanyvaltas\/\">Hangnemv\u00e1lt\u00e1s az MCC-n\u00e9l: hatott az osztal\u00e9kfizet\u00e9s elhalaszt\u00e1sa?<\/a> appeared first on <a href=\"https:\/\/forbes.hu\/\">Forbes.hu<\/a>.<\/p><div id=\"friss-1772115427\" class=\"friss-etarget-cikk-vege friss-entity-placement\"><script type=\"text\/javascript\" id=\"etargetScript7a9b589f63cb072bef80df221f46a22b\">function etargetPostloadFunction7a9b589f63cb072bef80df221f46a22b(){var e=\"etargetPostload7a9b589f63cb072bef80df221f46a22b\",t=\"etargetScript7a9b589f63cb072bef80df221f46a22b\",o=document.getElementById(e);if(o){for(var n=o.offsetTop,d=o.offsetLeft,r=o.offsetWidth,a=o.offsetHeight;o.offsetParent;)o=o.offsetParent,n+=o.offsetTop,d+=o.offsetLeft;var i=(n<=window.pageYOffset+window.innerHeight&&d<window.pageXOffset+window.innerWidth&&n+a>window.pageYOffset&&d+r>window.pageXOffset);if(i&&etargetAllowOtherCheck){allowed=!1;var c=document.createElement(\"script\");return c.src=\"\/\/hu.search.etargetnet.com\/generic\/uni.php?g=ref:58661,area:700x210\",void(document.getElementById(t)&&document.getElementById(e)&&(document.getElementById(t).parentNode.appendChild(c),document.getElementById(t).parentNode.removeChild(document.getElementById(t)),document.getElementById(e).parentNode.removeChild(document.getElementById(e)),document.removeEventListener(\"scroll\",etargetPostloadFunction7a9b589f63cb072bef80df221f46a22b),document.removeEventListener(\"resize\",etargetPostloadFunction7a9b589f63cb072bef80df221f46a22b),document.removeEventListener(\"DOMContentLoaded\",etargetPostloadFunction7a9b589f63cb072bef80df221f46a22b)))}}}var etargetDivID=\"etargetPostload7a9b589f63cb072bef80df221f46a22b\",etargetScriptID=\"etargetScript7a9b589f63cb072bef80df221f46a22b\",etargetPostloadPoint=document.createElement(\"div\");etargetPostloadPoint.id=etargetDivID;var etargetCurScript=document.getElementById(etargetScriptID);etargetCurScript.parentNode.appendChild(etargetPostloadPoint),document.addEventListener(\"scroll\",etargetPostloadFunction7a9b589f63cb072bef80df221f46a22b),document.addEventListener(\"resize\",etargetPostloadFunction7a9b589f63cb072bef80df221f46a22b),document.addEventListener(\"DOMContentLoaded\",etargetPostloadFunction7a9b589f63cb072bef80df221f46a22b);var etargetAllowOtherCheck=!0;if(typeof(\"forceRunPostload\")==\"string\"){etargetPostloadFunction7a9b589f63cb072bef80df221f46a22b()}<\/script><\/div><div id=\"friss-2214637349\" class=\"friss-after-content friss-entity-placement\"><script type=\"text\/javascript\" id=\"etargetScript7a9b589f63cb072bef80df221f46a22b\">function etargetPostloadFunction7a9b589f63cb072bef80df221f46a22b(){var e=\"etargetPostload7a9b589f63cb072bef80df221f46a22b\",t=\"etargetScript7a9b589f63cb072bef80df221f46a22b\",o=document.getElementById(e);if(o){for(var n=o.offsetTop,d=o.offsetLeft,r=o.offsetWidth,a=o.offsetHeight;o.offsetParent;)o=o.offsetParent,n+=o.offsetTop,d+=o.offsetLeft;var i=(n<=window.pageYOffset+window.innerHeight&&d<window.pageXOffset+window.innerWidth&&n+a>window.pageYOffset&&d+r>window.pageXOffset);if(i&&etargetAllowOtherCheck){allowed=!1;var c=document.createElement(\"script\");return c.src=\"\/\/hu.search.etargetnet.com\/generic\/uni.php?g=ref:58661,area:700x210\",void(document.getElementById(t)&&document.getElementById(e)&&(document.getElementById(t).parentNode.appendChild(c),document.getElementById(t).parentNode.removeChild(document.getElementById(t)),document.getElementById(e).parentNode.removeChild(document.getElementById(e)),document.removeEventListener(\"scroll\",etargetPostloadFunction7a9b589f63cb072bef80df221f46a22b),document.removeEventListener(\"resize\",etargetPostloadFunction7a9b589f63cb072bef80df221f46a22b),document.removeEventListener(\"DOMContentLoaded\",etargetPostloadFunction7a9b589f63cb072bef80df221f46a22b)))}}}var etargetDivID=\"etargetPostload7a9b589f63cb072bef80df221f46a22b\",etargetScriptID=\"etargetScript7a9b589f63cb072bef80df221f46a22b\",etargetPostloadPoint=document.createElement(\"div\");etargetPostloadPoint.id=etargetDivID;var etargetCurScript=document.getElementById(etargetScriptID);etargetCurScript.parentNode.appendChild(etargetPostloadPoint),document.addEventListener(\"scroll\",etargetPostloadFunction7a9b589f63cb072bef80df221f46a22b),document.addEventListener(\"resize\",etargetPostloadFunction7a9b589f63cb072bef80df221f46a22b),document.addEventListener(\"DOMContentLoaded\",etargetPostloadFunction7a9b589f63cb072bef80df221f46a22b);var etargetAllowOtherCheck=!0;if(typeof(\"forceRunPostload\")==\"string\"){etargetPostloadFunction7a9b589f63cb072bef80df221f46a22b()}<\/script><\/div><div id=\"friss-1469553653\" class=\"friss-after-content_2 friss-entity-placement\" style=\"clear: both;\"><div class=\"wprss_ajax\" data-id=\"rss5a0ee513c6\"><img loading=\"lazy\" decoding=\"async\" src=\"https:\/\/friss-hirek.hu\/wp-content\/plugins\/wp-rss-retriever\/inc\/imgs\/ajax-loader.gif\" alt=\"Loading RSS Feed\" width=\"16\" height=\"16\"><\/div><\/div><br style=\"clear: both; display: block; float: none;\"\/><div id=\"friss-4061888419\" class=\"friss-after-content_3 friss-entity-placement\">https:\/\/www.youtube.com\/watch?v=Pdnw4KiUWp0<\/div>","protected":false},"excerpt":{"rendered":"<p>Az MCC szerint a tehets\u00e9ggondoz\u00e1s \u201ek\u00f6z\u00f6s nemzeti \u00e9rdek, amely hossz\u00fa t\u00e1von meghat\u00e1rozza Magyarorsz\u00e1g szellemi \u00e9s gazdas\u00e1gi j\u00f6v\u0151j\u00e9t\u201d. Mi t\u00f6rt\u00e9nt? B\u00e9k\u00fcl\u00e9keny hangv\u00e9tel\u0171 k\u00f6zlem\u00e9nyt adott ki a Mathias Corvinus Collegium (MCC), azok ut\u00e1n, hogy Szalai Zolt\u00e1n f\u0151igazgat\u00f3 n\u00e9h\u00e1ny hete z\u00e1rt \u00e1llom\u00e1nygy\u0171l\u00e9sen nyugtatta a k\u00f6zp\u00e9nzzel kit\u00f6m\u00f6tt szervezet munkav\u00e1llal\u00f3it: minden marad a r\u00e9giben, m\u00e9g ha l\u00e1tj\u00e1k is a t\u00f6rekv\u00e9seket, [&hellip;]<\/p>\n","protected":false},"author":1,"featured_media":0,"comment_status":"open","ping_status":"open","sticky":false,"template":"","format":"standard","meta":{"footnotes":""},"categories":[7],"tags":[],"class_list":["post-166201","post","type-post","status-publish","format-standard","hentry","category-uzlet"],"amp_enabled":true,"_links":{"self":[{"href":"https:\/\/friss-hirek.hu\/index.php\/wp-json\/wp\/v2\/posts\/166201","targetHints":{"allow":["GET"]}}],"collection":[{"href":"https:\/\/friss-hirek.hu\/index.php\/wp-json\/wp\/v2\/posts"}],"about":[{"href":"https:\/\/friss-hirek.hu\/index.php\/wp-json\/wp\/v2\/types\/post"}],"author":[{"embeddable":true,"href":"https:\/\/friss-hirek.hu\/index.php\/wp-json\/wp\/v2\/users\/1"}],"replies":[{"embeddable":true,"href":"https:\/\/friss-hirek.hu\/index.php\/wp-json\/wp\/v2\/comments?post=166201"}],"version-history":[{"count":0,"href":"https:\/\/friss-hirek.hu\/index.php\/wp-json\/wp\/v2\/posts\/166201\/revisions"}],"wp:attachment":[{"href":"https:\/\/friss-hirek.hu\/index.php\/wp-json\/wp\/v2\/media?parent=166201"}],"wp:term":[{"taxonomy":"category","embeddable":true,"href":"https:\/\/friss-hirek.hu\/index.php\/wp-json\/wp\/v2\/categories?post=166201"},{"taxonomy":"post_tag","embeddable":true,"href":"https:\/\/friss-hirek.hu\/index.php\/wp-json\/wp\/v2\/tags?post=166201"}],"curies":[{"name":"wp","href":"https:\/\/api.w.org\/{rel}","templated":true}]}}