{"id":166203,"date":"2026-04-30T08:16:30","date_gmt":"2026-04-30T08:16:30","guid":{"rendered":"https:\/\/friss-hirek.hu\/index.php\/mehek-napja-uzenet-az-emberisegnek\/friss-hirek\/"},"modified":"2026-04-30T08:16:30","modified_gmt":"2026-04-30T08:16:30","slug":"mehek-napja-uzenet-az-emberisegnek","status":"publish","type":"post","link":"https:\/\/friss-hirek.hu\/index.php\/mehek-napja-uzenet-az-emberisegnek\/videk\/","title":{"rendered":"M\u00e9hek napja: \u00fczenet az emberis\u00e9gnek"},"content":{"rendered":"<p>Magyarorsz\u00e1gon \u00e1prilis 30-a a m\u00e9hek napja, amelyet 1994 \u00f3ta \u00fcnnepl\u00fcnk az Orsz\u00e1gos Magyar M\u00e9h\u00e9szeti Egyes\u00fclet kezdem\u00e9nyez\u00e9s\u00e9re. Az id\u0151pontv\u00e1laszt\u00e1s nem v\u00e9letlen: \u00e1prilis v\u00e9g\u00e9n indul be igaz\u00e1n az \u00e9let a kapt\u00e1rakban, \u00e9s ekkor kezd\u0151dik a m\u00e9zgy\u0171jt\u00e9s id\u0151szaka.<\/p><div id=\"friss-1694406113\" class=\"friss-etarget friss-entity-placement\"><script type=\"text\/javascript\" id=\"etargetScript7a9b589f63cb072bef80df221f46a22b\">function etargetPostloadFunction7a9b589f63cb072bef80df221f46a22b(){var e=\"etargetPostload7a9b589f63cb072bef80df221f46a22b\",t=\"etargetScript7a9b589f63cb072bef80df221f46a22b\",o=document.getElementById(e);if(o){for(var n=o.offsetTop,d=o.offsetLeft,r=o.offsetWidth,a=o.offsetHeight;o.offsetParent;)o=o.offsetParent,n+=o.offsetTop,d+=o.offsetLeft;var i=(n<=window.pageYOffset+window.innerHeight&&d<window.pageXOffset+window.innerWidth&&n+a>window.pageYOffset&&d+r>window.pageXOffset);if(i&&etargetAllowOtherCheck){allowed=!1;var c=document.createElement(\"script\");return c.src=\"\/\/hu.search.etargetnet.com\/generic\/uni.php?g=ref:58661,area:700x210\",void(document.getElementById(t)&&document.getElementById(e)&&(document.getElementById(t).parentNode.appendChild(c),document.getElementById(t).parentNode.removeChild(document.getElementById(t)),document.getElementById(e).parentNode.removeChild(document.getElementById(e)),document.removeEventListener(\"scroll\",etargetPostloadFunction7a9b589f63cb072bef80df221f46a22b),document.removeEventListener(\"resize\",etargetPostloadFunction7a9b589f63cb072bef80df221f46a22b),document.removeEventListener(\"DOMContentLoaded\",etargetPostloadFunction7a9b589f63cb072bef80df221f46a22b)))}}}var etargetDivID=\"etargetPostload7a9b589f63cb072bef80df221f46a22b\",etargetScriptID=\"etargetScript7a9b589f63cb072bef80df221f46a22b\",etargetPostloadPoint=document.createElement(\"div\");etargetPostloadPoint.id=etargetDivID;var etargetCurScript=document.getElementById(etargetScriptID);etargetCurScript.parentNode.appendChild(etargetPostloadPoint),document.addEventListener(\"scroll\",etargetPostloadFunction7a9b589f63cb072bef80df221f46a22b),document.addEventListener(\"resize\",etargetPostloadFunction7a9b589f63cb072bef80df221f46a22b),document.addEventListener(\"DOMContentLoaded\",etargetPostloadFunction7a9b589f63cb072bef80df221f46a22b);var etargetAllowOtherCheck=!0;if(typeof(\"forceRunPostload\")==\"string\"){etargetPostloadFunction7a9b589f63cb072bef80df221f46a22b()}<\/script><\/div>\n<p>A nap c\u00e9lja, hogy felh\u00edvja a figyelmet a m\u00e9hek n\u00e9lk\u00fcl\u00f6zhetetlen szerep\u00e9re az \u00f6kosziszt\u00e9m\u00e1ban \u00e9s az \u00e9lelmiszer-termel\u00e9sben. A m\u00e9hek beporz\u00f3 tev\u00e9kenys\u00e9ge n\u00e9lk\u00fcl sz\u00e1mos n\u00f6v\u00e9nyfaj k\u00e9ptelen lenne szaporodni, ami komoly hat\u00e1ssal lenne a biodiverzit\u00e1sra \u00e9s az emberi t\u00e1pl\u00e1lkoz\u00e1sra is.<\/p>\n<p>Mik\u00f6zben a vil\u00e1g sz\u00e1mos pontj\u00e1n m\u00e1r technikai eszk\u00f6z\u00f6kkel vagy k\u00e9zi er\u0151vel pr\u00f3b\u00e1lj\u00e1k p\u00f3tolni a hi\u00e1nyz\u00f3 beporz\u00f3kat, Magyarorsz\u00e1gon m\u00e9g van es\u00e9ly a term\u00e9szetes egyens\u00faly fenntart\u00e1s\u00e1ra. \u00c1prilis 30-\u00e1n, a m\u00e9hek napj\u00e1n Hegyi J\u00f3zsef m\u00e9h\u00e9sz \u00e9s apiterapeuta arra figyelmeztet, hogy a m\u00e9hekre ne csup\u00e1n \u201ehaszon\u00e1llatk\u00e9nt\u201d, hanem a bolyg\u00f3 t\u00fal\u00e9l\u00e9s\u00e9nek z\u00e1logaik\u00e9nt tekints\u00fcnk.<\/p>\n<p>A m\u00e9hek titka az emberis\u00e9g sz\u00e1m\u00e1ra is p\u00e9lda\u00e9rt\u00e9k\u0171 szervezetts\u00e9gben \u00e9s a k\u00f6rnyezettel val\u00f3 harm\u00f3ni\u00e1ban rejlik.<\/p>\n<blockquote class=\"_ce_measure_widget\" data-ce-measure-widget=\"Id\u00e9zet\">\n<p>A kapt\u00e1r \u00e9lete a t\u00f6k\u00e9letes k\u00f6z\u00f6ss\u00e9gi munka szimb\u00f3luma<\/p>\n<\/blockquote>\n<p>\u2013 fogalmaz Hegyi J\u00f3zsef.<\/p>\n<h2>Beporz\u00e1si vil\u00e1gv\u00e1ls\u00e1g fenyeget<\/h2>\n<p>A m\u00e9hek a term\u00e9szet t\u00f6bbi \u00e9letform\u00e1j\u00e1val szoros egy\u00fcttm\u0171k\u00f6d\u00e9sben l\u00e9teznek.<\/p>\n<blockquote class=\"_ce_measure_widget\" data-ce-measure-widget=\"Id\u00e9zet\">\n<p>Beporozz\u00e1k a n\u00f6v\u00e9nyeket, melyekt\u0151l cser\u00e9be pedig \u00e9des nekt\u00e1rt kapnak, amely t\u00e1pl\u00e1lja \u0151ket. Ez az \u00f6sszhang tette lehet\u0151v\u00e9, hogy t\u00fal\u00e9ljenek ak\u00e1r sug\u00e1rz\u00e1st, s\u0151t drasztikus kl\u00edmav\u00e1ltoz\u00e1sokat is<\/p>\n<\/blockquote>\n<p>\u2013 magyar\u00e1zza a szak\u00e9rt\u0151.<\/p>\n<p>Ugyanakkor a m\u00e9hek helyzete ma kritikusabb, mint valaha. A vegyszerm\u00e9rgez\u00e9sek, vagyis a t\u00falzott permetez\u00e9s \u00e9s az olyan monokult\u00far\u00e1s gazdas\u00e1gok, mint p\u00e9ld\u00e1ul a v\u00e9gtelen amerikai mandula\u00fcltetv\u00e9nyek vil\u00e1gszerte tizedelik az \u00e1llom\u00e1nyt.<\/p>\n<p>M\u00edg K\u00f6z\u00e9p-Eur\u00f3p\u00e1ban m\u00e9g jelent\u0151s a m\u00e9hs\u0171r\u0171s\u00e9g, \u00c1zsia bizonyos r\u00e9szein m\u00e1r emberi er\u0151vel, k\u00e9zzel, ecsettel k\u00e9nytelenek porozni a gy\u00fcm\u00f6lcsf\u00e1kat a m\u00e9hek hi\u00e1nya miatt.<\/p>\n<blockquote class=\"_ce_measure_widget\" data-ce-measure-widget=\"Id\u00e9zet\">\n<p>A h\u00e1zi m\u00e9h ma m\u00e1r k\u00e9ptelen lenne az emberi beavatkoz\u00e1s, a m\u00e9h\u00e9sz gondoskod\u00e1sa n\u00e9lk\u00fcl fennmaradni, k\u00fcl\u00f6n\u00f6sen a m\u00e9hatka fert\u0151z\u00e9s miatt, amely kezel\u00e9s n\u00e9lk\u00fcl egy \u00e9ven bel\u00fcl v\u00e9gezne b\u00e1rmelyik csal\u00e1ddal<\/p>\n<\/blockquote>\n<p>\u2013 figyelmeztet Hegyi J\u00f3zsef.<\/p>\n<p>A m\u00e9hek hihetetlen szorgalommal, szervezetts\u00e9ggel \u00e9s\u00a0\u201ekaton\u00e1s\u201d rendben \u00e9lnek, minden egyednek pontos feladata van a k\u00f6z\u00f6ss\u00e9g \u00e9rdek\u00e9ben.<\/p>\n<blockquote class=\"_ce_measure_widget\" data-ce-measure-widget=\"Id\u00e9zet\">\n<p>B\u00e1r kis munkat\u00e1rsaink nem ismerik meg a gazd\u00e1jukat, a m\u00e9h\u00e9sz a z\u00fcmm\u00f6g\u00e9s\u00fck rezonanci\u00e1j\u00e1b\u00f3l \u00e9s t\u00f3nus\u00e1b\u00f3l pontosan \u00e9rzi a hangulatukat. Viselked\u00e9s\u00fcket a n\u00f6v\u00e9nyek is befoly\u00e1solj\u00e1k; repce vir\u00e1gz\u00e1sakor p\u00e9ld\u00e1ul harciasabbak, m\u00edg ak\u00e1c hord\u00e1sakor szinte v\u00e9d\u0151ruha n\u00e9lk\u00fcl is lehet k\u00f6zt\u00fck dolgozni<\/p>\n<\/blockquote>\n<p>\u2013 eml\u00edti a szak\u00e9rt\u0151.<\/p>\n<p>Apr\u00f3, de jelent\u0151s l\u00e9p\u00e9sekkel a lakoss\u00e1g is t\u00e1mogathatja a hazai, mintegy 20 ezer m\u00e9h\u00e9sz munk\u00e1j\u00e1t \u00e9s a beporz\u00f3k \u00e9let\u00e9t.\u00a0Hegyi J\u00f3zsef \u00faj k\u00f6nyve\u00a0is seg\u00edt meg\u00e9rteni az ember \u00e9s a term\u00e9szet k\u00f6z\u00f6tti m\u00e9ly \u00f6sszef\u00fcgg\u00e9seket.<\/p>\n<blockquote class=\"_ce_measure_widget\" data-ce-measure-widget=\"Id\u00e9zet\">\n<p>Tanuljunk t\u0151l\u00fck, mert \u0151k m\u00e1r bebizony\u00edtott\u00e1k, hogy ez m\u0171k\u00f6dik<\/p>\n<\/blockquote>\n<p>\u2013 olvashat\u00f3 a szerz\u0151 k\u00f6nyv\u00e9nek bevezet\u0151j\u00e9ben, utalva a m\u00e9hek \u00e1ltal k\u00e9pviselt harm\u00f3ni\u00e1ra.<\/p>\n<p>A m\u00e9hek v\u00e9delme nem ig\u00e9nyel nagy beruh\u00e1z\u00e1st, csup\u00e1n tudatoss\u00e1got.<\/p>\n<blockquote class=\"_ce_measure_widget\" data-ce-measure-widget=\"Id\u00e9zet\">\n<p>\u00dcltess\u00fcnk levendul\u00e1t \u00e9s m\u00e1s sz\u00ednes, m\u00e9zel\u0151 n\u00f6v\u00e9nyeket, ezzel var\u00e1zsolhatunk m\u00e9hbar\u00e1t kertet. A sz\u00e1razabb id\u0151szakokban egy sek\u00e9ly itat\u00f3 is \u00e9letment\u0151 lehet a szomjas rovarok sz\u00e1m\u00e1ra<\/p>\n<\/blockquote>\n<p>\u2013\u00a0 javasolja a m\u00e9h\u00e9sz.<\/p>\n<h2>A kapt\u00e1r kincsei<\/h2>\n<p>A m\u00e9z nem csup\u00e1n a cukor eg\u00e9szs\u00e9gesebb alternat\u00edv\u00e1ja, hanem egy komplex, \u00e9l\u0151 anyag.<\/p>\n<p>A val\u00f3di m\u00e9z \u00e9s a bolti \u00bb m\u00e9zp\u00f3tl\u00f3k\u00ab\u00a0 k\u00f6z\u00f6tt \u00e9g \u00e9s f\u00f6ld a k\u00fcl\u00f6nbs\u00e9g. Az \u00fczletekben kaphat\u00f3 term\u00e9keket gyakran t\u00falhev\u00edtik a foly\u00e9konys\u00e1g meg\u0151rz\u00e9se \u00e9rdek\u00e9ben, ami nagym\u00e9rt\u00e9kben k\u00e1ros\u00edtja a benn\u00fck l\u00e9v\u0151 \u00e9rt\u00e9kes enzimeket.<\/p>\n<p>A val\u00f3di h\u00e1rsm\u00e9z kiv\u00e1l\u00f3 gy\u00f3gy\u00edr torokf\u00e1j\u00e1sra \u00e9s l\u00e9g\u00fati panaszokra, az ak\u00e1cm\u00e9z j\u00f3t\u00e9konyan hat a gyomorprobl\u00e9m\u00e1kra, a vir\u00e1gpor tartalmazza az \u00e9lethez sz\u00fcks\u00e9ges \u00f6sszes feh\u00e9rj\u00e9t, vitamint \u00e9s \u00e1sv\u00e1nyi anyagot. A propolisz a term\u00e9szet leger\u0151sebb antibiotikuma.<\/p>\n<blockquote class=\"_ce_measure_widget\" data-ce-measure-widget=\"Id\u00e9zet\">\n<p>A propolisznak olyan er\u0151s fert\u0151tlen\u00edt\u0151 hat\u00e1sa van, hogy el\u0151fordult, hogy t\u00e9len a meleg kapt\u00e1rba beh\u00faz\u00f3d\u00f3 \u00e9s ott elpusztul\u00f3 egeret a m\u00e9hek ezzel bevonva gyakorlatilag mumifik\u00e1lt\u00e1k, \u00edgy az nem indult boml\u00e1snak, \u00e9s nem fert\u0151zte meg a csal\u00e1dot, m\u00edg a tavaszi kapt\u00e1rbont\u00e1s ut\u00e1n el nem t\u00e1vol\u00edtottam a tetemet<\/p>\n<\/blockquote>\n<p>\u2013 mes\u00e9li a szak\u00e9rt\u0151.<\/p>\n<p>Hozz\u00e1tette, hogy a\u00a0m\u00e9hm\u00e9regnek\u00a0is \u2013 a neve ellen\u00e9re \u2013 nagyon j\u00f3 hat\u00e1sai vannak, nem kell tartani t\u0151le.<\/p>\n<blockquote class=\"_ce_measure_widget\" data-ce-measure-widget=\"Id\u00e9zet\">\n<p>Kifejezetten a mozg\u00e1sszervi probl\u00e9m\u00e1kra fejlesztett\u00fcnk ki egy m\u00e9hm\u00e9rges \u00e9s propoliszos kr\u00e9met, amely a tapasztalatok alapj\u00e1n nagy sikernek \u00f6rvend a felhaszn\u00e1l\u00f3k k\u00f6r\u00e9ben. A legenda szerint M\u00e1ty\u00e1s kir\u00e1ly lumb\u00e1g\u00f3j\u00e1t is m\u00e9hm\u00e9reggel kezelt\u00e9k annak idej\u00e9n.<\/p>\n<\/blockquote>\n<p>A m\u00e9h\u00e9sz azt javasolja, hogy mindig keress\u00fck a helyi termel\u0151ket, \u00e9s ha megtal\u00e1ltuk a sz\u00e1munkra \u00edzletes forr\u00e1st, maradjunk h\u0171s\u00e9gesek hozz\u00e1.<\/p>\n<blockquote class=\"_ce_measure_widget\" data-ce-measure-widget=\"Id\u00e9zet\">\n<p>Nek\u00fcnk embereknek is meg kell \u00e9rten\u00fcnk, hogy a j\u00f6v\u0151nk egyik z\u00e1loga az, hogy sokkal jobban meg\u00e9rtj\u00fck az ember \u00e9s a term\u00e9szet kapcsolat\u00e1t, vigy\u00e1zunk r\u00e1, \u00e9s \u00f6sszhangban \u00e9l\u00fcnk vele. Vil\u00e1goss\u00e1 v\u00e1lt sz\u00e1momra, hogy a m\u00e9hek \u00fczenetet hordoznak az emberis\u00e9gnek, \u00e9s z\u00fcmm\u00f6g\u00e9s\u00fckkel szel\u00edden s\u00fagj\u00e1k minden pillanatban az eredm\u00e9nyes, hossz\u00fa \u00e9let titk\u00e1t<\/p>\n<\/blockquote>\n<p>\u2013 \u00edrja k\u00f6nyv\u00e9ben a szak\u00e9rt\u0151.<\/p>\n<p>Hogyan v\u00e1lasszunk j\u00f3 m\u00e9zet? Ehhez <a href=\"https:\/\/sokszinuvidek.24.hu\/eletmod\/2025\/11\/03\/mez-valasztas-tippek\/\" target=\"_blank\" rel=\"noopener\">ad tippeket egy m\u00e9h\u00e9sz<\/a> v\u00e1s\u00e1rl\u00e1shoz \u00e9s t\u00e1rol\u00e1shoz. A N\u00e9bih tan\u00e1csai szerint <a href=\"https:\/\/sokszinuvidek.24.hu\/otthon-keszult\/2024\/12\/19\/hamis-mez-hogyan-szurheto-ki\/\" target=\"_blank\" rel=\"noopener\">\u00edgy ismerhet\u0151 fel a hamis m\u00e9z<\/a>, egy kutat\u00e1s szerint pedig <a href=\"https:\/\/sokszinuvidek.24.hu\/eletmod\/2024\/11\/16\/mez-mezhamisitas-dns-teszt\/\" target=\"_blank\" rel=\"noopener\">DNS-alap\u00fa teszt<\/a> vethet v\u00e9get a m\u00e9zhamis\u00edt\u00e1snak.<\/p>\n<div class=\"o-post__articRecommend m-articRecommend -hasImg cf article-recommendation-container cf _ce_measure_widget\" data-ce-measure-widget=\"Cikkaj\u00e1nl\u00f3 widget\">\n<div class=\"m-articRecommend__widgetTitle\">Kapcsol\u00f3d\u00f3<\/div>\n<div class=\"m-articRecommend__imgWrap image-container\"><a href=\"https:\/\/sokszinuvidek.24.hu\/otthon-keszult\/2026\/01\/16\/propolisz\/\" target=\"_self\"><img loading=\"lazy\" decoding=\"async\" width=\"480\" height=\"270\" src=\"https:\/\/s.24.hu\/app\/uploads\/sites\/11\/2026\/01\/gettyimages-492771215-e1767990496553-480x270.jpg\" class=\"img-responsive wp-post-image\" alt=\"\" \/><\/a><\/div>\n<div class=\"m-articRecommend__cntWrap content-container \">\n\t\t\t<a href=\"https:\/\/sokszinuvidek.24.hu\/otthon-keszult\/2026\/01\/16\/propolisz\/\" target=\"_self\" class=\"m-articRecommend__title ar-title\">A m\u00e9heknek habarcs, sz\u00e1munkra csodaszer: a propolisz<\/a>\n<div class=\"m-articRecommend__lead ar-lead\">A propolisz a term\u00e9szetben megtal\u00e1lhat\u00f3 leger\u0151sebb term\u00e9szetes fert\u0151tlen\u00edt\u0151.<\/div>\n<\/div>\n<\/div>\n<p>The post <a href=\"https:\/\/sokszinuvidek.24.hu\/mozaik\/2026\/04\/30\/aprilis-30-mehek-napja-klimavaltozas\/\" target=\"_blank\">M\u00e9hek napja: \u00fczenet az emberis\u00e9gnek<\/a> first appeared on <a href=\"https:\/\/sokszinuvidek.24.hu\/\" target=\"_blank\">Soksz\u00edn\u0171 vid\u00e9k<\/a>.<\/p><div id=\"friss-2190783105\" class=\"friss-etarget-cikk-vege friss-entity-placement\"><script type=\"text\/javascript\" id=\"etargetScript7a9b589f63cb072bef80df221f46a22b\">function etargetPostloadFunction7a9b589f63cb072bef80df221f46a22b(){var e=\"etargetPostload7a9b589f63cb072bef80df221f46a22b\",t=\"etargetScript7a9b589f63cb072bef80df221f46a22b\",o=document.getElementById(e);if(o){for(var n=o.offsetTop,d=o.offsetLeft,r=o.offsetWidth,a=o.offsetHeight;o.offsetParent;)o=o.offsetParent,n+=o.offsetTop,d+=o.offsetLeft;var i=(n<=window.pageYOffset+window.innerHeight&&d<window.pageXOffset+window.innerWidth&&n+a>window.pageYOffset&&d+r>window.pageXOffset);if(i&&etargetAllowOtherCheck){allowed=!1;var c=document.createElement(\"script\");return c.src=\"\/\/hu.search.etargetnet.com\/generic\/uni.php?g=ref:58661,area:700x210\",void(document.getElementById(t)&&document.getElementById(e)&&(document.getElementById(t).parentNode.appendChild(c),document.getElementById(t).parentNode.removeChild(document.getElementById(t)),document.getElementById(e).parentNode.removeChild(document.getElementById(e)),document.removeEventListener(\"scroll\",etargetPostloadFunction7a9b589f63cb072bef80df221f46a22b),document.removeEventListener(\"resize\",etargetPostloadFunction7a9b589f63cb072bef80df221f46a22b),document.removeEventListener(\"DOMContentLoaded\",etargetPostloadFunction7a9b589f63cb072bef80df221f46a22b)))}}}var etargetDivID=\"etargetPostload7a9b589f63cb072bef80df221f46a22b\",etargetScriptID=\"etargetScript7a9b589f63cb072bef80df221f46a22b\",etargetPostloadPoint=document.createElement(\"div\");etargetPostloadPoint.id=etargetDivID;var etargetCurScript=document.getElementById(etargetScriptID);etargetCurScript.parentNode.appendChild(etargetPostloadPoint),document.addEventListener(\"scroll\",etargetPostloadFunction7a9b589f63cb072bef80df221f46a22b),document.addEventListener(\"resize\",etargetPostloadFunction7a9b589f63cb072bef80df221f46a22b),document.addEventListener(\"DOMContentLoaded\",etargetPostloadFunction7a9b589f63cb072bef80df221f46a22b);var etargetAllowOtherCheck=!0;if(typeof(\"forceRunPostload\")==\"string\"){etargetPostloadFunction7a9b589f63cb072bef80df221f46a22b()}<\/script><\/div><div id=\"friss-2965559216\" class=\"friss-after-content friss-entity-placement\"><script type=\"text\/javascript\" id=\"etargetScript7a9b589f63cb072bef80df221f46a22b\">function etargetPostloadFunction7a9b589f63cb072bef80df221f46a22b(){var e=\"etargetPostload7a9b589f63cb072bef80df221f46a22b\",t=\"etargetScript7a9b589f63cb072bef80df221f46a22b\",o=document.getElementById(e);if(o){for(var n=o.offsetTop,d=o.offsetLeft,r=o.offsetWidth,a=o.offsetHeight;o.offsetParent;)o=o.offsetParent,n+=o.offsetTop,d+=o.offsetLeft;var i=(n<=window.pageYOffset+window.innerHeight&&d<window.pageXOffset+window.innerWidth&&n+a>window.pageYOffset&&d+r>window.pageXOffset);if(i&&etargetAllowOtherCheck){allowed=!1;var c=document.createElement(\"script\");return c.src=\"\/\/hu.search.etargetnet.com\/generic\/uni.php?g=ref:58661,area:700x210\",void(document.getElementById(t)&&document.getElementById(e)&&(document.getElementById(t).parentNode.appendChild(c),document.getElementById(t).parentNode.removeChild(document.getElementById(t)),document.getElementById(e).parentNode.removeChild(document.getElementById(e)),document.removeEventListener(\"scroll\",etargetPostloadFunction7a9b589f63cb072bef80df221f46a22b),document.removeEventListener(\"resize\",etargetPostloadFunction7a9b589f63cb072bef80df221f46a22b),document.removeEventListener(\"DOMContentLoaded\",etargetPostloadFunction7a9b589f63cb072bef80df221f46a22b)))}}}var etargetDivID=\"etargetPostload7a9b589f63cb072bef80df221f46a22b\",etargetScriptID=\"etargetScript7a9b589f63cb072bef80df221f46a22b\",etargetPostloadPoint=document.createElement(\"div\");etargetPostloadPoint.id=etargetDivID;var etargetCurScript=document.getElementById(etargetScriptID);etargetCurScript.parentNode.appendChild(etargetPostloadPoint),document.addEventListener(\"scroll\",etargetPostloadFunction7a9b589f63cb072bef80df221f46a22b),document.addEventListener(\"resize\",etargetPostloadFunction7a9b589f63cb072bef80df221f46a22b),document.addEventListener(\"DOMContentLoaded\",etargetPostloadFunction7a9b589f63cb072bef80df221f46a22b);var etargetAllowOtherCheck=!0;if(typeof(\"forceRunPostload\")==\"string\"){etargetPostloadFunction7a9b589f63cb072bef80df221f46a22b()}<\/script><\/div><div id=\"friss-1925050351\" class=\"friss-after-content_2 friss-entity-placement\" style=\"clear: both;\"><div class=\"wprss_ajax\" data-id=\"rss984c5b81d8\"><img loading=\"lazy\" decoding=\"async\" src=\"https:\/\/friss-hirek.hu\/wp-content\/plugins\/wp-rss-retriever\/inc\/imgs\/ajax-loader.gif\" alt=\"Loading RSS Feed\" width=\"16\" height=\"16\"><\/div><\/div><br style=\"clear: both; display: block; float: none;\"\/><div id=\"friss-1916457336\" class=\"friss-after-content_3 friss-entity-placement\">https:\/\/www.youtube.com\/watch?v=Pdnw4KiUWp0<\/div>","protected":false},"excerpt":{"rendered":"<p>Magyarorsz\u00e1gon \u00e1prilis 30-a a m\u00e9hek napja, amelyet 1994 \u00f3ta \u00fcnnepl\u00fcnk az Orsz\u00e1gos Magyar M\u00e9h\u00e9szeti Egyes\u00fclet kezdem\u00e9nyez\u00e9s\u00e9re. Az id\u0151pontv\u00e1laszt\u00e1s nem v\u00e9letlen: \u00e1prilis v\u00e9g\u00e9n indul be igaz\u00e1n az \u00e9let a kapt\u00e1rakban, \u00e9s ekkor kezd\u0151dik a m\u00e9zgy\u0171jt\u00e9s id\u0151szaka. A nap c\u00e9lja, hogy felh\u00edvja a figyelmet a m\u00e9hek n\u00e9lk\u00fcl\u00f6zhetetlen szerep\u00e9re az \u00f6kosziszt\u00e9m\u00e1ban \u00e9s az \u00e9lelmiszer-termel\u00e9sben. A m\u00e9hek beporz\u00f3 tev\u00e9kenys\u00e9ge [&hellip;]<\/p>\n","protected":false},"author":1,"featured_media":0,"comment_status":"open","ping_status":"open","sticky":false,"template":"","format":"standard","meta":{"footnotes":""},"categories":[6],"tags":[],"class_list":["post-166203","post","type-post","status-publish","format-standard","hentry","category-videk"],"amp_enabled":true,"_links":{"self":[{"href":"https:\/\/friss-hirek.hu\/index.php\/wp-json\/wp\/v2\/posts\/166203","targetHints":{"allow":["GET"]}}],"collection":[{"href":"https:\/\/friss-hirek.hu\/index.php\/wp-json\/wp\/v2\/posts"}],"about":[{"href":"https:\/\/friss-hirek.hu\/index.php\/wp-json\/wp\/v2\/types\/post"}],"author":[{"embeddable":true,"href":"https:\/\/friss-hirek.hu\/index.php\/wp-json\/wp\/v2\/users\/1"}],"replies":[{"embeddable":true,"href":"https:\/\/friss-hirek.hu\/index.php\/wp-json\/wp\/v2\/comments?post=166203"}],"version-history":[{"count":0,"href":"https:\/\/friss-hirek.hu\/index.php\/wp-json\/wp\/v2\/posts\/166203\/revisions"}],"wp:attachment":[{"href":"https:\/\/friss-hirek.hu\/index.php\/wp-json\/wp\/v2\/media?parent=166203"}],"wp:term":[{"taxonomy":"category","embeddable":true,"href":"https:\/\/friss-hirek.hu\/index.php\/wp-json\/wp\/v2\/categories?post=166203"},{"taxonomy":"post_tag","embeddable":true,"href":"https:\/\/friss-hirek.hu\/index.php\/wp-json\/wp\/v2\/tags?post=166203"}],"curies":[{"name":"wp","href":"https:\/\/api.w.org\/{rel}","templated":true}]}}