{"id":166204,"date":"2026-04-30T09:17:27","date_gmt":"2026-04-30T09:17:27","guid":{"rendered":"https:\/\/friss-hirek.hu\/index.php\/a-jegybankelnok-interjuja-utan-magyar-peter-a-tisza-gazdasagi-celjairol-posztolt\/friss-hirek\/"},"modified":"2026-04-30T09:17:27","modified_gmt":"2026-04-30T09:17:27","slug":"a-jegybankelnok-interjuja-utan-magyar-peter-a-tisza-gazdasagi-celjairol-posztolt","status":"publish","type":"post","link":"https:\/\/friss-hirek.hu\/index.php\/a-jegybankelnok-interjuja-utan-magyar-peter-a-tisza-gazdasagi-celjairol-posztolt\/uzlet\/","title":{"rendered":"A jegybankeln\u00f6k interj\u00faja ut\u00e1n Magyar P\u00e9ter a Tisza gazdas\u00e1gi c\u00e9ljair\u00f3l posztolt"},"content":{"rendered":"<p><strong>Varga Mih\u00e1ly hvg.hu-nak adott interj\u00faj\u00e1ban fogalmazott \u00fagy: \u201e\u00d6r\u00f6mmel t\u00e1mogatjuk a Tisza-korm\u00e1ny gazdas\u00e1gpolitik\u00e1j\u00e1t, ha tudjuk, mit jelent.\u201d<\/strong><\/p><div id=\"friss-1965647688\" class=\"friss-etarget friss-entity-placement\"><script type=\"text\/javascript\" id=\"etargetScript7a9b589f63cb072bef80df221f46a22b\">function etargetPostloadFunction7a9b589f63cb072bef80df221f46a22b(){var e=\"etargetPostload7a9b589f63cb072bef80df221f46a22b\",t=\"etargetScript7a9b589f63cb072bef80df221f46a22b\",o=document.getElementById(e);if(o){for(var n=o.offsetTop,d=o.offsetLeft,r=o.offsetWidth,a=o.offsetHeight;o.offsetParent;)o=o.offsetParent,n+=o.offsetTop,d+=o.offsetLeft;var i=(n<=window.pageYOffset+window.innerHeight&&d<window.pageXOffset+window.innerWidth&&n+a>window.pageYOffset&&d+r>window.pageXOffset);if(i&&etargetAllowOtherCheck){allowed=!1;var c=document.createElement(\"script\");return c.src=\"\/\/hu.search.etargetnet.com\/generic\/uni.php?g=ref:58661,area:700x210\",void(document.getElementById(t)&&document.getElementById(e)&&(document.getElementById(t).parentNode.appendChild(c),document.getElementById(t).parentNode.removeChild(document.getElementById(t)),document.getElementById(e).parentNode.removeChild(document.getElementById(e)),document.removeEventListener(\"scroll\",etargetPostloadFunction7a9b589f63cb072bef80df221f46a22b),document.removeEventListener(\"resize\",etargetPostloadFunction7a9b589f63cb072bef80df221f46a22b),document.removeEventListener(\"DOMContentLoaded\",etargetPostloadFunction7a9b589f63cb072bef80df221f46a22b)))}}}var etargetDivID=\"etargetPostload7a9b589f63cb072bef80df221f46a22b\",etargetScriptID=\"etargetScript7a9b589f63cb072bef80df221f46a22b\",etargetPostloadPoint=document.createElement(\"div\");etargetPostloadPoint.id=etargetDivID;var etargetCurScript=document.getElementById(etargetScriptID);etargetCurScript.parentNode.appendChild(etargetPostloadPoint),document.addEventListener(\"scroll\",etargetPostloadFunction7a9b589f63cb072bef80df221f46a22b),document.addEventListener(\"resize\",etargetPostloadFunction7a9b589f63cb072bef80df221f46a22b),document.addEventListener(\"DOMContentLoaded\",etargetPostloadFunction7a9b589f63cb072bef80df221f46a22b);var etargetAllowOtherCheck=!0;if(typeof(\"forceRunPostload\")==\"string\"){etargetPostloadFunction7a9b589f63cb072bef80df221f46a22b()}<\/script><\/div>\n<p><strong>Mi t\u00f6rt\u00e9nt?<\/strong> A Tisza-korm\u00e1ny c\u00e9ljair\u00f3l rakott ki r\u00f6vid posztot a leend\u0151 minisztereln\u00f6k, Magyar P\u00e9ter cs\u00fct\u00f6rt\u00f6k <a href=\"https:\/\/www.facebook.com\/peter.magyar.102?locale=hu_HU\">Facebook-oldal\u00e1ra.<\/a> \u201eStabil forint, alacsony infl\u00e1ci\u00f3, n\u00f6vekv\u0151 gazdas\u00e1g \u00e9s tiszta k\u00f6z\u00e9let\u201d \u2013 \u00e1ll bejegyz\u00e9s\u00e9ben. A poszt nem tartalmaz \u00fajdons\u00e1got a Tisza eln\u00f6k\u00e9nek kommunik\u00e1ci\u00f3j\u00e1ban, id\u0151z\u00edt\u00e9se azonban m\u00e1r j\u00f3val \u00e9rdekesebb. Ahogyan arr\u00f3l a <a href=\"https:\/\/forbes.hu\/penz\/varga-mihaly-tisza-part-interju\/\">Forbes.hu-n is besz\u00e1moltunk<\/a>, Varga Mih\u00e1ly jegybankeln\u00f6kkel jelentetett meg interj\u00fat cs\u00fct\u00f6rt\u00f6k\u00f6n a hvg.hu. A jegybankeln\u00f6k a besz\u00e9lget\u00e9sben kit\u00e9rt a Matolcsy-korszakra, a forint \u00e1rfolyam\u00e1t befoly\u00e1sol\u00f3 legfontosabb t\u00e9nyez\u0151kre \u00e9s az \u00faj korm\u00e1ny gazdas\u00e1gpolitik\u00e1j\u00e1ra is.<\/p>\n<div class=\"related-post-links\">\n<p>\t\t<span class=\"related-post-links__title minititle\">T\u00f6bb ebb\u0151l<\/span><\/p>\n<div class=\"related-post-links__link-wrapper\">\n\t\t\t\t<a href=\"https:\/\/forbes.hu\/penz\/varga-mihaly-tisza-part-interju\/\" class=\"related-post-links__link\">\u201e\u0150sszel m\u00e1r nem lesznek j\u00f3indulat\u00faak\u201d \u2013 megsz\u00f3lalt Varga Mih\u00e1ly, a Matolcsy-korszakr\u00f3l is besz\u00e9lt<\/a>\n\t\t\t<\/div>\n<div class=\"related-post-links__link-wrapper\">\n\t\t\t\t<a href=\"https:\/\/forbes.hu\/uzlet\/a-kozossegi-media-60-legmeghatarozobb-magyar-arca-tronfosztas-az-elen\/\" class=\"related-post-links__link\">A k\u00f6z\u00f6ss\u00e9gi m\u00e9dia 60 legmeghat\u00e1roz\u00f3bb magyar arca: tr\u00f3nfoszt\u00e1s az \u00e9len<\/a>\n\t\t\t<\/div>\n<\/div>\n<p><strong>Kontextus.<\/strong> Varga Mih\u00e1ly az interj\u00faban arr\u00f3l besz\u00e9lt, hogy a jegybank mand\u00e1tuma a mindenkori korm\u00e1ny gazdas\u00e1gpolitik\u00e1j\u00e1nak t\u00e1mogat\u00e1sa. \u201eEnnek \u00f6r\u00f6mmel is tesz\u00fcnk eleget, ha el\u0151sz\u00f6r is tudjuk, ez mit jelent, m\u00e1sodszor pedig ha nem gerjeszt infl\u00e1ci\u00f3t\u201d \u2013 nyilatkozta. Varga szerint sok minden akkor d\u0151l el, amikor Magyar P\u00e9ter\u00e9k \u00e1tvizsg\u00e1lj\u00e1k az idei k\u00f6lts\u00e9gvet\u00e9st, az \u0151sszel beterjesztik a 2027-est, ezzel adva a piacnak egy olyan k\u00f6z\u00e9pt\u00e1v\u00fa \u00e1llamh\u00e1ztart\u00e1si forgat\u00f3k\u00f6nyvet, amivel sz\u00e1molni lehet. \u201eAlapvet\u0151en j\u00f3 munkakapcsolatra t\u00f6reksz\u00fcnk az \u00faj korm\u00e1nnyal\u201d \u2013 mondta a jegybank eln\u00f6ke. \u201eA hitelmin\u0151s\u00edt\u0151k m\u00e1jusban val\u00f3sz\u00edn\u0171leg adnak az \u00faj korm\u00e1nynak t\u00fcrelmi id\u0151t, am\u00edg kialak\u00edtja saj\u00e1t gazdas\u00e1gpolitik\u00e1j\u00e1t \u00e9s int\u00e9zm\u00e9nyrendszer\u00e9t,<\/p>\n<blockquote class=\"wp-block-quote is-layout-flow wp-block-quote-is-layout-flow\">\n<p>\u201ede ez gyorsan elm\u00falik. Legk\u00e9s\u0151bb \u0151sszel m\u00e1r nem lesznek j\u00f3indulat\u00faak.\u201d<\/p>\n<\/blockquote>\n<p>Magyar P\u00e9ter m\u00e9g els\u0151 nemzetk\u00f6zi sajt\u00f3t\u00e1j\u00e9koztat\u00f3j\u00e1n <a href=\"https:\/\/www.forbes.hu\/penz\/magyar-peter-sajtotajekoztato-mnb-jegybank-forint\/\">besz\u00e9lt arr\u00f3l,<\/a> hogy Varga Mih\u00e1ly a Tisza-korm\u00e1ny alatt is maradhat poz\u00edci\u00f3j\u00e1ban.<\/p>\n\n<p><!-- No email blocks found --><\/p>\n<p>The post <a href=\"https:\/\/forbes.hu\/penz\/magyar-peter-tisza-kormany-varga-mihaly\/\">A jegybankeln\u00f6k interj\u00faja ut\u00e1n Magyar P\u00e9ter a Tisza gazdas\u00e1gi c\u00e9ljair\u00f3l posztolt<\/a> appeared first on <a href=\"https:\/\/forbes.hu\/\">Forbes.hu<\/a>.<\/p><div id=\"friss-3978966269\" class=\"friss-etarget-cikk-vege friss-entity-placement\"><script type=\"text\/javascript\" id=\"etargetScript7a9b589f63cb072bef80df221f46a22b\">function etargetPostloadFunction7a9b589f63cb072bef80df221f46a22b(){var e=\"etargetPostload7a9b589f63cb072bef80df221f46a22b\",t=\"etargetScript7a9b589f63cb072bef80df221f46a22b\",o=document.getElementById(e);if(o){for(var n=o.offsetTop,d=o.offsetLeft,r=o.offsetWidth,a=o.offsetHeight;o.offsetParent;)o=o.offsetParent,n+=o.offsetTop,d+=o.offsetLeft;var i=(n<=window.pageYOffset+window.innerHeight&&d<window.pageXOffset+window.innerWidth&&n+a>window.pageYOffset&&d+r>window.pageXOffset);if(i&&etargetAllowOtherCheck){allowed=!1;var c=document.createElement(\"script\");return c.src=\"\/\/hu.search.etargetnet.com\/generic\/uni.php?g=ref:58661,area:700x210\",void(document.getElementById(t)&&document.getElementById(e)&&(document.getElementById(t).parentNode.appendChild(c),document.getElementById(t).parentNode.removeChild(document.getElementById(t)),document.getElementById(e).parentNode.removeChild(document.getElementById(e)),document.removeEventListener(\"scroll\",etargetPostloadFunction7a9b589f63cb072bef80df221f46a22b),document.removeEventListener(\"resize\",etargetPostloadFunction7a9b589f63cb072bef80df221f46a22b),document.removeEventListener(\"DOMContentLoaded\",etargetPostloadFunction7a9b589f63cb072bef80df221f46a22b)))}}}var etargetDivID=\"etargetPostload7a9b589f63cb072bef80df221f46a22b\",etargetScriptID=\"etargetScript7a9b589f63cb072bef80df221f46a22b\",etargetPostloadPoint=document.createElement(\"div\");etargetPostloadPoint.id=etargetDivID;var etargetCurScript=document.getElementById(etargetScriptID);etargetCurScript.parentNode.appendChild(etargetPostloadPoint),document.addEventListener(\"scroll\",etargetPostloadFunction7a9b589f63cb072bef80df221f46a22b),document.addEventListener(\"resize\",etargetPostloadFunction7a9b589f63cb072bef80df221f46a22b),document.addEventListener(\"DOMContentLoaded\",etargetPostloadFunction7a9b589f63cb072bef80df221f46a22b);var etargetAllowOtherCheck=!0;if(typeof(\"forceRunPostload\")==\"string\"){etargetPostloadFunction7a9b589f63cb072bef80df221f46a22b()}<\/script><\/div><div id=\"friss-2872187047\" class=\"friss-after-content friss-entity-placement\"><script type=\"text\/javascript\" id=\"etargetScript7a9b589f63cb072bef80df221f46a22b\">function etargetPostloadFunction7a9b589f63cb072bef80df221f46a22b(){var e=\"etargetPostload7a9b589f63cb072bef80df221f46a22b\",t=\"etargetScript7a9b589f63cb072bef80df221f46a22b\",o=document.getElementById(e);if(o){for(var n=o.offsetTop,d=o.offsetLeft,r=o.offsetWidth,a=o.offsetHeight;o.offsetParent;)o=o.offsetParent,n+=o.offsetTop,d+=o.offsetLeft;var i=(n<=window.pageYOffset+window.innerHeight&&d<window.pageXOffset+window.innerWidth&&n+a>window.pageYOffset&&d+r>window.pageXOffset);if(i&&etargetAllowOtherCheck){allowed=!1;var c=document.createElement(\"script\");return c.src=\"\/\/hu.search.etargetnet.com\/generic\/uni.php?g=ref:58661,area:700x210\",void(document.getElementById(t)&&document.getElementById(e)&&(document.getElementById(t).parentNode.appendChild(c),document.getElementById(t).parentNode.removeChild(document.getElementById(t)),document.getElementById(e).parentNode.removeChild(document.getElementById(e)),document.removeEventListener(\"scroll\",etargetPostloadFunction7a9b589f63cb072bef80df221f46a22b),document.removeEventListener(\"resize\",etargetPostloadFunction7a9b589f63cb072bef80df221f46a22b),document.removeEventListener(\"DOMContentLoaded\",etargetPostloadFunction7a9b589f63cb072bef80df221f46a22b)))}}}var etargetDivID=\"etargetPostload7a9b589f63cb072bef80df221f46a22b\",etargetScriptID=\"etargetScript7a9b589f63cb072bef80df221f46a22b\",etargetPostloadPoint=document.createElement(\"div\");etargetPostloadPoint.id=etargetDivID;var etargetCurScript=document.getElementById(etargetScriptID);etargetCurScript.parentNode.appendChild(etargetPostloadPoint),document.addEventListener(\"scroll\",etargetPostloadFunction7a9b589f63cb072bef80df221f46a22b),document.addEventListener(\"resize\",etargetPostloadFunction7a9b589f63cb072bef80df221f46a22b),document.addEventListener(\"DOMContentLoaded\",etargetPostloadFunction7a9b589f63cb072bef80df221f46a22b);var etargetAllowOtherCheck=!0;if(typeof(\"forceRunPostload\")==\"string\"){etargetPostloadFunction7a9b589f63cb072bef80df221f46a22b()}<\/script><\/div><div id=\"friss-3839680328\" class=\"friss-after-content_2 friss-entity-placement\" style=\"clear: both;\"><div class=\"wprss_ajax\" data-id=\"rss4fa8329a97\"><img loading=\"lazy\" decoding=\"async\" src=\"https:\/\/friss-hirek.hu\/wp-content\/plugins\/wp-rss-retriever\/inc\/imgs\/ajax-loader.gif\" alt=\"Loading RSS Feed\" width=\"16\" height=\"16\"><\/div><\/div><br style=\"clear: both; display: block; float: none;\"\/><div id=\"friss-1765825037\" class=\"friss-after-content_3 friss-entity-placement\">https:\/\/www.youtube.com\/watch?v=Pdnw4KiUWp0<\/div>","protected":false},"excerpt":{"rendered":"<p>Varga Mih\u00e1ly hvg.hu-nak adott interj\u00faj\u00e1ban fogalmazott \u00fagy: \u201e\u00d6r\u00f6mmel t\u00e1mogatjuk a Tisza-korm\u00e1ny gazdas\u00e1gpolitik\u00e1j\u00e1t, ha tudjuk, mit jelent.\u201d Mi t\u00f6rt\u00e9nt? A Tisza-korm\u00e1ny c\u00e9ljair\u00f3l rakott ki r\u00f6vid posztot a leend\u0151 minisztereln\u00f6k, Magyar P\u00e9ter cs\u00fct\u00f6rt\u00f6k Facebook-oldal\u00e1ra. \u201eStabil forint, alacsony infl\u00e1ci\u00f3, n\u00f6vekv\u0151 gazdas\u00e1g \u00e9s tiszta k\u00f6z\u00e9let\u201d \u2013 \u00e1ll bejegyz\u00e9s\u00e9ben. A poszt nem tartalmaz \u00fajdons\u00e1got a Tisza eln\u00f6k\u00e9nek kommunik\u00e1ci\u00f3j\u00e1ban, id\u0151z\u00edt\u00e9se azonban [&hellip;]<\/p>\n","protected":false},"author":1,"featured_media":0,"comment_status":"open","ping_status":"open","sticky":false,"template":"","format":"standard","meta":{"footnotes":""},"categories":[7],"tags":[],"class_list":["post-166204","post","type-post","status-publish","format-standard","hentry","category-uzlet"],"amp_enabled":true,"_links":{"self":[{"href":"https:\/\/friss-hirek.hu\/index.php\/wp-json\/wp\/v2\/posts\/166204","targetHints":{"allow":["GET"]}}],"collection":[{"href":"https:\/\/friss-hirek.hu\/index.php\/wp-json\/wp\/v2\/posts"}],"about":[{"href":"https:\/\/friss-hirek.hu\/index.php\/wp-json\/wp\/v2\/types\/post"}],"author":[{"embeddable":true,"href":"https:\/\/friss-hirek.hu\/index.php\/wp-json\/wp\/v2\/users\/1"}],"replies":[{"embeddable":true,"href":"https:\/\/friss-hirek.hu\/index.php\/wp-json\/wp\/v2\/comments?post=166204"}],"version-history":[{"count":0,"href":"https:\/\/friss-hirek.hu\/index.php\/wp-json\/wp\/v2\/posts\/166204\/revisions"}],"wp:attachment":[{"href":"https:\/\/friss-hirek.hu\/index.php\/wp-json\/wp\/v2\/media?parent=166204"}],"wp:term":[{"taxonomy":"category","embeddable":true,"href":"https:\/\/friss-hirek.hu\/index.php\/wp-json\/wp\/v2\/categories?post=166204"},{"taxonomy":"post_tag","embeddable":true,"href":"https:\/\/friss-hirek.hu\/index.php\/wp-json\/wp\/v2\/tags?post=166204"}],"curies":[{"name":"wp","href":"https:\/\/api.w.org\/{rel}","templated":true}]}}