{"id":166216,"date":"2026-04-30T13:21:27","date_gmt":"2026-04-30T13:21:27","guid":{"rendered":"https:\/\/friss-hirek.hu\/index.php\/brutalis-osszeg-2600-milliard-forint-kozpenz-folyt-a-ner-vagyonlerakoiba\/friss-hirek\/"},"modified":"2026-04-30T13:21:27","modified_gmt":"2026-04-30T13:21:27","slug":"brutalis-osszeg-2600-milliard-forint-kozpenz-folyt-a-ner-vagyonlerakoiba","status":"publish","type":"post","link":"https:\/\/friss-hirek.hu\/index.php\/brutalis-osszeg-2600-milliard-forint-kozpenz-folyt-a-ner-vagyonlerakoiba\/uzlet\/","title":{"rendered":"Brut\u00e1lis \u00f6sszeg: 2600 milli\u00e1rd forint k\u00f6zp\u00e9nz folyt a NER vagyonlerak\u00f3iba"},"content":{"rendered":"<p><strong>A Transparency International Magyarorsz\u00e1g birtok\u00e1ba jutott inform\u00e1ci\u00f3k szerint Tiborcz Istv\u00e1n alapkezel\u0151j\u00e9t tal\u00e1lt\u00e1k meg a legt\u00f6bb \u00e1llami forr\u00e1ssal az elm\u00falt 13 \u00e9vben. A szervezet szerint a k\u00f6zp\u00e9nz nyomon k\u00f6vet\u00e9se s\u00fcrget\u0151 lesz a Tisza-korm\u00e1ny sz\u00e1m\u00e1ra.<\/strong><\/p><div id=\"friss-3683228678\" class=\"friss-etarget friss-entity-placement\"><script type=\"text\/javascript\" id=\"etargetScript7a9b589f63cb072bef80df221f46a22b\">function etargetPostloadFunction7a9b589f63cb072bef80df221f46a22b(){var e=\"etargetPostload7a9b589f63cb072bef80df221f46a22b\",t=\"etargetScript7a9b589f63cb072bef80df221f46a22b\",o=document.getElementById(e);if(o){for(var n=o.offsetTop,d=o.offsetLeft,r=o.offsetWidth,a=o.offsetHeight;o.offsetParent;)o=o.offsetParent,n+=o.offsetTop,d+=o.offsetLeft;var i=(n<=window.pageYOffset+window.innerHeight&&d<window.pageXOffset+window.innerWidth&&n+a>window.pageYOffset&&d+r>window.pageXOffset);if(i&&etargetAllowOtherCheck){allowed=!1;var c=document.createElement(\"script\");return c.src=\"\/\/hu.search.etargetnet.com\/generic\/uni.php?g=ref:58661,area:700x210\",void(document.getElementById(t)&&document.getElementById(e)&&(document.getElementById(t).parentNode.appendChild(c),document.getElementById(t).parentNode.removeChild(document.getElementById(t)),document.getElementById(e).parentNode.removeChild(document.getElementById(e)),document.removeEventListener(\"scroll\",etargetPostloadFunction7a9b589f63cb072bef80df221f46a22b),document.removeEventListener(\"resize\",etargetPostloadFunction7a9b589f63cb072bef80df221f46a22b),document.removeEventListener(\"DOMContentLoaded\",etargetPostloadFunction7a9b589f63cb072bef80df221f46a22b)))}}}var etargetDivID=\"etargetPostload7a9b589f63cb072bef80df221f46a22b\",etargetScriptID=\"etargetScript7a9b589f63cb072bef80df221f46a22b\",etargetPostloadPoint=document.createElement(\"div\");etargetPostloadPoint.id=etargetDivID;var etargetCurScript=document.getElementById(etargetScriptID);etargetCurScript.parentNode.appendChild(etargetPostloadPoint),document.addEventListener(\"scroll\",etargetPostloadFunction7a9b589f63cb072bef80df221f46a22b),document.addEventListener(\"resize\",etargetPostloadFunction7a9b589f63cb072bef80df221f46a22b),document.addEventListener(\"DOMContentLoaded\",etargetPostloadFunction7a9b589f63cb072bef80df221f46a22b);var etargetAllowOtherCheck=!0;if(typeof(\"forceRunPostload\")==\"string\"){etargetPostloadFunction7a9b589f63cb072bef80df221f46a22b()}<\/script><\/div>\n<p><strong>Mi t\u00f6rt\u00e9nt?<\/strong> A <a href=\"https:\/\/transparency.hu\/hirek\/2645-milliard-allami-forint-tokealapokba\/\">Transparency International Magyarorsz\u00e1g <\/a>azt \u00edrja, 2013 \u00f3ta \u00f6sszesen 99 t\u0151kealap ir\u00e1ny\u00e1ba v\u00e1llalt befektet\u00e9si k\u00f6telezetts\u00e9get n\u00e9gy \u00e1llami szerepl\u0151, az NTH Nemzeti T\u0151keholding Zrt., valamint az \u00e1ltala koordin\u00e1lt, szint\u00e9n \u00e1llami h\u00e1tter\u0171 t\u00e1rsas\u00e1gok \u2013 a Magyar Fejleszt\u00e9si Bank (MFB) Zrt., az MFB Invest Zrt. \u00e9s a Magyar Export-Import Bank befektet\u00e9si c\u00e9ge, az Exim Invest Zrt. Ez abb\u00f3l a dokumentumb\u00f3l der\u00fcl ki, amely egy k\u00f6z\u00e9rdek\u0171 bejelent\u00e9s nyom\u00e1n jutott el a\u00a0TI Magyarorsz\u00e1ghoz.<\/p>\n<div class=\"related-post-links\">\n<p>\t\t<span class=\"related-post-links__title minititle\">T\u00f6bb ebb\u0151l<\/span><\/p>\n<div class=\"related-post-links__link-wrapper\">\n\t\t\t\t<a href=\"https:\/\/forbes.hu\/penz\/4500-milliard-forint-lehet-a-ner-vagyonlerakoiban-tobb-mint-a-feluket-homaly-fedi\/\" class=\"related-post-links__link\">4500 milli\u00e1rd forint lehet a NER vagyonlerak\u00f3iban, t\u00f6bb mint a fel\u00fcket hom\u00e1ly fedi<\/a>\n\t\t\t<\/div>\n<\/div>\n<p><strong>Mi\u00e9rt fontos ez? <\/strong>A TI arr\u00f3l is \u00edr, hogy<\/p>\n<blockquote class=\"wp-block-quote is-layout-flow wp-block-quote-is-layout-flow\">\n<p>a n\u00e9gy \u00e1llami tulajdon\u00fa v\u00e1llalat egy\u00fcttesen t\u00f6bb mint 2645 milli\u00e1rd forint \u00e9rt\u00e9kben v\u00e1llalt befektet\u00e9st<\/p>\n<\/blockquote>\n<p> belf\u00f6ld\u00f6n \u00e9s k\u00fclf\u00f6ld\u00f6n bejegyzett <a href=\"https:\/\/www.forbes.hu\/penz\/4500-milliard-forint-lehet-a-ner-vagyonlerakoiban-tobb-mint-a-feluket-homaly-fedi\/\">mag\u00e1nt\u0151kealapokban<\/a>, ingatlanalapokban \u00e9s m\u00e1s, \u00fagynevezett alternat\u00edv alapokban 2026 m\u00e1rcius\u00e1nak v\u00e9g\u00e9ig \u2013 ennek csaknem 90 sz\u00e1zal\u00e9k\u00e1t az MFB-csoport v\u00e1llalta az \u00e1tl\u00e1thatatlan\u00a0tulajdonosi\u00a0h\u00e1tter\u0171\u00a0t\u0151kealapokba. A most felt\u00e1rt \u00f6sszeg k\u00e9tszerese annak a 1300 milli\u00e1rd forintnak, amelyet a TI Magyarorsz\u00e1g tavaly kiz\u00e1r\u00f3lag a mag\u00e1nt\u0151kealapokba \u00e1raml\u00f3 k\u00f6zp\u00e9nzek kapcs\u00e1n <a href=\"https:\/\/transparency.hu\/wp-content\/uploads\/2025\/12\/Ti-Hu_kozpenzek_es_maganhasznok_web.pdf\">azonos\u00edtott.<\/a><\/p>\n<p><strong>Mit jelent ez a gyakorlatban?<\/strong> A TI hozz\u00e1teszi, hogy legnagyobb r\u00e9szben a lek\u00f6sz\u00f6n\u0151\u00a0Orb\u00e1n Viktor\u00a0veje,\u00a0<a href=\"https:\/\/www.forbes.hu\/uzlet\/tiborcz-cegcsoportja-maradunk-magyarorszagon-es-egyuttmukodunk-a-hatosagokkal-a-leggazdagabb-magyarokat-kerdeztuk-a-kormanyvaltasrol\/\">Tiborcz\u00a0Istv\u00e1n<\/a> tulajdon\u00e1ba tartoz\u00f3 Gr\u00e1nit Alapkezel\u0151 r\u00e9szesedett az \u00e1llami forr\u00e1sokb\u00f3l:<\/p>\n<blockquote class=\"wp-block-quote is-layout-flow wp-block-quote-is-layout-flow\">\n<p>az \u00e1ltala menedzselt alapok fel\u00e9 \u00f6sszesen 308 milli\u00e1rd\u00a0forint \u00e9rt\u00e9kben\u00a0v\u00e1llalt k\u00f6telezetts\u00e9get az MFB-csoport a most nyilv\u00e1noss\u00e1gra ker\u00fclt inform\u00e1ci\u00f3k szerint.<\/p>\n<\/blockquote>\n<p><strong>Kontextus.<\/strong> A TI Magyarorsz\u00e1g oldal\u00e1n <a href=\"https:\/\/transparency.hu\/hirek\/2645-milliard-allami-forint-tokealapokba\/\">grafikonokon lehet b\u00f6ng\u00e9szni<\/a> az egyes \u00e1llami tulajdon\u00fa c\u00e9gek k\u00f6telezetts\u00e9g-v\u00e1llal\u00e1s\u00e1nak vagy a befektet\u00e9sek alapkezel\u0151 szerinti megoszl\u00e1s\u00e1t, ahogyan a befektet\u00e9sek teljes list\u00e1j\u00e1t is felt\u00f6lt\u00f6tt\u00e9k a <a href=\"https:\/\/transparency.hu\/wp-content\/uploads\/2026\/04\/MFB_EXIM_all_honlapra.xlsx\">honlapjukra.<\/a><\/p>\n<p><strong>Hogyan tov\u00e1bb?<\/strong> \u201eA\u00a0t\u0151kelapokba t\u00f6rt\u00e9n\u0151 \u00e1llami befektet\u00e9sek\u00a0jelent\u0151s korrupci\u00f3s kock\u00e1zatokat hordoznak \u00e9s megszegik a p\u00e9nzmos\u00e1s elleni\u00a0eur\u00f3pai\u00a0uni\u00f3s el\u0151\u00edr\u00e1sokat \u2013 \u00edrja a TI Magyarorsz\u00e1g. \u2013 Ut\u00f3bbit\u00a0az\u00e1ltal, hogy\u00a0rejtve tartj\u00e1k az\u00a0ismeretlen h\u00e1tter\u0171 t\u00e1rsbefektet\u0151k\u00a0kil\u00e9t\u00e9t. Mindamellett ellentmondanak az Alapt\u00f6rv\u00e9ny azon el\u0151\u00edr\u00e1s\u00e1nak is,\u00a0miszerint k\u00f6zp\u00e9nzt csak \u00e1tl\u00e1that\u00f3 szervezet kaphat. R\u00e1ad\u00e1sul p\u00e9nz\u00fcgyi fenntarthat\u00f3s\u00e1guk is jelent\u0151s terhet r\u00f3 az \u00e1llamra.<\/p>\n<blockquote class=\"wp-block-quote is-layout-flow wp-block-quote-is-layout-flow\">\n<p>Egyetlen\u00a0mozdulattal m\u00e9gsem\u00a0megsz\u00fcntethet\u0151k,\u00a0mert\u00a0jelent\u0151s\u00a0a\u00a0gazdas\u00e1gi s\u00falyuk.\u00a0E k\u00e9rd\u00e9s rendez\u00e9se, a\u00a0k\u00f6zp\u00e9nz\u00a0\u00fatj\u00e1nak\u00a0nyomon\u00a0k\u00f6vet\u00e9se\u00a0ez\u00e9rt kulcsfontoss\u00e1g\u00fa \u00e9s s\u00fcrget\u0151 lesz\u00a0a k\u00f6vetkez\u0151 korm\u00e1nyzat\u00a0sz\u00e1m\u00e1ra.\u201d<\/p>\n<\/blockquote>\n<p><!-- No email blocks found --><\/p>\n<p>The post <a href=\"https:\/\/forbes.hu\/penz\/brutalis-osszeg-2600-milliard-forint-kozpenz-folyt-a-ner-vagyonlerakoiba\/\">Brut\u00e1lis \u00f6sszeg: 2600 milli\u00e1rd forint k\u00f6zp\u00e9nz folyt a NER vagyonlerak\u00f3iba<\/a> appeared first on <a href=\"https:\/\/forbes.hu\/\">Forbes.hu<\/a>.<\/p><div id=\"friss-1323701526\" class=\"friss-etarget-cikk-vege friss-entity-placement\"><script type=\"text\/javascript\" id=\"etargetScript7a9b589f63cb072bef80df221f46a22b\">function etargetPostloadFunction7a9b589f63cb072bef80df221f46a22b(){var e=\"etargetPostload7a9b589f63cb072bef80df221f46a22b\",t=\"etargetScript7a9b589f63cb072bef80df221f46a22b\",o=document.getElementById(e);if(o){for(var n=o.offsetTop,d=o.offsetLeft,r=o.offsetWidth,a=o.offsetHeight;o.offsetParent;)o=o.offsetParent,n+=o.offsetTop,d+=o.offsetLeft;var i=(n<=window.pageYOffset+window.innerHeight&&d<window.pageXOffset+window.innerWidth&&n+a>window.pageYOffset&&d+r>window.pageXOffset);if(i&&etargetAllowOtherCheck){allowed=!1;var c=document.createElement(\"script\");return c.src=\"\/\/hu.search.etargetnet.com\/generic\/uni.php?g=ref:58661,area:700x210\",void(document.getElementById(t)&&document.getElementById(e)&&(document.getElementById(t).parentNode.appendChild(c),document.getElementById(t).parentNode.removeChild(document.getElementById(t)),document.getElementById(e).parentNode.removeChild(document.getElementById(e)),document.removeEventListener(\"scroll\",etargetPostloadFunction7a9b589f63cb072bef80df221f46a22b),document.removeEventListener(\"resize\",etargetPostloadFunction7a9b589f63cb072bef80df221f46a22b),document.removeEventListener(\"DOMContentLoaded\",etargetPostloadFunction7a9b589f63cb072bef80df221f46a22b)))}}}var etargetDivID=\"etargetPostload7a9b589f63cb072bef80df221f46a22b\",etargetScriptID=\"etargetScript7a9b589f63cb072bef80df221f46a22b\",etargetPostloadPoint=document.createElement(\"div\");etargetPostloadPoint.id=etargetDivID;var etargetCurScript=document.getElementById(etargetScriptID);etargetCurScript.parentNode.appendChild(etargetPostloadPoint),document.addEventListener(\"scroll\",etargetPostloadFunction7a9b589f63cb072bef80df221f46a22b),document.addEventListener(\"resize\",etargetPostloadFunction7a9b589f63cb072bef80df221f46a22b),document.addEventListener(\"DOMContentLoaded\",etargetPostloadFunction7a9b589f63cb072bef80df221f46a22b);var etargetAllowOtherCheck=!0;if(typeof(\"forceRunPostload\")==\"string\"){etargetPostloadFunction7a9b589f63cb072bef80df221f46a22b()}<\/script><\/div><div id=\"friss-617614575\" class=\"friss-after-content friss-entity-placement\"><script type=\"text\/javascript\" id=\"etargetScript7a9b589f63cb072bef80df221f46a22b\">function etargetPostloadFunction7a9b589f63cb072bef80df221f46a22b(){var e=\"etargetPostload7a9b589f63cb072bef80df221f46a22b\",t=\"etargetScript7a9b589f63cb072bef80df221f46a22b\",o=document.getElementById(e);if(o){for(var n=o.offsetTop,d=o.offsetLeft,r=o.offsetWidth,a=o.offsetHeight;o.offsetParent;)o=o.offsetParent,n+=o.offsetTop,d+=o.offsetLeft;var i=(n<=window.pageYOffset+window.innerHeight&&d<window.pageXOffset+window.innerWidth&&n+a>window.pageYOffset&&d+r>window.pageXOffset);if(i&&etargetAllowOtherCheck){allowed=!1;var c=document.createElement(\"script\");return c.src=\"\/\/hu.search.etargetnet.com\/generic\/uni.php?g=ref:58661,area:700x210\",void(document.getElementById(t)&&document.getElementById(e)&&(document.getElementById(t).parentNode.appendChild(c),document.getElementById(t).parentNode.removeChild(document.getElementById(t)),document.getElementById(e).parentNode.removeChild(document.getElementById(e)),document.removeEventListener(\"scroll\",etargetPostloadFunction7a9b589f63cb072bef80df221f46a22b),document.removeEventListener(\"resize\",etargetPostloadFunction7a9b589f63cb072bef80df221f46a22b),document.removeEventListener(\"DOMContentLoaded\",etargetPostloadFunction7a9b589f63cb072bef80df221f46a22b)))}}}var etargetDivID=\"etargetPostload7a9b589f63cb072bef80df221f46a22b\",etargetScriptID=\"etargetScript7a9b589f63cb072bef80df221f46a22b\",etargetPostloadPoint=document.createElement(\"div\");etargetPostloadPoint.id=etargetDivID;var etargetCurScript=document.getElementById(etargetScriptID);etargetCurScript.parentNode.appendChild(etargetPostloadPoint),document.addEventListener(\"scroll\",etargetPostloadFunction7a9b589f63cb072bef80df221f46a22b),document.addEventListener(\"resize\",etargetPostloadFunction7a9b589f63cb072bef80df221f46a22b),document.addEventListener(\"DOMContentLoaded\",etargetPostloadFunction7a9b589f63cb072bef80df221f46a22b);var etargetAllowOtherCheck=!0;if(typeof(\"forceRunPostload\")==\"string\"){etargetPostloadFunction7a9b589f63cb072bef80df221f46a22b()}<\/script><\/div><div id=\"friss-10750865\" class=\"friss-after-content_2 friss-entity-placement\" style=\"clear: both;\"><div class=\"wprss_ajax\" data-id=\"rssd31af9b846\"><img loading=\"lazy\" decoding=\"async\" src=\"https:\/\/friss-hirek.hu\/wp-content\/plugins\/wp-rss-retriever\/inc\/imgs\/ajax-loader.gif\" alt=\"Loading RSS Feed\" width=\"16\" height=\"16\"><\/div><\/div><br style=\"clear: both; display: block; float: none;\"\/><div id=\"friss-361340473\" class=\"friss-after-content_3 friss-entity-placement\">https:\/\/www.youtube.com\/watch?v=Pdnw4KiUWp0<\/div>","protected":false},"excerpt":{"rendered":"<p>A Transparency International Magyarorsz\u00e1g birtok\u00e1ba jutott inform\u00e1ci\u00f3k szerint Tiborcz Istv\u00e1n alapkezel\u0151j\u00e9t tal\u00e1lt\u00e1k meg a legt\u00f6bb \u00e1llami forr\u00e1ssal az elm\u00falt 13 \u00e9vben. A szervezet szerint a k\u00f6zp\u00e9nz nyomon k\u00f6vet\u00e9se s\u00fcrget\u0151 lesz a Tisza-korm\u00e1ny sz\u00e1m\u00e1ra. Mi t\u00f6rt\u00e9nt? A Transparency International Magyarorsz\u00e1g azt \u00edrja, 2013 \u00f3ta \u00f6sszesen 99 t\u0151kealap ir\u00e1ny\u00e1ba v\u00e1llalt befektet\u00e9si k\u00f6telezetts\u00e9get n\u00e9gy \u00e1llami szerepl\u0151, az NTH [&hellip;]<\/p>\n","protected":false},"author":1,"featured_media":0,"comment_status":"open","ping_status":"open","sticky":false,"template":"","format":"standard","meta":{"footnotes":""},"categories":[7],"tags":[],"class_list":["post-166216","post","type-post","status-publish","format-standard","hentry","category-uzlet"],"amp_enabled":true,"_links":{"self":[{"href":"https:\/\/friss-hirek.hu\/index.php\/wp-json\/wp\/v2\/posts\/166216","targetHints":{"allow":["GET"]}}],"collection":[{"href":"https:\/\/friss-hirek.hu\/index.php\/wp-json\/wp\/v2\/posts"}],"about":[{"href":"https:\/\/friss-hirek.hu\/index.php\/wp-json\/wp\/v2\/types\/post"}],"author":[{"embeddable":true,"href":"https:\/\/friss-hirek.hu\/index.php\/wp-json\/wp\/v2\/users\/1"}],"replies":[{"embeddable":true,"href":"https:\/\/friss-hirek.hu\/index.php\/wp-json\/wp\/v2\/comments?post=166216"}],"version-history":[{"count":0,"href":"https:\/\/friss-hirek.hu\/index.php\/wp-json\/wp\/v2\/posts\/166216\/revisions"}],"wp:attachment":[{"href":"https:\/\/friss-hirek.hu\/index.php\/wp-json\/wp\/v2\/media?parent=166216"}],"wp:term":[{"taxonomy":"category","embeddable":true,"href":"https:\/\/friss-hirek.hu\/index.php\/wp-json\/wp\/v2\/categories?post=166216"},{"taxonomy":"post_tag","embeddable":true,"href":"https:\/\/friss-hirek.hu\/index.php\/wp-json\/wp\/v2\/tags?post=166216"}],"curies":[{"name":"wp","href":"https:\/\/api.w.org\/{rel}","templated":true}]}}