{"id":166217,"date":"2026-04-30T13:21:27","date_gmt":"2026-04-30T13:21:27","guid":{"rendered":"https:\/\/friss-hirek.hu\/index.php\/inkabb-nem-kertuk-az-nka-feltetelekhez-kotott-felpenzet-es-csak-megerositett-hogy-lattuk-kiket-tamogattak\/friss-hirek\/"},"modified":"2026-04-30T13:21:27","modified_gmt":"2026-04-30T13:21:27","slug":"inkabb-nem-kertuk-az-nka-feltetelekhez-kotott-felpenzet-es-csak-megerositett-hogy-lattuk-kiket-tamogattak","status":"publish","type":"post","link":"https:\/\/friss-hirek.hu\/index.php\/inkabb-nem-kertuk-az-nka-feltetelekhez-kotott-felpenzet-es-csak-megerositett-hogy-lattuk-kiket-tamogattak\/uzlet\/","title":{"rendered":"\u201eInk\u00e1bb nem k\u00e9rt\u00fck az NKA felt\u00e9telekhez k\u00f6t\u00f6tt f\u00e9lp\u00e9nz\u00e9t, \u00e9s csak meger\u0151s\u00edtett, hogy l\u00e1ttuk, kiket t\u00e1mogattak\u201d"},"content":{"rendered":"<p><strong>\u00d6t\u00f6dik \u00e9ve rendezik meg Budapesten a JazzFestet, \u00e9s id\u00e9n l\u00e9nyeg\u00e9ben a f\u0151v\u00e1ros mentette meg a nagy helysz\u00edn n\u00e9lk\u00fcl maradt fesztiv\u00e1lt. A V\u00e1rosh\u00e1za Parkban olyan nemzetk\u00f6zi szt\u00e1rok is fell\u00e9pnek j\u00fanius v\u00e9g\u00e9n, j\u00falius elej\u00e9n, mint Al Di Meola, Marcus Miller, Pat Metheny vagy Charles Lloyd.<\/strong><\/p><div id=\"friss-3103239740\" class=\"friss-etarget friss-entity-placement\"><script type=\"text\/javascript\" id=\"etargetScript7a9b589f63cb072bef80df221f46a22b\">function etargetPostloadFunction7a9b589f63cb072bef80df221f46a22b(){var e=\"etargetPostload7a9b589f63cb072bef80df221f46a22b\",t=\"etargetScript7a9b589f63cb072bef80df221f46a22b\",o=document.getElementById(e);if(o){for(var n=o.offsetTop,d=o.offsetLeft,r=o.offsetWidth,a=o.offsetHeight;o.offsetParent;)o=o.offsetParent,n+=o.offsetTop,d+=o.offsetLeft;var i=(n<=window.pageYOffset+window.innerHeight&&d<window.pageXOffset+window.innerWidth&&n+a>window.pageYOffset&&d+r>window.pageXOffset);if(i&&etargetAllowOtherCheck){allowed=!1;var c=document.createElement(\"script\");return c.src=\"\/\/hu.search.etargetnet.com\/generic\/uni.php?g=ref:58661,area:700x210\",void(document.getElementById(t)&&document.getElementById(e)&&(document.getElementById(t).parentNode.appendChild(c),document.getElementById(t).parentNode.removeChild(document.getElementById(t)),document.getElementById(e).parentNode.removeChild(document.getElementById(e)),document.removeEventListener(\"scroll\",etargetPostloadFunction7a9b589f63cb072bef80df221f46a22b),document.removeEventListener(\"resize\",etargetPostloadFunction7a9b589f63cb072bef80df221f46a22b),document.removeEventListener(\"DOMContentLoaded\",etargetPostloadFunction7a9b589f63cb072bef80df221f46a22b)))}}}var etargetDivID=\"etargetPostload7a9b589f63cb072bef80df221f46a22b\",etargetScriptID=\"etargetScript7a9b589f63cb072bef80df221f46a22b\",etargetPostloadPoint=document.createElement(\"div\");etargetPostloadPoint.id=etargetDivID;var etargetCurScript=document.getElementById(etargetScriptID);etargetCurScript.parentNode.appendChild(etargetPostloadPoint),document.addEventListener(\"scroll\",etargetPostloadFunction7a9b589f63cb072bef80df221f46a22b),document.addEventListener(\"resize\",etargetPostloadFunction7a9b589f63cb072bef80df221f46a22b),document.addEventListener(\"DOMContentLoaded\",etargetPostloadFunction7a9b589f63cb072bef80df221f46a22b);var etargetAllowOtherCheck=!0;if(typeof(\"forceRunPostload\")==\"string\"){etargetPostloadFunction7a9b589f63cb072bef80df221f46a22b()}<\/script><\/div>\n<figure class=\"wp-block-image alignright size-full is-resized\">\n<div class=\"photo-credit-wrapper\"><img decoding=\"async\" width=\"300\" height=\"286\" loading=\"lazy\" src=\"https:\/\/cdn.forbes.hu\/uploads\/2022\/07\/ilda-2.jpeg\" alt=\"\" class=\"wp-image-479318\" \/><\/div>\n<\/figure>\n<p>\u201eNem ciki, hogy tudj\u00e1k, \u00e9n is szeretem a dzsesszt?\u201d Ez volt Kar\u00e1csony Gergely f\u0151polg\u00e1rmester els\u0151 reakci\u00f3ja, amikor Kleb Attila, a <a href=\"https:\/\/forbes.hu\/uzlet\/jazzfest_fesztival_koncer\/\">JazzFest Budapest alap\u00edt\u00f3-igazgat\u00f3ja<\/a> el\u0151sz\u00f6r megkereste, hogy t\u00e1mogassa a fesztiv\u00e1lt. A f\u0151v\u00e1rosi \u00f6nkorm\u00e1nyzat seg\u00edts\u00e9g\u00e9re id\u00e9n m\u00e1r csak az\u00e9rt is sz\u00fcks\u00e9ge volt az \u00f6t\u00f6dik \u00e9ve megrendezett fesztiv\u00e1lnak, mert miut\u00e1n az Operah\u00e1zt\u00f3l f\u00fcggetlenn\u00e9 v\u00e1lt az Erkel Sz\u00ednh\u00e1z, <a href=\"https:\/\/forbes.hu\/a-jo-elet\/a-jazzfest-huzta-a-rovidebbet-az-uj-kormanyzati-musical-politika-miatt\/\">nem volt megfelel\u0151 helysz\u00edn<\/a> a nagyobb k\u00f6z\u00f6ns\u00e9get vonz\u00f3 koncertekhez. <\/p>\n<p>A megment\u0151 helysz\u00ednen, a V\u00e1rosh\u00e1za Parkban naponta n\u00e9gy produkci\u00f3t n\u00e9zhet meg, aki napijegyet v\u00e1s\u00e1rol j\u00fanius 27. \u00e9s j\u00falius 5. k\u00f6z\u00f6tt. Id\u00e9n is lesznek ingyenes programok is, egyr\u00e9szt este t\u00edz ut\u00e1n ugyanitt, m\u00e1sr\u00e9szt a v\u00e1ros t\u00f6bb pontj\u00e1n, p\u00e9ld\u00e1ul a Gozsdu Udvarban, a Filoz\u00f3fusok kertj\u00e9ben, a R\u00e1k\u00f3czi t\u00e9ren \u00e9s a Bak\u00e1ts t\u00e9ren.<\/p>\n<blockquote class=\"wp-block-quote is-layout-flow wp-block-quote-is-layout-flow\">\n<p>A szervez\u0151k most is p\u00e1ly\u00e1ztak t\u00e1mogat\u00e1s\u00e9rt a Nemzeti Kultur\u00e1lis Alapn\u00e1l (NKA), de csak a k\u00e9rt \u00f6sszeg fel\u00e9t \u00edt\u00e9lt\u00e9k meg nekik (tizenk\u00e9t milli\u00f3 helyett hatmilli\u00f3 forintot), azt is olyan felt\u00e9telekkel, ami Kleb Attila szerint m\u00e1r ink\u00e1bb a szponzor\u00e1ci\u00f3 fogalm\u00e1t mer\u00edti ki. <\/p>\n<\/blockquote>\n<p>\u201eKomplett PR-kamp\u00e1nyt v\u00e1rtak, \u00e9s a teljes k\u00f6lts\u00e9gvet\u00e9s\u00fcnk minden fill\u00e9r\u00e9r\u0151l elsz\u00e1mol\u00e1st, holott csak egy r\u00e9sz\u00e9t adt\u00e1k volna \u0151k, \u00e9s szerint\u00fcnk nincs k\u00f6z\u00fck ahhoz, hogy ki mennyi\u00e9rt v\u00e1llalja a fell\u00e9p\u00e9st.\u201d Ezek ut\u00e1n \u00e1prilis elej\u00e9n visszamondt\u00e1k a t\u00e1mogat\u00e1st, \u201eemelt f\u0151vel, egyenes der\u00e9kkal\u201d, \u00e9s a d\u00f6nt\u00e9sben csak meger\u0151s\u00edtette \u0151ket, amikor l\u00e1tt\u00e1k, hogy<a href=\"https:\/\/forbes.hu\/penz\/millios-allami-tamogatas-a-zeneszeknek-megszolalt-dopeman-es-kis-grofo\/\"> kiket t\u00e1mogatott az NKA.<\/a> Attila szerint \u201eolyanokat is, akik csak nyomokban tartalmaztak fesztiv\u00e1lt.\u201d<\/p>\n<figure class=\"wp-block-image size-full\">\n<div class=\"photo-credit-wrapper\"><img decoding=\"async\" width=\"1920\" height=\"1280\" loading=\"lazy\" src=\"https:\/\/cdn.forbes.hu\/uploads\/2024\/07\/Jazznap-Gala-2024_%C2%A9Attila-Kleb_KLA6773.jpg\" alt=\"\" class=\"wp-image-611289\" \/>\n<div class=\"photo-credit\">\n            <img decoding=\"async\" loading=\"lazy\" class=\"photo-credit__icon\" src=\"https:\/\/forbes.hu\/wp-content\/themes\/frontend\/atoms\/photo-credit\/icon-info.svg\" alt=\"info\" \/><br \/>\n            <span class=\"photo-credit__label\">Jazznap Ga\u0301la 2024_\u00a9Attila Kleb<\/span>\n        <\/div>\n<\/div><figcaption class=\"wp-element-caption\">Jazznap Ga\u0301la 2024_\u00a9Attila Kleb<\/figcaption><\/figure>\n<p>Attila azt mondja, tavaly \u0151sszel egy ponton k\u00f6zel \u00e1llt ahhoz, hogy feladja a fesztiv\u00e1l megrendez\u00e9s\u00e9t. Az NKA-s t\u00e1mogat\u00e1s hi\u00e1ny\u00e1ban n\u00e9h\u00e1ny programot (p\u00e9ld\u00e1ul a gyerekeduk\u00e1ci\u00f3s esem\u00e9nyeket) el kellett engedni, de m\u00e9g rem\u00e9nykednek t\u00e1mogat\u00f3kban. Mindenesetre hivatalos s\u00f6re (Monyo) \u00e9s bora (Pannonhalmi Ap\u00e1ts\u00e1g) p\u00e9ld\u00e1ul m\u00e1r van a fesztiv\u00e1lnak, \u00e9s id\u00e9n el\u0151sz\u00f6r k\u00fclf\u00f6ldi d\u00edszvend\u00e9g is lesz: D\u00e9l-Korea, ahonnan t\u00f6bbek k\u00f6z\u00f6tt Cho Yoonseung dzsesszzongorista \u00e9s a New East Quartet nev\u0171 form\u00e1ci\u00f3, illetve Youn Sun Nah dzsessz\u00e9nekes \u00e9rkezik Budapestre. A JazzFest szervez\u0151i ugyanis azzal is pr\u00f3b\u00e1lkoznak, hogy a magyar tehets\u00e9geket eljuttass\u00e1k k\u00fclf\u00f6ldi fesztiv\u00e1lokra. <\/p>\n\n<blockquote class=\"wp-block-quote is-layout-flow wp-block-quote-is-layout-flow\">\n<p>El\u0151sz\u00f6r, 2024-ben a Nagy Emma Quintet mehetett el a d\u00e9l-koreai Jarasum Jazz Festivalra, ahol napi h\u00e1rom nap alatt 60-70 ezer l\u00e1togat\u00f3 fordul meg.<\/p>\n<\/blockquote>\n<p>A budapesti JazzFest idei k\u00f6lts\u00e9gvet\u00e9se nagyj\u00e1b\u00f3l 280-300 milli\u00f3 forint, \u00e9s mintegy k\u00e9tsz\u00e1z fell\u00e9p\u0151 lesz tizenk\u00e9t orsz\u00e1gb\u00f3l. Az ut\u00f3bbi \u00e9vekben nagyj\u00e1b\u00f3l minden \u00f6t\u00f6dik n\u00e9z\u0151 k\u00fclf\u00f6ldi volt, ami legal\u00e1bb h\u00e1romezer turist\u00e1t \u00e9s kilenc-t\u00edzezer vend\u00e9g\u00e9jszak\u00e1t hozott a v\u00e1rosnak. Attila szerint egy v\u00e1ros att\u00f3l lesz \u00e9rt\u00e9kes, hogy min\u00e9l t\u00f6bb kultur\u00e1lis rendezv\u00e9nye van. \u201ePersze a lakoss\u00e1got sem \u00e1rt bevonni, hogy ne jelentsenek fel benn\u00fcnket a k\u00f6zt\u00e9ri zen\u00e9l\u00e9s\u00e9rt.\u201d<\/p>\n<p>A JazzFest p\u00e1ly\u00e1zatot is ki\u00edrt a legfiatalabb (maximum 30 \u00e9ves) zen\u00e9szeknek. A jelentkez\u0151k k\u00f6z\u00fcl nemzetk\u00f6zi zs\u0171ri \u2013 Charles Lloyd, Bill Evans, Shai Maestro \u00e9s Al Di Meola \u2013 v\u00e1lasztotta ki a h\u00e1rom nyertest: a Klausz M\u00e1t\u00e9 Jazz Quartet, a Luk\u00e1cs M\u00e1rton tri\u00f3 \u00e9s a rom\u00e1niai R\u0103zvan Florescu Quartet is bemutatkozhatnak majd a V\u00e1rosh\u00e1za Parkban.<\/p>\n<p>Napfelkeltekor pedig megint lesz a Filoz\u00f3fusok kertj\u00e9ben <em>Sunrise Surprise. <\/em>\u201eGondoltam, ez id\u00e9n elmarad, mert kor\u00e1bban \u00e1prilisban volt a fesztiv\u00e1l, akkor 5-kor kezdt\u00fcnk, \u00e1m j\u00faniusban egy \u00f3r\u00e1val kor\u00e1bban kel, de Borb\u00e9ly Misi azt mondta: \u0151 ak\u00e1r egyed\u00fcl is ott lesz 4.15-kor (j\u00fanius 27-\u00e9n h\u00e1romnegyed \u00f6tkor kel fel a nap Budapesten)\u201d \u2013 mes\u00e9li Attila. Gy\u00e9m\u00e1nt B\u00e1lint \u00e9s Mogyor\u00f3 Korn\u00e9l is azonnal csatlakoztak.<\/p>\n<p><em>Nyit\u00f3k\u00e9p: Kleb Attila, fot\u00f3zta: Sebesty\u00e9n L\u00e1szl\u00f3<\/em><\/p>\n<p><!-- No email blocks found --><\/p>\n<p>The post <a href=\"https:\/\/forbes.hu\/a-jo-elet\/inkabb-nem-kertuk-az-nka-feltetelekhez-kotott-felpenzet-es-csak-megerositett-hogy-lattuk-kiket-tamogattak\/\">\u201eInk\u00e1bb nem k\u00e9rt\u00fck az NKA felt\u00e9telekhez k\u00f6t\u00f6tt f\u00e9lp\u00e9nz\u00e9t, \u00e9s csak meger\u0151s\u00edtett, hogy l\u00e1ttuk, kiket t\u00e1mogattak\u201d<\/a> appeared first on <a href=\"https:\/\/forbes.hu\/\">Forbes.hu<\/a>.<\/p><div id=\"friss-3403866837\" class=\"friss-etarget-cikk-vege friss-entity-placement\"><script type=\"text\/javascript\" id=\"etargetScript7a9b589f63cb072bef80df221f46a22b\">function etargetPostloadFunction7a9b589f63cb072bef80df221f46a22b(){var e=\"etargetPostload7a9b589f63cb072bef80df221f46a22b\",t=\"etargetScript7a9b589f63cb072bef80df221f46a22b\",o=document.getElementById(e);if(o){for(var n=o.offsetTop,d=o.offsetLeft,r=o.offsetWidth,a=o.offsetHeight;o.offsetParent;)o=o.offsetParent,n+=o.offsetTop,d+=o.offsetLeft;var i=(n<=window.pageYOffset+window.innerHeight&&d<window.pageXOffset+window.innerWidth&&n+a>window.pageYOffset&&d+r>window.pageXOffset);if(i&&etargetAllowOtherCheck){allowed=!1;var c=document.createElement(\"script\");return c.src=\"\/\/hu.search.etargetnet.com\/generic\/uni.php?g=ref:58661,area:700x210\",void(document.getElementById(t)&&document.getElementById(e)&&(document.getElementById(t).parentNode.appendChild(c),document.getElementById(t).parentNode.removeChild(document.getElementById(t)),document.getElementById(e).parentNode.removeChild(document.getElementById(e)),document.removeEventListener(\"scroll\",etargetPostloadFunction7a9b589f63cb072bef80df221f46a22b),document.removeEventListener(\"resize\",etargetPostloadFunction7a9b589f63cb072bef80df221f46a22b),document.removeEventListener(\"DOMContentLoaded\",etargetPostloadFunction7a9b589f63cb072bef80df221f46a22b)))}}}var etargetDivID=\"etargetPostload7a9b589f63cb072bef80df221f46a22b\",etargetScriptID=\"etargetScript7a9b589f63cb072bef80df221f46a22b\",etargetPostloadPoint=document.createElement(\"div\");etargetPostloadPoint.id=etargetDivID;var etargetCurScript=document.getElementById(etargetScriptID);etargetCurScript.parentNode.appendChild(etargetPostloadPoint),document.addEventListener(\"scroll\",etargetPostloadFunction7a9b589f63cb072bef80df221f46a22b),document.addEventListener(\"resize\",etargetPostloadFunction7a9b589f63cb072bef80df221f46a22b),document.addEventListener(\"DOMContentLoaded\",etargetPostloadFunction7a9b589f63cb072bef80df221f46a22b);var etargetAllowOtherCheck=!0;if(typeof(\"forceRunPostload\")==\"string\"){etargetPostloadFunction7a9b589f63cb072bef80df221f46a22b()}<\/script><\/div><div id=\"friss-2700025013\" class=\"friss-after-content friss-entity-placement\"><script type=\"text\/javascript\" id=\"etargetScript7a9b589f63cb072bef80df221f46a22b\">function etargetPostloadFunction7a9b589f63cb072bef80df221f46a22b(){var e=\"etargetPostload7a9b589f63cb072bef80df221f46a22b\",t=\"etargetScript7a9b589f63cb072bef80df221f46a22b\",o=document.getElementById(e);if(o){for(var n=o.offsetTop,d=o.offsetLeft,r=o.offsetWidth,a=o.offsetHeight;o.offsetParent;)o=o.offsetParent,n+=o.offsetTop,d+=o.offsetLeft;var i=(n<=window.pageYOffset+window.innerHeight&&d<window.pageXOffset+window.innerWidth&&n+a>window.pageYOffset&&d+r>window.pageXOffset);if(i&&etargetAllowOtherCheck){allowed=!1;var c=document.createElement(\"script\");return c.src=\"\/\/hu.search.etargetnet.com\/generic\/uni.php?g=ref:58661,area:700x210\",void(document.getElementById(t)&&document.getElementById(e)&&(document.getElementById(t).parentNode.appendChild(c),document.getElementById(t).parentNode.removeChild(document.getElementById(t)),document.getElementById(e).parentNode.removeChild(document.getElementById(e)),document.removeEventListener(\"scroll\",etargetPostloadFunction7a9b589f63cb072bef80df221f46a22b),document.removeEventListener(\"resize\",etargetPostloadFunction7a9b589f63cb072bef80df221f46a22b),document.removeEventListener(\"DOMContentLoaded\",etargetPostloadFunction7a9b589f63cb072bef80df221f46a22b)))}}}var etargetDivID=\"etargetPostload7a9b589f63cb072bef80df221f46a22b\",etargetScriptID=\"etargetScript7a9b589f63cb072bef80df221f46a22b\",etargetPostloadPoint=document.createElement(\"div\");etargetPostloadPoint.id=etargetDivID;var etargetCurScript=document.getElementById(etargetScriptID);etargetCurScript.parentNode.appendChild(etargetPostloadPoint),document.addEventListener(\"scroll\",etargetPostloadFunction7a9b589f63cb072bef80df221f46a22b),document.addEventListener(\"resize\",etargetPostloadFunction7a9b589f63cb072bef80df221f46a22b),document.addEventListener(\"DOMContentLoaded\",etargetPostloadFunction7a9b589f63cb072bef80df221f46a22b);var etargetAllowOtherCheck=!0;if(typeof(\"forceRunPostload\")==\"string\"){etargetPostloadFunction7a9b589f63cb072bef80df221f46a22b()}<\/script><\/div><div id=\"friss-282099128\" class=\"friss-after-content_2 friss-entity-placement\" style=\"clear: both;\"><div class=\"wprss_ajax\" data-id=\"rss4b59465d2c\"><img loading=\"lazy\" decoding=\"async\" src=\"https:\/\/friss-hirek.hu\/wp-content\/plugins\/wp-rss-retriever\/inc\/imgs\/ajax-loader.gif\" alt=\"Loading RSS Feed\" width=\"16\" height=\"16\"><\/div><\/div><br style=\"clear: both; display: block; float: none;\"\/><div id=\"friss-2737633271\" class=\"friss-after-content_3 friss-entity-placement\">https:\/\/www.youtube.com\/watch?v=Pdnw4KiUWp0<\/div>","protected":false},"excerpt":{"rendered":"<p>\u00d6t\u00f6dik \u00e9ve rendezik meg Budapesten a JazzFestet, \u00e9s id\u00e9n l\u00e9nyeg\u00e9ben a f\u0151v\u00e1ros mentette meg a nagy helysz\u00edn n\u00e9lk\u00fcl maradt fesztiv\u00e1lt. A V\u00e1rosh\u00e1za Parkban olyan nemzetk\u00f6zi szt\u00e1rok is fell\u00e9pnek j\u00fanius v\u00e9g\u00e9n, j\u00falius elej\u00e9n, mint Al Di Meola, Marcus Miller, Pat Metheny vagy Charles Lloyd. \u201eNem ciki, hogy tudj\u00e1k, \u00e9n is szeretem a dzsesszt?\u201d Ez volt Kar\u00e1csony [&hellip;]<\/p>\n","protected":false},"author":1,"featured_media":0,"comment_status":"open","ping_status":"open","sticky":false,"template":"","format":"standard","meta":{"footnotes":""},"categories":[7],"tags":[],"class_list":["post-166217","post","type-post","status-publish","format-standard","hentry","category-uzlet"],"amp_enabled":true,"_links":{"self":[{"href":"https:\/\/friss-hirek.hu\/index.php\/wp-json\/wp\/v2\/posts\/166217","targetHints":{"allow":["GET"]}}],"collection":[{"href":"https:\/\/friss-hirek.hu\/index.php\/wp-json\/wp\/v2\/posts"}],"about":[{"href":"https:\/\/friss-hirek.hu\/index.php\/wp-json\/wp\/v2\/types\/post"}],"author":[{"embeddable":true,"href":"https:\/\/friss-hirek.hu\/index.php\/wp-json\/wp\/v2\/users\/1"}],"replies":[{"embeddable":true,"href":"https:\/\/friss-hirek.hu\/index.php\/wp-json\/wp\/v2\/comments?post=166217"}],"version-history":[{"count":0,"href":"https:\/\/friss-hirek.hu\/index.php\/wp-json\/wp\/v2\/posts\/166217\/revisions"}],"wp:attachment":[{"href":"https:\/\/friss-hirek.hu\/index.php\/wp-json\/wp\/v2\/media?parent=166217"}],"wp:term":[{"taxonomy":"category","embeddable":true,"href":"https:\/\/friss-hirek.hu\/index.php\/wp-json\/wp\/v2\/categories?post=166217"},{"taxonomy":"post_tag","embeddable":true,"href":"https:\/\/friss-hirek.hu\/index.php\/wp-json\/wp\/v2\/tags?post=166217"}],"curies":[{"name":"wp","href":"https:\/\/api.w.org\/{rel}","templated":true}]}}