{"id":166229,"date":"2026-04-30T17:23:28","date_gmt":"2026-04-30T17:23:28","guid":{"rendered":"https:\/\/friss-hirek.hu\/index.php\/2017-ben-meg-mint-egy-kulfoldi-multi-vezere-szolt-be-orbannak-most-atveszi-a-belugyminiszteriumot\/friss-hirek\/"},"modified":"2026-04-30T17:23:28","modified_gmt":"2026-04-30T17:23:28","slug":"2017-ben-meg-mint-egy-kulfoldi-multi-vezere-szolt-be-orbannak-most-atveszi-a-belugyminiszteriumot","status":"publish","type":"post","link":"https:\/\/friss-hirek.hu\/index.php\/2017-ben-meg-mint-egy-kulfoldi-multi-vezere-szolt-be-orbannak-most-atveszi-a-belugyminiszteriumot\/uzlet\/","title":{"rendered":"2017-ben m\u00e9g mint egy k\u00fclf\u00f6ldi multi vez\u00e9re sz\u00f3lt be Orb\u00e1nnak, most \u00e1tveszi a Bel\u00fcgyminiszt\u00e9riumot"},"content":{"rendered":"<p><strong>K\u00e9t \u00faj miniszter jelentett be Magyar P\u00e9ter, megvan a bel\u00fcgy- \u00e9s az igazs\u00e1g\u00fcgyminiszter is. <\/strong><\/p><div id=\"friss-2996198234\" class=\"friss-etarget friss-entity-placement\"><script type=\"text\/javascript\" id=\"etargetScript7a9b589f63cb072bef80df221f46a22b\">function etargetPostloadFunction7a9b589f63cb072bef80df221f46a22b(){var e=\"etargetPostload7a9b589f63cb072bef80df221f46a22b\",t=\"etargetScript7a9b589f63cb072bef80df221f46a22b\",o=document.getElementById(e);if(o){for(var n=o.offsetTop,d=o.offsetLeft,r=o.offsetWidth,a=o.offsetHeight;o.offsetParent;)o=o.offsetParent,n+=o.offsetTop,d+=o.offsetLeft;var i=(n<=window.pageYOffset+window.innerHeight&&d<window.pageXOffset+window.innerWidth&&n+a>window.pageYOffset&&d+r>window.pageXOffset);if(i&&etargetAllowOtherCheck){allowed=!1;var c=document.createElement(\"script\");return c.src=\"\/\/hu.search.etargetnet.com\/generic\/uni.php?g=ref:58661,area:700x210\",void(document.getElementById(t)&&document.getElementById(e)&&(document.getElementById(t).parentNode.appendChild(c),document.getElementById(t).parentNode.removeChild(document.getElementById(t)),document.getElementById(e).parentNode.removeChild(document.getElementById(e)),document.removeEventListener(\"scroll\",etargetPostloadFunction7a9b589f63cb072bef80df221f46a22b),document.removeEventListener(\"resize\",etargetPostloadFunction7a9b589f63cb072bef80df221f46a22b),document.removeEventListener(\"DOMContentLoaded\",etargetPostloadFunction7a9b589f63cb072bef80df221f46a22b)))}}}var etargetDivID=\"etargetPostload7a9b589f63cb072bef80df221f46a22b\",etargetScriptID=\"etargetScript7a9b589f63cb072bef80df221f46a22b\",etargetPostloadPoint=document.createElement(\"div\");etargetPostloadPoint.id=etargetDivID;var etargetCurScript=document.getElementById(etargetScriptID);etargetCurScript.parentNode.appendChild(etargetPostloadPoint),document.addEventListener(\"scroll\",etargetPostloadFunction7a9b589f63cb072bef80df221f46a22b),document.addEventListener(\"resize\",etargetPostloadFunction7a9b589f63cb072bef80df221f46a22b),document.addEventListener(\"DOMContentLoaded\",etargetPostloadFunction7a9b589f63cb072bef80df221f46a22b);var etargetAllowOtherCheck=!0;if(typeof(\"forceRunPostload\")==\"string\"){etargetPostloadFunction7a9b589f63cb072bef80df221f46a22b()}<\/script><\/div>\n<p><strong>Mi t\u00f6rt\u00e9nt?<\/strong> \u201eP\u00f3sfai G\u00e1bort, a Tisza operat\u00edv vezet\u0151j\u00e9t k\u00e9rtem fel a rendv\u00e9delmet \u00e9s sportot fel\u00fcgyel\u0151 \u00e9s ir\u00e1ny\u00edt\u00f3 Bel\u00fcgyminiszt\u00e9rium vezet\u00e9s\u00e9re\u201d \u2013 jelentette be Magyar P\u00e9ter. Azt is \u00edrta, P\u00f3sfai \u201eminiszters\u00e9ge garancia arra, hogy lez\u00e1ruljon az a korszak, melynek sor\u00e1n a politikai utas\u00edt\u00e1sok sokszor fel\u00fcl\u00edrt\u00e1k \u00e9s al\u00e1\u00e1st\u00e1k a szakmai szempontokat a rendv\u00e9delem ter\u00fclet\u00e9n\u201d. <\/p>\n<p><strong>Kicsoda P\u00f3sfai G\u00e1bor? <\/strong>Kor\u00e1bban a magyar Decathlont vezette, majd a c\u00e9gcsoport <a href=\"https:\/\/forbes.hu\/uzlet\/ebbol-meg-jol-is-kijohetunk-de-most-az-a-fontos-hogy-senkit-se-kelljen-elkuldeni-interju-az-osztrak-decathlon-magyar-vezetojevel\/\">osztr\u00e1k piacra l\u00e9p\u00e9s\u00e9t vez\u00e9nyelte le sikeresen<\/a>. A nyilv\u00e1noss\u00e1g akkor figyelt fel r\u00e1, amikor m\u00e9g a hazai Decathlon \u00fcgyvezet\u0151jek\u00e9nt,\u00a02017-ben\u00a0kritiz\u00e1lta a korm\u00e1nyt, t\u00f6bbek k\u00f6z\u00f6tt a gy\u0171l\u00f6letkamp\u00e1nyok ellen emelve sz\u00f3t, \u00e9s \u00fczent Orb\u00e1n Viktornak is. \u201eViszket a tenyered? Mosd meg, \u00e9s ny\u00fajtsd oda felebar\u00e1todnak\u201d \u2013 \u00edrta egy Facebook-posztban a korm\u00e1nyf\u0151nek, aki h\u00fasv\u00e9tkor \u00edrt arr\u00f3l, hogy a kereszt\u00e9nyeknek is viszket a tenyere a t\u00fcntet\u0151k miatt. A k\u00e9t k\u00e9tharmados gy\u0151zelem ut\u00e1n, ereje telj\u00e9ben l\u00e9v\u0151 Orb\u00e1n-korm\u00e1nynak akkoriban \u00e9s azt k\u00f6vet\u0151en sem nagyon sz\u00f3ltak be \u00edgy c\u00e9gvezet\u0151k, pl\u00e1ne nem k\u00fclf\u00f6ldi multik els\u0151 emberei.   <\/p>\n<p>A ma m\u00e1r nem el\u00e9rhet\u0151 posztban \u2013 az am\u00fagy kereszt\u00e9ny \u2013 P\u00f3sfai akkor azt is \u00edrta, hogy mindig is jobbra szavazott, \u00e9s azt is, hogy <\/p>\n<blockquote class=\"wp-block-quote is-layout-flow wp-block-quote-is-layout-flow\">\n<p>\u201eaz\u00e9rt m\u00e9g lehet m\u00e1s is norm\u00e1lis, hogy nem ugyanazt gondolja, amit \u00e9n. Az\u00e9rt m\u00e9g dolgozhatunk egy\u00fctt sikeresen, mert pont a soksz\u00edn\u0171s\u00e9g, a sok k\u00fcl\u00f6nb\u00f6z\u0151 v\u00e9lem\u00e9ny viszi el\u0151re a vil\u00e1got. Jobb helyeken.\u201d<\/p>\n<\/blockquote>\n<p>A kritik\u00e1nak am\u00fagy semmilyen k\u00f6vetkezm\u00e9nye nem lett, P\u00f3sfaira komoly feladatot b\u00edztak a Decathlonn\u00e1l, ami profilj\u00e1n\u00e1l fogva am\u00fagy az egyik fontos hirdet\u0151je volt a Nemzeti Sportnak is. <\/p>\n<figure class=\"wp-block-image size-full\">\n<div class=\"photo-credit-wrapper\"><img decoding=\"async\" width=\"1100\" height=\"733\" loading=\"lazy\" src=\"https:\/\/cdn.forbes.hu\/uploads\/2020\/04\/SL0_2295.jpg\" alt=\"\" class=\"wp-image-179329\" \/>\n<div class=\"photo-credit\">\n            <img decoding=\"async\" loading=\"lazy\" class=\"photo-credit__icon\" src=\"https:\/\/forbes.hu\/wp-content\/themes\/frontend\/atoms\/photo-credit\/icon-info.svg\" alt=\"info\" \/><br \/>\n            <span class=\"photo-credit__label\">Fot\u00f3: Sebesty\u00e9n L\u00e1szl\u00f3<\/span>\n        <\/div>\n<\/div><figcaption class=\"wp-element-caption\">P\u00f3sfai G\u00e1bor 2020-ban m\u00e9g a magyar orsz\u00e1gigazgat\u00f3b\u00f3l lett osztr\u00e1k Decathlon-vez\u00e9rk\u00e9nt adott interj\u00fat a Forbes r\u00e9gi szerkeszt\u0151s\u00e9g\u00e9ben. Fot\u00f3: Sebesty\u00e9n L\u00e1szl\u00f3<br \/><\/figcaption><\/figure>\n<p>A Tisza p\u00e1rthoz hivatalosan tavaly febru\u00e1rban csatlakozott, ekkor nevezt\u00e9k ki a p\u00e1rt operat\u00edv igazgat\u00f3j\u00e1nak, fontos szervez\u0151 munk\u00e1t v\u00e9gzett a h\u00e1tt\u00e9rben, de k\u00f6zben k\u00e9pvisel\u0151jel\u00f6ltk\u00e9nt is megm\u00e9rette mag\u00e1t, \u00e9s el\u00e9g sim\u00e1n nyert is a buda\u00f6rsi k\u00f6zpont\u00fa Pest v\u00e1rmegye 2. sz\u00e1m\u00fa v\u00e1laszt\u00f3ker\u00fclet\u00e9ben. Sikeres menedzserb\u0151l lett fontos h\u00e1tt\u00e9rember, de a bel\u00fcgyminiszteri kinevez\u00e9se m\u00e9g \u00fagy is meglepet\u00e9s, hogy a sport beker\u00fcl a bel\u00fcgy al\u00e1 a honv\u00e9delmi t\u00e1rc\u00e1t\u00f3l. P\u00f3sfainak nincs rendv\u00e9delmi m\u00faltja, de a p\u00e1rtban bizony\u00edtott, fontos bizalmi ember Magyar mellett. <\/p>\n<p>Magyar azt is \u00edrta, a c\u00e9ljuk, hogy a rendv\u00e9delmi szervek megbecs\u00fclts\u00e9g\u00e9t \u00e9s tekint\u00e9ly\u00e9t vissza\u00e1ll\u00edts\u00e1k. \u201eA rendv\u00e9delmi munkat\u00e1rsak fel\u00e9 az elv\u00e1r\u00e1saink: hat\u00e9kony szakmai munka, a jogszab\u00e1lyok betart\u00e1sa \u00e9s betartat\u00e1sa, valamint hogy soha ne felejts\u00e9k el, hogy a haz\u00e1nkra esk\u00fcdtek fel, nem egy p\u00e1rtra. Kiz\u00e1r\u00f3lag a magyar embereket kell szolg\u00e1lniuk, nem p\u00e1rtutas\u00edt\u00e1sokat.\u201d<\/p>\n<h2 class=\"wp-block-heading\">Megvan a jog\u00e1llamis\u00e1g vissza\u00e1ll\u00edt\u00e1s\u00e1nak kulcsszerepl\u0151je is<\/h2>\n<figure class=\"wp-block-image size-large\">\n<div class=\"photo-credit-wrapper\"><img decoding=\"async\" loading=\"lazy\" src=\"https:\/\/cdn.forbes.hu\/uploads\/2026\/04\/posfai-m.webp?r=eyJ3IjoxNTAwLCJxIjo5MCwicyI6ImpwZyJ9\" alt=\"\" class=\"wp-image-764650\" \/><\/div><figcaption class=\"wp-element-caption\">P\u00f3sfai G\u00e1bor, Magyar P\u00e9ter \u00e9s Mell\u00e9thei-Barna M\u00e1rton. <\/figcaption><\/figure>\n<p><strong>M\u00e9g egy miniszter. <\/strong>A leend\u0151 korm\u00e1nyf\u0151 el\u00e1rulta azt is, Mell\u00e9thei-Barna M\u00e1rtont, a Tisza jogi vezet\u0151j\u00e9t k\u00e9rte fel az Igazs\u00e1g\u00fcgyi Miniszt\u00e9rium ir\u00e1ny\u00edt\u00e1s\u00e1ra. Mell\u00e9thei-Barna az ut\u00f3bbi k\u00e9t \u00e9vtizedben \u00fcgyv\u00e9dk\u00e9nt dolgozott. \u0150 felel a j\u00f6v\u0151ben a jog\u00e1llam \u00e9s a jogbiztons\u00e1g helyre\u00e1ll\u00edt\u00e1s\u00e1\u00e9rt, \u00e9s gondoskodnia kell a magyar embereknek j\u00e1r\u00f3 uni\u00f3s forr\u00e1sok hazahozatal\u00e1t lehet\u0151v\u00e9 tev\u0151 jogszab\u00e1lyi keretek kialak\u00edt\u00e1s\u00e1r\u00f3l.<\/p>\n<p><strong>Mi lesz a feladata?<\/strong> \u201eAz elk\u00f6vetkez\u0151 id\u0151szakban az igazs\u00e1g\u00fcgyi miniszter f\u0151 feladata lesz jogszab\u00e1lyokkal biztos\u00edtani azt, hogy a magyar emberek ism\u00e9t egyenl\u0151ek legyenek a t\u00f6rv\u00e9ny el\u0151tt, hogy megsz\u0171nj\u00f6n a korrupci\u00f3 \u00e9s helyre\u00e1lljon a f\u00fcggetlen ellen\u0151rz\u0151 int\u00e9zm\u00e9nyek, hat\u00f3s\u00e1gok szakmais\u00e1ga \u00e9s azok m\u0171k\u00f6d\u00e9se politikamentes legyen\u201d \u2013 \u00edrat r\u00f3la Magyar. <\/p>\n<p>Feladata lesz tov\u00e1bb\u00e1 a jogalkot\u00e1s min\u0151s\u00e9g\u00e9nek helyre\u00e1ll\u00edt\u00e1sa, a sz\u00fcks\u00e9ges \u00e1tl\u00e1that\u00f3s\u00e1g biztos\u00edt\u00e1sa \u00e9s a megfelel\u0151 szint\u0171 szakmai \u00e9s t\u00e1rsadalmi egyeztet\u00e9s lefolytat\u00e1sa.<\/p>\n<p><strong>Hogyan tov\u00e1bb?<\/strong> Magyar P\u00e9ter m\u00e1jus 9-\u00e9n teszi le az esk\u00fcj\u00e9t \u00e9s lesz hivatalosan is Magyarorsz\u00e1g minisztereln\u00f6ke. A k\u00f6vetkez\u0151 h\u00e9t els\u0151 fel\u00e9ben megtartj\u00e1k a 16 miniszterjel\u00f6lt bizotts\u00e1gi meghallgat\u00e1s\u00e1t, \u00e9s Magyar azt tervezi, hogy a h\u00e9t k\u00f6zep\u00e9re fel is \u00e1llhat az \u00faj korm\u00e1ny. Ez azt jelenti, hogy egy h\u00f3nappal a v\u00e1laszt\u00e1sok ut\u00e1n m\u00e1r munk\u00e1ba is l\u00e9phet az \u00faj korm\u00e1ny, ez rendk\u00edv\u00fcl gyors temp\u00f3, de az EU-p\u00e9nzek haza hozatala miatt gyorsan kell l\u00e9pnie a Magyar-korm\u00e1nynak. <\/p>\n<p><!-- No email blocks found --><\/p>\n<p>The post <a href=\"https:\/\/forbes.hu\/hirek\/posfai-belugyminiszter-magyar-kormany-tisza-decathlon\/\">2017-ben m\u00e9g mint egy k\u00fclf\u00f6ldi multi vez\u00e9re sz\u00f3lt be Orb\u00e1nnak, most \u00e1tveszi a Bel\u00fcgyminiszt\u00e9riumot<\/a> appeared first on <a href=\"https:\/\/forbes.hu\/\">Forbes.hu<\/a>.<\/p><div id=\"friss-2001551152\" class=\"friss-etarget-cikk-vege friss-entity-placement\"><script type=\"text\/javascript\" id=\"etargetScript7a9b589f63cb072bef80df221f46a22b\">function etargetPostloadFunction7a9b589f63cb072bef80df221f46a22b(){var e=\"etargetPostload7a9b589f63cb072bef80df221f46a22b\",t=\"etargetScript7a9b589f63cb072bef80df221f46a22b\",o=document.getElementById(e);if(o){for(var n=o.offsetTop,d=o.offsetLeft,r=o.offsetWidth,a=o.offsetHeight;o.offsetParent;)o=o.offsetParent,n+=o.offsetTop,d+=o.offsetLeft;var i=(n<=window.pageYOffset+window.innerHeight&&d<window.pageXOffset+window.innerWidth&&n+a>window.pageYOffset&&d+r>window.pageXOffset);if(i&&etargetAllowOtherCheck){allowed=!1;var c=document.createElement(\"script\");return c.src=\"\/\/hu.search.etargetnet.com\/generic\/uni.php?g=ref:58661,area:700x210\",void(document.getElementById(t)&&document.getElementById(e)&&(document.getElementById(t).parentNode.appendChild(c),document.getElementById(t).parentNode.removeChild(document.getElementById(t)),document.getElementById(e).parentNode.removeChild(document.getElementById(e)),document.removeEventListener(\"scroll\",etargetPostloadFunction7a9b589f63cb072bef80df221f46a22b),document.removeEventListener(\"resize\",etargetPostloadFunction7a9b589f63cb072bef80df221f46a22b),document.removeEventListener(\"DOMContentLoaded\",etargetPostloadFunction7a9b589f63cb072bef80df221f46a22b)))}}}var etargetDivID=\"etargetPostload7a9b589f63cb072bef80df221f46a22b\",etargetScriptID=\"etargetScript7a9b589f63cb072bef80df221f46a22b\",etargetPostloadPoint=document.createElement(\"div\");etargetPostloadPoint.id=etargetDivID;var etargetCurScript=document.getElementById(etargetScriptID);etargetCurScript.parentNode.appendChild(etargetPostloadPoint),document.addEventListener(\"scroll\",etargetPostloadFunction7a9b589f63cb072bef80df221f46a22b),document.addEventListener(\"resize\",etargetPostloadFunction7a9b589f63cb072bef80df221f46a22b),document.addEventListener(\"DOMContentLoaded\",etargetPostloadFunction7a9b589f63cb072bef80df221f46a22b);var etargetAllowOtherCheck=!0;if(typeof(\"forceRunPostload\")==\"string\"){etargetPostloadFunction7a9b589f63cb072bef80df221f46a22b()}<\/script><\/div><div id=\"friss-95997656\" class=\"friss-after-content friss-entity-placement\"><script type=\"text\/javascript\" id=\"etargetScript7a9b589f63cb072bef80df221f46a22b\">function etargetPostloadFunction7a9b589f63cb072bef80df221f46a22b(){var e=\"etargetPostload7a9b589f63cb072bef80df221f46a22b\",t=\"etargetScript7a9b589f63cb072bef80df221f46a22b\",o=document.getElementById(e);if(o){for(var n=o.offsetTop,d=o.offsetLeft,r=o.offsetWidth,a=o.offsetHeight;o.offsetParent;)o=o.offsetParent,n+=o.offsetTop,d+=o.offsetLeft;var i=(n<=window.pageYOffset+window.innerHeight&&d<window.pageXOffset+window.innerWidth&&n+a>window.pageYOffset&&d+r>window.pageXOffset);if(i&&etargetAllowOtherCheck){allowed=!1;var c=document.createElement(\"script\");return c.src=\"\/\/hu.search.etargetnet.com\/generic\/uni.php?g=ref:58661,area:700x210\",void(document.getElementById(t)&&document.getElementById(e)&&(document.getElementById(t).parentNode.appendChild(c),document.getElementById(t).parentNode.removeChild(document.getElementById(t)),document.getElementById(e).parentNode.removeChild(document.getElementById(e)),document.removeEventListener(\"scroll\",etargetPostloadFunction7a9b589f63cb072bef80df221f46a22b),document.removeEventListener(\"resize\",etargetPostloadFunction7a9b589f63cb072bef80df221f46a22b),document.removeEventListener(\"DOMContentLoaded\",etargetPostloadFunction7a9b589f63cb072bef80df221f46a22b)))}}}var etargetDivID=\"etargetPostload7a9b589f63cb072bef80df221f46a22b\",etargetScriptID=\"etargetScript7a9b589f63cb072bef80df221f46a22b\",etargetPostloadPoint=document.createElement(\"div\");etargetPostloadPoint.id=etargetDivID;var etargetCurScript=document.getElementById(etargetScriptID);etargetCurScript.parentNode.appendChild(etargetPostloadPoint),document.addEventListener(\"scroll\",etargetPostloadFunction7a9b589f63cb072bef80df221f46a22b),document.addEventListener(\"resize\",etargetPostloadFunction7a9b589f63cb072bef80df221f46a22b),document.addEventListener(\"DOMContentLoaded\",etargetPostloadFunction7a9b589f63cb072bef80df221f46a22b);var etargetAllowOtherCheck=!0;if(typeof(\"forceRunPostload\")==\"string\"){etargetPostloadFunction7a9b589f63cb072bef80df221f46a22b()}<\/script><\/div><div id=\"friss-2315693975\" class=\"friss-after-content_2 friss-entity-placement\" style=\"clear: both;\"><div class=\"wprss_ajax\" data-id=\"rss618b3637bd\"><img loading=\"lazy\" decoding=\"async\" src=\"https:\/\/friss-hirek.hu\/wp-content\/plugins\/wp-rss-retriever\/inc\/imgs\/ajax-loader.gif\" alt=\"Loading RSS Feed\" width=\"16\" height=\"16\"><\/div><\/div><br style=\"clear: both; display: block; float: none;\"\/><div id=\"friss-2519507789\" class=\"friss-after-content_3 friss-entity-placement\">https:\/\/www.youtube.com\/watch?v=Pdnw4KiUWp0<\/div>","protected":false},"excerpt":{"rendered":"<p>K\u00e9t \u00faj miniszter jelentett be Magyar P\u00e9ter, megvan a bel\u00fcgy- \u00e9s az igazs\u00e1g\u00fcgyminiszter is. Mi t\u00f6rt\u00e9nt? \u201eP\u00f3sfai G\u00e1bort, a Tisza operat\u00edv vezet\u0151j\u00e9t k\u00e9rtem fel a rendv\u00e9delmet \u00e9s sportot fel\u00fcgyel\u0151 \u00e9s ir\u00e1ny\u00edt\u00f3 Bel\u00fcgyminiszt\u00e9rium vezet\u00e9s\u00e9re\u201d \u2013 jelentette be Magyar P\u00e9ter. Azt is \u00edrta, P\u00f3sfai \u201eminiszters\u00e9ge garancia arra, hogy lez\u00e1ruljon az a korszak, melynek sor\u00e1n a politikai utas\u00edt\u00e1sok [&hellip;]<\/p>\n","protected":false},"author":1,"featured_media":0,"comment_status":"open","ping_status":"open","sticky":false,"template":"","format":"standard","meta":{"footnotes":""},"categories":[7],"tags":[],"class_list":["post-166229","post","type-post","status-publish","format-standard","hentry","category-uzlet"],"amp_enabled":true,"_links":{"self":[{"href":"https:\/\/friss-hirek.hu\/index.php\/wp-json\/wp\/v2\/posts\/166229","targetHints":{"allow":["GET"]}}],"collection":[{"href":"https:\/\/friss-hirek.hu\/index.php\/wp-json\/wp\/v2\/posts"}],"about":[{"href":"https:\/\/friss-hirek.hu\/index.php\/wp-json\/wp\/v2\/types\/post"}],"author":[{"embeddable":true,"href":"https:\/\/friss-hirek.hu\/index.php\/wp-json\/wp\/v2\/users\/1"}],"replies":[{"embeddable":true,"href":"https:\/\/friss-hirek.hu\/index.php\/wp-json\/wp\/v2\/comments?post=166229"}],"version-history":[{"count":0,"href":"https:\/\/friss-hirek.hu\/index.php\/wp-json\/wp\/v2\/posts\/166229\/revisions"}],"wp:attachment":[{"href":"https:\/\/friss-hirek.hu\/index.php\/wp-json\/wp\/v2\/media?parent=166229"}],"wp:term":[{"taxonomy":"category","embeddable":true,"href":"https:\/\/friss-hirek.hu\/index.php\/wp-json\/wp\/v2\/categories?post=166229"},{"taxonomy":"post_tag","embeddable":true,"href":"https:\/\/friss-hirek.hu\/index.php\/wp-json\/wp\/v2\/tags?post=166229"}],"curies":[{"name":"wp","href":"https:\/\/api.w.org\/{rel}","templated":true}]}}