{"id":166232,"date":"2026-04-30T20:25:35","date_gmt":"2026-04-30T20:25:35","guid":{"rendered":"https:\/\/friss-hirek.hu\/index.php\/megvan-epstein-bucsulevele\/friss-hirek\/"},"modified":"2026-04-30T20:25:35","modified_gmt":"2026-04-30T20:25:35","slug":"megvan-epstein-bucsulevele","status":"publish","type":"post","link":"https:\/\/friss-hirek.hu\/index.php\/megvan-epstein-bucsulevele\/uzlet\/","title":{"rendered":"Megvan Epstein b\u00facs\u00falevele?"},"content":{"rendered":"<p><strong>A kiskor\u00faak szexu\u00e1lis kereskedelm\u00e9vel\u00a0megv\u00e1dolt befektet\u0151 a hivatalos vizsg\u00e1latok szerint a cell\u00e1j\u00e1ban lett \u00f6ngyilkos. Fordulhat az \u00fcgy? <\/strong><\/p><div id=\"friss-577215515\" class=\"friss-etarget friss-entity-placement\"><script type=\"text\/javascript\" id=\"etargetScript7a9b589f63cb072bef80df221f46a22b\">function etargetPostloadFunction7a9b589f63cb072bef80df221f46a22b(){var e=\"etargetPostload7a9b589f63cb072bef80df221f46a22b\",t=\"etargetScript7a9b589f63cb072bef80df221f46a22b\",o=document.getElementById(e);if(o){for(var n=o.offsetTop,d=o.offsetLeft,r=o.offsetWidth,a=o.offsetHeight;o.offsetParent;)o=o.offsetParent,n+=o.offsetTop,d+=o.offsetLeft;var i=(n<=window.pageYOffset+window.innerHeight&&d<window.pageXOffset+window.innerWidth&&n+a>window.pageYOffset&&d+r>window.pageXOffset);if(i&&etargetAllowOtherCheck){allowed=!1;var c=document.createElement(\"script\");return c.src=\"\/\/hu.search.etargetnet.com\/generic\/uni.php?g=ref:58661,area:700x210\",void(document.getElementById(t)&&document.getElementById(e)&&(document.getElementById(t).parentNode.appendChild(c),document.getElementById(t).parentNode.removeChild(document.getElementById(t)),document.getElementById(e).parentNode.removeChild(document.getElementById(e)),document.removeEventListener(\"scroll\",etargetPostloadFunction7a9b589f63cb072bef80df221f46a22b),document.removeEventListener(\"resize\",etargetPostloadFunction7a9b589f63cb072bef80df221f46a22b),document.removeEventListener(\"DOMContentLoaded\",etargetPostloadFunction7a9b589f63cb072bef80df221f46a22b)))}}}var etargetDivID=\"etargetPostload7a9b589f63cb072bef80df221f46a22b\",etargetScriptID=\"etargetScript7a9b589f63cb072bef80df221f46a22b\",etargetPostloadPoint=document.createElement(\"div\");etargetPostloadPoint.id=etargetDivID;var etargetCurScript=document.getElementById(etargetScriptID);etargetCurScript.parentNode.appendChild(etargetPostloadPoint),document.addEventListener(\"scroll\",etargetPostloadFunction7a9b589f63cb072bef80df221f46a22b),document.addEventListener(\"resize\",etargetPostloadFunction7a9b589f63cb072bef80df221f46a22b),document.addEventListener(\"DOMContentLoaded\",etargetPostloadFunction7a9b589f63cb072bef80df221f46a22b);var etargetAllowOtherCheck=!0;if(typeof(\"forceRunPostload\")==\"string\"){etargetPostloadFunction7a9b589f63cb072bef80df221f46a22b()}<\/script><\/div>\n<p><strong>Mi t\u00f6rt\u00e9nt?<\/strong> Egy, feltehet\u0151en Jeffrey Epstein \u00e1ltal \u00edrt b\u00facs\u00falev\u00e9l k\u00f6zel h\u00e9t \u00e9ve lez\u00e1rva hever egy New York-i b\u00edr\u00f3s\u00e1gon \u2013 der\u00fcl ki a <em>New York Times<\/em> <a href=\"https:\/\/www.forbes.com\/sites\/conormurray\/2026\/04\/30\/possible-epstein-suicide-note-is-sealed-in-a-new-york-courthouse-report-says\/?utm_campaign=ForbesMainFB&amp;utm_source=ForbesMainFacebook&amp;utm_medium=social&amp;fbclid=IwY2xjawRglPVleHRuA2FlbQIxMABicmlkETBBd2tzcG11VkppNmxCU25oc3J0YwZhcHBfaWQQMjIyMDM5MTc4ODIwMDg5MgABHiHf8qZIC0mWIPDRiqA5Ki4lVHtupl5iH0xp156SufUdRfvUPMJPKjiFgofv_aem_bD4z1Cpaqwxk4va8KOixCg\">besz\u00e1mol\u00f3j\u00e1b\u00f3l<\/a>. A dokumentum l\u00e9tez\u00e9se \u00fajabb k\u00e9rd\u00e9seket vet fel az Epstein hal\u00e1l\u00e1val kapcsolatos vizsg\u00e1latok teljess\u00e9g\u00e9r\u0151l. Epstein a letart\u00f3ztat\u00e1sa ut\u00e1n a New York-i cell\u00e1j\u00e1ban hunyt el, a hivatalos vizsg\u00e1latok szerint \u00f6ngyilkoss\u00e1got k\u00f6vetett el.<\/p>\n<p><strong>Hogy ker\u00fclt el\u0151? <\/strong>A levelet besz\u00e1mol\u00f3k szerint Epstein egykori cellat\u00e1rsa, Nicholas Tartaglione tal\u00e1lta meg 2019 j\u00falius\u00e1ban, miut\u00e1n a befektet\u0151t eszm\u00e9letlen \u00e1llapotban, nyaks\u00e9r\u00fcl\u00e9sekkel vitt\u00e9k el a cell\u00e1j\u00e1b\u00f3l. Tartaglione szerint a lev\u00e9l hangv\u00e9tele \u201eb\u00facs\u00faz\u00f3\u201d volt, \u00e9s arra utalt, hogy a hat\u00f3s\u00e1gok \u201esemmit sem tal\u00e1ltak\u201d Epstein ellen.<\/p>\n<div class=\"related-post-links\">\n<p>\t\t<span class=\"related-post-links__title minititle\">T\u00f6bb ebb\u0151l<\/span><\/p>\n<div class=\"related-post-links__link-wrapper\">\n\t\t\t\t<a href=\"https:\/\/forbes.hu\/uzlet\/jeffrey-epstein-titkos-vagyona-hagyatek-bunugy-trump-black-victoria-secret\/\" class=\"related-post-links__link\">Hogy \u00e9p\u00edthetett ekkora vagyont egy szexu\u00e1lis ragadoz\u00f3?<\/a>\n\t\t\t<\/div>\n<div class=\"related-post-links__link-wrapper\">\n\t\t\t\t<a href=\"https:\/\/forbes.hu\/uzlet\/epstein-fajlok-musk-trump-bill-gates\/\" class=\"related-post-links__link\">Elon Musk Epsteinnek: Melyik nap lesz a legvadabb buli a szigeten?<\/a>\n\t\t\t<\/div>\n<\/div>\n<p>A dokumentumot k\u00e9s\u0151bb egy sz\u00f6vets\u00e9gi b\u00edr\u00f3 z\u00e1r al\u00e1 helyezte Tartaglione b\u00fcntet\u0151\u00fcgy\u00e9nek r\u00e9szek\u00e9nt, \u00e9s az\u00f3ta sem hozt\u00e1k nyilv\u00e1noss\u00e1gra. A <em>New York Times<\/em> most kezdem\u00e9nyezte a titkos\u00edt\u00e1s felold\u00e1s\u00e1t. <\/p>\n<p>Fontos r\u00e9szlet, hogy az amerikai igazs\u00e1g\u00fcgyi miniszt\u00e9rium \u2013 noha az elm\u00falt id\u0151szakban t\u00f6bb milli\u00f3 oldalnyi Epstein-iratot publik\u00e1lt \u2013 nem tal\u00e1lkozott ezzel a lev\u00e9llel, \u00e9s maga a lap sem l\u00e1tta a dokumentumot.<\/p>\n<p><strong>Mi\u00e9rt fontos ez az eg\u00e9sz?<\/strong> Ha a lev\u00e9l val\u00f3ban l\u00e9tezik \u00e9s hiteles, az potenci\u00e1lisan \u00faj bizony\u00edt\u00e9k lehet Epstein hal\u00e1l\u00e1nak k\u00f6r\u00fclm\u00e9nyeivel kapcsolatban \u2013 egy olyan \u00fcgyben, amely \u00e9vek \u00f3ta \u00f6sszeesk\u00fcv\u00e9s-elm\u00e9letek \u00e9s politikai vit\u00e1k t\u00e1rgya.<\/p>\n<p><!-- No email blocks found --><\/p>\n<p>The post <a href=\"https:\/\/forbes.hu\/hirek\/megvan-epstein-bucsulevele\/\">Megvan Epstein b\u00facs\u00falevele?<\/a> appeared first on <a href=\"https:\/\/forbes.hu\/\">Forbes.hu<\/a>.<\/p><div id=\"friss-2803324842\" class=\"friss-etarget-cikk-vege friss-entity-placement\"><script type=\"text\/javascript\" id=\"etargetScript7a9b589f63cb072bef80df221f46a22b\">function etargetPostloadFunction7a9b589f63cb072bef80df221f46a22b(){var e=\"etargetPostload7a9b589f63cb072bef80df221f46a22b\",t=\"etargetScript7a9b589f63cb072bef80df221f46a22b\",o=document.getElementById(e);if(o){for(var n=o.offsetTop,d=o.offsetLeft,r=o.offsetWidth,a=o.offsetHeight;o.offsetParent;)o=o.offsetParent,n+=o.offsetTop,d+=o.offsetLeft;var i=(n<=window.pageYOffset+window.innerHeight&&d<window.pageXOffset+window.innerWidth&&n+a>window.pageYOffset&&d+r>window.pageXOffset);if(i&&etargetAllowOtherCheck){allowed=!1;var c=document.createElement(\"script\");return c.src=\"\/\/hu.search.etargetnet.com\/generic\/uni.php?g=ref:58661,area:700x210\",void(document.getElementById(t)&&document.getElementById(e)&&(document.getElementById(t).parentNode.appendChild(c),document.getElementById(t).parentNode.removeChild(document.getElementById(t)),document.getElementById(e).parentNode.removeChild(document.getElementById(e)),document.removeEventListener(\"scroll\",etargetPostloadFunction7a9b589f63cb072bef80df221f46a22b),document.removeEventListener(\"resize\",etargetPostloadFunction7a9b589f63cb072bef80df221f46a22b),document.removeEventListener(\"DOMContentLoaded\",etargetPostloadFunction7a9b589f63cb072bef80df221f46a22b)))}}}var etargetDivID=\"etargetPostload7a9b589f63cb072bef80df221f46a22b\",etargetScriptID=\"etargetScript7a9b589f63cb072bef80df221f46a22b\",etargetPostloadPoint=document.createElement(\"div\");etargetPostloadPoint.id=etargetDivID;var etargetCurScript=document.getElementById(etargetScriptID);etargetCurScript.parentNode.appendChild(etargetPostloadPoint),document.addEventListener(\"scroll\",etargetPostloadFunction7a9b589f63cb072bef80df221f46a22b),document.addEventListener(\"resize\",etargetPostloadFunction7a9b589f63cb072bef80df221f46a22b),document.addEventListener(\"DOMContentLoaded\",etargetPostloadFunction7a9b589f63cb072bef80df221f46a22b);var etargetAllowOtherCheck=!0;if(typeof(\"forceRunPostload\")==\"string\"){etargetPostloadFunction7a9b589f63cb072bef80df221f46a22b()}<\/script><\/div><div id=\"friss-3278156634\" class=\"friss-after-content friss-entity-placement\"><script type=\"text\/javascript\" id=\"etargetScript7a9b589f63cb072bef80df221f46a22b\">function etargetPostloadFunction7a9b589f63cb072bef80df221f46a22b(){var e=\"etargetPostload7a9b589f63cb072bef80df221f46a22b\",t=\"etargetScript7a9b589f63cb072bef80df221f46a22b\",o=document.getElementById(e);if(o){for(var n=o.offsetTop,d=o.offsetLeft,r=o.offsetWidth,a=o.offsetHeight;o.offsetParent;)o=o.offsetParent,n+=o.offsetTop,d+=o.offsetLeft;var i=(n<=window.pageYOffset+window.innerHeight&&d<window.pageXOffset+window.innerWidth&&n+a>window.pageYOffset&&d+r>window.pageXOffset);if(i&&etargetAllowOtherCheck){allowed=!1;var c=document.createElement(\"script\");return c.src=\"\/\/hu.search.etargetnet.com\/generic\/uni.php?g=ref:58661,area:700x210\",void(document.getElementById(t)&&document.getElementById(e)&&(document.getElementById(t).parentNode.appendChild(c),document.getElementById(t).parentNode.removeChild(document.getElementById(t)),document.getElementById(e).parentNode.removeChild(document.getElementById(e)),document.removeEventListener(\"scroll\",etargetPostloadFunction7a9b589f63cb072bef80df221f46a22b),document.removeEventListener(\"resize\",etargetPostloadFunction7a9b589f63cb072bef80df221f46a22b),document.removeEventListener(\"DOMContentLoaded\",etargetPostloadFunction7a9b589f63cb072bef80df221f46a22b)))}}}var etargetDivID=\"etargetPostload7a9b589f63cb072bef80df221f46a22b\",etargetScriptID=\"etargetScript7a9b589f63cb072bef80df221f46a22b\",etargetPostloadPoint=document.createElement(\"div\");etargetPostloadPoint.id=etargetDivID;var etargetCurScript=document.getElementById(etargetScriptID);etargetCurScript.parentNode.appendChild(etargetPostloadPoint),document.addEventListener(\"scroll\",etargetPostloadFunction7a9b589f63cb072bef80df221f46a22b),document.addEventListener(\"resize\",etargetPostloadFunction7a9b589f63cb072bef80df221f46a22b),document.addEventListener(\"DOMContentLoaded\",etargetPostloadFunction7a9b589f63cb072bef80df221f46a22b);var etargetAllowOtherCheck=!0;if(typeof(\"forceRunPostload\")==\"string\"){etargetPostloadFunction7a9b589f63cb072bef80df221f46a22b()}<\/script><\/div><div id=\"friss-3631955086\" class=\"friss-after-content_2 friss-entity-placement\" style=\"clear: both;\"><div class=\"wprss_ajax\" data-id=\"rss7a9ac7f64a\"><img loading=\"lazy\" decoding=\"async\" src=\"https:\/\/friss-hirek.hu\/wp-content\/plugins\/wp-rss-retriever\/inc\/imgs\/ajax-loader.gif\" alt=\"Loading RSS Feed\" width=\"16\" height=\"16\"><\/div><\/div><br style=\"clear: both; display: block; float: none;\"\/><div id=\"friss-2239150754\" class=\"friss-after-content_3 friss-entity-placement\">https:\/\/www.youtube.com\/watch?v=Pdnw4KiUWp0<\/div>","protected":false},"excerpt":{"rendered":"<p>A kiskor\u00faak szexu\u00e1lis kereskedelm\u00e9vel\u00a0megv\u00e1dolt befektet\u0151 a hivatalos vizsg\u00e1latok szerint a cell\u00e1j\u00e1ban lett \u00f6ngyilkos. Fordulhat az \u00fcgy? Mi t\u00f6rt\u00e9nt? Egy, feltehet\u0151en Jeffrey Epstein \u00e1ltal \u00edrt b\u00facs\u00falev\u00e9l k\u00f6zel h\u00e9t \u00e9ve lez\u00e1rva hever egy New York-i b\u00edr\u00f3s\u00e1gon \u2013 der\u00fcl ki a New York Times besz\u00e1mol\u00f3j\u00e1b\u00f3l. A dokumentum l\u00e9tez\u00e9se \u00fajabb k\u00e9rd\u00e9seket vet fel az Epstein hal\u00e1l\u00e1val kapcsolatos vizsg\u00e1latok teljess\u00e9g\u00e9r\u0151l. [&hellip;]<\/p>\n","protected":false},"author":1,"featured_media":0,"comment_status":"open","ping_status":"open","sticky":false,"template":"","format":"standard","meta":{"footnotes":""},"categories":[7],"tags":[],"class_list":["post-166232","post","type-post","status-publish","format-standard","hentry","category-uzlet"],"amp_enabled":true,"_links":{"self":[{"href":"https:\/\/friss-hirek.hu\/index.php\/wp-json\/wp\/v2\/posts\/166232","targetHints":{"allow":["GET"]}}],"collection":[{"href":"https:\/\/friss-hirek.hu\/index.php\/wp-json\/wp\/v2\/posts"}],"about":[{"href":"https:\/\/friss-hirek.hu\/index.php\/wp-json\/wp\/v2\/types\/post"}],"author":[{"embeddable":true,"href":"https:\/\/friss-hirek.hu\/index.php\/wp-json\/wp\/v2\/users\/1"}],"replies":[{"embeddable":true,"href":"https:\/\/friss-hirek.hu\/index.php\/wp-json\/wp\/v2\/comments?post=166232"}],"version-history":[{"count":0,"href":"https:\/\/friss-hirek.hu\/index.php\/wp-json\/wp\/v2\/posts\/166232\/revisions"}],"wp:attachment":[{"href":"https:\/\/friss-hirek.hu\/index.php\/wp-json\/wp\/v2\/media?parent=166232"}],"wp:term":[{"taxonomy":"category","embeddable":true,"href":"https:\/\/friss-hirek.hu\/index.php\/wp-json\/wp\/v2\/categories?post=166232"},{"taxonomy":"post_tag","embeddable":true,"href":"https:\/\/friss-hirek.hu\/index.php\/wp-json\/wp\/v2\/tags?post=166232"}],"curies":[{"name":"wp","href":"https:\/\/api.w.org\/{rel}","templated":true}]}}