{"id":166237,"date":"2026-05-01T04:30:46","date_gmt":"2026-05-01T04:30:46","guid":{"rendered":"https:\/\/friss-hirek.hu\/index.php\/varkonyi-balazs-az-13-milliardos-temu-birsagrol-egy-nullaval-tobbet-kellett-volna-kapniuk\/friss-hirek\/"},"modified":"2026-05-01T04:30:46","modified_gmt":"2026-05-01T04:30:46","slug":"varkonyi-balazs-az-13-milliardos-temu-birsagrol-egy-nullaval-tobbet-kellett-volna-kapniuk","status":"publish","type":"post","link":"https:\/\/friss-hirek.hu\/index.php\/varkonyi-balazs-az-13-milliardos-temu-birsagrol-egy-nullaval-tobbet-kellett-volna-kapniuk\/uzlet\/","title":{"rendered":"V\u00e1rkonyi Bal\u00e1zs az 1,3 milli\u00e1rdos Temu-b\u00edrs\u00e1gr\u00f3l: Egy null\u00e1val t\u00f6bbet kellett volna kapniuk"},"content":{"rendered":"<p><strong>A magyar e-kereskedelem veter\u00e1nja elmondta v\u00e9lem\u00e9ny\u00e9t a korm\u00e1nyv\u00e1lt\u00e1s v\u00e1rhat\u00f3 hat\u00e1sair\u00f3l: keleti nyom\u00e1s ut\u00e1n nyugati bizalom, \u00e9s tal\u00e1n a magyar webshopok is jobban koncentr\u00e1lhatnak a terjeszked\u00e9sre. Ilyen volt a Checkout szekci\u00f3 a Forbes Flow-n.<\/strong><\/p><div id=\"friss-302746950\" class=\"friss-etarget friss-entity-placement\"><script type=\"text\/javascript\" id=\"etargetScript7a9b589f63cb072bef80df221f46a22b\">function etargetPostloadFunction7a9b589f63cb072bef80df221f46a22b(){var e=\"etargetPostload7a9b589f63cb072bef80df221f46a22b\",t=\"etargetScript7a9b589f63cb072bef80df221f46a22b\",o=document.getElementById(e);if(o){for(var n=o.offsetTop,d=o.offsetLeft,r=o.offsetWidth,a=o.offsetHeight;o.offsetParent;)o=o.offsetParent,n+=o.offsetTop,d+=o.offsetLeft;var i=(n<=window.pageYOffset+window.innerHeight&&d<window.pageXOffset+window.innerWidth&&n+a>window.pageYOffset&&d+r>window.pageXOffset);if(i&&etargetAllowOtherCheck){allowed=!1;var c=document.createElement(\"script\");return c.src=\"\/\/hu.search.etargetnet.com\/generic\/uni.php?g=ref:58661,area:700x210\",void(document.getElementById(t)&&document.getElementById(e)&&(document.getElementById(t).parentNode.appendChild(c),document.getElementById(t).parentNode.removeChild(document.getElementById(t)),document.getElementById(e).parentNode.removeChild(document.getElementById(e)),document.removeEventListener(\"scroll\",etargetPostloadFunction7a9b589f63cb072bef80df221f46a22b),document.removeEventListener(\"resize\",etargetPostloadFunction7a9b589f63cb072bef80df221f46a22b),document.removeEventListener(\"DOMContentLoaded\",etargetPostloadFunction7a9b589f63cb072bef80df221f46a22b)))}}}var etargetDivID=\"etargetPostload7a9b589f63cb072bef80df221f46a22b\",etargetScriptID=\"etargetScript7a9b589f63cb072bef80df221f46a22b\",etargetPostloadPoint=document.createElement(\"div\");etargetPostloadPoint.id=etargetDivID;var etargetCurScript=document.getElementById(etargetScriptID);etargetCurScript.parentNode.appendChild(etargetPostloadPoint),document.addEventListener(\"scroll\",etargetPostloadFunction7a9b589f63cb072bef80df221f46a22b),document.addEventListener(\"resize\",etargetPostloadFunction7a9b589f63cb072bef80df221f46a22b),document.addEventListener(\"DOMContentLoaded\",etargetPostloadFunction7a9b589f63cb072bef80df221f46a22b);var etargetAllowOtherCheck=!0;if(typeof(\"forceRunPostload\")==\"string\"){etargetPostloadFunction7a9b589f63cb072bef80df221f46a22b()}<\/script><\/div>\n<div class=\"highlighted-text\">\n<p>\t\t<span class=\"highlighted-text__title minititle\">FORBES CHECKOUT H\u00cdRLEV\u00c9L \u2013 IRATKOZZ FEL!<\/span><\/p>\n<div class=\"highlighted-text__content\">\n<p>Val\u00f3di e-kereskedelmi tud\u00e1s, hetente k\u00e9zbes\u00edtve.\u00a0<a href=\"https:\/\/forbes.us14.list-manage.com\/subscribe?u=20fc2946df0b39d3d845208f3&amp;id=d70bf54d97\">Iratkozz fel h\u00edrlevel\u00fcnkre, a Forbes Checkoutra!<\/a><\/p>\n<\/div>\n<\/div>\n<p class=\"has-drop-cap\">Kedden volt a\u00a0Forbes Flow\u00a0az Europa Event Centerben, \u00e9s\u00a0ezen az esem\u00e9nyen elevenedett meg el\u0151sz\u00f6r sz\u00ednpadon a Forbes Checkout is.\u00a0Vend\u00e9geim\u00a0Cserj\u00e9s-Kop\u00e1ndi Ildik\u00f3 (PwC Magyarorsz\u00e1g), P\u00f6rzse Norbert (V\u00e1gyaim) \u00e9s V\u00e1rkonyi Bal\u00e1zs (J\u00f3fog\u00e1s, Vatera, ex-Emag-Edigital)\u00a0voltak.<\/p>\n<p>A szekci\u00f3 el\u0151tt n\u00e9h\u00e1ny \u00f3r\u00e1val \u00e9rkezett meg a\u00a0<a href=\"https:\/\/www.forbes.hu\/penz\/brutalis-osszeget-fizet-vissza-a-temu-a-magyar-vasarloknak\/\" target=\"_blank\" rel=\"noreferrer noopener\">Gazdas\u00e1gi Versenyhivatal k\u00e9t \u00e9ve v\u00e1rt d\u00f6nt\u00e9se<\/a>\u00a0a Temu elleni elj\u00e1r\u00e1s\u00e1val kapcsolatban.\u00a0Tisztess\u00e9gtelen kereskedelmi gyakorlatok miatt \u00f6sszesen 1,3 milli\u00e1rd forintot kell visszafizetnie\u00a0a k\u00ednai platform eur\u00f3pai \u00fczemeltet\u0151j\u00e9nek,\u00a0r\u00e9szben kuponok, r\u00e9szben b\u00edrs\u00e1g form\u00e1j\u00e1ban.\u00a0Gyorsan ki is k\u00e9rtem a vend\u00e9gek v\u00e9lem\u00e9ny\u00e9t az \u00edt\u00e9letr\u0151l.<\/p>\n<p>\u201eNem gondolom, hogy ez meg fog oldani b\u00e1rmit is\u00a0\u2013 mondta\u00a0Cserj\u00e9s-Kop\u00e1ndi Ildik\u00f3.\u00a0\u2013\u00a0A Temut nem az fogja meg\u00e1ll\u00edtani, ha megb\u00edrs\u00e1golj\u00e1k.<\/p>\n<blockquote class=\"wp-block-quote is-layout-flow wp-block-quote-is-layout-flow\">\n<p>Gondoljunk bele: kuponokat adnak a v\u00e1s\u00e1rl\u00f3knak. Lehet, hogy a Temunak ez f\u00e1jni fog, de alapvet\u0151en \u00fajabb v\u00e1s\u00e1rl\u00e1sra \u00f6szt\u00f6n\u00f6zz\u00fck az embereket.<\/p>\n<\/blockquote>\n<p>Semmit nem tudunk meg\u00e1ll\u00edtani egy glob\u00e1lis gazdas\u00e1gban: a hazai e-keresked\u0151knek kell feln\u0151ni\u00fck szolg\u00e1ltat\u00e1si sz\u00ednvonalban ahhoz, hogy felvegy\u00e9k a versenyt. Ha \u00e1rban nem tudj\u00e1k, akkor legal\u00e1bb szolg\u00e1ltat\u00e1sban vagy szolg\u00e1ltat\u00e1smin\u0151s\u00e9gben. Sajnos jelenleg nagyon messze vagyunk ett\u0151l.\u201d<\/p>\n<p>\u201eVolt szerencs\u00e9m olyan c\u00e9gben \u00fclni, ahol ennek a t\u00f6bbsz\u00f6r\u00f6s\u00e9t is kaptuk m\u00e1r\u201d\u00a0\u2013 utalt\u00a0V\u00e1rkonyi Bal\u00e1zs\u00a0az Emag p\u00e1r \u00e9vvel ezel\u0151tti,\u00a0<a href=\"https:\/\/www.forbes.hu\/uzlet\/az-emag-trukkosen-akciozott-most-1-milliard-forint-kupont-kell-a-vevoinek-kuldenie-es-meg-birsagot-is-fizet\/\" target=\"_blank\" rel=\"noreferrer noopener\">4 milli\u00e1rdos b\u00fcntet\u00e9s\u00e9re.<\/a>\u201eAlul\u00e9rt\u00e9keltnek \u00e9rzem ezt a b\u00edrs\u00e1got. Mindenki felment a Temura, \u00e9s l\u00e1thatta, hogy mit csin\u00e1lnak, hogyan pr\u00f3b\u00e1lj\u00e1k agressz\u00edven eladni a term\u00e9keket, \u00e9s milyen tr\u00fckk\u00f6kkel, csalogat\u00e1sokkal ker\u00fclik meg azokat a jogszab\u00e1lyokat, amelyek a magyarokra \u00e9s az itt m\u0171k\u00f6d\u0151 c\u00e9gekre sokkal ink\u00e1bb \u00e9rv\u00e9nyesek.<\/p>\n<blockquote class=\"wp-block-quote is-layout-flow wp-block-quote-is-layout-flow\">\n<p>Legal\u00e1bb egy null\u00e1val t\u00f6bbet kellett volna kapniuk, a forgalmuk \u00e9s a l\u00e1tv\u00e1nyos jogs\u00e9rt\u00e9sek alapj\u00e1n.<\/p>\n<\/blockquote>\n<p>Rem\u00e9lem, hogy a j\u00f6v\u0151ben meg fog v\u00e1ltozni a GVH m\u0171k\u00f6d\u00e9se is, \u00e9s ugyanazon a szinten b\u00edr\u00e1lja el a c\u00e9geket, illetve ugyanaz a jogszab\u00e1ly \u00e9s b\u00e1n\u00e1sm\u00f3d fog vonatkozni a magyarokra \u00e9s a k\u00ednaiakra is.\u201d<\/p>\n<p>\u201eT\u00fal lassan is j\u00f6tt ez a b\u00edrs\u00e1g\u00a0\u2013 tette hozz\u00e1\u00a0P\u00f6rzse Norbert.\u00a0\u2013\u00a0Az\u00e9rt nagyon sok magyar web\u00e1ruh\u00e1z az\u00f3ta bez\u00e1rt vagy cs\u00f6kkent a forgalma, \u00e9s sok magyar munkav\u00e1llal\u00f3 vesztette el az \u00e1ll\u00e1s\u00e1t. Sz\u00f3val szerintem lassan reag\u00e1lt a hat\u00f3s\u00e1g, a Temu k\u00e9t-h\u00e1rom \u00e9ve m\u00e1r itt van, \u00e9s az\u00f3ta nagyot n\u0151tt.\u201d\u00a0A\u00a0GVH elj\u00e1r\u00e1sa m\u00e9g\u00a0<a href=\"https:\/\/www.forbes.hu\/uzlet\/temu-gvh-eljaras-ecommerce-hungary\/\" target=\"_blank\" rel=\"noreferrer noopener\">2024 m\u00e1rcius\u00e1ban\u00a0indult.<\/a><\/p>\n<figure class=\"wp-block-image size-full\">\n<div class=\"photo-credit-wrapper\"><img decoding=\"async\" width=\"2400\" height=\"1600\" loading=\"lazy\" src=\"https:\/\/cdn.forbes.hu\/uploads\/2026\/04\/FLOW_0428_tudositas_133.jpg\" alt=\"\" class=\"wp-image-764025\" \/><\/div><figcaption class=\"wp-element-caption\">Fot\u00f3: Fejes Bence<\/figcaption><\/figure>\n<h2 class=\"wp-block-heading\">Magyar e-kereskedelem korm\u00e1nyv\u00e1lt\u00e1s ut\u00e1n<\/h2>\n<p>Kit\u00e9rt\u00fcnk arra is, hogy\u00a0a korm\u00e1nyv\u00e1lt\u00e1s \u00e9s az \u00e9rkez\u0151 Tisza-korm\u00e1ny hogyan befoly\u00e1solhatja a magyar e-kereskedelmi piac alakul\u00e1s\u00e1t\u00a0\u2013 \u00e9s hogy a keleti nyom\u00e1st ellens\u00falyozva v\u00e1rhat\u00f3-e, hogy\u00a0a nyugati keresked\u0151k \u00e9s befektet\u0151k sz\u00e1m\u00e1ra is vonz\u00f3bb lesz a magyar piac.<\/p>\n<div class=\"post-content-soft-paywall\">\n<p>\u201eEr\u0151s ilyen folyamatokat rem\u00e9lek, nagyobb lesz a verseny\u00a0\u2013 mondta Bal\u00e1zs. \u2013\u00a0Magyarorsz\u00e1gon a nyugat-eur\u00f3pai befektet\u0151k az elm\u00falt id\u0151szakban t\u00f6bbnyire elt\u0171ntek az e-kereskedelemb\u0151l. Vagy b\u00e1tor balk\u00e1ni c\u00e9gek, vagy r\u00e9gi\u00f3s szerepl\u0151k \u00e9rdekl\u0151dnek magyarorsz\u00e1gi akviz\u00edci\u00f3k ir\u00e1nt, esetleg nagyon t\u00e1voli c\u00e9gek, de a klasszikus nyugat-eur\u00f3paiak nem.<\/p>\n<blockquote class=\"wp-block-quote is-layout-flow wp-block-quote-is-layout-flow\">\n<p>Ha az Eur\u00f3pai Uni\u00f3n bel\u00fcli biztons\u00e1g\u00e9rzet n\u0151, \u00e9s a nyugat-eur\u00f3pai orsz\u00e1gok \u00e9s Magyarorsz\u00e1g k\u00f6z\u00f6tti szakad\u00e9k kicsit cs\u00f6kken, az igenis arra \u00f6szt\u00f6n\u00f6zheti a nyugati befektet\u0151ket, hogy Magyarorsz\u00e1g fel\u00e9 forduljanak. Nagyon b\u00edzom benne, hogy a magyar meg\u00edt\u00e9l\u00e9s is javulhat Nyugat-Eur\u00f3p\u00e1ban, ami az itthoni c\u00e9geket is seg\u00edtheti.<\/p>\n<\/blockquote>\n<p>Amit r\u00e9g\u00f3ta z\u00e1szl\u00f3shaj\u00f3-t\u00e9m\u00e1mnak tekintek: magyar sikerc\u00e9gekkel foglalkozni, hogy menjenek\u00a0k\u00fclf\u00f6ldre. De ez egyszer\u0171en nem megy, a magyarokat kev\u00e9ss\u00e9 \u00e9rdekli, megvan a saj\u00e1t bajuk itthon. Ha a jogszab\u00e1lyi k\u00f6rnyezet k\u00f6nnyebben m\u0171k\u00f6dtethet\u0151 lenne, \u00e9s kevesebb adminisztr\u00e1ci\u00f3val j\u00e1rna, akkor tal\u00e1n t\u00f6bb ideje maradna a magyar keresked\u0151knek a k\u00fclf\u00f6ldi terjeszked\u00e9sre is.\u201d<\/p>\n<p>A terjeszked\u00e9sre j\u00f3 p\u00e9lda\u00a0<a href=\"https:\/\/www.forbes.hu\/uzlet\/vagyaim-hu-online-szex-shop-erotika-porzse-norbert-portre\/\" target=\"_blank\" rel=\"noreferrer noopener\">Norbi \u00e9s a V\u00e1gyaim,<\/a>\u00a0amely\u00a0m\u00e1r 26 orsz\u00e1gban van jelen:\u00a0\u201eVannak olyan kateg\u00f3ri\u00e1k, ahol a Temu nem tud nagy volumenben versenyezni. Ilyenek p\u00e9ld\u00e1ul a gyerekj\u00e1t\u00e9kok vagy a luxuskozmetikumok, de a mi ter\u00fclet\u00fcnk\u00f6n sincs jelent\u0151s Temu-hat\u00e1s, mert az emberek nem sz\u00edvesen rendelnek K\u00edn\u00e1b\u00f3l olyan term\u00e9ket, ahol k\u00e9rd\u00e9ses a min\u0151s\u00e9g vagy a k\u00e1rosanyag-tartalom. Mindig a vev\u0151 a legfontosabb, neki kell megfelelni. 19 \u00e9ve vezetem a V\u00e1gyaim.hu-t, \u00e9s mindig az volt a c\u00e9l, hogy a v\u00e1s\u00e1rl\u00e1si folyamattal is \u00e9lm\u00e9nyt adjunk. Ebben rengeteg minden benne van, p\u00e9ld\u00e1ul az is, hogyan biztos\u00edtjuk a diszkr\u00e9ci\u00f3t. Ezek \u00f6sszess\u00e9g\u00e9b\u0151l alakul ki, hogy minket v\u00e1lasztanak akkor is, ha esetleg dr\u00e1g\u00e1bbak vagyunk. Sok olyan megold\u00e1s l\u00e9tezik, amellyel meg lehet tartani a vev\u0151t \u00e9s el\u00e9gedetts\u00e9get lehet el\u00e9rni.<\/p>\n<blockquote class=\"wp-block-quote is-layout-flow wp-block-quote-is-layout-flow\">\n<p>Szerintem a magyar keresked\u0151knek ebben kell kit\u0171nni\u00fck, mert \u00e1rban, technol\u00f3gi\u00e1ban \u00e9s t\u0151k\u00e9ben sem tudnak versenyezni a nyugat-eur\u00f3pai szerepl\u0151kkel.\u201d<\/p>\n<\/blockquote>\n<p>Arr\u00f3l, hogy mikor \u00e9rkeznek meg hozz\u00e1nk is\u00a0az AI-\u00fcgyn\u00f6k\u00f6k \u00e9s a mesters\u00e9ges intelligencia hajtotta v\u00e1s\u00e1rl\u00e1sok,\u00a0Ildik\u00f3 azt mondta:\u00a0\u201eR\u00f6vid t\u00e1von nem hiszek benne, de hossz\u00fa t\u00e1von biztos, hogy v\u00e1ltozni fog a piac. A keresked\u0151knek fel kell r\u00e1 k\u00e9sz\u00fclni\u00fck, de a magyar v\u00e1s\u00e1rl\u00f3 m\u00e9g nem annyira digit\u00e1lisan affinis, hogy ez holnap bek\u00f6vetkezzen \u2013 sokan m\u00e9g mindig k\u00e9szp\u00e9nzzel fizetnek. Azt gondolom, hogy m\u00e9g j\u00f3 p\u00e1r \u00e9v\u00fcnk van ebben, addig pedig m\u00e9g nagyon sok minden t\u00f6rt\u00e9nhet.\u201d<\/p>\n<hr class=\"wp-block-separator has-alpha-channel-opacity\" \/>\n<p><em>Bor\u00edt\u00f3k\u00e9p: Cserj\u00e9s-Kop\u00e1ndi Ildik\u00f3, V\u00e1rkonyi Bal\u00e1zs \u00e9s P\u00f6rzse Norbert a 2026. \u00e1prilis 28-i Forbes Flow esem\u00e9nyen az Europa Event Centerben. Fot\u00f3: Fejes Bence<\/em><\/p>\n<\/div>\n<div><\/div>\n<div class=\"premium-blocker premium-blocker--hu\" data-needed=\"authenticated\" data-current='[\"free\"]'>\n<div data-needed=\"authenticated\"><\/div>\n<\/div>\n<p>\t\t<!-- No email blocks found --><\/p>\n<p>The post <a href=\"https:\/\/forbes.hu\/uzlet\/varkonyi-balazs-az-13-milliardos-temu-birsagrol-egy-nullaval-tobbet-kellett-volna-kapniuk\/\">V\u00e1rkonyi Bal\u00e1zs az 1,3 milli\u00e1rdos Temu-b\u00edrs\u00e1gr\u00f3l: Egy null\u00e1val t\u00f6bbet kellett volna kapniuk<\/a> appeared first on <a href=\"https:\/\/forbes.hu\/\">Forbes.hu<\/a>.<\/p><div id=\"friss-1349984623\" class=\"friss-etarget-cikk-vege friss-entity-placement\"><script type=\"text\/javascript\" id=\"etargetScript7a9b589f63cb072bef80df221f46a22b\">function etargetPostloadFunction7a9b589f63cb072bef80df221f46a22b(){var e=\"etargetPostload7a9b589f63cb072bef80df221f46a22b\",t=\"etargetScript7a9b589f63cb072bef80df221f46a22b\",o=document.getElementById(e);if(o){for(var n=o.offsetTop,d=o.offsetLeft,r=o.offsetWidth,a=o.offsetHeight;o.offsetParent;)o=o.offsetParent,n+=o.offsetTop,d+=o.offsetLeft;var i=(n<=window.pageYOffset+window.innerHeight&&d<window.pageXOffset+window.innerWidth&&n+a>window.pageYOffset&&d+r>window.pageXOffset);if(i&&etargetAllowOtherCheck){allowed=!1;var c=document.createElement(\"script\");return c.src=\"\/\/hu.search.etargetnet.com\/generic\/uni.php?g=ref:58661,area:700x210\",void(document.getElementById(t)&&document.getElementById(e)&&(document.getElementById(t).parentNode.appendChild(c),document.getElementById(t).parentNode.removeChild(document.getElementById(t)),document.getElementById(e).parentNode.removeChild(document.getElementById(e)),document.removeEventListener(\"scroll\",etargetPostloadFunction7a9b589f63cb072bef80df221f46a22b),document.removeEventListener(\"resize\",etargetPostloadFunction7a9b589f63cb072bef80df221f46a22b),document.removeEventListener(\"DOMContentLoaded\",etargetPostloadFunction7a9b589f63cb072bef80df221f46a22b)))}}}var etargetDivID=\"etargetPostload7a9b589f63cb072bef80df221f46a22b\",etargetScriptID=\"etargetScript7a9b589f63cb072bef80df221f46a22b\",etargetPostloadPoint=document.createElement(\"div\");etargetPostloadPoint.id=etargetDivID;var etargetCurScript=document.getElementById(etargetScriptID);etargetCurScript.parentNode.appendChild(etargetPostloadPoint),document.addEventListener(\"scroll\",etargetPostloadFunction7a9b589f63cb072bef80df221f46a22b),document.addEventListener(\"resize\",etargetPostloadFunction7a9b589f63cb072bef80df221f46a22b),document.addEventListener(\"DOMContentLoaded\",etargetPostloadFunction7a9b589f63cb072bef80df221f46a22b);var etargetAllowOtherCheck=!0;if(typeof(\"forceRunPostload\")==\"string\"){etargetPostloadFunction7a9b589f63cb072bef80df221f46a22b()}<\/script><\/div><div id=\"friss-1623636979\" class=\"friss-after-content friss-entity-placement\"><script type=\"text\/javascript\" id=\"etargetScript7a9b589f63cb072bef80df221f46a22b\">function etargetPostloadFunction7a9b589f63cb072bef80df221f46a22b(){var e=\"etargetPostload7a9b589f63cb072bef80df221f46a22b\",t=\"etargetScript7a9b589f63cb072bef80df221f46a22b\",o=document.getElementById(e);if(o){for(var n=o.offsetTop,d=o.offsetLeft,r=o.offsetWidth,a=o.offsetHeight;o.offsetParent;)o=o.offsetParent,n+=o.offsetTop,d+=o.offsetLeft;var i=(n<=window.pageYOffset+window.innerHeight&&d<window.pageXOffset+window.innerWidth&&n+a>window.pageYOffset&&d+r>window.pageXOffset);if(i&&etargetAllowOtherCheck){allowed=!1;var c=document.createElement(\"script\");return c.src=\"\/\/hu.search.etargetnet.com\/generic\/uni.php?g=ref:58661,area:700x210\",void(document.getElementById(t)&&document.getElementById(e)&&(document.getElementById(t).parentNode.appendChild(c),document.getElementById(t).parentNode.removeChild(document.getElementById(t)),document.getElementById(e).parentNode.removeChild(document.getElementById(e)),document.removeEventListener(\"scroll\",etargetPostloadFunction7a9b589f63cb072bef80df221f46a22b),document.removeEventListener(\"resize\",etargetPostloadFunction7a9b589f63cb072bef80df221f46a22b),document.removeEventListener(\"DOMContentLoaded\",etargetPostloadFunction7a9b589f63cb072bef80df221f46a22b)))}}}var etargetDivID=\"etargetPostload7a9b589f63cb072bef80df221f46a22b\",etargetScriptID=\"etargetScript7a9b589f63cb072bef80df221f46a22b\",etargetPostloadPoint=document.createElement(\"div\");etargetPostloadPoint.id=etargetDivID;var etargetCurScript=document.getElementById(etargetScriptID);etargetCurScript.parentNode.appendChild(etargetPostloadPoint),document.addEventListener(\"scroll\",etargetPostloadFunction7a9b589f63cb072bef80df221f46a22b),document.addEventListener(\"resize\",etargetPostloadFunction7a9b589f63cb072bef80df221f46a22b),document.addEventListener(\"DOMContentLoaded\",etargetPostloadFunction7a9b589f63cb072bef80df221f46a22b);var etargetAllowOtherCheck=!0;if(typeof(\"forceRunPostload\")==\"string\"){etargetPostloadFunction7a9b589f63cb072bef80df221f46a22b()}<\/script><\/div><div id=\"friss-247307290\" class=\"friss-after-content_2 friss-entity-placement\" style=\"clear: both;\"><div class=\"wprss_ajax\" data-id=\"rss7248e2d3d9\"><img loading=\"lazy\" decoding=\"async\" src=\"https:\/\/friss-hirek.hu\/wp-content\/plugins\/wp-rss-retriever\/inc\/imgs\/ajax-loader.gif\" alt=\"Loading RSS Feed\" width=\"16\" height=\"16\"><\/div><\/div><br style=\"clear: both; display: block; float: none;\"\/><div id=\"friss-2601574576\" class=\"friss-after-content_3 friss-entity-placement\">https:\/\/www.youtube.com\/watch?v=Pdnw4KiUWp0<\/div>","protected":false},"excerpt":{"rendered":"<p>A magyar e-kereskedelem veter\u00e1nja elmondta v\u00e9lem\u00e9ny\u00e9t a korm\u00e1nyv\u00e1lt\u00e1s v\u00e1rhat\u00f3 hat\u00e1sair\u00f3l: keleti nyom\u00e1s ut\u00e1n nyugati bizalom, \u00e9s tal\u00e1n a magyar webshopok is jobban koncentr\u00e1lhatnak a terjeszked\u00e9sre. Ilyen volt a Checkout szekci\u00f3 a Forbes Flow-n. FORBES CHECKOUT H\u00cdRLEV\u00c9L \u2013 IRATKOZZ FEL! Val\u00f3di e-kereskedelmi tud\u00e1s, hetente k\u00e9zbes\u00edtve.\u00a0Iratkozz fel h\u00edrlevel\u00fcnkre, a Forbes Checkoutra! Kedden volt a\u00a0Forbes Flow\u00a0az Europa Event [&hellip;]<\/p>\n","protected":false},"author":1,"featured_media":0,"comment_status":"open","ping_status":"open","sticky":false,"template":"","format":"standard","meta":{"footnotes":""},"categories":[7],"tags":[],"class_list":["post-166237","post","type-post","status-publish","format-standard","hentry","category-uzlet"],"amp_enabled":true,"_links":{"self":[{"href":"https:\/\/friss-hirek.hu\/index.php\/wp-json\/wp\/v2\/posts\/166237","targetHints":{"allow":["GET"]}}],"collection":[{"href":"https:\/\/friss-hirek.hu\/index.php\/wp-json\/wp\/v2\/posts"}],"about":[{"href":"https:\/\/friss-hirek.hu\/index.php\/wp-json\/wp\/v2\/types\/post"}],"author":[{"embeddable":true,"href":"https:\/\/friss-hirek.hu\/index.php\/wp-json\/wp\/v2\/users\/1"}],"replies":[{"embeddable":true,"href":"https:\/\/friss-hirek.hu\/index.php\/wp-json\/wp\/v2\/comments?post=166237"}],"version-history":[{"count":0,"href":"https:\/\/friss-hirek.hu\/index.php\/wp-json\/wp\/v2\/posts\/166237\/revisions"}],"wp:attachment":[{"href":"https:\/\/friss-hirek.hu\/index.php\/wp-json\/wp\/v2\/media?parent=166237"}],"wp:term":[{"taxonomy":"category","embeddable":true,"href":"https:\/\/friss-hirek.hu\/index.php\/wp-json\/wp\/v2\/categories?post=166237"},{"taxonomy":"post_tag","embeddable":true,"href":"https:\/\/friss-hirek.hu\/index.php\/wp-json\/wp\/v2\/tags?post=166237"}],"curies":[{"name":"wp","href":"https:\/\/api.w.org\/{rel}","templated":true}]}}