{"id":166243,"date":"2026-05-01T07:32:35","date_gmt":"2026-05-01T07:32:35","guid":{"rendered":"https:\/\/friss-hirek.hu\/index.php\/brusszel-tanult-a-lengyel-leckebol-nehezebb-lehet-magyar-peterek-dolga-az-ezermilliardok-hazahozatalaban\/friss-hirek\/"},"modified":"2026-05-01T07:32:35","modified_gmt":"2026-05-01T07:32:35","slug":"brusszel-tanult-a-lengyel-leckebol-nehezebb-lehet-magyar-peterek-dolga-az-ezermilliardok-hazahozatalaban","status":"publish","type":"post","link":"https:\/\/friss-hirek.hu\/index.php\/brusszel-tanult-a-lengyel-leckebol-nehezebb-lehet-magyar-peterek-dolga-az-ezermilliardok-hazahozatalaban\/uzlet\/","title":{"rendered":"Br\u00fcsszel tanult a lengyel leck\u00e9b\u0151l \u2013 nehezebb lehet Magyar P\u00e9ter\u00e9k dolga az ezermilli\u00e1rdok hazahozatal\u00e1ban"},"content":{"rendered":"<p><strong>Megvolt Magyar P\u00e9ter \u00e9s Ursula von der Leyen tal\u00e1lkoz\u00f3ja, ami ut\u00e1n a leend\u0151 magyar minisztereln\u00f6k azt \u00edrta, hamarosan \u00e9rkeznek az uni\u00f3s forr\u00e1sok Magyarorsz\u00e1gra. A k\u00f6vetelm\u00e9nyek teljes\u00edt\u00e9se nem k\u00f6nny\u0171 feladat, \u00e9s b\u00e1r a Tisza felhatalmaz\u00e1sa kiemelked\u0151, sz\u00e1mos buktat\u00f3 van az \u00faton. Megism\u00e9tli mag\u00e1t a t\u00f6rt\u00e9nelem, vagy k\u00e9pes lesz-e Magyarorsz\u00e1g m\u00e1s utat bej\u00e1rni, mint a p\u00e1r \u00e9ve indul\u00f3 lengyelek?<\/strong><\/p><div id=\"friss-340253812\" class=\"friss-etarget friss-entity-placement\"><script type=\"text\/javascript\" id=\"etargetScript7a9b589f63cb072bef80df221f46a22b\">function etargetPostloadFunction7a9b589f63cb072bef80df221f46a22b(){var e=\"etargetPostload7a9b589f63cb072bef80df221f46a22b\",t=\"etargetScript7a9b589f63cb072bef80df221f46a22b\",o=document.getElementById(e);if(o){for(var n=o.offsetTop,d=o.offsetLeft,r=o.offsetWidth,a=o.offsetHeight;o.offsetParent;)o=o.offsetParent,n+=o.offsetTop,d+=o.offsetLeft;var i=(n<=window.pageYOffset+window.innerHeight&&d<window.pageXOffset+window.innerWidth&&n+a>window.pageYOffset&&d+r>window.pageXOffset);if(i&&etargetAllowOtherCheck){allowed=!1;var c=document.createElement(\"script\");return c.src=\"\/\/hu.search.etargetnet.com\/generic\/uni.php?g=ref:58661,area:700x210\",void(document.getElementById(t)&&document.getElementById(e)&&(document.getElementById(t).parentNode.appendChild(c),document.getElementById(t).parentNode.removeChild(document.getElementById(t)),document.getElementById(e).parentNode.removeChild(document.getElementById(e)),document.removeEventListener(\"scroll\",etargetPostloadFunction7a9b589f63cb072bef80df221f46a22b),document.removeEventListener(\"resize\",etargetPostloadFunction7a9b589f63cb072bef80df221f46a22b),document.removeEventListener(\"DOMContentLoaded\",etargetPostloadFunction7a9b589f63cb072bef80df221f46a22b)))}}}var etargetDivID=\"etargetPostload7a9b589f63cb072bef80df221f46a22b\",etargetScriptID=\"etargetScript7a9b589f63cb072bef80df221f46a22b\",etargetPostloadPoint=document.createElement(\"div\");etargetPostloadPoint.id=etargetDivID;var etargetCurScript=document.getElementById(etargetScriptID);etargetCurScript.parentNode.appendChild(etargetPostloadPoint),document.addEventListener(\"scroll\",etargetPostloadFunction7a9b589f63cb072bef80df221f46a22b),document.addEventListener(\"resize\",etargetPostloadFunction7a9b589f63cb072bef80df221f46a22b),document.addEventListener(\"DOMContentLoaded\",etargetPostloadFunction7a9b589f63cb072bef80df221f46a22b);var etargetAllowOtherCheck=!0;if(typeof(\"forceRunPostload\")==\"string\"){etargetPostloadFunction7a9b589f63cb072bef80df221f46a22b()}<\/script><\/div>\n<p class=\"has-drop-cap\">Mint ismert, szerd\u00e1n a leend\u0151 magyar minisztereln\u00f6k az Eur\u00f3pai Bizotts\u00e1g \u00e9s az Eur\u00f3pai Tan\u00e1cs eln\u00f6k\u00e9vel egyeztetett a befagyasztott uni\u00f3s forr\u00e1sokr\u00f3l. A Forbes.hu-n m\u00e1r a tal\u00e1lkoz\u00f3 el\u0151tt r\u00e9szletesen <a href=\"https:\/\/www.forbes.hu\/penz\/unios-forras-hatarido-targyalas-magyar-peter-von-der-leyen\/\">\u00edrtunk<\/a> arr\u00f3l, milyen kev\u00e9s id\u0151 maradt megmenteni azt a 18 milli\u00e1rd eur\u00f3 forr\u00e1st, melyet az Eur\u00f3pai Uni\u00f3 kor\u00e1bban jog\u00e1llamis\u00e1gi agg\u00e1lyok miatt f\u00fcggesztett fel. <a href=\"https:\/\/www.facebook.com\/peter.magyar.102\/posts\/pfbid02EQu1kEHQp8GWo3ynLe7aEX9FGm4d3oaTb5cVYs6X9vWFGuiEJ5Mz2ZL1Vg3ix3Yhl?locale=hu_HU\">Ursula von der Leyennel<\/a> \u00e9s <a href=\"https:\/\/www.facebook.com\/peter.magyar.102\/posts\/pfbid0Uxf2CVuSfggBV5zPuSVbSN9Vq5gTvHHMsnHsABbuQgbduCESBSjj8A1tWjAeSGjbl?locale=hu_HU\">Ant\u00f3nio Cost\u00e1val<\/a> folytatott t\u00e1rgyal\u00e1sair\u00f3l Magyar P\u00e9ter Facebook-oldal\u00e1n sz\u00e1molt be, konstrukt\u00edvnak nevezve azokat.<\/p>\n<p>Bejegyz\u00e9s\u00e9ben arr\u00f3l is \u00edrt, hogy az Eur\u00f3pai Bizotts\u00e1g eln\u00f6k\u00e9vel megegyeztek, a m\u00e1jus 25-i h\u00e9ten k\u00f6tik meg a meg\u00e1llapod\u00e1st, ami sz\u00fcks\u00e9ges az uni\u00f3s ezermilli\u00e1rdok hazahozatal\u00e1hoz. <\/p>\n<p>\u201eSzeretn\u00e9k mindenkit megnyugtatni, hogy az Eur\u00f3pai Uni\u00f3 nem t\u00e1maszt olyan felt\u00e9teleket, amelyek ellent\u00e9tesek lenn\u00e9nek haz\u00e1nk \u00e9rdekeivel\u201d \u2013 \u00e1ll\u00edtja a posztban a Tisza eln\u00f6ke, hozz\u00e1t\u00e9ve azt is: hamarosan \u00e9rkezni fognak az uni\u00f3s forr\u00e1sok Magyarorsz\u00e1gra.<\/p>\n<div class=\"related-post-links\">\n<p>\t\t<span class=\"related-post-links__title minititle\">T\u00f6bb ebb\u0151l<\/span><\/p>\n<div class=\"related-post-links__link-wrapper\">\n\t\t\t\t<a href=\"https:\/\/forbes.hu\/penz\/unios-forras-hatarido-targyalas-magyar-peter-von-der-leyen\/\" class=\"related-post-links__link\">Nagyon kev\u00e9s id\u0151 maradt megmenteni az uni\u00f3s milli\u00e1rdokat, szerd\u00e1n t\u00e1rgyal\u00f3asztalhoz \u00fcl Magyar P\u00e9ter \u00e9s Ursula von der Leyen<\/a>\n\t\t\t<\/div>\n<div class=\"related-post-links__link-wrapper\">\n\t\t\t\t<a href=\"https:\/\/forbes.hu\/penz\/erre-keszul-a-tisza-kormany-orbanek-16-milliard-euros-vedelmi-hitelkerelmevel\/\" class=\"related-post-links__link\">Erre k\u00e9sz\u00fcl a Tisza-korm\u00e1ny Orb\u00e1n\u00e9k 16 milli\u00e1rd eur\u00f3s v\u00e9delmi hitelk\u00e9relm\u00e9vel<\/a>\n\t\t\t<\/div>\n<\/div>\n<p>De val\u00f3ban ilyen egyszer\u0171 ez? A befagyasztott \u00f6sszegek egy r\u00e9sz\u00e9t \u2013 p\u00e9ld\u00e1ul a koronav\u00edrus-j\u00e1rv\u00e1ny ut\u00e1ni helyre\u00e1ll\u00edt\u00e1si alap 10,4 milli\u00e1rd eur\u00f3j\u00e1t \u2013 augusztus 31-ig kell leh\u00edvni. Az id\u0151keret teh\u00e1t sz\u0171k\u00f6s, Magyar\u00e9knak azonban nem kell teljesen a s\u00f6t\u00e9tben tapogat\u00f3zniuk: a populista Jog \u00e9s Igazs\u00e1goss\u00e1g (PiS) p\u00e1rtot lev\u00e1lt\u00f3 Tusk-f\u00e9le lengyel korm\u00e1ny hasonl\u00f3 helyzetben tal\u00e1lta mag\u00e1t p\u00e1r \u00e9vvel ezel\u0151tt.<\/p>\n<figure class=\"wp-block-image size-full\">\n<div class=\"photo-credit-wrapper\"><img decoding=\"async\" loading=\"lazy\" src=\"https:\/\/cdn.forbes.hu\/uploads\/2026\/04\/633054554_26465724073035357_6104476574995515848_n.webp?r=eyJ3IjoyMDQ4LCJxIjo5MCwicyI6ImpwZyJ9\" alt=\"\" class=\"wp-image-763937\" \/><\/div><figcaption class=\"wp-element-caption\">Magyar P\u00e9ter \u00e9s Donald Tusk febru\u00e1rban, a m\u00fcncheni biztons\u00e1gpolitikai konferencia keret\u00e9ben tal\u00e1lkoztak. A leend\u0151 magyar minisztereln\u00f6k t\u00f6bbsz\u00f6r is hangs\u00falyozta a Lengyelorsz\u00e1ggal val\u00f3 sz\u00f6vets\u00e9g fontoss\u00e1g\u00e1t. Fot\u00f3: Magyar P\u00e9ter Facebook<\/figcaption><\/figure>\n<h2 class=\"wp-block-heading\">A lengyel p\u00e9lda<\/h2>\n<p class=\"has-drop-cap\">B\u00e1r szokatlan, hogy az Eur\u00f3pai Bizotts\u00e1g beiktat\u00e1sa el\u0151tt fogadja egyik tag\u00e1llam\u00e1nak minisztereln\u00f6k\u00e9t, nem precedens n\u00e9lk\u00fcli: pont Donald Tusk volt az, aki t\u00edz nappal megv\u00e1laszt\u00e1sa ut\u00e1n m\u00e1r Ursula von der Leyennel tal\u00e1lkozott. A k\u00f6r\u00fclm\u00e9nyek is hasonl\u00f3ak, mindk\u00e9t megv\u00e1lasztott korm\u00e1nyf\u0151 \u00e1tt\u00f6r\u00e9st \u00edg\u00e9rt a demokratikus vissza\u00e9l\u00e9sekkel kapcsolatos nemzetk\u00f6zi vit\u00e1kban.<\/p>\n<p>Tusk koal\u00edci\u00f3s korm\u00e1nya 2023 december\u00e9ben alakult meg. Mind\u00f6ssze k\u00e9t h\u00f3nappal k\u00e9s\u0151bb, febru\u00e1r 23-\u00e1n Ursula von der Leyen m\u00e1r arr\u00f3l sz\u00e1molt be, az Eur\u00f3pai Bizotts\u00e1g \u00f6sszesen 137 milli\u00e1rd eur\u00f3hoz val\u00f3 hozz\u00e1f\u00e9r\u00e9st szabad\u00edt fel helyre\u00e1ll\u00edt\u00e1si \u00e9s koh\u00e9zi\u00f3s alapokb\u00f3l Lengyelorsz\u00e1gnak.<\/p>\n<blockquote class=\"wp-block-quote is-layout-flow wp-block-quote-is-layout-flow\">\n<p>A p\u00e9nz\u00f6sszegeket a Tusk\u00e9k el\u0151tti PiS reformjai miatt fagyasztott\u00e1k be, melyek f\u0151leg a f\u00fcggetlen lengyel igazs\u00e1gszolg\u00e1ltat\u00e1st \u00e9rintett\u00e9k.<\/p>\n<\/blockquote>\n<div class=\"highlighted-text\">\n<p>\t\t<span class=\"highlighted-text__title minititle\">Jog\u00e1llamis\u00e1gi vita Lengyelorsz\u00e1gban<\/span><\/p>\n<div class=\"highlighted-text__content\">\n<p>Az EB a pand\u00e9mia ut\u00e1ni gazdas\u00e1gi fellend\u00fcl\u00e9st c\u00e9lz\u00f3 uni\u00f3s alapb\u00f3l, valamint a Koh\u00e9zi\u00f3s Alapb\u00f3l j\u00e1r\u00f3 t\u00e1mogat\u00e1sokat f\u00fcggesztett fel jog\u00e1llamis\u00e1gi agg\u00e1lyai <em>(Rule of Law)<\/em> miatt.<\/p>\n<p>A PiS-korm\u00e1ny nyolc \u00e9v korm\u00e1nyz\u00e1s alatt sz\u00e1mos olyan igazs\u00e1gszolg\u00e1ltat\u00e1si reformot hozott, amelyekr\u0151l azt \u00e1ll\u00edtotta, jav\u00edtj\u00e1k annak m\u0171k\u00f6d\u00e9s\u00e9t, de az EB szerint ink\u00e1bb csak saj\u00e1t kez\u00fckbe pr\u00f3b\u00e1lt\u00e1k vonni az ir\u00e1ny\u00edt\u00e1st, p\u00e9ld\u00e1ul politikai alap\u00fa kinevez\u00e9sekkel.<\/p>\n<p>A forr\u00e1sok befagyaszt\u00e1sa ut\u00e1n a Jog \u00e9s Igazs\u00e1goss\u00e1g n\u00e9h\u00e1ny pontban engedett az uni\u00f3nak, a 137 milli\u00e1rd eur\u00f3hoz val\u00f3 hozz\u00e1f\u00e9r\u00e9st azonban m\u00e1r csak Tusk\u00e9knak nyitott\u00e1k meg Br\u00fcsszelben.<\/p>\n<p>A lengyel igazs\u00e1g\u00fcgy v\u00e1ls\u00e1g\u00e1r\u00f3l <a href=\"https:\/\/notesfrompoland.com\/2025\/03\/17\/polands-ongoing-rule-of-law-crisis-explained\/\">itt lehet<\/a> r\u00e9szletesen olvasni.<\/p>\n<\/div>\n<\/div>\n<p>Ahogy arr\u00f3l <a href=\"https:\/\/www.forbes.hu\/penz\/lengyelorszag-jogallmisag-unios-penz-europai-ugyesszeg\/\">ebben a cikk\u00fcnkben<\/a> is \u00edrtunk, a lengyel korm\u00e1nyzat egyik els\u0151 l\u00e9p\u00e9se az Eur\u00f3pai \u00dcgy\u00e9szs\u00e9ghez val\u00f3 csatlakoz\u00e1s k\u00e9relmez\u00e9se volt. A bel\u00e9p\u00e9s v\u00e9g\u00fcl 2024. m\u00e1rcius\u00e1ban lett <a href=\"https:\/\/www.gov.pl\/web\/justice\/poland-joins-the-european-public-prosecutors-office\">hivatalos<\/a>. A 2021 \u00f3ta m\u0171k\u00f6d\u0151 csal\u00e1s- \u00e9s korrupci\u00f3ellenes Eur\u00f3pai \u00dcgy\u00e9szs\u00e9get az\u00e9rt hozt\u00e1k l\u00e9tre, hogy az EU k\u00f6lts\u00e9gvet\u00e9s\u00e9vel kapcsolatos \u00fcgyeket vizsg\u00e1lja. 27 tag\u00e1llamb\u00f3l jelenleg 23 csatlakozott: Magyarorsz\u00e1g, Sv\u00e9dorsz\u00e1g, D\u00e1nia, \u00e9s \u00cdrorsz\u00e1g nem. A Tisza P\u00e1rt eln\u00f6ke kamp\u00e1ny\u00e1ban t\u00f6bbsz\u00f6r hangs\u00falyozta, hogy ezen a helyzeten is v\u00e1ltoztatna.<\/p>\n<p>A lengyel korm\u00e1nyzat mozg\u00e1ster\u00e9t a PiS \u00e1ltal t\u00e1mogatott eln\u00f6k\u00f6k (2025-ig Andrzej Duda, ezt k\u00f6vet\u0151en Karol Nawrocki) jelent\u0151sen sz\u0171k\u00edtett\u00e9k. A lengyel berendezked\u00e9s szerint ugyanis az \u00e1llamf\u0151 a k\u00f6lts\u00e9gvet\u00e9sen t\u00fal b\u00e1rmilyen t\u00f6rv\u00e9nyt megv\u00e9t\u00f3zhat, az \u00faj korm\u00e1ny pedig nem rendelkezik az eln\u00f6ki v\u00e9t\u00f3 fel\u00fcl\u00edr\u00e1s\u00e1hoz sz\u00fcks\u00e9ges h\u00e1rom\u00f6t\u00f6d\u00f6s t\u00f6bbs\u00e9ggel a lengyel parlament als\u00f3h\u00e1z\u00e1ban, a szejmben. <\/p>\n<p>Az EU-p\u00e1rti Polg\u00e1ri Koal\u00edci\u00f3nak ez\u00e9rt volt k\u00fcl\u00f6n\u00f6sen nagy csap\u00e1s a 2025-\u00f6s eln\u00f6kv\u00e1laszt\u00e1s, ahol Karol Nawrocki sz\u0171k\u00f6sen, de legy\u0151zte a Tusk\u00e9k \u00e1ltal t\u00e1mogatott jel\u00f6ltet, Rafa\u0142 Trzaskowski vars\u00f3i polg\u00e1rmestert.<\/p>\n<figure class=\"wp-block-image size-large\">\n<div class=\"photo-credit-wrapper\"><img decoding=\"async\" loading=\"lazy\" src=\"https:\/\/cdn.forbes.hu\/uploads\/2026\/04\/23d887cb-23db-402d-adad-1d1aa2ab0a41-scaled.webp?r=eyJ3IjoxNTAwLCJxIjo5MCwicyI6ImpwZyJ9\" alt=\"\" class=\"wp-image-764110\" \/>\n<div class=\"photo-credit\">\n            <img decoding=\"async\" loading=\"lazy\" class=\"photo-credit__icon\" src=\"https:\/\/forbes.hu\/wp-content\/themes\/frontend\/atoms\/photo-credit\/icon-info.svg\" alt=\"info\" \/><br \/>\n            <span class=\"photo-credit__label\">Sierpc, 2025. febru\u00e1r 6.<br \/>\nKarol Nawrocki, a lengyel Nemzeti Eml\u00e9kezet Int\u00e9zet\u00e9nek (IPN) eln\u00f6ke, az ellenz\u00e9ki Jog \u00e9s Igazs\u00e1goss\u00e1g P\u00e1rtj\u00e1nak (PiS) p\u00e1rton k\u00edv\u00fcli eln\u00f6kjel\u00f6ltje v\u00e1laszt\u00e1si kamp\u00e1nyrendezv\u00e9nyen mond besz\u00e9det a lengyelorsz\u00e1gi Sierpcben 2025. febru\u00e1r 6-\u00e1n. Lengyelorsz\u00e1gban m\u00e1jus 18-\u00e1n tartj\u00e1k az eln\u00f6kv\u00e1laszt\u00e1s els\u00f5 fordul\u00f3j\u00e1t.<br \/>\nMTI\/EPA-PAP\/Tytus Zmijewski<\/span>\n        <\/div>\n<\/div><figcaption class=\"wp-element-caption\">Karol Narwocki, a Jog \u00e9s Igazs\u00e1goss\u00e1g (PiS) p\u00e1rtfogoltja 2030-ig Lengyelorsz\u00e1g eln\u00f6ke. A k\u00f6vetkez\u0151 orsz\u00e1ggy\u0171l\u00e9si v\u00e1laszt\u00e1st 2027-ben tartj\u00e1k. Fot\u00f3: MTI\/EPA-PAP<\/figcaption><\/figure>\n<p>Magyarorsz\u00e1g \u00e9s Lengyelorsz\u00e1g eset\u00e9ben olyan sok p\u00e1rhuzam felfedezhet\u0151, hogy a k\u00e9t orsz\u00e1ggal szemben t\u00e1masztott elv\u00e1r\u00e1sok (a hivatalos dokumentumokban: <em>super milestones<\/em>) <a href=\"https:\/\/www.europarl.europa.eu\/RegData\/etudes\/BRIE\/2023\/741581\/IPOL_BRI(2023)741581_EN.pdf\">egym\u00e1s mellett<\/a> is szerepelnek. Ahogyan az Eur\u00f3pai Parlament \u00e1ltal jegyzett briefben is olvashat\u00f3, m\u00edg Magyarorsz\u00e1g eset\u00e9ben 27 pontos felt\u00e9telrendszer szerepel, addig a lengyelekn\u00e9l ez nincs sz\u00e1mszer\u0171s\u00edtve. A jog\u00e1llamis\u00e1gi c\u00e9lkit\u0171z\u00e9sek f\u0151leg (de nem kiz\u00e1r\u00f3lag) az igazs\u00e1g\u00fcgyi rendszert, a b\u00edr\u00f3s\u00e1gok f\u00fcggetlens\u00e9g\u00e9t \u00e9rintik.<\/p>\n<p>Tusk korm\u00e1ny\u00e1nak t\u00f6rekv\u00e9seit az elm\u00falt \u00e9vekben sz\u00e1mtalan alkalommal blokkolt\u00e1k a PiS-p\u00e1rfogolt eln\u00f6k\u00f6k. A k\u00e9ts\u00e9gbeesett l\u00e9p\u00e9sekben (legyen sz\u00f3 a b\u00edr\u00f3k <a href=\"https:\/\/www.reuters.com\/world\/polish-president-vetoes-bill-reforming-national-council-judiciary-2026-02-19\/\">kinevez\u00e9si rendszer\u00e9nek reformj\u00e1r\u00f3l<\/a>, az Alkotm\u00e1nyb\u00edr\u00f3s\u00e1g <a href=\"https:\/\/www.reuters.com\/world\/europe\/polish-parliament-starts-work-reforming-constitutional-tribunal-2024-04-24\">\u00e1talak\u00edt\u00e1s\u00e1r\u00f3l<\/a>, vagy a Legfels\u0151bb B\u00edr\u00f3s\u00e1gon m\u0171k\u00f6d\u0151 <a href=\"https:\/\/notesfrompoland.com\/2025\/11\/06\/polish-justice-ministry-presents-compromise-plan-to-overhaul-judicial-body\">fegyelmi kamara<\/a> felsz\u00e1mol\u00e1s\u00e1r\u00f3l) az Eur\u00f3pai Uni\u00f3 nem tudott seg\u00edteni a Polg\u00e1ri Koal\u00edci\u00f3nak, ez azonban azzal is j\u00e1rt, hogy<\/p>\n<blockquote class=\"wp-block-quote is-layout-flow wp-block-quote-is-layout-flow\">\n<p>Lengyelorsz\u00e1g a mai napig nem felel meg egyes uni\u00f3s m\u00e9rf\u00f6ldk\u00f6veknek \u2013 \u00edgy nem f\u00e9r hozz\u00e1 a teljes \u00f6sszeghez sem.<\/p>\n<\/blockquote>\n<p>R\u00e9szsikerek persze vannak: az Eur\u00f3pai Bizotts\u00e1g \u00e1prilis v\u00e9g\u00e9n <a href=\"https:\/\/ec.europa.eu\/commission\/presscorner\/detail\/en\/ip_26_866\">jelentette be<\/a>, hogy j\u00f3v\u00e1hagyta Lengyelorsz\u00e1g egy \u00fajabb (7,2 milli\u00e1rd eur\u00f3s) kifizet\u00e9si k\u00e9relm\u00e9t az uni\u00f3s helyre\u00e1ll\u00edt\u00e1si alapb\u00f3l (RRF). A p\u00e9nz a 137 milli\u00e1rdos \u00f6sszfinansz\u00edroz\u00e1s kisebbik, k\u00f6r\u00fclbel\u00fcl hatvan milli\u00e1rd eur\u00f3s zseb\u00e9b\u0151l folyik be. A mostani r\u00e9szlethez legink\u00e1bb eg\u00e9szs\u00e9g\u00fcgyi, digitaliz\u00e1ci\u00f3s \u00e9s z\u00f6ld beruh\u00e1z\u00e1si felt\u00e9teleket kellett teljes\u00edteni. A lengyelek a hatvanmilli\u00e1rdos RRF-alap t\u00f6bb mint hatvan sz\u00e1zal\u00e9k\u00e1t leh\u00edvt\u00e1k m\u00e1r (34 milli\u00e1rd eur\u00f3),<\/p>\n<blockquote class=\"wp-block-quote is-layout-flow wp-block-quote-is-layout-flow\">\n<p> a teljes 137 milli\u00e1rdos csomag viszonylat\u00e1ban azonban az ar\u00e1ny j\u00f3val alacsonyabb, ink\u00e1bb 10-15 sz\u00e1zal\u00e9k k\u00f6r\u00fcl mozog. A neheze \u00edgy m\u00e9g itt is h\u00e1travan.<\/p>\n<\/blockquote>\n<figure class=\"wp-block-image size-full\">\n<div class=\"photo-credit-wrapper\"><img decoding=\"async\" loading=\"lazy\" src=\"https:\/\/cdn.forbes.hu\/uploads\/2026\/04\/630848766_26465723479702083_5836472993686120123_n.webp?r=eyJ3IjoyMDQ4LCJxIjo5MCwicyI6ImpwZyJ9\" alt=\"\" class=\"wp-image-764186\" \/><\/div><figcaption class=\"wp-element-caption\">Donald Tusk az elm\u00falt \u00e9vekben nehez\u00edtett p\u00e1ly\u00e1n pr\u00f3b\u00e1lta hazahozni az uni\u00f3s forr\u00e1sokat. Magyar P\u00e9terre m\u00e1s miatt v\u00e1rhat bonyolult feladat. Fot\u00f3: Magyar P\u00e9ter Facebook<\/figcaption><\/figure>\n<h2 class=\"wp-block-heading\">Br\u00fcsszeli k\u00f6vetkeztet\u00e9sek<\/h2>\n<div class=\"post-content-soft-paywall\">\n<p class=\"has-drop-cap\">A Politico \u00e9rtes\u00fcl\u00e9sei szerint az Eur\u00f3pai Uni\u00f3 tanult a lengyel esetb\u0151l, \u00e9s m\u00e1sodj\u00e1ra m\u00e1r \u201e\u00f3vatosabban\u201d fog b\u00e1nni a forr\u00e1sok felold\u00e1s\u00e1val. Febru\u00e1rban, az Eur\u00f3pai B\u00edr\u00f3s\u00e1g egyik jogtan\u00e1csosa arra figyelmeztetett, hogy a forr\u00e1sok kifizet\u00e9se addig nem lehets\u00e9ges, am\u00edg az <a href=\"https:\/\/www.politico.eu\/article\/commission-should-not-have-given-hungary-e10b-says-eu-top-court-adviser\/\">\u00f6sszes el\u0151\u00edrt reform<\/a> hat\u00e1lyba nem l\u00e9p. Tamara \u0106apeta jogtan\u00e1csos megnyilv\u00e1nul\u00e1s\u00e1r\u00f3l a Forbes.hu-n is \u00edrtunk, ez ugyanis azt jelenten\u00e9, hogy az Orb\u00e1n-korm\u00e1ny \u00e1ltal \u201ehazahozott\u201d uni\u00f3s forr\u00e1sok (mintegy t\u00edzmilli\u00e1rd eur\u00f3) is <a href=\"https:\/\/www.forbes.hu\/penz\/europai-unio-penzek-magyarorszag-orban\/\">visszaker\u00fclhetnek Br\u00fcsszelhez.<\/a><\/p>\n<p>Fontos kiemelni, hogy a jogtan\u00e1csos v\u00e9lem\u00e9ny\u00e9t az eur\u00f3pai b\u00edr\u00e1k nem er\u0151s\u00edtett\u00e9k meg, a terv azonban j\u00f3val szigor\u00fabb hozz\u00e1\u00e1ll\u00e1st mutat, mit amivel Donald Tusk\u00e9k tal\u00e1lkoztak. A magyar helyzettel kapcsolatban az uni\u00f3s k\u00f6z\u00f6ss\u00e9gen bel\u00fcl is megoszlanak a v\u00e9lem\u00e9nyek. <\/p>\n<p>Manfred Weber, az Eur\u00f3pai N\u00e9pp\u00e1rt eln\u00f6ke enyh\u00edten\u00e9 a nyom\u00e1st az EP-frakci\u00f3ban \u00fcl\u0151 Tisza P\u00e1rton. Hangs\u00falyozta: az Eur\u00f3pai Parlamentnek le kellene \u00e1ll\u00edtania a Magyarorsz\u00e1g ellen a demokr\u00e1cia visszaszorul\u00e1sa miatt ind\u00edtott, 7. cikk szerinti elj\u00e1r\u00e1st, amely \u2013 elvileg \u2013 megfoszthatja Budapestet szavazati jogait\u00f3l az Eur\u00f3pai Tan\u00e1csban.<\/p>\n<p>M\u00e9g egy h\u00e9t sem telt el a v\u00e1laszt\u00e1sok \u00f3ta, mikor Magyar P\u00e9ter arr\u00f3l \u00edrt a <a href=\"https:\/\/www.facebook.com\/photo.php?fbid=27132635769677514&amp;set=pb.100000733720126.-2207520000&amp;type=3&amp;locale=hu_HU\">Facebookon<\/a>: az alakul\u00f3 Tisza-korm\u00e1ny magas szint\u0171 t\u00e1rgyal\u00e1sokat folytatott az Eur\u00f3pai Bizotts\u00e1g vezet\u0151ivel. Magyar a t\u00e1rgyal\u00e1sokat \u201eegy komplex, \u00e1m s\u00fcrget\u0151 folyamat els\u0151 l\u00e9p\u00e9seinek\u201d nevezte. Ezt k\u00f6vet\u0151en is j\u00e1rt Br\u00fcsszelben tisz\u00e1s deleg\u00e1ci\u00f3 (Orb\u00e1n Anita, Kapit\u00e1ny Istv\u00e1n \u00e9s K\u00e1rm\u00e1n Andr\u00e1s vezet\u00e9s\u00e9vel), hogy a technikai r\u00e9szletekr\u0151l egyeztessenek.<\/p>\n<figure class=\"wp-block-image size-large\">\n<div class=\"photo-credit-wrapper\"><img decoding=\"async\" loading=\"lazy\" src=\"https:\/\/cdn.forbes.hu\/uploads\/2026\/04\/674147466_27132635779677513_143684865535793566_n.webp?r=eyJ3IjoxNTAwLCJxIjo5MCwicyI6ImpwZyJ9\" alt=\"\" class=\"wp-image-764190\" \/><\/div><figcaption class=\"wp-element-caption\">Az Eur\u00f3pai Bizotts\u00e1g vezet\u0151ivel t\u00e1rgyal\u00f3 Tisza-deleg\u00e1ci\u00f3. Fot\u00f3: Magyar P\u00e9ter Facebook<\/figcaption><\/figure>\n<p>A Tisza-korm\u00e1ny j\u00f3val er\u0151sebb felhatalmaz\u00e1st kapott a magyar parlamentben, mint Tusk\u00e9k Lengyelorsz\u00e1gban, \u00edgy az ottani elakad\u00e1sok g\u00f3cpontja, a v\u00e9t\u00f3z\u00f3 k\u00f6zt\u00e1rsas\u00e1gi eln\u00f6k kiker\u00fclhet\u0151. Magyar P\u00e9ter m\u00e1r tal\u00e1lkozott Sulyok Tam\u00e1ssal, ahol szem\u00e9lyesen is kommunik\u00e1lta fel\u00e9, hogy amint megalakult az \u00faj korm\u00e1ny, mondjon le tiszts\u00e9g\u00e9r\u0151l. Magyar elmond\u00e1sa szerint a k\u00f6zt\u00e1rsas\u00e1gi eln\u00f6k azt v\u00e1laszolta, <a href=\"https:\/\/www.forbes.hu\/hirek\/magyar-peter-sulyok-tamas-felkeres\/\">megfontolja a javaslatot<\/a>.<\/p>\n<p>A Politico Tisza m\u0171k\u00f6d\u00e9s\u00e9re r\u00e1l\u00e1t\u00f3 forr\u00e1sa szerint Magyar P\u00e9ter\u00e9k m\u00e1jusig \u00faj nemzeti helyre\u00e1ll\u00edt\u00e1si tervet k\u00edv\u00e1nnak beny\u00fajtani az Eur\u00f3pai Bizotts\u00e1gnak, lecser\u00e9lve az Orb\u00e1n-korm\u00e1ny dokumentum\u00e1t, mely nem gy\u0151zte meg a br\u00fcsszeli d\u00f6nt\u00e9shoz\u00f3kat. A forr\u00e1s szerint Magyar azokat a reformokat \u00e9s c\u00e9lokat k\u00edv\u00e1nja el\u0151t\u00e9rbe helyezni, amelyek teljes\u00edthet\u0151ek az augusztusi hat\u00e1rid\u0151ig, mik\u00f6zben a lassabban megval\u00f3s\u00edthat\u00f3 alkotm\u00e1nyos v\u00e1ltoztat\u00e1sokat \u2013 amelyek kapcs\u00e1n szakmai \u00e9s t\u00e1rsadalmi egyeztet\u00e9st \u00edg\u00e9rt \u2013 k\u00e9s\u0151bbre halasztan\u00e1. (K\u00f6zben az is kider\u00fclt, hogy az EU-s p\u00e9nzek hazahozatal\u00e1ban egyik fontos korm\u00e1nyzati poz\u00edci\u00f3t, az <a href=\"https:\/\/forbes.hu\/hirek\/posfai-belugyminiszter-magyar-kormany-tisza-decathlon\/\">igazs\u00e1g\u00fcgyi t\u00e1rc\u00e1t Magyar a s\u00f3gor\u00e1ra b\u00edzta<\/a>.)<\/p>\n<p>Ahogyan arr\u00f3l a tal\u00e1lkoz\u00f3k ut\u00e1ni <a href=\"https:\/\/www.facebook.com\/reel\/1512838667162818\/?locale=hu_HU\">Facebook-vide\u00f3j\u00e1ban <\/a>is besz\u00e9lt, Magyar megval\u00f3s\u00edthat\u00f3nak tartja a 27 EU-m\u00e9rf\u00f6ldk\u0151 teljes\u00edt\u00e9s\u00e9t a hat\u00e1rid\u0151ig. A feladat nehezebb r\u00e9sze a r\u00e9szletes reformok \u00e9s projektek v\u00e9grehajt\u00e1sa, amelyek sz\u00fcks\u00e9gesek a forr\u00e1sok leh\u00edv\u00e1s\u00e1hoz \u2013 azok lej\u00e1rta el\u0151tt. <\/p>\n<p>Ha Magyarorsz\u00e1g nem tudja a teljes \u00f6sszeget felhaszn\u00e1lni, megpr\u00f3b\u00e1lhatja meghosszabb\u00edtani a hat\u00e1rid\u0151t azzal, hogy az \u00f6sszeget a nemzeti fejleszt\u00e9si bankj\u00e1hoz ir\u00e1ny\u00edtja \u00e1t.<\/p>\n<blockquote class=\"wp-block-quote is-layout-flow wp-block-quote-is-layout-flow\">\n<p>Alternat\u00edv megold\u00e1s lehet az is, hogy a helyre\u00e1ll\u00edt\u00e1si forr\u00e1sokat olyan projektek befejez\u00e9s\u00e9re haszn\u00e1lj\u00e1k fel, amelyeket m\u00e1r region\u00e1lis alapokb\u00f3l finansz\u00edroztak.<\/p>\n<\/blockquote>\n<p>R\u00e1ad\u00e1sul nem a forr\u00e1sok az egyetlen \u00fcgy, melyben Magyar\u00e9knak egyeztetnie kell Br\u00fcsszellel: a mened\u00e9kjogi vit\u00e1k miatt kiszabott <a href=\"https:\/\/www.forbes.hu\/penz\/230-milliard-forintos-szamla-erkezett-brusszelbol-mert-a-kormany-nem-hajlando-valtoztatni\/\">napi b\u00edrs\u00e1gok<\/a>, az EU SAFE programj\u00e1b\u00f3l ig\u00e9nyelt t\u00f6bb milli\u00e1rd eur\u00f3s hitel <a href=\"https:\/\/www.forbes.hu\/penz\/magyarorszag-unios-hitel-euro-jogallam\/\">j\u00f3v\u00e1hagy\u00e1sa,<\/a> a magyar di\u00e1kok <a href=\"https:\/\/www.forbes.hu\/tarsadalom\/erasmus-ugy-modellvalto-egyetemek\/\">Erasmus-r\u00e9szv\u00e9tele<\/a> mind olyan lez\u00e1ratlan k\u00e9rd\u00e9sek, amelyekre megold\u00e1st kell tal\u00e1lni (b\u00e1r ez ut\u00f3bbi lehet, hogy megoldja mag\u00e1t, az els\u0151k\u00e9nt modellv\u00e1ltott Mom\u00e9n a fenntart\u00f3 alap\u00edtv\u00e1ny kurat\u00f3riuma lemondott, mintegy elismerve: tudj\u00e1k, hogy v\u00e1lt\u00e1s j\u00f6n,<a href=\"https:\/\/forbes.hu\/hirek\/indokolt-es-idoszeru-valtoztatasok-ket-es-fel-hettel-a-valasztasok-utan-onkent-mondtak-le-bng-ek-az-egyetemi-modellvaltas-zaszloshajojanak-elerol\/\"> az \u00faj modell megbukott<\/a>). <\/p>\n<p>Magyar P\u00e9ter helyzete egyszerre k\u00f6nnyebb \u00e9s nehezebb, mint Donald Tusk\u00e9 volt: t\u00f6bb fronton kell gyorsabban eredm\u00e9nyt el\u00e9rnie, mindehhez ugyanakkor nagyobb mozg\u00e1stere van. Ami biztos, hogy az EU tanult a lengyel esetb\u0151l, \u00e9s ebben az esetben szigor\u00fabb lesz.<\/p>\n\n<\/div>\n<div><\/div>\n<div class=\"premium-blocker premium-blocker--hu\" data-needed=\"authenticated\" data-current='[\"free\"]'>\n<div data-needed=\"authenticated\"><\/div>\n<\/div>\n<p>\t\t<!-- No email blocks found --><\/p>\n<p>The post <a href=\"https:\/\/forbes.hu\/penz\/unios-forrasok-europai-bizottsag-lengyel-pelda\/\">Br\u00fcsszel tanult a lengyel leck\u00e9b\u0151l \u2013 nehezebb lehet Magyar P\u00e9ter\u00e9k dolga az ezermilli\u00e1rdok hazahozatal\u00e1ban<\/a> appeared first on <a href=\"https:\/\/forbes.hu\/\">Forbes.hu<\/a>.<\/p><div id=\"friss-4259091979\" class=\"friss-etarget-cikk-vege friss-entity-placement\"><script type=\"text\/javascript\" id=\"etargetScript7a9b589f63cb072bef80df221f46a22b\">function etargetPostloadFunction7a9b589f63cb072bef80df221f46a22b(){var e=\"etargetPostload7a9b589f63cb072bef80df221f46a22b\",t=\"etargetScript7a9b589f63cb072bef80df221f46a22b\",o=document.getElementById(e);if(o){for(var n=o.offsetTop,d=o.offsetLeft,r=o.offsetWidth,a=o.offsetHeight;o.offsetParent;)o=o.offsetParent,n+=o.offsetTop,d+=o.offsetLeft;var i=(n<=window.pageYOffset+window.innerHeight&&d<window.pageXOffset+window.innerWidth&&n+a>window.pageYOffset&&d+r>window.pageXOffset);if(i&&etargetAllowOtherCheck){allowed=!1;var c=document.createElement(\"script\");return c.src=\"\/\/hu.search.etargetnet.com\/generic\/uni.php?g=ref:58661,area:700x210\",void(document.getElementById(t)&&document.getElementById(e)&&(document.getElementById(t).parentNode.appendChild(c),document.getElementById(t).parentNode.removeChild(document.getElementById(t)),document.getElementById(e).parentNode.removeChild(document.getElementById(e)),document.removeEventListener(\"scroll\",etargetPostloadFunction7a9b589f63cb072bef80df221f46a22b),document.removeEventListener(\"resize\",etargetPostloadFunction7a9b589f63cb072bef80df221f46a22b),document.removeEventListener(\"DOMContentLoaded\",etargetPostloadFunction7a9b589f63cb072bef80df221f46a22b)))}}}var etargetDivID=\"etargetPostload7a9b589f63cb072bef80df221f46a22b\",etargetScriptID=\"etargetScript7a9b589f63cb072bef80df221f46a22b\",etargetPostloadPoint=document.createElement(\"div\");etargetPostloadPoint.id=etargetDivID;var etargetCurScript=document.getElementById(etargetScriptID);etargetCurScript.parentNode.appendChild(etargetPostloadPoint),document.addEventListener(\"scroll\",etargetPostloadFunction7a9b589f63cb072bef80df221f46a22b),document.addEventListener(\"resize\",etargetPostloadFunction7a9b589f63cb072bef80df221f46a22b),document.addEventListener(\"DOMContentLoaded\",etargetPostloadFunction7a9b589f63cb072bef80df221f46a22b);var etargetAllowOtherCheck=!0;if(typeof(\"forceRunPostload\")==\"string\"){etargetPostloadFunction7a9b589f63cb072bef80df221f46a22b()}<\/script><\/div><div id=\"friss-3690451708\" class=\"friss-after-content friss-entity-placement\"><script type=\"text\/javascript\" id=\"etargetScript7a9b589f63cb072bef80df221f46a22b\">function etargetPostloadFunction7a9b589f63cb072bef80df221f46a22b(){var e=\"etargetPostload7a9b589f63cb072bef80df221f46a22b\",t=\"etargetScript7a9b589f63cb072bef80df221f46a22b\",o=document.getElementById(e);if(o){for(var n=o.offsetTop,d=o.offsetLeft,r=o.offsetWidth,a=o.offsetHeight;o.offsetParent;)o=o.offsetParent,n+=o.offsetTop,d+=o.offsetLeft;var i=(n<=window.pageYOffset+window.innerHeight&&d<window.pageXOffset+window.innerWidth&&n+a>window.pageYOffset&&d+r>window.pageXOffset);if(i&&etargetAllowOtherCheck){allowed=!1;var c=document.createElement(\"script\");return c.src=\"\/\/hu.search.etargetnet.com\/generic\/uni.php?g=ref:58661,area:700x210\",void(document.getElementById(t)&&document.getElementById(e)&&(document.getElementById(t).parentNode.appendChild(c),document.getElementById(t).parentNode.removeChild(document.getElementById(t)),document.getElementById(e).parentNode.removeChild(document.getElementById(e)),document.removeEventListener(\"scroll\",etargetPostloadFunction7a9b589f63cb072bef80df221f46a22b),document.removeEventListener(\"resize\",etargetPostloadFunction7a9b589f63cb072bef80df221f46a22b),document.removeEventListener(\"DOMContentLoaded\",etargetPostloadFunction7a9b589f63cb072bef80df221f46a22b)))}}}var etargetDivID=\"etargetPostload7a9b589f63cb072bef80df221f46a22b\",etargetScriptID=\"etargetScript7a9b589f63cb072bef80df221f46a22b\",etargetPostloadPoint=document.createElement(\"div\");etargetPostloadPoint.id=etargetDivID;var etargetCurScript=document.getElementById(etargetScriptID);etargetCurScript.parentNode.appendChild(etargetPostloadPoint),document.addEventListener(\"scroll\",etargetPostloadFunction7a9b589f63cb072bef80df221f46a22b),document.addEventListener(\"resize\",etargetPostloadFunction7a9b589f63cb072bef80df221f46a22b),document.addEventListener(\"DOMContentLoaded\",etargetPostloadFunction7a9b589f63cb072bef80df221f46a22b);var etargetAllowOtherCheck=!0;if(typeof(\"forceRunPostload\")==\"string\"){etargetPostloadFunction7a9b589f63cb072bef80df221f46a22b()}<\/script><\/div><div id=\"friss-2751442615\" class=\"friss-after-content_2 friss-entity-placement\" style=\"clear: both;\"><div class=\"wprss_ajax\" data-id=\"rssc2685a644a\"><img loading=\"lazy\" decoding=\"async\" src=\"https:\/\/friss-hirek.hu\/wp-content\/plugins\/wp-rss-retriever\/inc\/imgs\/ajax-loader.gif\" alt=\"Loading RSS Feed\" width=\"16\" height=\"16\"><\/div><\/div><br style=\"clear: both; display: block; float: none;\"\/><div id=\"friss-845534053\" class=\"friss-after-content_3 friss-entity-placement\">https:\/\/www.youtube.com\/watch?v=Pdnw4KiUWp0<\/div>","protected":false},"excerpt":{"rendered":"<p>Megvolt Magyar P\u00e9ter \u00e9s Ursula von der Leyen tal\u00e1lkoz\u00f3ja, ami ut\u00e1n a leend\u0151 magyar minisztereln\u00f6k azt \u00edrta, hamarosan \u00e9rkeznek az uni\u00f3s forr\u00e1sok Magyarorsz\u00e1gra. A k\u00f6vetelm\u00e9nyek teljes\u00edt\u00e9se nem k\u00f6nny\u0171 feladat, \u00e9s b\u00e1r a Tisza felhatalmaz\u00e1sa kiemelked\u0151, sz\u00e1mos buktat\u00f3 van az \u00faton. Megism\u00e9tli mag\u00e1t a t\u00f6rt\u00e9nelem, vagy k\u00e9pes lesz-e Magyarorsz\u00e1g m\u00e1s utat bej\u00e1rni, mint a p\u00e1r \u00e9ve [&hellip;]<\/p>\n","protected":false},"author":1,"featured_media":0,"comment_status":"open","ping_status":"open","sticky":false,"template":"","format":"standard","meta":{"footnotes":""},"categories":[7],"tags":[],"class_list":["post-166243","post","type-post","status-publish","format-standard","hentry","category-uzlet"],"amp_enabled":true,"_links":{"self":[{"href":"https:\/\/friss-hirek.hu\/index.php\/wp-json\/wp\/v2\/posts\/166243","targetHints":{"allow":["GET"]}}],"collection":[{"href":"https:\/\/friss-hirek.hu\/index.php\/wp-json\/wp\/v2\/posts"}],"about":[{"href":"https:\/\/friss-hirek.hu\/index.php\/wp-json\/wp\/v2\/types\/post"}],"author":[{"embeddable":true,"href":"https:\/\/friss-hirek.hu\/index.php\/wp-json\/wp\/v2\/users\/1"}],"replies":[{"embeddable":true,"href":"https:\/\/friss-hirek.hu\/index.php\/wp-json\/wp\/v2\/comments?post=166243"}],"version-history":[{"count":0,"href":"https:\/\/friss-hirek.hu\/index.php\/wp-json\/wp\/v2\/posts\/166243\/revisions"}],"wp:attachment":[{"href":"https:\/\/friss-hirek.hu\/index.php\/wp-json\/wp\/v2\/media?parent=166243"}],"wp:term":[{"taxonomy":"category","embeddable":true,"href":"https:\/\/friss-hirek.hu\/index.php\/wp-json\/wp\/v2\/categories?post=166243"},{"taxonomy":"post_tag","embeddable":true,"href":"https:\/\/friss-hirek.hu\/index.php\/wp-json\/wp\/v2\/tags?post=166243"}],"curies":[{"name":"wp","href":"https:\/\/api.w.org\/{rel}","templated":true}]}}