{"id":166249,"date":"2026-05-01T10:35:30","date_gmt":"2026-05-01T10:35:30","guid":{"rendered":"https:\/\/friss-hirek.hu\/index.php\/a-180-milliardos-uzlet-felvasaroljak-a-bajnai-gordon-vezette-globalis-oriast\/friss-hirek\/"},"modified":"2026-05-01T10:35:30","modified_gmt":"2026-05-01T10:35:30","slug":"a-180-milliardos-uzlet-felvasaroljak-a-bajnai-gordon-vezette-globalis-oriast","status":"publish","type":"post","link":"https:\/\/friss-hirek.hu\/index.php\/a-180-milliardos-uzlet-felvasaroljak-a-bajnai-gordon-vezette-globalis-oriast\/uzlet\/","title":{"rendered":"A 180 milli\u00e1rdos \u00fczlet: felv\u00e1s\u00e1rolj\u00e1k a Bajnai Gordon vezette glob\u00e1lis \u00f3ri\u00e1st"},"content":{"rendered":"<p><strong>A Lazard meg\u00e1llapodott arr\u00f3l, hogy mintegy 575 milli\u00f3 doll\u00e1r\u00e9rt felv\u00e1s\u00e1rolja a Campbell Lutyens mag\u00e1nt\u0151ke-tan\u00e1csad\u00f3 c\u00e9get. Ut\u00f3bbi vez\u00e9rigazgat\u00f3ja a kor\u00e1bbi magyar minisztereln\u00f6k, Bajnai Gordon. <br \/><\/strong><\/p><div id=\"friss-1454936118\" class=\"friss-etarget friss-entity-placement\"><script type=\"text\/javascript\" id=\"etargetScript7a9b589f63cb072bef80df221f46a22b\">function etargetPostloadFunction7a9b589f63cb072bef80df221f46a22b(){var e=\"etargetPostload7a9b589f63cb072bef80df221f46a22b\",t=\"etargetScript7a9b589f63cb072bef80df221f46a22b\",o=document.getElementById(e);if(o){for(var n=o.offsetTop,d=o.offsetLeft,r=o.offsetWidth,a=o.offsetHeight;o.offsetParent;)o=o.offsetParent,n+=o.offsetTop,d+=o.offsetLeft;var i=(n<=window.pageYOffset+window.innerHeight&&d<window.pageXOffset+window.innerWidth&&n+a>window.pageYOffset&&d+r>window.pageXOffset);if(i&&etargetAllowOtherCheck){allowed=!1;var c=document.createElement(\"script\");return c.src=\"\/\/hu.search.etargetnet.com\/generic\/uni.php?g=ref:58661,area:700x210\",void(document.getElementById(t)&&document.getElementById(e)&&(document.getElementById(t).parentNode.appendChild(c),document.getElementById(t).parentNode.removeChild(document.getElementById(t)),document.getElementById(e).parentNode.removeChild(document.getElementById(e)),document.removeEventListener(\"scroll\",etargetPostloadFunction7a9b589f63cb072bef80df221f46a22b),document.removeEventListener(\"resize\",etargetPostloadFunction7a9b589f63cb072bef80df221f46a22b),document.removeEventListener(\"DOMContentLoaded\",etargetPostloadFunction7a9b589f63cb072bef80df221f46a22b)))}}}var etargetDivID=\"etargetPostload7a9b589f63cb072bef80df221f46a22b\",etargetScriptID=\"etargetScript7a9b589f63cb072bef80df221f46a22b\",etargetPostloadPoint=document.createElement(\"div\");etargetPostloadPoint.id=etargetDivID;var etargetCurScript=document.getElementById(etargetScriptID);etargetCurScript.parentNode.appendChild(etargetPostloadPoint),document.addEventListener(\"scroll\",etargetPostloadFunction7a9b589f63cb072bef80df221f46a22b),document.addEventListener(\"resize\",etargetPostloadFunction7a9b589f63cb072bef80df221f46a22b),document.addEventListener(\"DOMContentLoaded\",etargetPostloadFunction7a9b589f63cb072bef80df221f46a22b);var etargetAllowOtherCheck=!0;if(typeof(\"forceRunPostload\")==\"string\"){etargetPostloadFunction7a9b589f63cb072bef80df221f46a22b()}<\/script><\/div>\n<p><strong>Mi t\u00f6rt\u00e9nt?<\/strong> A Lazard \u2013 egy glob\u00e1lis p\u00e9nz\u00fcgyi tan\u00e1csad\u00f3 \u00e9s vagyonkezel\u0151 c\u00e9g, az egyik legismertebb f\u00fcggetlen befektet\u00e9si bank a vil\u00e1gon \u2013 <a href=\"https:\/\/www.lazard.com\/news-announcements\/lazard-to-acquire-campbell-lutyens-creating-the-global-leader-in-private-capital-advisory\/\">bejelentette<\/a>, hogy mintegy 575 milli\u00f3 doll\u00e1r\u00e9rt (k\u00f6zel 180 milli\u00e1rd forintnak megfelel\u0151 \u00f6sszeg\u00e9rt) felv\u00e1s\u00e1rolja a londoni k\u00f6zpont\u00fa Campbell Lutyens mag\u00e1nt\u0151ke-tan\u00e1csad\u00f3 c\u00e9get, amely szint\u00e9n glob\u00e1lis nagyj\u00e1t\u00e9kosnak sz\u00e1m\u00edt a maga piac\u00e1n. Az \u00fcgylet eredm\u00e9nyek\u00e9nt l\u00e9trej\u00f6n egy \u00faj \u00fczlet\u00e1g, Lazard CL, amely a bank harmadik glob\u00e1lis pill\u00e9re lesz.<\/p>\n<p><strong>Mi a c\u00e9l? <\/strong>Az \u00faj egys\u00e9g a Lazard megl\u00e9v\u0151 private capital csapat\u00e1t \u00e9s a Campbell Lutyens tev\u00e9kenys\u00e9g\u00e9t egyes\u00edti, lefedve a t\u0151kebevon\u00e1st, m\u00e1sodpiaci tranzakci\u00f3kat \u00e9s \u00e1ltal\u00e1nos t\u0151kepiaci tan\u00e1csad\u00e1st olyan szegmensekben, mint a private equity, private credit, infrastrukt\u00fara \u00e9s ingatlan. A c\u00e9l egy end-to-end tan\u00e1csad\u00e1si modell, amely az \u00fcgyfeleket a teljes t\u0151ke\u00e9letcikluson v\u00e9gigk\u00eds\u00e9ri.<\/p>\n<p>A tranzakci\u00f3 \u00e9rt\u00e9ke mellett tov\u00e1bbi ak\u00e1r 85 milli\u00f3 doll\u00e1r kifizet\u00e9s is j\u00f6het teljes\u00edtm\u00e9nyhez k\u00f6tve. A c\u00e9g v\u00e1rakoz\u00e1sai szerint az akviz\u00edci\u00f3 2027-t\u0151l m\u00e1r n\u00f6veli az eredm\u00e9nyt, \u00e9s kulcsl\u00e9p\u00e9s a Lazard hossz\u00fa t\u00e1v\u00fa n\u00f6veked\u00e9si strat\u00e9gi\u00e1j\u00e1ban.<\/p>\n<blockquote class=\"wp-block-quote is-layout-flow wp-block-quote-is-layout-flow\">\n<p>A k\u00e9t c\u00e9g \u00f6sszeolvad\u00e1s\u00e1val egy glob\u00e1lis, integr\u00e1lt platform j\u00f6n l\u00e9tre, a k\u00f6z\u00f6s egys\u00e9g v\u00e1rhat\u00f3an \u00e9vi k\u00f6zel 500 milli\u00f3 doll\u00e1r bev\u00e9telt termel majd 2027-re, \u00e9s t\u00f6bb mint 280 szakemberrel, 18 irod\u00e1ban m\u0171k\u00f6dik vil\u00e1gszerte.<\/p>\n<\/blockquote>\n<p><strong>Egy magyar a cs\u00facson. <\/strong>Ahogy arr\u00f3l kor\u00e1bban a Forbes.hu \u00edrt, 2024. szeptember 1-t\u0151l <a href=\"https:\/\/forbes.hu\/uzlet\/bajnai-gordon-london-campbell-lutyens-vezerigazgato\/\">Bajnai Gordont vette \u00e1t <\/a>a Campbell Lutyens vez\u00e9rigazgat\u00f3i poz\u00edci\u00f3j\u00e1t \u2013 ezzel \u0151 lett a glob\u00e1lisan legmagasabban jegyzett magyar c\u00e9gvezet\u0151. Tavaly a <a href=\"https:\/\/forbes.hu\/penz\/bajnai-gordon-forbes-money-summit-europa\/\">Forbes Money Summit-on<\/a> j\u00e1rtuk vele k\u00f6rbe, mi a j\u00f3 \u00fczlet \u2013 most a s\u0171r\u0171j\u00e9ben volt egy glob\u00e1lis \u00f3ri\u00e1s\u00fcgyletnek. <\/p>\n<figure class=\"wp-block-image size-full\">\n<div class=\"photo-credit-wrapper\"><img decoding=\"async\" width=\"2400\" height=\"1601\" loading=\"lazy\" src=\"https:\/\/cdn.forbes.hu\/uploads\/2025\/10\/Forbes_Money_Summit_Bajnai_007.jpg\" alt=\"\" class=\"wp-image-711641\" \/><\/div><figcaption class=\"wp-element-caption\">Bajnai Gordon a 2025-\u00f6s Forbes Money Summit sz\u00ednpad\u00e1n Zsibor\u00e1s Gerg\u0151 f\u0151szerkeszt\u0151vel besz\u00e9lget. Fot\u00f3: Fejes Bence<\/figcaption><\/figure>\n<p><strong>Bajnai londoni karrierje<\/strong>.<strong>\u00a0<\/strong>El\u0151sz\u00f6r a\u00a0<a href=\"https:\/\/forbes.hu\/uzlet\/bajnai-gordon-ismeretlen-londoni-karrierje-magazin-ajanlo\/\" target=\"_blank\" rel=\"noreferrer noopener\">Forbes\u00a0<\/a>\u00edrta meg Bajnai Gordon ismeretlen, de ann\u00e1l sikeresebb londoni karrierj\u00e9t. A volt minisztereln\u00f6k 15 \u00e9ve dolgozik a tan\u00e1csad\u00f3 c\u00e9gn\u00e9l, kezdetben tan\u00e1csad\u00f3i igazgat\u00f3k\u00e9nt, majd vezet\u0151k\u00e9nt a c\u00e9g glob\u00e1lis infrastrukt\u00far\u00e1\u00e9rt felelt, m\u00e1sf\u00e9l \u00e9ve vez\u00e9rigazgat\u00f3. <\/p>\n<p><strong>Mi az a Campell Lutyens?\u00a0<\/strong>A c\u00e9g neve itthon nem sokat mond, ugyanis Magyarorsz\u00e1gon, de m\u00e9g a r\u00e9gi\u00f3ban se nagyon akt\u00edv, az a ter\u00fclet, ahol mozog, nem jelent\u0151s errefel\u00e9. \u00c9pp ez\u00e9rt arra sincsenek rendesen bej\u00e1ratott magyar szavaink, hogy a v\u00e1llalat pontosan mit csin\u00e1l, holott a t\u0151kepiacok egy j\u00f3l meghat\u00e1rozott szelet\u00e9n kimondottan akt\u00edv \u00e9s ott a vil\u00e1g legnagyobb f\u00fcggetlen tan\u00e1csad\u00f3 c\u00e9ge.<\/p>\n<p>Ez a bizonyos szelet a private capital piac, a t\u0151zsd\u00e9n k\u00edv\u00fcli, alternat\u00edv int\u00e9zm\u00e9nyi t\u0151kebefektet\u00e9sek ter\u00fclete. A defin\u00edci\u00f3 tal\u00e1l\u00f3s k\u00e9rd\u00e9s\u00e9rt ki\u00e1lt: mi az, ami nem \u00e1llami, hanem mag\u00e1n, de nem t\u0151zsdei, hanem z\u00e1rtk\u00f6r\u0171, \u00e9s nem kock\u00e1zati, de t\u0151kebefektet\u00e9s? Nagyj\u00e1b\u00f3l ezek ered\u0151je a private capital, de ha szimpl\u00e1n mag\u00e1nt\u0151k\u00e9nek vagy mag\u00e1nt\u0151ke-alapnak ford\u00edtjuk, akkor idehaza r\u00f6gt\u00f6n f\u00e9lremegy\u00fcnk, \u00e9s v\u00e9letlen\u00fcl m\u00e9g az elrejteni k\u00edv\u00e1nt NER-vagyonok legdivatosabb megold\u00e1s\u00e1hoz jutunk. Ne tegy\u00fck, ez itt m\u00e1s.<\/p>\n<blockquote class=\"wp-block-quote is-layout-flow wp-block-quote-is-layout-flow\">\n<p>\u201eMondjuk ink\u00e1bb azt, hogy v\u00e1llalatfelv\u00e1s\u00e1rl\u00e1si alapok\u201d<\/p>\n<\/blockquote>\n<p>\u2013 mondta kor\u00e1bban a\u00a0<a href=\"https:\/\/forbes.hu\/uzlet\/bajnai-gordon-ismeretlen-londoni-karrierje-magazin-ajanlo\/\" target=\"_blank\" rel=\"noreferrer noopener\">Forbesnak\u00a0<\/a>Bajnai Gordon, kik is az \u0151 legfontosabb \u00fcgyfeleik.<\/p>\n<p>Tev\u00e9kenys\u00e9g\u00fck a vil\u00e1gnak azt a r\u00e9sz\u00e9t fedi le, ahol nagy nyugd\u00edjalapok, szuver\u00e9n alapok, biztos\u00edt\u00f3k, tekint\u00e9lyes csal\u00e1di alap\u00edtv\u00e1nyok \u2013 k\u00f6r\u00fclbel\u00fcl k\u00e9tezer ilyen int\u00e9zm\u00e9nyi befektet\u0151 \u2013 keresik a t\u0151ke hely\u00e9t, durv\u00e1n 12 billi\u00f3 (12 ezer milli\u00e1rd) doll\u00e1r \u2013 \u00e1tsz\u00e1m\u00edtva 4,4 trilli\u00f3 forint \u2013 \u00e9rt\u00e9kben.<\/p>\n<p><!-- No email blocks found --><\/p>\n<p>The post <a href=\"https:\/\/forbes.hu\/penz\/lutyens-lazard-felvasarlas-bajnai-gordon\/\">A 180 milli\u00e1rdos \u00fczlet: felv\u00e1s\u00e1rolj\u00e1k a Bajnai Gordon vezette glob\u00e1lis \u00f3ri\u00e1st<\/a> appeared first on <a href=\"https:\/\/forbes.hu\/\">Forbes.hu<\/a>.<\/p><div id=\"friss-3498664110\" class=\"friss-etarget-cikk-vege friss-entity-placement\"><script type=\"text\/javascript\" id=\"etargetScript7a9b589f63cb072bef80df221f46a22b\">function etargetPostloadFunction7a9b589f63cb072bef80df221f46a22b(){var e=\"etargetPostload7a9b589f63cb072bef80df221f46a22b\",t=\"etargetScript7a9b589f63cb072bef80df221f46a22b\",o=document.getElementById(e);if(o){for(var n=o.offsetTop,d=o.offsetLeft,r=o.offsetWidth,a=o.offsetHeight;o.offsetParent;)o=o.offsetParent,n+=o.offsetTop,d+=o.offsetLeft;var i=(n<=window.pageYOffset+window.innerHeight&&d<window.pageXOffset+window.innerWidth&&n+a>window.pageYOffset&&d+r>window.pageXOffset);if(i&&etargetAllowOtherCheck){allowed=!1;var c=document.createElement(\"script\");return c.src=\"\/\/hu.search.etargetnet.com\/generic\/uni.php?g=ref:58661,area:700x210\",void(document.getElementById(t)&&document.getElementById(e)&&(document.getElementById(t).parentNode.appendChild(c),document.getElementById(t).parentNode.removeChild(document.getElementById(t)),document.getElementById(e).parentNode.removeChild(document.getElementById(e)),document.removeEventListener(\"scroll\",etargetPostloadFunction7a9b589f63cb072bef80df221f46a22b),document.removeEventListener(\"resize\",etargetPostloadFunction7a9b589f63cb072bef80df221f46a22b),document.removeEventListener(\"DOMContentLoaded\",etargetPostloadFunction7a9b589f63cb072bef80df221f46a22b)))}}}var etargetDivID=\"etargetPostload7a9b589f63cb072bef80df221f46a22b\",etargetScriptID=\"etargetScript7a9b589f63cb072bef80df221f46a22b\",etargetPostloadPoint=document.createElement(\"div\");etargetPostloadPoint.id=etargetDivID;var etargetCurScript=document.getElementById(etargetScriptID);etargetCurScript.parentNode.appendChild(etargetPostloadPoint),document.addEventListener(\"scroll\",etargetPostloadFunction7a9b589f63cb072bef80df221f46a22b),document.addEventListener(\"resize\",etargetPostloadFunction7a9b589f63cb072bef80df221f46a22b),document.addEventListener(\"DOMContentLoaded\",etargetPostloadFunction7a9b589f63cb072bef80df221f46a22b);var etargetAllowOtherCheck=!0;if(typeof(\"forceRunPostload\")==\"string\"){etargetPostloadFunction7a9b589f63cb072bef80df221f46a22b()}<\/script><\/div><div id=\"friss-1547541819\" class=\"friss-after-content friss-entity-placement\"><script type=\"text\/javascript\" id=\"etargetScript7a9b589f63cb072bef80df221f46a22b\">function etargetPostloadFunction7a9b589f63cb072bef80df221f46a22b(){var e=\"etargetPostload7a9b589f63cb072bef80df221f46a22b\",t=\"etargetScript7a9b589f63cb072bef80df221f46a22b\",o=document.getElementById(e);if(o){for(var n=o.offsetTop,d=o.offsetLeft,r=o.offsetWidth,a=o.offsetHeight;o.offsetParent;)o=o.offsetParent,n+=o.offsetTop,d+=o.offsetLeft;var i=(n<=window.pageYOffset+window.innerHeight&&d<window.pageXOffset+window.innerWidth&&n+a>window.pageYOffset&&d+r>window.pageXOffset);if(i&&etargetAllowOtherCheck){allowed=!1;var c=document.createElement(\"script\");return c.src=\"\/\/hu.search.etargetnet.com\/generic\/uni.php?g=ref:58661,area:700x210\",void(document.getElementById(t)&&document.getElementById(e)&&(document.getElementById(t).parentNode.appendChild(c),document.getElementById(t).parentNode.removeChild(document.getElementById(t)),document.getElementById(e).parentNode.removeChild(document.getElementById(e)),document.removeEventListener(\"scroll\",etargetPostloadFunction7a9b589f63cb072bef80df221f46a22b),document.removeEventListener(\"resize\",etargetPostloadFunction7a9b589f63cb072bef80df221f46a22b),document.removeEventListener(\"DOMContentLoaded\",etargetPostloadFunction7a9b589f63cb072bef80df221f46a22b)))}}}var etargetDivID=\"etargetPostload7a9b589f63cb072bef80df221f46a22b\",etargetScriptID=\"etargetScript7a9b589f63cb072bef80df221f46a22b\",etargetPostloadPoint=document.createElement(\"div\");etargetPostloadPoint.id=etargetDivID;var etargetCurScript=document.getElementById(etargetScriptID);etargetCurScript.parentNode.appendChild(etargetPostloadPoint),document.addEventListener(\"scroll\",etargetPostloadFunction7a9b589f63cb072bef80df221f46a22b),document.addEventListener(\"resize\",etargetPostloadFunction7a9b589f63cb072bef80df221f46a22b),document.addEventListener(\"DOMContentLoaded\",etargetPostloadFunction7a9b589f63cb072bef80df221f46a22b);var etargetAllowOtherCheck=!0;if(typeof(\"forceRunPostload\")==\"string\"){etargetPostloadFunction7a9b589f63cb072bef80df221f46a22b()}<\/script><\/div><div id=\"friss-2354429230\" class=\"friss-after-content_2 friss-entity-placement\" style=\"clear: both;\"><div class=\"wprss_ajax\" data-id=\"rssd0951a2ee6\"><img loading=\"lazy\" decoding=\"async\" src=\"https:\/\/friss-hirek.hu\/wp-content\/plugins\/wp-rss-retriever\/inc\/imgs\/ajax-loader.gif\" alt=\"Loading RSS Feed\" width=\"16\" height=\"16\"><\/div><\/div><br style=\"clear: both; display: block; float: none;\"\/><div id=\"friss-2530623100\" class=\"friss-after-content_3 friss-entity-placement\">https:\/\/www.youtube.com\/watch?v=Pdnw4KiUWp0<\/div>","protected":false},"excerpt":{"rendered":"<p>A Lazard meg\u00e1llapodott arr\u00f3l, hogy mintegy 575 milli\u00f3 doll\u00e1r\u00e9rt felv\u00e1s\u00e1rolja a Campbell Lutyens mag\u00e1nt\u0151ke-tan\u00e1csad\u00f3 c\u00e9get. Ut\u00f3bbi vez\u00e9rigazgat\u00f3ja a kor\u00e1bbi magyar minisztereln\u00f6k, Bajnai Gordon. Mi t\u00f6rt\u00e9nt? A Lazard \u2013 egy glob\u00e1lis p\u00e9nz\u00fcgyi tan\u00e1csad\u00f3 \u00e9s vagyonkezel\u0151 c\u00e9g, az egyik legismertebb f\u00fcggetlen befektet\u00e9si bank a vil\u00e1gon \u2013 bejelentette, hogy mintegy 575 milli\u00f3 doll\u00e1r\u00e9rt (k\u00f6zel 180 milli\u00e1rd forintnak megfelel\u0151 [&hellip;]<\/p>\n","protected":false},"author":1,"featured_media":0,"comment_status":"open","ping_status":"open","sticky":false,"template":"","format":"standard","meta":{"footnotes":""},"categories":[7],"tags":[],"class_list":["post-166249","post","type-post","status-publish","format-standard","hentry","category-uzlet"],"amp_enabled":true,"_links":{"self":[{"href":"https:\/\/friss-hirek.hu\/index.php\/wp-json\/wp\/v2\/posts\/166249","targetHints":{"allow":["GET"]}}],"collection":[{"href":"https:\/\/friss-hirek.hu\/index.php\/wp-json\/wp\/v2\/posts"}],"about":[{"href":"https:\/\/friss-hirek.hu\/index.php\/wp-json\/wp\/v2\/types\/post"}],"author":[{"embeddable":true,"href":"https:\/\/friss-hirek.hu\/index.php\/wp-json\/wp\/v2\/users\/1"}],"replies":[{"embeddable":true,"href":"https:\/\/friss-hirek.hu\/index.php\/wp-json\/wp\/v2\/comments?post=166249"}],"version-history":[{"count":0,"href":"https:\/\/friss-hirek.hu\/index.php\/wp-json\/wp\/v2\/posts\/166249\/revisions"}],"wp:attachment":[{"href":"https:\/\/friss-hirek.hu\/index.php\/wp-json\/wp\/v2\/media?parent=166249"}],"wp:term":[{"taxonomy":"category","embeddable":true,"href":"https:\/\/friss-hirek.hu\/index.php\/wp-json\/wp\/v2\/categories?post=166249"},{"taxonomy":"post_tag","embeddable":true,"href":"https:\/\/friss-hirek.hu\/index.php\/wp-json\/wp\/v2\/tags?post=166249"}],"curies":[{"name":"wp","href":"https:\/\/api.w.org\/{rel}","templated":true}]}}