{"id":166253,"date":"2026-05-01T14:39:30","date_gmt":"2026-05-01T14:39:30","guid":{"rendered":"https:\/\/friss-hirek.hu\/index.php\/ekkor-nyitnak-a-hazai-strandok\/friss-hirek\/"},"modified":"2026-05-01T14:39:30","modified_gmt":"2026-05-01T14:39:30","slug":"ekkor-nyitnak-a-hazai-strandok","status":"publish","type":"post","link":"https:\/\/friss-hirek.hu\/index.php\/ekkor-nyitnak-a-hazai-strandok\/videk\/","title":{"rendered":"Ekkor nyitnak a hazai strandok"},"content":{"rendered":"<p>B\u00e1r egyes strandok m\u00e1r a h\u00e9tv\u00e9g\u00e9n megnyitnak, t\u00f6bbs\u00e9g\u00fck a h\u00f3nap m\u00e1sodik fel\u00e9t\u0151l vagy j\u00fanius elej\u00e9t\u0151l v\u00e1rja a l\u00e1togat\u00f3kat; a bel\u00e9p\u0151\u00e1rak m\u00e9rs\u00e9kelten emelkedhetnek az id\u00e9n \u2013 der\u00fcl ki az MTI orsz\u00e1gos k\u00f6rk\u00e9rd\u00e9s\u00e9re adott v\u00e1laszokb\u00f3l.<\/p><div id=\"friss-1836908414\" class=\"friss-etarget friss-entity-placement\"><script type=\"text\/javascript\" id=\"etargetScript7a9b589f63cb072bef80df221f46a22b\">function etargetPostloadFunction7a9b589f63cb072bef80df221f46a22b(){var e=\"etargetPostload7a9b589f63cb072bef80df221f46a22b\",t=\"etargetScript7a9b589f63cb072bef80df221f46a22b\",o=document.getElementById(e);if(o){for(var n=o.offsetTop,d=o.offsetLeft,r=o.offsetWidth,a=o.offsetHeight;o.offsetParent;)o=o.offsetParent,n+=o.offsetTop,d+=o.offsetLeft;var i=(n<=window.pageYOffset+window.innerHeight&&d<window.pageXOffset+window.innerWidth&&n+a>window.pageYOffset&&d+r>window.pageXOffset);if(i&&etargetAllowOtherCheck){allowed=!1;var c=document.createElement(\"script\");return c.src=\"\/\/hu.search.etargetnet.com\/generic\/uni.php?g=ref:58661,area:700x210\",void(document.getElementById(t)&&document.getElementById(e)&&(document.getElementById(t).parentNode.appendChild(c),document.getElementById(t).parentNode.removeChild(document.getElementById(t)),document.getElementById(e).parentNode.removeChild(document.getElementById(e)),document.removeEventListener(\"scroll\",etargetPostloadFunction7a9b589f63cb072bef80df221f46a22b),document.removeEventListener(\"resize\",etargetPostloadFunction7a9b589f63cb072bef80df221f46a22b),document.removeEventListener(\"DOMContentLoaded\",etargetPostloadFunction7a9b589f63cb072bef80df221f46a22b)))}}}var etargetDivID=\"etargetPostload7a9b589f63cb072bef80df221f46a22b\",etargetScriptID=\"etargetScript7a9b589f63cb072bef80df221f46a22b\",etargetPostloadPoint=document.createElement(\"div\");etargetPostloadPoint.id=etargetDivID;var etargetCurScript=document.getElementById(etargetScriptID);etargetCurScript.parentNode.appendChild(etargetPostloadPoint),document.addEventListener(\"scroll\",etargetPostloadFunction7a9b589f63cb072bef80df221f46a22b),document.addEventListener(\"resize\",etargetPostloadFunction7a9b589f63cb072bef80df221f46a22b),document.addEventListener(\"DOMContentLoaded\",etargetPostloadFunction7a9b589f63cb072bef80df221f46a22b);var etargetAllowOtherCheck=!0;if(typeof(\"forceRunPostload\")==\"string\"){etargetPostloadFunction7a9b589f63cb072bef80df221f46a22b()}<\/script><\/div>\n<p>A <strong>f\u0151v\u00e1rosban<\/strong> a Budapest Gy\u00f3gyf\u00fcrd\u0151i \u00e9s H\u00e9vizei Zrt. f\u00fcrd\u0151i \u00e9vek \u00f3ta az id\u0151j\u00e1r\u00e1s alapj\u00e1n m\u00e9rlegelve nyitj\u00e1k a strandmedenc\u00e9ket, strandokat \u2013 \u00e1prilis v\u00e9g\u00e9t\u0151l j\u00fanius k\u00f6zep\u00e9ig. \u00c1prilis v\u00e9g\u00e9re a Pask\u00e1l f\u00fcrd\u0151ben leker\u00fcl a s\u00e1tor az \u00fasz\u00f3medenc\u00e9r\u0151l, v\u00e1rhat\u00f3an a h\u00f3nap utols\u00f3 h\u00e9tv\u00e9g\u00e9j\u00e9n a Palatinuson a t\u00e9liek mellett m\u00e1r a Margar\u00e9ta-medenc\u00e9t, m\u00e1jus k\u00f6zep\u00e9t\u0151l az \u00e9lm\u00e9ny- \u00e9s a gyerekmedenc\u00e9ket, majd m\u00e1jus v\u00e9g\u00e9t\u0151l a t\u00f6bbi medenc\u00e9t is haszn\u00e1lhatj\u00e1k a vend\u00e9gek. Csillaghegyt\u0151l Pesterzs\u00e9betig j\u00fanius k\u00f6zep\u00e9t\u0151l \u00fczemelik be a hull\u00e1mmedenc\u00e9ket \u00e9s a cs\u00faszd\u00e1kat. Ekkor nyit a csak ny\u00e1ron m\u0171k\u00f6d\u0151 R\u00f3mai \u00e9s P\u00fcnk\u00f6sdf\u00fcrd\u0151i Strand, j\u00fanius 20-\u00e1n rendezik a hagyom\u00e1nyos strandszezonnyit\u00f3t, ez\u00fattal Csillaghegyen. A bel\u00e9p\u0151k \u00e1tlagosan 5-8 sz\u00e1zal\u00e9kkal dr\u00e1gulnak.<\/p>\n<p>A <strong>Balatonon<\/strong> sok helyen m\u00e1r kihelyezt\u00e9k a bej\u00e1r\u00f3kat. A szabadstrandok nyitva vannak, a fizet\u0151sek m\u00e1jus m\u00e1sodik fel\u00e9ben, illetve j\u00faniusban nyitnak, t\u00f6bbs\u00e9g\u00fck addig szabadstrandk\u00e9nt haszn\u00e1lhat\u00f3. Si\u00f3fok fizet\u0151s strandjaira m\u00e1jus 21-t\u0151l kell bel\u00e9p\u0151t venni, az \u00e1rak \u00e1tlagosan 10-15 sz\u00e1zal\u00e9kkal emelkedtek, de n\u0151 a helyi lakosok kedvezm\u00e9nye is 25-r\u0151l 50 sz\u00e1zal\u00e9kra. A balatontipp.hu tavaly ny\u00e1ri k\u00f6rk\u00e9pe szerint egy feln\u0151tt napi bel\u00e9p\u0151 \u00e1tlagosan 1680 forintba ker\u00fclt 2025-ben. A legdr\u00e1g\u00e1bbak \u2013 k\u00f6zt\u00fck a si\u00f3foki, a csopaki, a balatonf\u00fcredi, \u00e9s a balatonalm\u00e1di \u2013 2200-2600 forintba ker\u00fcltek. Idei \u00fajdons\u00e1g, hogy ingyenes lesz a keszthelyi Helikon strand.<\/p>\n<p><strong>Fej\u00e9r<\/strong> kiemelt turisztikai desztin\u00e1ci\u00f3ja a Velencei-t\u00f3. A T\u00f3party Strandon m\u00e1jus 1-j\u00e9n indul a szezon, az \u00e1rak nem emelkednek: a feln\u0151tt napijegy 1570, h\u00e9tv\u00e9g\u00e9n 1780 forint, helyi lakosoknak 940 forint. Sz\u00e9kesfeh\u00e9rv\u00e1ron, a Csit\u00e1ry G. Emil Uszoda \u00e9s Strandf\u00fcrd\u0151 j\u00fanius 13-\u00e1n nyit, az \u00e1rak az infl\u00e1ci\u00f3t k\u00f6vetve n\u0151nek, egy feln\u0151tt jegy \u00e1ra 3200 forint lesz. A meg\u00fajult duna\u00fajv\u00e1rosi szabadstrand a Szalki-szigeten j\u00fanius 15-t\u0151l l\u00e1togathat\u00f3.<\/p>\n<p><strong>Szombathelyen<\/strong> a T\u00f3f\u00fcrd\u0151 v\u00e1rhat\u00f3an j\u00fanius k\u00f6zep\u00e9n nyit, az idei \u00e1remel\u00e9sr\u0151l m\u00e9g nem adtak t\u00e1j\u00e9koztat\u00e1st. A b\u00fcki gy\u00f3gyf\u00fcrd\u0151ben a strandszezon kezdet\u00e9t a p\u00fcnk\u00f6sdi hossz\u00fa h\u00e9tv\u00e9g\u00e9re id\u0151z\u00edtik, a jegy\u00e1rak h\u00e1rom \u00e9vig nem v\u00e1ltoztak, az id\u00e9n 8 sz\u00e1zal\u00e9kkal emelkednek.<\/p>\n<p>A <strong>Zalakarosi<\/strong> F\u00fcrd\u0151ben m\u00e1jus elsej\u00e9t\u0151l fokozatosan, r\u00e9szlegesen ny\u00edlnak meg a k\u00fclt\u00e9ri medenc\u00e9k. A t\u00f6bb \u00e9ven \u00e1t v\u00e1ltozatlan jegy\u00e1rakat tavaly decemberben 6,4 sz\u00e1zal\u00e9kkal emelt\u00e9k.<\/p>\n<p><strong>Gy\u0151r-Moson-Sopronban<\/strong> a Lip\u00f3ti Term\u00e1l- \u00e9s \u00c9lm\u00e9nyf\u00fcrd\u0151 m\u00e1jus 16-\u00e1n, a T\u00f3malom-f\u00fcrd\u0151 m\u00e1jus 1-j\u00e9n nyit. Az ut\u00f3bbi a h\u00f3nap v\u00e9g\u00e9ig ingyenesen l\u00e1togathat\u00f3, de addig a v\u00edziment\u0151 szolg\u00e1lat m\u00e9g nem m\u0171k\u00f6dik. A L\u0151v\u00e9r strand a tervek szerint j\u00fanius 15-\u00e9n ny\u00edlik, m\u00edg a gy\u0151ri Aranypart I. \u00e9s II. szabadstrandok j\u00fanius 1-j\u00e9t\u0151l v\u00e1rj\u00e1k a l\u00e1togat\u00f3kat.<\/p>\n<p><strong>Barany\u00e1ban<\/strong> jellemz\u0151en a p\u00fcnk\u00f6sdi h\u00e9tv\u00e9g\u00e9n nyitnak a strandok, amelyek k\u00f6z\u00fcl nyolc k\u00edn\u00e1l \u00e9lm\u00e9nyelemeket. A Hark\u00e1nyi Gy\u00f3gyf\u00fcrd\u0151 strandja m\u00e1jus 21-t\u0151l fogad vend\u00e9geket, a napijegy feln\u0151tteknek 5400 forint. A sikl\u00f3si f\u00fcrd\u0151 k\u00fclt\u00e9ri r\u00e9sze m\u00e1jus 22-\u00e9n nyit, a bel\u00e9p\u0151k \u00e1ra 3000 \u00e9s 6200 forint k\u00f6z\u00f6tt mozog.<\/p>\n<p><strong>Somogyban<\/strong> a strandok t\u00f6bbs\u00e9ge j\u00fanius els\u0151 fel\u00e9ben nyit. Az Igali-Gy\u00f3gyf\u00fcrd\u0151\u00e9 m\u00e1jus k\u00f6zep\u00e9t\u0151l, a Nagyat\u00e1di F\u00fcrd\u0151k\u00e9 m\u00e1jus 30-\u00e1t\u00f3l \u00fczemel. A Barcsi Gy\u00f3gyf\u00fcrd\u0151 \u00e9s Rekre\u00e1ci\u00f3s K\u00f6zpontban a szezon\u00e1lis medenc\u00e9ket j\u00fanius 1-j\u00e9n, a Marcali V\u00e1rosi Gy\u00f3gyf\u00fcrd\u0151 \u00e9s Szabadid\u0151k\u00f6zpontban j\u00fanius 6-\u00e1n nyitj\u00e1k. A kaposv\u00e1ri Vir\u00e1gf\u00fcrd\u0151 ki\u00fasz\u00f3medenc\u00e9je m\u00e1jus 1-j\u00e9t\u0151l, a strandf\u00fcrd\u0151 teljes eg\u00e9sze j\u00fanius k\u00f6zep\u00e9t\u0151l lesz haszn\u00e1lhat\u00f3. A feln\u0151tt bel\u00e9p\u0151k \u00e1ra 3000 \u00e9s 4600 forint k\u00f6z\u00f6tt alakul. A gy\u00e9k\u00e9nyesi Kotr\u00f3 t\u00f3 szabadstrandja j\u00fanius 15-\u00e9t\u0151l v\u00e1rja a vend\u00e9geket.<\/p>\n<p><strong>Kom\u00e1rom-Esztergomban<\/strong> m\u00e1jus 22-t\u0151l lehet a kom\u00e1romi Brigetio Gy\u00f3gyf\u00fcrd\u0151ben strandolni, a feln\u0151tt jegy 3700 forint. A v\u00e1rmegye egyetlen f\u00fcrd\u0151z\u00e9sre alkalmas tava, a Gr\u00f3fi-t\u00f3 m\u00e1jus elej\u00e9t\u0151l el\u00e9rhet\u0151 a tatai F\u00e9nyes-f\u00fcrd\u0151n, j\u00fanius 19-\u00e9n nyit a l\u00e9tes\u00edtm\u00e9ny eg\u00e9sze.<\/p>\n<p><strong>J\u00e1sz-Nagykun-Szolnokban<\/strong> a j\u00e1szszentandr\u00e1si strand m\u00e1r \u00e1prilis 27-\u00e9n megnyitott. M\u00e1jus 1-t\u0151l haszn\u00e1lhat\u00f3 a strand Cserkesz\u0151l\u0151n, Berekf\u00fcrd\u0151n, T\u00farkev\u00e9n, Tiszaf\u00f6ldv\u00e1ron \u00e9s Karcagon. Kis\u00fajsz\u00e1ll\u00e1son a f\u00fcrd\u0151ben j\u00fanius elej\u00e9t\u0151l m\u0171k\u00f6dnek a k\u00fclt\u00e9ri medenc\u00e9k. A T\u00f6r\u00f6kszentmikl\u00f3si V\u00e1rosi Strandf\u00fcrd\u0151 m\u00e1jus 23-\u00e1n nyit. J\u00fanius 19-\u00e9n Szolnokon megnyitj\u00e1k a teljesen meg\u00fajult Tiszaligeti Strandf\u00fcrd\u0151t, amelynek fel\u00faj\u00edt\u00e1sa h\u00e9t \u00e9vvel ezel\u0151tt kezd\u0151d\u00f6tt.<\/p>\n<p>A <strong>n\u00f3gr\u00e1di<\/strong> Salg\u00f3tarj\u00e1nban a V\u00e1rosi Strandf\u00fcrd\u0151 j\u00fanius 13-t\u00f3l v\u00e1rja a f\u00fcrd\u0151z\u0151ket. Balassagyarmaton a strand j\u00fanius 20-\u00e1n nyit. B\u00e1nkon j\u00fanius k\u00f6zep\u00e9n nyitj\u00e1k meg a T\u00f3-strandot, az id\u0151pont az id\u0151j\u00e1r\u00e1st\u00f3l f\u00fcgg, P\u00e1szt\u00f3n fel\u00faj\u00edt\u00e1s miatt a strand az idei szezonban z\u00e1rva tart.<\/p>\n<p><strong>B\u00e9k\u00e9s<\/strong> legnagyobb f\u00fcrd\u0151komplexuma a Gyulai V\u00e1rf\u00fcrd\u0151, itt a k\u00fclt\u00e9ri gyerekparadicsom m\u00e1jus 23-\u00e1n nyit, de egyes medenc\u00e9k csak k\u00e9s\u0151bb. J\u00fanius 20. \u00e9s szeptember 6. k\u00f6z\u00f6tt a feln\u0151tt napijegy 5200 forint. A b\u00e9k\u00e9scsabai \u00c1rp\u00e1d Gy\u00f3gy- \u00e9s Strandf\u00fcrd\u0151ben a m\u00e1jus 1-t\u0151l haszn\u00e1lhat\u00f3 az \u00f6sszes k\u00fclt\u00e9ri medence, a feln\u0151ttjegy \u00e1ra 3000 forint. Az orosh\u00e1zi Gyop\u00e1rosf\u00fcrd\u0151 Gy\u00f3gy-, Park- \u00e9s \u00c9lm\u00e9nyf\u00fcrd\u0151ben m\u00e1jus k\u00f6zep\u00e9n nyit a k\u00fclt\u00e9ri r\u00e9sz, nem tudni, hogy v\u00e1ltoznak-e az \u00e1rak.<\/p>\n<p><strong>Csongr\u00e1d-Csan\u00e1dban<\/strong> a m\u00f3rahalmi Szent Erzs\u00e9bet Gy\u00f3gyf\u00fcrd\u0151ben m\u00e1r rendhagy\u00f3 m\u00f3don a h\u00fasv\u00e9ti hossz\u00fah\u00e9tv\u00e9g\u00e9n elindult a strandszezon. A mak\u00f3i Hagymatikum k\u00fclt\u00e9ri medenc\u00e9i p\u00fcnk\u00f6sd k\u00f6rny\u00e9k\u00e9n nyitnak, a szegedi Napf\u00e9nyf\u00fcrd\u0151 Aquapolis k\u00fclt\u00e9ri \u00fasz\u00f3- \u00e9s tanmedenc\u00e9i \u00e1prilis 1-j\u00e9n nyitottak, de a teljes k\u00fclt\u00e9ri \u00e9lm\u00e9nyz\u00f3na m\u00e1jus v\u00e9g\u00e9t\u0151l, j\u00fanius elej\u00e9t\u0151l m\u0171k\u00f6dik majd teljesen. A szegedi Lapos Beach (Tisza-parti szabadstrand) j\u00faniusban nyit, a v\u00edz\u00e1ll\u00e1s \u00e9s hat\u00f3s\u00e1gi enged\u00e9lyek f\u00fcggv\u00e9ny\u00e9ben, ak\u00e1rcsak a mak\u00f3i Maros-part.<\/p>\n<p>A Google Maps \u00e9rt\u00e9kel\u00e9se szerint\u00a0<a href=\"https:\/\/sokszinuvidek.24.hu\/viragzo-videkunk\/2025\/06\/24\/strand-balaton-balatoni-strandok\/\" target=\"_blank\" rel=\"noopener\">ez a\u00a010 legjobb fizet\u0151s balatoni strand<\/a>,\u00a0<a href=\"https:\/\/sokszinuvidek.24.hu\/viragzo-videkunk\/2025\/06\/29\/4-titkos-balatoni-strand\/\" target=\"_blank\" rel=\"noopener\">ezeket a\u00a0balatoni strandokat viszont alig ismeri valaki<\/a>. Ez a <a href=\"https:\/\/sokszinuvidek.24.hu\/viragzo-videkunk\/2026\/05\/01\/keszthely-helikon-strand-ingyenes\/\" target=\"_blank\" rel=\"noopener\">balatoni strand 2026-t\u00f3l ingyeness\u00e9 v\u00e1lik<\/a>.<\/p>\n<div class=\"o-post__articRecommend m-articRecommend -hasImg cf article-recommendation-container cf _ce_measure_widget\" data-ce-measure-widget=\"Cikkaj\u00e1nl\u00f3 widget\">\n<div class=\"m-articRecommend__widgetTitle\">Kapcsol\u00f3d\u00f3<\/div>\n<div class=\"m-articRecommend__imgWrap image-container\"><a href=\"https:\/\/sokszinuvidek.24.hu\/mozaik\/2025\/07\/18\/ezert-nem-furdenek-helyiek-balatonban\/\" target=\"_self\"><img loading=\"lazy\" decoding=\"async\" width=\"480\" height=\"270\" src=\"https:\/\/s.24.hu\/app\/uploads\/sites\/11\/2025\/07\/balatonlelle_balaton_49-e1751782339927-2048x1153-1-480x270.jpg\" class=\"img-responsive wp-post-image\" alt=\"\" \/><\/a><\/div>\n<div class=\"m-articRecommend__cntWrap content-container \">\n\t\t\t<a href=\"https:\/\/sokszinuvidek.24.hu\/mozaik\/2025\/07\/18\/ezert-nem-furdenek-helyiek-balatonban\/\" target=\"_self\" class=\"m-articRecommend__title ar-title\">Ez\u00e9rt nem f\u00fcrdenek a helyiek a Balatonban<\/a>\n<div class=\"m-articRecommend__lead ar-lead\">Vannak, akik t\u00f6bb mint egy \u00e9vtizede nem mentek a t\u00f3ba, pedig mellette \u00e9lnek.<\/div>\n<\/div>\n<\/div>\n<p>The post <a href=\"https:\/\/sokszinuvidek.24.hu\/viragzo-videkunk\/2026\/05\/01\/strand-nyitas-2026-strandszezon\/\" target=\"_blank\">Ekkor nyitnak a hazai strandok<\/a> first appeared on <a href=\"https:\/\/sokszinuvidek.24.hu\/\" target=\"_blank\">Soksz\u00edn\u0171 vid\u00e9k<\/a>.<\/p><div id=\"friss-3083446941\" class=\"friss-etarget-cikk-vege friss-entity-placement\"><script type=\"text\/javascript\" id=\"etargetScript7a9b589f63cb072bef80df221f46a22b\">function etargetPostloadFunction7a9b589f63cb072bef80df221f46a22b(){var e=\"etargetPostload7a9b589f63cb072bef80df221f46a22b\",t=\"etargetScript7a9b589f63cb072bef80df221f46a22b\",o=document.getElementById(e);if(o){for(var n=o.offsetTop,d=o.offsetLeft,r=o.offsetWidth,a=o.offsetHeight;o.offsetParent;)o=o.offsetParent,n+=o.offsetTop,d+=o.offsetLeft;var i=(n<=window.pageYOffset+window.innerHeight&&d<window.pageXOffset+window.innerWidth&&n+a>window.pageYOffset&&d+r>window.pageXOffset);if(i&&etargetAllowOtherCheck){allowed=!1;var c=document.createElement(\"script\");return c.src=\"\/\/hu.search.etargetnet.com\/generic\/uni.php?g=ref:58661,area:700x210\",void(document.getElementById(t)&&document.getElementById(e)&&(document.getElementById(t).parentNode.appendChild(c),document.getElementById(t).parentNode.removeChild(document.getElementById(t)),document.getElementById(e).parentNode.removeChild(document.getElementById(e)),document.removeEventListener(\"scroll\",etargetPostloadFunction7a9b589f63cb072bef80df221f46a22b),document.removeEventListener(\"resize\",etargetPostloadFunction7a9b589f63cb072bef80df221f46a22b),document.removeEventListener(\"DOMContentLoaded\",etargetPostloadFunction7a9b589f63cb072bef80df221f46a22b)))}}}var etargetDivID=\"etargetPostload7a9b589f63cb072bef80df221f46a22b\",etargetScriptID=\"etargetScript7a9b589f63cb072bef80df221f46a22b\",etargetPostloadPoint=document.createElement(\"div\");etargetPostloadPoint.id=etargetDivID;var etargetCurScript=document.getElementById(etargetScriptID);etargetCurScript.parentNode.appendChild(etargetPostloadPoint),document.addEventListener(\"scroll\",etargetPostloadFunction7a9b589f63cb072bef80df221f46a22b),document.addEventListener(\"resize\",etargetPostloadFunction7a9b589f63cb072bef80df221f46a22b),document.addEventListener(\"DOMContentLoaded\",etargetPostloadFunction7a9b589f63cb072bef80df221f46a22b);var etargetAllowOtherCheck=!0;if(typeof(\"forceRunPostload\")==\"string\"){etargetPostloadFunction7a9b589f63cb072bef80df221f46a22b()}<\/script><\/div><div id=\"friss-1677440238\" class=\"friss-after-content friss-entity-placement\"><script type=\"text\/javascript\" id=\"etargetScript7a9b589f63cb072bef80df221f46a22b\">function etargetPostloadFunction7a9b589f63cb072bef80df221f46a22b(){var e=\"etargetPostload7a9b589f63cb072bef80df221f46a22b\",t=\"etargetScript7a9b589f63cb072bef80df221f46a22b\",o=document.getElementById(e);if(o){for(var n=o.offsetTop,d=o.offsetLeft,r=o.offsetWidth,a=o.offsetHeight;o.offsetParent;)o=o.offsetParent,n+=o.offsetTop,d+=o.offsetLeft;var i=(n<=window.pageYOffset+window.innerHeight&&d<window.pageXOffset+window.innerWidth&&n+a>window.pageYOffset&&d+r>window.pageXOffset);if(i&&etargetAllowOtherCheck){allowed=!1;var c=document.createElement(\"script\");return c.src=\"\/\/hu.search.etargetnet.com\/generic\/uni.php?g=ref:58661,area:700x210\",void(document.getElementById(t)&&document.getElementById(e)&&(document.getElementById(t).parentNode.appendChild(c),document.getElementById(t).parentNode.removeChild(document.getElementById(t)),document.getElementById(e).parentNode.removeChild(document.getElementById(e)),document.removeEventListener(\"scroll\",etargetPostloadFunction7a9b589f63cb072bef80df221f46a22b),document.removeEventListener(\"resize\",etargetPostloadFunction7a9b589f63cb072bef80df221f46a22b),document.removeEventListener(\"DOMContentLoaded\",etargetPostloadFunction7a9b589f63cb072bef80df221f46a22b)))}}}var etargetDivID=\"etargetPostload7a9b589f63cb072bef80df221f46a22b\",etargetScriptID=\"etargetScript7a9b589f63cb072bef80df221f46a22b\",etargetPostloadPoint=document.createElement(\"div\");etargetPostloadPoint.id=etargetDivID;var etargetCurScript=document.getElementById(etargetScriptID);etargetCurScript.parentNode.appendChild(etargetPostloadPoint),document.addEventListener(\"scroll\",etargetPostloadFunction7a9b589f63cb072bef80df221f46a22b),document.addEventListener(\"resize\",etargetPostloadFunction7a9b589f63cb072bef80df221f46a22b),document.addEventListener(\"DOMContentLoaded\",etargetPostloadFunction7a9b589f63cb072bef80df221f46a22b);var etargetAllowOtherCheck=!0;if(typeof(\"forceRunPostload\")==\"string\"){etargetPostloadFunction7a9b589f63cb072bef80df221f46a22b()}<\/script><\/div><div id=\"friss-1589509452\" class=\"friss-after-content_2 friss-entity-placement\" style=\"clear: both;\"><div class=\"wprss_ajax\" data-id=\"rss22b97e9815\"><img loading=\"lazy\" decoding=\"async\" src=\"https:\/\/friss-hirek.hu\/wp-content\/plugins\/wp-rss-retriever\/inc\/imgs\/ajax-loader.gif\" alt=\"Loading RSS Feed\" width=\"16\" height=\"16\"><\/div><\/div><br style=\"clear: both; display: block; float: none;\"\/><div id=\"friss-3723407907\" class=\"friss-after-content_3 friss-entity-placement\">https:\/\/www.youtube.com\/watch?v=Pdnw4KiUWp0<\/div>","protected":false},"excerpt":{"rendered":"<p>B\u00e1r egyes strandok m\u00e1r a h\u00e9tv\u00e9g\u00e9n megnyitnak, t\u00f6bbs\u00e9g\u00fck a h\u00f3nap m\u00e1sodik fel\u00e9t\u0151l vagy j\u00fanius elej\u00e9t\u0151l v\u00e1rja a l\u00e1togat\u00f3kat; a bel\u00e9p\u0151\u00e1rak m\u00e9rs\u00e9kelten emelkedhetnek az id\u00e9n \u2013 der\u00fcl ki az MTI orsz\u00e1gos k\u00f6rk\u00e9rd\u00e9s\u00e9re adott v\u00e1laszokb\u00f3l. A f\u0151v\u00e1rosban a Budapest Gy\u00f3gyf\u00fcrd\u0151i \u00e9s H\u00e9vizei Zrt. f\u00fcrd\u0151i \u00e9vek \u00f3ta az id\u0151j\u00e1r\u00e1s alapj\u00e1n m\u00e9rlegelve nyitj\u00e1k a strandmedenc\u00e9ket, strandokat \u2013 \u00e1prilis v\u00e9g\u00e9t\u0151l [&hellip;]<\/p>\n","protected":false},"author":1,"featured_media":0,"comment_status":"open","ping_status":"open","sticky":false,"template":"","format":"standard","meta":{"footnotes":""},"categories":[6],"tags":[],"class_list":["post-166253","post","type-post","status-publish","format-standard","hentry","category-videk"],"amp_enabled":true,"_links":{"self":[{"href":"https:\/\/friss-hirek.hu\/index.php\/wp-json\/wp\/v2\/posts\/166253","targetHints":{"allow":["GET"]}}],"collection":[{"href":"https:\/\/friss-hirek.hu\/index.php\/wp-json\/wp\/v2\/posts"}],"about":[{"href":"https:\/\/friss-hirek.hu\/index.php\/wp-json\/wp\/v2\/types\/post"}],"author":[{"embeddable":true,"href":"https:\/\/friss-hirek.hu\/index.php\/wp-json\/wp\/v2\/users\/1"}],"replies":[{"embeddable":true,"href":"https:\/\/friss-hirek.hu\/index.php\/wp-json\/wp\/v2\/comments?post=166253"}],"version-history":[{"count":0,"href":"https:\/\/friss-hirek.hu\/index.php\/wp-json\/wp\/v2\/posts\/166253\/revisions"}],"wp:attachment":[{"href":"https:\/\/friss-hirek.hu\/index.php\/wp-json\/wp\/v2\/media?parent=166253"}],"wp:term":[{"taxonomy":"category","embeddable":true,"href":"https:\/\/friss-hirek.hu\/index.php\/wp-json\/wp\/v2\/categories?post=166253"},{"taxonomy":"post_tag","embeddable":true,"href":"https:\/\/friss-hirek.hu\/index.php\/wp-json\/wp\/v2\/tags?post=166253"}],"curies":[{"name":"wp","href":"https:\/\/api.w.org\/{rel}","templated":true}]}}