{"id":166254,"date":"2026-05-01T15:40:30","date_gmt":"2026-05-01T15:40:30","guid":{"rendered":"https:\/\/friss-hirek.hu\/index.php\/nagy-bajban-a-magyar-meheszek-az-aszaly-es-az-alacsony-felvasarlasi-arak-is-veszelyeztetik-a-hazai-mezet\/friss-hirek\/"},"modified":"2026-05-01T15:40:30","modified_gmt":"2026-05-01T15:40:30","slug":"nagy-bajban-a-magyar-meheszek-az-aszaly-es-az-alacsony-felvasarlasi-arak-is-veszelyeztetik-a-hazai-mezet","status":"publish","type":"post","link":"https:\/\/friss-hirek.hu\/index.php\/nagy-bajban-a-magyar-meheszek-az-aszaly-es-az-alacsony-felvasarlasi-arak-is-veszelyeztetik-a-hazai-mezet\/videk\/","title":{"rendered":"Nagy bajban a magyar m\u00e9h\u00e9szek: az asz\u00e1ly \u00e9s az alacsony felv\u00e1s\u00e1rl\u00e1si \u00e1rak is vesz\u00e9lyeztetik a hazai m\u00e9zet"},"content":{"rendered":"<p>Nagy a bizonytalans\u00e1g a magyar m\u00e9h\u00e9szek k\u00f6r\u00e9ben. B\u00e1r az el\u0151z\u0151 t\u00e9lb\u0151l sok m\u00e9hcsal\u00e1d viszonylag j\u00f3 \u00e1llapotban ker\u00fclt ki, \u00e9s a tavaszi fejl\u0151d\u00e9s t\u00f6bb t\u00e9rs\u00e9gben kedvez\u0151en indult, az asz\u00e1ly egyre komolyabb gondot okoz. A sz\u00e1razs\u00e1g miatt a repce sok helyen alig adott nekt\u00e1rt, \u00e9s vannak olyan ter\u00fcletek, ahol m\u00e1r az ak\u00e1c\u00e1llom\u00e1ny is megs\u00ednyli a csapad\u00e9khi\u00e1nyt.<\/p><div id=\"friss-820630726\" class=\"friss-etarget friss-entity-placement\"><script type=\"text\/javascript\" id=\"etargetScript7a9b589f63cb072bef80df221f46a22b\">function etargetPostloadFunction7a9b589f63cb072bef80df221f46a22b(){var e=\"etargetPostload7a9b589f63cb072bef80df221f46a22b\",t=\"etargetScript7a9b589f63cb072bef80df221f46a22b\",o=document.getElementById(e);if(o){for(var n=o.offsetTop,d=o.offsetLeft,r=o.offsetWidth,a=o.offsetHeight;o.offsetParent;)o=o.offsetParent,n+=o.offsetTop,d+=o.offsetLeft;var i=(n<=window.pageYOffset+window.innerHeight&&d<window.pageXOffset+window.innerWidth&&n+a>window.pageYOffset&&d+r>window.pageXOffset);if(i&&etargetAllowOtherCheck){allowed=!1;var c=document.createElement(\"script\");return c.src=\"\/\/hu.search.etargetnet.com\/generic\/uni.php?g=ref:58661,area:700x210\",void(document.getElementById(t)&&document.getElementById(e)&&(document.getElementById(t).parentNode.appendChild(c),document.getElementById(t).parentNode.removeChild(document.getElementById(t)),document.getElementById(e).parentNode.removeChild(document.getElementById(e)),document.removeEventListener(\"scroll\",etargetPostloadFunction7a9b589f63cb072bef80df221f46a22b),document.removeEventListener(\"resize\",etargetPostloadFunction7a9b589f63cb072bef80df221f46a22b),document.removeEventListener(\"DOMContentLoaded\",etargetPostloadFunction7a9b589f63cb072bef80df221f46a22b)))}}}var etargetDivID=\"etargetPostload7a9b589f63cb072bef80df221f46a22b\",etargetScriptID=\"etargetScript7a9b589f63cb072bef80df221f46a22b\",etargetPostloadPoint=document.createElement(\"div\");etargetPostloadPoint.id=etargetDivID;var etargetCurScript=document.getElementById(etargetScriptID);etargetCurScript.parentNode.appendChild(etargetPostloadPoint),document.addEventListener(\"scroll\",etargetPostloadFunction7a9b589f63cb072bef80df221f46a22b),document.addEventListener(\"resize\",etargetPostloadFunction7a9b589f63cb072bef80df221f46a22b),document.addEventListener(\"DOMContentLoaded\",etargetPostloadFunction7a9b589f63cb072bef80df221f46a22b);var etargetAllowOtherCheck=!0;if(typeof(\"forceRunPostload\")==\"string\"){etargetPostloadFunction7a9b589f63cb072bef80df221f46a22b()}<\/script><\/div>\n<p>A helyzetet tov\u00e1bb nehez\u00edti, hogy a felv\u00e1s\u00e1rl\u00e1si \u00e1rak megtorpantak, s\u0151t, t\u00f6bb helyen maga a felv\u00e1s\u00e1rl\u00e1s is bizonytalan. Az \u00e1gazat szerepl\u0151i szerint a szezon kimenetele most els\u0151sorban azon m\u00falik, \u00e9rkezik-e elegend\u0151 csapad\u00e9k a k\u00f6vetkez\u0151 hetekben, \u00edrta meg az<a href=\"https:\/\/www.agrarszektor.hu\/allat\/20260428\/sulyos-veszelyben-a-magyar-mez-vegleg-tonkremehet-a-hazai-agazat-61803\" target=\"_blank\" rel=\"noopener\"> agrarszektor.hu<\/a>.<\/p>\n<h2>Neh\u00e9z \u00e9v ut\u00e1n indult az \u00faj szezon<\/h2>\n<p>A hazai m\u00e9h\u00e9szeti \u00e1gazat sz\u00e1m\u00e1ra 2025 az elm\u00falt \u00e9vtizedek egyik legnehezebb \u00e9ve volt. A m\u00e9h\u00e9szeket egyszerre s\u00fajtotta a sz\u00e9ls\u0151s\u00e9ges id\u0151j\u00e1r\u00e1s, a m\u00e9hbetegs\u00e9gek \u00e9s a m\u00e9hpusztul\u00e1sok, valamint az olcs\u00f3, k\u00fclf\u00f6ldr\u0151l \u00e9rkez\u0151 m\u00e9zek \u00e9s m\u00e9zk\u00e9sz\u00edtm\u00e9nyek \u00e1rleszor\u00edt\u00f3 hat\u00e1sa.<\/p>\n<blockquote class=\"_ce_measure_widget\" data-ce-measure-widget=\"Id\u00e9zet\">\n<p>A tavalyi rekordalacsony ak\u00e1cm\u00e9zterm\u00e9s, az asz\u00e1ly \u00e9s a m\u00e9hcsal\u00e1dok gyeng\u00fcl\u00e9se miatt sok termel\u0151 vesztes\u00e9ges \u00e9vet z\u00e1rt. B\u00e1r a felv\u00e1s\u00e1rl\u00e1si \u00e1rak az\u00f3ta valamelyest emelkedtek, ez a szakemberek szerint m\u00e9g nem el\u00e9g ahhoz, hogy az \u00e1gazat szerepl\u0151i kil\u00e1baljanak az elm\u00falt \u00e9vek neh\u00e9zs\u00e9geib\u0151l.<\/p>\n<\/blockquote>\n<p>K\u00f6zben a fogyaszt\u00f3i szok\u00e1sok is v\u00e1ltoznak. A v\u00e1s\u00e1rl\u00f3k egyre jobban figyelnek arra, honnan sz\u00e1rmazik a m\u00e9z, milyen gy\u0171jt\u00e9si ter\u00fcletr\u0151l \u00e9rkezik, \u00e9s milyen k\u00f6rnyezeti felt\u00e9telek k\u00f6z\u00f6tt k\u00e9sz\u00fclt. Az ak\u00e1c-, vegyes- \u00e9s h\u00e1rsm\u00e9z mellett egyre nagyobb az \u00e9rdekl\u0151d\u00e9s a k\u00fcl\u00f6nlegesebb fajtam\u00e9zek, p\u00e9ld\u00e1ul a gesztenye-, fac\u00e9lia-, selyemf\u0171- vagy b\u00e1lv\u00e1nyfam\u00e9z ir\u00e1nt is.<\/p>\n<h2>Az asz\u00e1ly miatt kev\u00e9s a nekt\u00e1r<\/h2>\n<p>May G\u00e1bor, az Orsz\u00e1gos Magyar M\u00e9h\u00e9szeti Egyes\u00fclet Baranya megyei m\u00e9h\u00e9szeti szaktan\u00e1csad\u00f3ja szerint a m\u00e9hcsal\u00e1dok sok t\u00e9rs\u00e9gben megfelel\u0151 er\u0151ben kezdt\u00e9k meg a szezont, a t\u00e9li \u00e9s a tavaszi id\u0151j\u00e1r\u00e1s egy\u00e1ltal\u00e1n nem viselte meg a m\u00e9hcsal\u00e1dokat, \u00e1m a sz\u00e1razs\u00e1g gyorsan rontott a kil\u00e1t\u00e1sokon. Baranya megy\u00e9ben ugyanakkor \u0151sszel a noz\u00e9ma miatt 20\u201325 sz\u00e1zal\u00e9kos m\u00e9hcsal\u00e1d-vesztes\u00e9g is el\u0151fordult.<\/p>\n<p><span class=\"highlight-block-small _ce_measure_widget\" data-ce-measure-widget=\"Kiemel\u00e9s - hossz\u00fa sz\u00f6veghez\">A tavaszi fejl\u0151d\u00e9s kedvez\u0151en alakult, de a repce vir\u00e1gz\u00e1sa idej\u00e9n m\u00e1r l\u00e1tszott a csapad\u00e9khi\u00e1ny hat\u00e1sa. A n\u00f6v\u00e9nyekben sok helyen kev\u00e9s volt a nekt\u00e1r, ez\u00e9rt repc\u00e9b\u0151l nem v\u00e1rnak j\u00f3 term\u00e9st. May G\u00e1bor szerint az ak\u00e1c m\u00e9g adhatna j\u00f3 eredm\u00e9nyt, mert vir\u00e1g van elegend\u0151, ehhez azonban miel\u0151bb csapad\u00e9kra lenne sz\u00fcks\u00e9g.<\/span><\/p>\n<p>A felv\u00e1s\u00e1rl\u00e1si \u00e1rak az \u00e9v eleje \u00f3ta nem mozdultak \u00e9rdemben. A hord\u00f3s ak\u00e1cm\u00e9z kil\u00f3ja jelenleg nagyj\u00e1b\u00f3l 2200\u20132300 forint, a vir\u00e1gm\u00e9z\u00e9 1100\u20131200 forint k\u00f6r\u00fcl alakul.<\/p>\n<h2>A Homokh\u00e1ts\u00e1g k\u00f6rny\u00e9k\u00e9n is a sz\u00e1razs\u00e1g a f\u0151 gond<\/h2>\n<p>Bercs\u00e9nyi J\u00e1nos, a B\u00e1cs-Kiskun megyei Bercs\u00e9nyi Csal\u00e1di M\u00e9h\u00e9szet vezet\u0151je szint\u00e9n arr\u00f3l besz\u00e9lt, hogy a t\u00e9li \u00e9s tavaszi id\u0151szak alapvet\u0151en kedvez\u0151 volt, a m\u00e9hek eg\u00e9szs\u00e9gi \u00e1llapota rendben volt. A probl\u00e9ma most m\u00e1r egy\u00e9rtelm\u0171en a sz\u00e1razs\u00e1g.<\/p>\n<blockquote class=\"_ce_measure_widget\" data-ce-measure-widget=\"Id\u00e9zet\">\n<p>A gy\u00fcm\u00f6lcs\u00f6s\u00f6k vir\u00e1gz\u00e1sakor m\u00e9g tudtak gy\u0171jteni a m\u00e9hek, ut\u00e1na azonban elmaradt a csapad\u00e9k. A m\u00e9h\u00e9sz szerint a t\u00e9rs\u00e9gben annyira sz\u00e1raz a talaj, hogy a vir\u00e1gokban alig van nekt\u00e1r. A repce ott m\u00e9zel, ahol volt es\u0151, a Homokh\u00e1ts\u00e1g k\u00f6rny\u00e9k\u00e9n azonban sok helyen egy\u00e1ltal\u00e1n nem hullott sz\u00e1mottev\u0151 csapad\u00e9k.<\/p>\n<\/blockquote>\n<h2><a href=\"https:\/\/s.24.hu\/app\/uploads\/sites\/11\/2026\/04\/5239640-bees-2368228_1280.jpg\">\n<figure aria-describedby=\"caption-366777\" class=\"wp-caption alignnone\"><img loading=\"lazy\" decoding=\"async\" class=\"alignnone size-full wp-image-366777\" src=\"https:\/\/s.24.hu\/app\/uploads\/sites\/11\/2026\/04\/5239640-bees-2368228_1280.jpg\" alt=\"\" width=\"1280\" height=\"853\" title=\"Nagy bajban a magyar m\u00e9h\u00e9szek: az asz\u00e1ly \u00e9s az alacsony felv\u00e1s\u00e1rl\u00e1si \u00e1rak is vesz\u00e9lyeztetik a hazai m\u00e9zet 1\" \/><figcaption class=\"wp-caption-text\"><span class=\"a-imgSource\">pixabay<\/span><\/figcaption><\/figure>\n\n<p><\/p><\/a><\/h2>\n<h2>Veszpr\u00e9m megy\u00e9ben is az id\u0151j\u00e1r\u00e1s d\u00f6nthet<\/h2>\n<p>Ill\u00e9s Andr\u00e1s, a Veszpr\u00e9m megyei Ill\u00e9s M\u00e9h\u00e9szet vezet\u0151je szerint a m\u00e1rcius v\u00e9gi leh\u0171l\u00e9s helyenk\u00e9nt visszavetette a m\u00e9hcsal\u00e1dok fejl\u0151d\u00e9s\u00e9t. A hideg, szeles id\u0151 miatt a kapt\u00e1rak leh\u0171ltek, ami a fias\u00edt\u00e1sra is hat\u00e1ssal volt. Ennek k\u00f6vetkezm\u00e9nye most a n\u00e9pess\u00e9gsz\u00e1mban is \u00e9rz\u0151dik.<\/p>\n<p>A t\u00e9rs\u00e9gben eddig mind\u00f6ssze 83 millim\u00e9ter csapad\u00e9k hullott, ami az eleve asz\u00e1lyos Kelet-Dun\u00e1nt\u00falon nagyon kev\u00e9s. Ill\u00e9s Andr\u00e1s szerint a fac\u00e9lia, a napraforg\u00f3 \u00e9s az ak\u00e1c is megs\u00ednyli a tart\u00f3s v\u00edzhi\u00e1nyt. Hozz\u00e1tette:<\/p>\n<blockquote class=\"_ce_measure_widget\" data-ce-measure-widget=\"Id\u00e9zet\">\n<p>egyes ter\u00fcleteken m\u00e1r azt l\u00e1tj\u00e1k, hogy az ak\u00e1c is pusztulni kezd a sz\u00e1razs\u00e1g miatt.<\/p>\n<\/blockquote>\n<h2>A k\u00f6vetkez\u0151 hetek d\u00f6nt\u0151ek lehetnek<\/h2>\n<p>A megk\u00e9rdezett m\u00e9h\u00e9szek szerint a m\u00e9hcsal\u00e1dok \u00e1llapota sok helyen m\u00e9g adhat okot bizakod\u00e1sra, de az id\u0151j\u00e1r\u00e1s miatt komoly a bizonytalans\u00e1g. A repce t\u00f6bb t\u00e9rs\u00e9gben gyeng\u00e9n teljes\u00edtett, az ak\u00e1cm\u00e9zterm\u00e9s pedig nagyban f\u00fcgg att\u00f3l, \u00e9rkezik-e elegend\u0151 csapad\u00e9k a vir\u00e1gz\u00e1s idej\u00e9n.<\/p>\n<p><span class=\"highlight-block-small _ce_measure_widget\" data-ce-measure-widget=\"Kiemel\u00e9s - hossz\u00fa sz\u00f6veghez\">A probl\u00e9ma nemcsak az idei m\u00e9zterm\u00e9st \u00e9rinti. Ha a r\u00e9tek, legel\u0151k \u00e9s k\u00e9s\u0151bbi m\u00e9zel\u0151 n\u00f6v\u00e9nyek sem jutnak el\u00e9g nedvess\u00e9ghez, az a m\u00e9hcsal\u00e1dok \u0151szi felk\u00e9sz\u00fcl\u00e9s\u00e9t \u00e9s telel\u00e9s\u00e9t is vesz\u00e9lyeztetheti. Ez pedig hosszabb t\u00e1von tov\u00e1bb ronthatja a hazai m\u00e9h\u00e9szetek helyzet\u00e9t.<\/span><\/p>\n<p>A magyar m\u00e9z j\u00f6v\u0151je \u00edgy jelenleg t\u00f6bb t\u00e9nyez\u0151t\u0151l f\u00fcgg egyszerre: az id\u0151j\u00e1r\u00e1st\u00f3l, a felv\u00e1s\u00e1rl\u00e1si \u00e1rakt\u00f3l, a m\u00e9hcsal\u00e1dok eg\u00e9szs\u00e9gi \u00e1llapot\u00e1t\u00f3l \u00e9s att\u00f3l, hogy a termel\u0151k mennyire tudj\u00e1k \u00e1tv\u00e9szelni az \u00fajabb neh\u00e9z szezont.<\/p>\n<p>Kor\u00e1bban \u00edrtunk arr\u00f3l, hogy <a href=\"https:\/\/sokszinuvidek.24.hu\/kertunk-portank\/2025\/05\/15\/permetezes-meheszet-mehesz-ejszaka\/\" target=\"_blank\" rel=\"noopener\">\u00e9jszakai permetez\u00e9s bevezet\u00e9s\u00e9t<\/a> szorgalmazz\u00e1k a m\u00e9h\u00e9szek. <a href=\"https:\/\/sokszinuvidek.24.hu\/viragzo-videkunk\/2025\/11\/22\/zselic-aranya-harsmez-termeszetfilm\/\" target=\"_blank\" rel=\"noopener\">Leny\u0171g\u00f6z\u0151 term\u00e9szetfilmet is mutattunk<\/a> az \u0151shonos zselici h\u00e1rserd\u0151k kincs\u00e9r\u0151l.<\/p>\n<div class=\"o-post__articRecommend m-articRecommend -hasImg cf article-recommendation-container cf _ce_measure_widget\" data-ce-measure-widget=\"Cikkaj\u00e1nl\u00f3 widget\">\n<div class=\"m-articRecommend__widgetTitle\">Kapcsol\u00f3d\u00f3<\/div>\n<div class=\"m-articRecommend__imgWrap image-container\"><a href=\"https:\/\/sokszinuvidek.24.hu\/eletmod\/2025\/11\/03\/mez-valasztas-tippek\/\" target=\"_self\"><img loading=\"lazy\" decoding=\"async\" width=\"480\" height=\"270\" src=\"https:\/\/s.24.hu\/app\/uploads\/sites\/11\/2025\/11\/local-honey-9061428_1280-e1761989508310-480x270.png\" class=\"img-responsive wp-post-image\" alt=\"\" \/><\/a><\/div>\n<div class=\"m-articRecommend__cntWrap content-container \">\n\t\t\t<a href=\"https:\/\/sokszinuvidek.24.hu\/eletmod\/2025\/11\/03\/mez-valasztas-tippek\/\" target=\"_self\" class=\"m-articRecommend__title ar-title\">Hogyan v\u00e1lasszunk j\u00f3 m\u00e9zet? Tippek m\u00e9h\u00e9szt\u0151l, v\u00e1s\u00e1rl\u00e1shoz \u00e9s t\u00e1rol\u00e1shoz<\/a>\n<div class=\"m-articRecommend__lead ar-lead\">A j\u00f3 m\u00e9zet nem neh\u00e9z felismerni. El\u00e9g egyetlen k\u00f3stol\u00e1s, \u00e9s m\u00e1ris \u00e9rezni lehet a k\u00fcl\u00f6nbs\u00e9get.<\/div>\n<\/div>\n<\/div>\n<p>The post <a href=\"https:\/\/sokszinuvidek.24.hu\/mozaik\/2026\/05\/01\/bajban-meheszet-aszaly\/\" target=\"_blank\">Nagy bajban a magyar m\u00e9h\u00e9szek: az asz\u00e1ly \u00e9s az alacsony felv\u00e1s\u00e1rl\u00e1si \u00e1rak is vesz\u00e9lyeztetik a hazai m\u00e9zet<\/a> first appeared on <a href=\"https:\/\/sokszinuvidek.24.hu\/\" target=\"_blank\">Soksz\u00edn\u0171 vid\u00e9k<\/a>.<\/p><div id=\"friss-2657253845\" class=\"friss-etarget-cikk-vege friss-entity-placement\"><script type=\"text\/javascript\" id=\"etargetScript7a9b589f63cb072bef80df221f46a22b\">function etargetPostloadFunction7a9b589f63cb072bef80df221f46a22b(){var e=\"etargetPostload7a9b589f63cb072bef80df221f46a22b\",t=\"etargetScript7a9b589f63cb072bef80df221f46a22b\",o=document.getElementById(e);if(o){for(var n=o.offsetTop,d=o.offsetLeft,r=o.offsetWidth,a=o.offsetHeight;o.offsetParent;)o=o.offsetParent,n+=o.offsetTop,d+=o.offsetLeft;var i=(n<=window.pageYOffset+window.innerHeight&&d<window.pageXOffset+window.innerWidth&&n+a>window.pageYOffset&&d+r>window.pageXOffset);if(i&&etargetAllowOtherCheck){allowed=!1;var c=document.createElement(\"script\");return c.src=\"\/\/hu.search.etargetnet.com\/generic\/uni.php?g=ref:58661,area:700x210\",void(document.getElementById(t)&&document.getElementById(e)&&(document.getElementById(t).parentNode.appendChild(c),document.getElementById(t).parentNode.removeChild(document.getElementById(t)),document.getElementById(e).parentNode.removeChild(document.getElementById(e)),document.removeEventListener(\"scroll\",etargetPostloadFunction7a9b589f63cb072bef80df221f46a22b),document.removeEventListener(\"resize\",etargetPostloadFunction7a9b589f63cb072bef80df221f46a22b),document.removeEventListener(\"DOMContentLoaded\",etargetPostloadFunction7a9b589f63cb072bef80df221f46a22b)))}}}var etargetDivID=\"etargetPostload7a9b589f63cb072bef80df221f46a22b\",etargetScriptID=\"etargetScript7a9b589f63cb072bef80df221f46a22b\",etargetPostloadPoint=document.createElement(\"div\");etargetPostloadPoint.id=etargetDivID;var etargetCurScript=document.getElementById(etargetScriptID);etargetCurScript.parentNode.appendChild(etargetPostloadPoint),document.addEventListener(\"scroll\",etargetPostloadFunction7a9b589f63cb072bef80df221f46a22b),document.addEventListener(\"resize\",etargetPostloadFunction7a9b589f63cb072bef80df221f46a22b),document.addEventListener(\"DOMContentLoaded\",etargetPostloadFunction7a9b589f63cb072bef80df221f46a22b);var etargetAllowOtherCheck=!0;if(typeof(\"forceRunPostload\")==\"string\"){etargetPostloadFunction7a9b589f63cb072bef80df221f46a22b()}<\/script><\/div><div id=\"friss-2439287129\" class=\"friss-after-content friss-entity-placement\"><script type=\"text\/javascript\" id=\"etargetScript7a9b589f63cb072bef80df221f46a22b\">function etargetPostloadFunction7a9b589f63cb072bef80df221f46a22b(){var e=\"etargetPostload7a9b589f63cb072bef80df221f46a22b\",t=\"etargetScript7a9b589f63cb072bef80df221f46a22b\",o=document.getElementById(e);if(o){for(var n=o.offsetTop,d=o.offsetLeft,r=o.offsetWidth,a=o.offsetHeight;o.offsetParent;)o=o.offsetParent,n+=o.offsetTop,d+=o.offsetLeft;var i=(n<=window.pageYOffset+window.innerHeight&&d<window.pageXOffset+window.innerWidth&&n+a>window.pageYOffset&&d+r>window.pageXOffset);if(i&&etargetAllowOtherCheck){allowed=!1;var c=document.createElement(\"script\");return c.src=\"\/\/hu.search.etargetnet.com\/generic\/uni.php?g=ref:58661,area:700x210\",void(document.getElementById(t)&&document.getElementById(e)&&(document.getElementById(t).parentNode.appendChild(c),document.getElementById(t).parentNode.removeChild(document.getElementById(t)),document.getElementById(e).parentNode.removeChild(document.getElementById(e)),document.removeEventListener(\"scroll\",etargetPostloadFunction7a9b589f63cb072bef80df221f46a22b),document.removeEventListener(\"resize\",etargetPostloadFunction7a9b589f63cb072bef80df221f46a22b),document.removeEventListener(\"DOMContentLoaded\",etargetPostloadFunction7a9b589f63cb072bef80df221f46a22b)))}}}var etargetDivID=\"etargetPostload7a9b589f63cb072bef80df221f46a22b\",etargetScriptID=\"etargetScript7a9b589f63cb072bef80df221f46a22b\",etargetPostloadPoint=document.createElement(\"div\");etargetPostloadPoint.id=etargetDivID;var etargetCurScript=document.getElementById(etargetScriptID);etargetCurScript.parentNode.appendChild(etargetPostloadPoint),document.addEventListener(\"scroll\",etargetPostloadFunction7a9b589f63cb072bef80df221f46a22b),document.addEventListener(\"resize\",etargetPostloadFunction7a9b589f63cb072bef80df221f46a22b),document.addEventListener(\"DOMContentLoaded\",etargetPostloadFunction7a9b589f63cb072bef80df221f46a22b);var etargetAllowOtherCheck=!0;if(typeof(\"forceRunPostload\")==\"string\"){etargetPostloadFunction7a9b589f63cb072bef80df221f46a22b()}<\/script><\/div><div id=\"friss-2415153061\" class=\"friss-after-content_2 friss-entity-placement\" style=\"clear: both;\"><div class=\"wprss_ajax\" data-id=\"rss022a6b084d\"><img loading=\"lazy\" decoding=\"async\" src=\"https:\/\/friss-hirek.hu\/wp-content\/plugins\/wp-rss-retriever\/inc\/imgs\/ajax-loader.gif\" alt=\"Loading RSS Feed\" width=\"16\" height=\"16\"><\/div><\/div><br style=\"clear: both; display: block; float: none;\"\/><div id=\"friss-1336090948\" class=\"friss-after-content_3 friss-entity-placement\">https:\/\/www.youtube.com\/watch?v=Pdnw4KiUWp0<\/div>","protected":false},"excerpt":{"rendered":"<p>Nagy a bizonytalans\u00e1g a magyar m\u00e9h\u00e9szek k\u00f6r\u00e9ben. B\u00e1r az el\u0151z\u0151 t\u00e9lb\u0151l sok m\u00e9hcsal\u00e1d viszonylag j\u00f3 \u00e1llapotban ker\u00fclt ki, \u00e9s a tavaszi fejl\u0151d\u00e9s t\u00f6bb t\u00e9rs\u00e9gben kedvez\u0151en indult, az asz\u00e1ly egyre komolyabb gondot okoz. A sz\u00e1razs\u00e1g miatt a repce sok helyen alig adott nekt\u00e1rt, \u00e9s vannak olyan ter\u00fcletek, ahol m\u00e1r az ak\u00e1c\u00e1llom\u00e1ny is megs\u00ednyli a csapad\u00e9khi\u00e1nyt. A [&hellip;]<\/p>\n","protected":false},"author":1,"featured_media":0,"comment_status":"open","ping_status":"open","sticky":false,"template":"","format":"standard","meta":{"footnotes":""},"categories":[6],"tags":[],"class_list":["post-166254","post","type-post","status-publish","format-standard","hentry","category-videk"],"amp_enabled":true,"_links":{"self":[{"href":"https:\/\/friss-hirek.hu\/index.php\/wp-json\/wp\/v2\/posts\/166254","targetHints":{"allow":["GET"]}}],"collection":[{"href":"https:\/\/friss-hirek.hu\/index.php\/wp-json\/wp\/v2\/posts"}],"about":[{"href":"https:\/\/friss-hirek.hu\/index.php\/wp-json\/wp\/v2\/types\/post"}],"author":[{"embeddable":true,"href":"https:\/\/friss-hirek.hu\/index.php\/wp-json\/wp\/v2\/users\/1"}],"replies":[{"embeddable":true,"href":"https:\/\/friss-hirek.hu\/index.php\/wp-json\/wp\/v2\/comments?post=166254"}],"version-history":[{"count":0,"href":"https:\/\/friss-hirek.hu\/index.php\/wp-json\/wp\/v2\/posts\/166254\/revisions"}],"wp:attachment":[{"href":"https:\/\/friss-hirek.hu\/index.php\/wp-json\/wp\/v2\/media?parent=166254"}],"wp:term":[{"taxonomy":"category","embeddable":true,"href":"https:\/\/friss-hirek.hu\/index.php\/wp-json\/wp\/v2\/categories?post=166254"},{"taxonomy":"post_tag","embeddable":true,"href":"https:\/\/friss-hirek.hu\/index.php\/wp-json\/wp\/v2\/tags?post=166254"}],"curies":[{"name":"wp","href":"https:\/\/api.w.org\/{rel}","templated":true}]}}