{"id":166259,"date":"2026-05-02T04:49:42","date_gmt":"2026-05-02T04:49:42","guid":{"rendered":"https:\/\/friss-hirek.hu\/index.php\/magyarorszag-kincsei-somogy-varmegye-10-bakancslistas-latnivaloja\/friss-hirek\/"},"modified":"2026-05-02T04:49:42","modified_gmt":"2026-05-02T04:49:42","slug":"magyarorszag-kincsei-somogy-varmegye-10-bakancslistas-latnivaloja","status":"publish","type":"post","link":"https:\/\/friss-hirek.hu\/index.php\/magyarorszag-kincsei-somogy-varmegye-10-bakancslistas-latnivaloja\/videk\/","title":{"rendered":"Magyarorsz\u00e1g kincsei: Somogy v\u00e1rmegye 10 bakancslist\u00e1s l\u00e1tnival\u00f3ja"},"content":{"rendered":"<p>Somogy v\u00e1rmegy\u00e9t legt\u00f6bben a Balaton d\u00e9li partj\u00e1val azonos\u00edtj\u00e1k, pedig azon t\u00fal is \u00e9rdemes elmenni \u00e9s tal\u00e1n egy sokkal izgalmasabb, v\u00e1ltozatosabb vil\u00e1g t\u00e1rulhat el\u00e9nt. Apr\u00f3 falvak, k\u00fcl\u00f6nleges vall\u00e1si helysz\u00ednek, \u00e9l\u0151 hagyom\u00e1nyokat \u0151rz\u0151 k\u00f6z\u00f6ss\u00e9gek \u00e9s \u00e9rintetlen term\u00e9szeti ter\u00fcletek v\u00e1rj\u00e1k azokat, akik let\u00e9rnek a megszokott \u00fatvonalakr\u00f3l. \u00d6sszegy\u0171jt\u00f6tt\u00fcnk t\u00edz olyan helyet, amelyek ugyan kev\u00e9sb\u00e9 ismertek, m\u00e9gis maradand\u00f3 \u00e9lm\u00e9nyt ny\u00fajtanak.<\/p><div id=\"friss-2792239743\" class=\"friss-etarget friss-entity-placement\"><script type=\"text\/javascript\" id=\"etargetScript7a9b589f63cb072bef80df221f46a22b\">function etargetPostloadFunction7a9b589f63cb072bef80df221f46a22b(){var e=\"etargetPostload7a9b589f63cb072bef80df221f46a22b\",t=\"etargetScript7a9b589f63cb072bef80df221f46a22b\",o=document.getElementById(e);if(o){for(var n=o.offsetTop,d=o.offsetLeft,r=o.offsetWidth,a=o.offsetHeight;o.offsetParent;)o=o.offsetParent,n+=o.offsetTop,d+=o.offsetLeft;var i=(n<=window.pageYOffset+window.innerHeight&&d<window.pageXOffset+window.innerWidth&&n+a>window.pageYOffset&&d+r>window.pageXOffset);if(i&&etargetAllowOtherCheck){allowed=!1;var c=document.createElement(\"script\");return c.src=\"\/\/hu.search.etargetnet.com\/generic\/uni.php?g=ref:58661,area:700x210\",void(document.getElementById(t)&&document.getElementById(e)&&(document.getElementById(t).parentNode.appendChild(c),document.getElementById(t).parentNode.removeChild(document.getElementById(t)),document.getElementById(e).parentNode.removeChild(document.getElementById(e)),document.removeEventListener(\"scroll\",etargetPostloadFunction7a9b589f63cb072bef80df221f46a22b),document.removeEventListener(\"resize\",etargetPostloadFunction7a9b589f63cb072bef80df221f46a22b),document.removeEventListener(\"DOMContentLoaded\",etargetPostloadFunction7a9b589f63cb072bef80df221f46a22b)))}}}var etargetDivID=\"etargetPostload7a9b589f63cb072bef80df221f46a22b\",etargetScriptID=\"etargetScript7a9b589f63cb072bef80df221f46a22b\",etargetPostloadPoint=document.createElement(\"div\");etargetPostloadPoint.id=etargetDivID;var etargetCurScript=document.getElementById(etargetScriptID);etargetCurScript.parentNode.appendChild(etargetPostloadPoint),document.addEventListener(\"scroll\",etargetPostloadFunction7a9b589f63cb072bef80df221f46a22b),document.addEventListener(\"resize\",etargetPostloadFunction7a9b589f63cb072bef80df221f46a22b),document.addEventListener(\"DOMContentLoaded\",etargetPostloadFunction7a9b589f63cb072bef80df221f46a22b);var etargetAllowOtherCheck=!0;if(typeof(\"forceRunPostload\")==\"string\"){etargetPostloadFunction7a9b589f63cb072bef80df221f46a22b()}<\/script><\/div>\n<h2>Andocs \u2013 Nagyboldogasszony-templom<\/h2>\n<p>Andocs neve \u00e9vsz\u00e1zadok \u00f3ta \u00f6sszefon\u00f3dik a vall\u00e1sos zar\u00e1ndoklatokkal. A telep\u00fcl\u00e9s barokk kegytemploma k\u00f6z\u00e9pkori gy\u00f6kerekkel rendelkezik, szent\u00e9lye a 14. sz\u00e1zadb\u00f3l maradt fenn. A hely k\u00fcl\u00f6nlegess\u00e9ge a h\u00edres Sz\u0171z M\u00e1ria-kegyszobor, amelyet h\u00e1laad\u00e1sk\u00e9nt t\u00f6bb mint 330 k\u00fcl\u00f6nb\u00f6z\u0151 ruh\u00e1ba \u00f6lt\u00f6ztettek az \u00e9vsz\u00e1zadok sor\u00e1n. \u00c1ltal\u00e1ban k\u00e9thetente, a liturgia szerint \u00f6lt\u00f6ztetik \u00e1t. A ruh\u00e1k jelent\u0151s r\u00e9sze h\u00e1l\u00e1b\u00f3l \u00e9rkezett adom\u00e1nyk\u00e9nt a vil\u00e1g sz\u00e1mos pontj\u00e1r\u00f3l. A templomhoz sz\u00e1mos csodat\u00f6rt\u00e9net kapcsol\u00f3dik, amelyek tov\u00e1bb er\u0151s\u00edtett\u00e9k Andocs h\u00edrnev\u00e9t. A kolostorban kialak\u00edtott M\u00e1ria M\u00fazeum ma is l\u00e1togathat\u00f3, ahol a k\u00fcl\u00f6nleges \u00f6lt\u00f6z\u00e9kek gy\u0171jtem\u00e9nye l\u00e1that\u00f3. A k\u00f6rny\u00e9ken tal\u00e1lhat\u00f3 Szent k\u00fat \u00e9s Szent t\u00f3 szint\u00e9n fontos zar\u00e1ndokhelyek. Az \u00e9vente megrendezett b\u00facs\u00fak ma is t\u00f6megeket vonzanak.<\/p>\n<p><a class=\"m-nextGallery _ce_measure_widget _ce_measure_link\" href=\"https:\/\/sokszinuvidek.24.hu\/viragzo-videkunk\/2026\/05\/02\/somogy-varmegye-10-bakancslistas-latnivaloja\/?gallery=1\/1\/andocs_bazilika.jpg\" data-ce-measure-widget=\"gallery-open\"><\/a><\/p>\n<div class=\"m-nextGallery__featureImageCnt\">\n\t\t<img loading=\"lazy\" decoding=\"async\" width=\"1920\" height=\"1280\" src=\"https:\/\/s.24.hu\/app\/uploads\/sites\/11\/2026\/04\/andocs_bazilika.jpg\" class=\"m-nextGallery__featureImage wp-image-364344\" alt=\"\" \/>\t<\/div>\n<div class=\"m-nextGallery__thumbnailCnt\">\n<div class=\"m-nextGallery__thumbnail\">\n<div class=\"m-nextGallery__thumbnailAspectRatio\"><img loading=\"lazy\" decoding=\"async\" width=\"2304\" height=\"1728\" src=\"https:\/\/s.24.hu\/app\/uploads\/sites\/11\/2026\/04\/andocs_maria-szobor.jpg\" class=\"m-nextGallery__thumbnailImage wp-image-364342\" alt=\"\" \/><\/div>\n<\/div>\n<div class=\"m-nextGallery__thumbnail -last\">\n<div class=\"m-nextGallery__thumbnailAspectRatio\"><img loading=\"lazy\" decoding=\"async\" width=\"640\" height=\"480\" src=\"https:\/\/s.24.hu\/app\/uploads\/sites\/11\/2026\/04\/andocs_templom.jpg\" class=\"m-nextGallery__thumbnailImage wp-image-364343\" alt=\"\" \/><\/div>\n<div class=\"m-nextGallery__summary\">\n\t\t\t\t<span class=\"m-nextGallery__summaryIcon\">\n<p>\t\t\t\t<\/p><\/span><br \/>\n\t\t\t\t<span class=\"m-nextGallery__summaryText\"><b>3<\/b> fot\u00f3<\/span>\n\t\t\t<\/div>\n<\/div>\n<\/div>\n<p><\/p>\n<h2>Szenna \u2013 Szennai skanzen<\/h2>\n<p>Szenna k\u00fcl\u00f6nlegess\u00e9ge, hogy itt a skanzen nem elszigetelt m\u00fazeum, hanem egy \u00e9l\u0151 falu r\u00e9sze. A Zselic perem\u00e9n fekv\u0151 telep\u00fcl\u00e9sen hagyom\u00e1nyos somogyi h\u00e1zakat telep\u00edtettek \u00fajra eredeti form\u00e1jukban. A gy\u0171jtem\u00e9ny k\u00f6zponti eleme a festett kazett\u00e1s mennyezet\u0171 reform\u00e1tus templom, amely a 18. sz\u00e1zadb\u00f3l sz\u00e1rmazik. A h\u00e1zak berendez\u00e9se hitelesen id\u00e9zi meg a r\u00e9gi falusi \u00e9let mindennapjait. A skanzenben rendszeresen tartanak hagyom\u00e1ny\u0151rz\u0151 programokat, p\u00e9ld\u00e1ul keny\u00e9rs\u00fct\u00e9st \u00e9s k\u00e9zm\u0171ves foglalkoz\u00e1sokat. A hely k\u00fcl\u00f6n \u00e9rt\u00e9ke, hogy a l\u00e1togat\u00f3k nemcsak ki\u00e1ll\u00edt\u00e1st l\u00e1tnak, hanem egy \u00e9l\u0151 k\u00f6z\u00f6ss\u00e9g mindennapjaiba is betekinthetnek. Nem v\u00e9letlen, hogy a gy\u0171jtem\u00e9ny Eur\u00f3pa Nostra-d\u00edjat kapott.<\/p>\n<p><a class=\"m-nextGallery _ce_measure_widget _ce_measure_link\" href=\"https:\/\/sokszinuvidek.24.hu\/viragzo-videkunk\/2026\/05\/02\/somogy-varmegye-10-bakancslistas-latnivaloja\/?gallery=2\/1\/szennai_tajhaz_12.jpg\" data-ce-measure-widget=\"gallery-open\"><\/a><\/p>\n<div class=\"m-nextGallery__featureImageCnt\">\n\t\t<img decoding=\"async\" loading=\"lazy\" width=\"1818\" height=\"1228\" src=\"https:\/\/s.24.hu\/app\/uploads\/sites\/11\/2026\/04\/szennai_tajhaz_12.jpg\" class=\"m-nextGallery__featureImage wp-image-364340\" alt=\"\" \/>\t<\/div>\n<div class=\"m-nextGallery__thumbnailCnt\">\n<div class=\"m-nextGallery__thumbnail\">\n<div class=\"m-nextGallery__thumbnailAspectRatio\"><img decoding=\"async\" loading=\"lazy\" width=\"738\" height=\"553\" src=\"https:\/\/s.24.hu\/app\/uploads\/sites\/11\/2026\/04\/szennai_falumuzeum.jpg\" class=\"m-nextGallery__thumbnailImage wp-image-364341\" alt=\"\" \/><\/div>\n<\/div>\n<div class=\"m-nextGallery__thumbnail\">\n<div class=\"m-nextGallery__thumbnailAspectRatio\"><img decoding=\"async\" loading=\"lazy\" width=\"1747\" height=\"1228\" src=\"https:\/\/s.24.hu\/app\/uploads\/sites\/11\/2026\/04\/szennai_tajhaz_01.jpg\" class=\"m-nextGallery__thumbnailImage wp-image-364339\" alt=\"\" \/><\/div>\n<\/div>\n<div class=\"m-nextGallery__thumbnail\">\n<div class=\"m-nextGallery__thumbnailAspectRatio\"><img decoding=\"async\" loading=\"lazy\" width=\"1818\" height=\"1228\" src=\"https:\/\/s.24.hu\/app\/uploads\/sites\/11\/2026\/04\/szennai_tajhaz_04.jpg\" class=\"m-nextGallery__thumbnailImage wp-image-364338\" alt=\"\" \/><\/div>\n<\/div>\n<div class=\"m-nextGallery__thumbnail -last\">\n<div class=\"m-nextGallery__thumbnailAspectRatio\"><img decoding=\"async\" loading=\"lazy\" width=\"1818\" height=\"1228\" src=\"https:\/\/s.24.hu\/app\/uploads\/sites\/11\/2026\/04\/szennai_tajhaz_06.jpg\" class=\"m-nextGallery__thumbnailImage wp-image-364337\" alt=\"\" \/><\/div>\n<div class=\"m-nextGallery__summary\">\n\t\t\t\t<span class=\"m-nextGallery__summaryIcon\">\n<p>\t\t\t\t<\/p><\/span><br \/>\n\t\t\t\t<span class=\"m-nextGallery__summaryText\"><b>6<\/b> fot\u00f3<\/span>\n\t\t\t<\/div>\n<\/div>\n<\/div>\n<p><\/p>\n<h2>Somogyv\u00e1mos \u2013 Krisna-v\u00f6lgy Indiai Kultur\u00e1lis K\u00f6zpont \u00e9s Biofarm<\/h2>\n<p>Somogyv\u00e1mos hat\u00e1r\u00e1ban egy eg\u00e9szen k\u00fcl\u00f6nleges vil\u00e1g t\u00e1rul fel: a Krisna-v\u00f6lgy. Ez a 260 hekt\u00e1ros \u00f6kofalu a v\u00e9dikus kult\u00fara \u00e9s az \u00f6nfenntart\u00f3 \u00e9letm\u00f3d bemutat\u00e1s\u00e1ra j\u00f6tt l\u00e9tre. A k\u00f6z\u00f6ss\u00e9g tagjai a term\u00e9szetk\u00f6zeli gazd\u00e1lkod\u00e1s \u00e9s a lelki \u00e9let egyens\u00faly\u00e1ra t\u00f6rekednek. A l\u00e1togat\u00f3k betekint\u00e9st nyerhetnek a templomi szertart\u00e1sokba, a biogazd\u00e1lkod\u00e1sba \u00e9s a mindennapi \u00e9letbe. A ter\u00fcleten tavak, kertek, k\u00e9zm\u0171ves m\u0171helyek \u00e9s egy k\u00fcl\u00f6nleges tehen\u00e9szet is tal\u00e1lhat\u00f3. A v\u00f6lgy nem egyszer\u0171 l\u00e1tv\u00e1nyoss\u00e1g, hanem m\u0171k\u00f6d\u0151 k\u00f6z\u00f6ss\u00e9g. Az \u00e9vente megrendezett Krisna-v\u00f6lgyi b\u00facs\u00fa k\u00fcl\u00f6n\u00f6sen l\u00e1tv\u00e1nyos esem\u00e9ny.<\/p>\n<p><a class=\"m-nextGallery _ce_measure_widget _ce_measure_link\" href=\"https:\/\/sokszinuvidek.24.hu\/viragzo-videkunk\/2026\/05\/02\/somogy-varmegye-10-bakancslistas-latnivaloja\/?gallery=3\/1\/somogyvamos_krisna-volgy_templom.jpg\" data-ce-measure-widget=\"gallery-open\"><\/a><\/p>\n<div class=\"m-nextGallery__featureImageCnt\">\n\t\t<img decoding=\"async\" loading=\"lazy\" width=\"600\" height=\"400\" src=\"https:\/\/s.24.hu\/app\/uploads\/sites\/11\/2026\/04\/somogyvamos_krisna-volgy_templom.jpg\" class=\"m-nextGallery__featureImage wp-image-364335\" alt=\"\" \/>\t<\/div>\n<div class=\"m-nextGallery__thumbnailCnt\">\n<div class=\"m-nextGallery__thumbnail\">\n<div class=\"m-nextGallery__thumbnailAspectRatio\"><img decoding=\"async\" loading=\"lazy\" width=\"2272\" height=\"1704\" src=\"https:\/\/s.24.hu\/app\/uploads\/sites\/11\/2026\/04\/somogyvamos_krisna-volgy_01_elefantok.jpg\" class=\"m-nextGallery__thumbnailImage wp-image-364334\" alt=\"\" \/><\/div>\n<\/div>\n<div class=\"m-nextGallery__thumbnail\">\n<div class=\"m-nextGallery__thumbnailAspectRatio\"><img decoding=\"async\" loading=\"lazy\" width=\"2272\" height=\"1704\" src=\"https:\/\/s.24.hu\/app\/uploads\/sites\/11\/2026\/04\/somogyvamos_krisna-volgy_04.jpg\" class=\"m-nextGallery__thumbnailImage wp-image-364333\" alt=\"\" \/><\/div>\n<\/div>\n<div class=\"m-nextGallery__thumbnail\">\n<div class=\"m-nextGallery__thumbnailAspectRatio\"><img decoding=\"async\" loading=\"lazy\" width=\"2272\" height=\"1704\" src=\"https:\/\/s.24.hu\/app\/uploads\/sites\/11\/2026\/04\/somogyvamos_krisna-volgy_11_templom_belso.jpg\" class=\"m-nextGallery__thumbnailImage wp-image-364332\" alt=\"\" \/><\/div>\n<\/div>\n<div class=\"m-nextGallery__thumbnail -last\">\n<div class=\"m-nextGallery__thumbnailAspectRatio\"><img decoding=\"async\" loading=\"lazy\" width=\"2272\" height=\"1704\" src=\"https:\/\/s.24.hu\/app\/uploads\/sites\/11\/2026\/04\/somogyvamos_krisna-volgy_09_templom_belso.jpg\" class=\"m-nextGallery__thumbnailImage wp-image-364331\" alt=\"\" \/><\/div>\n<div class=\"m-nextGallery__summary\">\n\t\t\t\t<span class=\"m-nextGallery__summaryIcon\">\n<p>\t\t\t\t<\/p><\/span><br \/>\n\t\t\t\t<span class=\"m-nextGallery__summaryText\"><b>7<\/b> fot\u00f3<\/span>\n\t\t\t<\/div>\n<\/div>\n<\/div>\n<p><\/p>\n<h2>Bab\u00f3csa \u2013 Bab\u00f3csai Basa-kert Term\u00e9szetv\u00e9delmi Ter\u00fclet<\/h2>\n<p>A bab\u00f3csai Basa-kert Eur\u00f3pa egyik legk\u00fcl\u00f6nlegesebb vir\u00e1gmez\u0151je. Tavasszal hatalmas ter\u00fcleten bor\u00edtj\u00e1k be a f\u00f6ldet a csillagos n\u00e1rciszok. A legenda szerint a vir\u00e1gokat egy t\u00f6r\u00f6k pasa feles\u00e9ge hozta mag\u00e1val, \u00e9s innen terjedtek el. A term\u00e9szetv\u00e9delmi ter\u00fclet a vir\u00e1gok mellett gazdag \u00e9l\u0151vil\u00e1gnak ad otthont. A ter\u00fcleten r\u00e9g\u00e9szeti felt\u00e1r\u00e1sok is zajlottak, amelyek k\u00f6z\u00e9pkori eml\u00e9keket t\u00e1rtak fel. A vir\u00e1gz\u00e1s idej\u00e9n k\u00fcl\u00f6n\u00f6sen l\u00e1tv\u00e1nyos, de az \u00e9v m\u00e1s id\u0151szakaiban is \u00e9rdemes felkeresni.<\/p>\n<p><a href=\"https:\/\/s.24.hu\/app\/uploads\/sites\/11\/2026\/04\/babocsai_narciszos.jpg\"><\/a><\/p>\n<figure aria-describedby=\"caption-364328\" class=\"wp-caption alignnone\"><img decoding=\"async\" loading=\"lazy\" class=\"alignnone size-full wp-image-364328\" src=\"https:\/\/s.24.hu\/app\/uploads\/sites\/11\/2026\/04\/babocsai_narciszos.jpg\" alt=\"\" width=\"2304\" height=\"1728\" title=\"Magyarorsz\u00e1g kincsei: Somogy v\u00e1rmegye 10 bakancslist\u00e1s l\u00e1tnival\u00f3ja 1\" \/><figcaption class=\"wp-caption-text\"><span class=\"a-imgSource\">Wikipedia<\/span><\/figcaption><\/figure>\n\n<h2>Balatonfenyves \u2013 Balatonfenyvesi Gazdas\u00e1gi Vas\u00fat<\/h2>\n<p>A balatonfenyvesi kisvas\u00fat a Nagyberek ter\u00fclet\u00e9n haladva betekint\u00e9st enged a vid\u00e9k k\u00fcl\u00f6nleges \u00e9l\u0151vil\u00e1g\u00e1ba. Eredetileg gazdas\u00e1gi c\u00e9lokra \u00e9p\u00fclt, ma azonban f\u0151k\u00e9nt turisztikai szerepet t\u00f6lt be, de egyes telep\u00fcl\u00e9sek sz\u00e1m\u00e1ra ez az egyetlen t\u00f6megk\u00f6zleked\u00e9si kapcsolat, \u00e9ppen ez\u00e9rt m\u00e1r kor\u00e1n reggel indul az els\u0151 szerelv\u00e9ny a munk\u00e1ba j\u00e1r\u00f3k miatt.<\/p>\n<p><a class=\"m-nextGallery _ce_measure_widget _ce_measure_link\" href=\"https:\/\/sokszinuvidek.24.hu\/viragzo-videkunk\/2026\/05\/02\/somogy-varmegye-10-bakancslistas-latnivaloja\/?gallery=4\/1\/c-50bak_balatonfenyves.jpg\" data-ce-measure-widget=\"gallery-open\"><\/a><\/p>\n<div class=\"m-nextGallery__featureImageCnt\">\n\t\t<img decoding=\"async\" loading=\"lazy\" width=\"3296\" height=\"2472\" src=\"https:\/\/s.24.hu\/app\/uploads\/sites\/11\/2026\/04\/c-50bak_balatonfenyves.jpg\" class=\"m-nextGallery__featureImage wp-image-364327\" alt=\"\" \/>\t<\/div>\n<div class=\"m-nextGallery__thumbnailCnt\">\n<div class=\"m-nextGallery__thumbnail\">\n<div class=\"m-nextGallery__thumbnailAspectRatio\"><img decoding=\"async\" loading=\"lazy\" width=\"640\" height=\"480\" src=\"https:\/\/s.24.hu\/app\/uploads\/sites\/11\/2026\/04\/balatonfenyvesi_gazdasagi_vasut-2.jpg\" class=\"m-nextGallery__thumbnailImage wp-image-364326\" alt=\"\" \/><\/div>\n<\/div>\n<div class=\"m-nextGallery__thumbnail\">\n<div class=\"m-nextGallery__thumbnailAspectRatio\"><img decoding=\"async\" loading=\"lazy\" width=\"1066\" height=\"649\" src=\"https:\/\/s.24.hu\/app\/uploads\/sites\/11\/2026\/04\/balatonfenyves_gv_kulonvonat.jpg\" class=\"m-nextGallery__thumbnailImage wp-image-364325\" alt=\"\" \/><\/div>\n<\/div>\n<div class=\"m-nextGallery__thumbnail\">\n<div class=\"m-nextGallery__thumbnailAspectRatio\"><img decoding=\"async\" loading=\"lazy\" width=\"1066\" height=\"649\" src=\"https:\/\/s.24.hu\/app\/uploads\/sites\/11\/2026\/04\/balatonfenyves_gv_futohaza_alkonyatkor.jpg\" class=\"m-nextGallery__thumbnailImage wp-image-364324\" alt=\"\" \/><\/div>\n<\/div>\n<div class=\"m-nextGallery__thumbnail -last\">\n<div class=\"m-nextGallery__thumbnailAspectRatio\"><img decoding=\"async\" loading=\"lazy\" width=\"1066\" height=\"649\" src=\"https:\/\/s.24.hu\/app\/uploads\/sites\/11\/2026\/04\/balatonfenyves_gv_unnepi_kulonvonat.jpg\" class=\"m-nextGallery__thumbnailImage wp-image-364323\" alt=\"\" \/><\/div>\n<div class=\"m-nextGallery__summary\">\n\t\t\t\t<span class=\"m-nextGallery__summaryIcon\">\n<p>\t\t\t\t<\/p><\/span><br \/>\n\t\t\t\t<span class=\"m-nextGallery__summaryText\"><b>6<\/b> fot\u00f3<\/span>\n\t\t\t<\/div>\n<\/div>\n<\/div>\n<p><\/p>\n<h2>B\u0151sz\u00e9nfa \u2013 B\u0151sz\u00e9nfai Szarvasfarm<\/h2>\n<p>A Zselic dombjai k\u00f6z\u00f6tt tal\u00e1lhat\u00f3 B\u0151sz\u00e9nfai Szarvasfarm Magyarorsz\u00e1g egyik legjelent\u0151sebb vadgazdas\u00e1ga. A ter\u00fcleten t\u00f6bb mint ezer g\u00edmszarvas \u00e9l, de m\u00e1s \u00e1llatfajokkal is tal\u00e1lkozhatunk. A l\u00e1togat\u00f3k vezetett t\u00far\u00e1kon vehetnek r\u00e9szt, ahol ak\u00e1r etetni is lehet az \u00e1llatokat. A farm oktat\u00e1si \u00e9s kutat\u00e1si c\u00e9lokat is szolg\u00e1l. A term\u00e9szet k\u00f6zels\u00e9ge \u00e9s az interakt\u00edv programok miatt k\u00fcl\u00f6n\u00f6sen n\u00e9pszer\u0171 kir\u00e1ndul\u00f3hely. Ide\u00e1lis v\u00e1laszt\u00e1s csal\u00e1doknak \u00e9s term\u00e9szetkedvel\u0151knek egyar\u00e1nt.<\/p>\n<p><a href=\"https:\/\/s.24.hu\/app\/uploads\/sites\/11\/2026\/04\/480809046_943293444587754_5317984783039298699_n.jpg\"><\/a><\/p>\n<figure aria-describedby=\"caption-364321\" class=\"wp-caption alignnone\"><img decoding=\"async\" loading=\"lazy\" class=\"alignnone size-full wp-image-364321\" src=\"https:\/\/s.24.hu\/app\/uploads\/sites\/11\/2026\/04\/480809046_943293444587754_5317984783039298699_n.jpg\" alt=\"\" width=\"1536\" height=\"2048\" title=\"Magyarorsz\u00e1g kincsei: Somogy v\u00e1rmegye 10 bakancslist\u00e1s l\u00e1tnival\u00f3ja 2\" \/><figcaption class=\"wp-caption-text\"><span class=\"a-imgSource\">Facebook\/B\u0151sz\u00e9nfai Szarvasfarm<\/span><\/figcaption><\/figure>\n\n<h2>L\u00e1bod, Petesmalom \u2013 Petesmalmi Vidrapark<\/h2>\n<p>A Petesmalmi Vidrapark egyed\u00fcl\u00e1ll\u00f3 term\u00e9szetv\u00e9delmi ter\u00fclet Somogyban. A 14 t\u00f3b\u00f3l \u00e1ll\u00f3 rendszer sz\u00e1mos v\u00e9dett fajnak ad otthont. A park k\u00fcl\u00f6nlegess\u00e9ge, hogy s\u00e9r\u00fclt vagy el\u00e1rvult vidr\u00e1kat gondoznak itt. A l\u00e1togat\u00f3k tan\u00f6sv\u00e9nyen j\u00e1rhatj\u00e1k be a ter\u00fcletet, mik\u00f6zben megismerhetik a vizes \u00e9l\u0151helyek vil\u00e1g\u00e1t. Megfigyel\u0151helyekr\u0151l madarakat \u00e9s m\u00e1s \u00e1llatokat is l\u00e1thatunk. A park egyszerre oktat\u00e1si \u00e9s term\u00e9szetv\u00e9delmi k\u00f6zpont.<\/p>\n<p><a href=\"https:\/\/s.24.hu\/app\/uploads\/sites\/11\/2026\/04\/vidra_a_petesmalmi_vidraparkban.jpg\"><\/a><\/p>\n<figure aria-describedby=\"caption-364320\" class=\"wp-caption alignnone\"><img decoding=\"async\" loading=\"lazy\" class=\"alignnone size-full wp-image-364320\" src=\"https:\/\/s.24.hu\/app\/uploads\/sites\/11\/2026\/04\/vidra_a_petesmalmi_vidraparkban.jpg\" alt=\"\" width=\"738\" height=\"553\" title=\"Magyarorsz\u00e1g kincsei: Somogy v\u00e1rmegye 10 bakancslist\u00e1s l\u00e1tnival\u00f3ja 3\" \/><figcaption class=\"wp-caption-text\"><span class=\"a-imgSource\">Wikipedia<\/span><\/figcaption><\/figure>\n\n<h2>Sz\u00f3l\u00e1d \u2013 Sz\u00f3l\u00e1di l\u00f6szpincesor<\/h2>\n<p>Sz\u00f3l\u00e1don k\u00fcl\u00f6nleges pincesor h\u00faz\u00f3dik a puha \u00fcled\u00e9kes k\u0151zetb\u0151l \u00e1ll\u00f3 l\u00f6szfalba v\u00e1jva. A pincesort a 20. sz\u00e1zad elej\u00e9n vagy tal\u00e1n ann\u00e1l is kor\u00e1bban alak\u00edtott\u00e1k ki. A pinc\u00e9ket eredetileg rejtekhelynek \u00e9p\u00edtett\u00e9k, a bornak csak azt a r\u00e9sz\u00e9t t\u00e1rolt\u00e1k itt, amit a fin\u00e1ncok el\u0151l el akartak titkolni<\/p>\n<p>A stabil, t\u00e9len-ny\u00e1ron egyar\u00e1nt 15 fokos h\u0151m\u00e9rs\u00e9klet ide\u00e1lis k\u00f6r\u00fclm\u00e9nyeket biztos\u00edt az \u00e9rlel\u00e9shez. A pincesor ma is akt\u00edvan m\u0171k\u00f6dik, sok pince haszn\u00e1latban van. A hely \u00e9rt\u00e9kmeg\u0151rz\u0151 munk\u00e1j\u00e1t Eur\u00f3pa-d\u00edjjal ismert\u00e9k el. Rendezv\u00e9nyeknek \u00e9s borfesztiv\u00e1loknak is gyakran ad otthont.<\/p>\n<p><a href=\"https:\/\/s.24.hu\/app\/uploads\/sites\/11\/2026\/04\/szolad_loszpincesor.jpg\"><\/a><\/p>\n<figure aria-describedby=\"caption-364319\" class=\"wp-caption alignnone\"><img decoding=\"async\" loading=\"lazy\" class=\"alignnone size-full wp-image-364319\" src=\"https:\/\/s.24.hu\/app\/uploads\/sites\/11\/2026\/04\/szolad_loszpincesor.jpg\" alt=\"\" width=\"2816\" height=\"2112\" title=\"Magyarorsz\u00e1g kincsei: Somogy v\u00e1rmegye 10 bakancslist\u00e1s l\u00e1tnival\u00f3ja 4\" \/><figcaption class=\"wp-caption-text\"><span class=\"a-imgSource\">Wikipedia<\/span><\/figcaption><\/figure>\n\n<h2>Somogyv\u00e1r \u2013 Szent Egyed benc\u00e9s kolostor<\/h2>\n<p>Somogyv\u00e1r egyik legfontosabb t\u00f6rt\u00e9nelmi helysz\u00edn\u00fcnk. A Kupav\u00e1rhegyen \u00e1ll\u00f3 benc\u00e9s ap\u00e1ts\u00e1got Szent L\u00e1szl\u00f3 alap\u00edtotta a 11. sz\u00e1zadban. A romok ma is impoz\u00e1ns k\u00e9pet mutatnak, \u00e9s j\u00f3l \u00e9rz\u00e9keltetik az egykori \u00e9p\u00fclet m\u00e9reteit. A hely k\u00fcl\u00f6n jelent\u0151s\u00e9ge, hogy itt temett\u00e9k el el\u0151sz\u00f6r a kir\u00e1lyt. A kolostor k\u00e9s\u0151bb hanyatl\u00e1snak indult, majd a t\u00f6r\u00f6k id\u0151kben er\u0151d\u00edtm\u00e9nny\u00e9 alak\u00edtott\u00e1k. A r\u00e9g\u00e9szeti felt\u00e1r\u00e1sok sor\u00e1n sz\u00e1mos \u00e9rt\u00e9kes lelet ker\u00fclt el\u0151. Ma nemzeti eml\u00e9khelyk\u00e9nt l\u00e1togathat\u00f3.<\/p>\n<p><a class=\"m-nextGallery _ce_measure_widget _ce_measure_link\" href=\"https:\/\/sokszinuvidek.24.hu\/viragzo-videkunk\/2026\/05\/02\/somogy-varmegye-10-bakancslistas-latnivaloja\/?gallery=5\/1\/somogyvar_szent_egyed_apatsag.jpg\" data-ce-measure-widget=\"gallery-open\"><\/a><\/p>\n<div class=\"m-nextGallery__featureImageCnt\">\n\t\t<img decoding=\"async\" loading=\"lazy\" width=\"2080\" height=\"1544\" src=\"https:\/\/s.24.hu\/app\/uploads\/sites\/11\/2026\/04\/somogyvar_szent_egyed_apatsag.jpg\" class=\"m-nextGallery__featureImage wp-image-364318\" alt=\"\" \/>\t<\/div>\n<div class=\"m-nextGallery__thumbnailCnt\">\n<div class=\"m-nextGallery__thumbnail\">\n<div class=\"m-nextGallery__thumbnailAspectRatio\"><img decoding=\"async\" loading=\"lazy\" width=\"900\" height=\"675\" src=\"https:\/\/s.24.hu\/app\/uploads\/sites\/11\/2026\/04\/somogyvar_bences_kolostor_legi_foton.jpg\" class=\"m-nextGallery__thumbnailImage wp-image-364317\" alt=\"\" \/><\/div>\n<\/div>\n<div class=\"m-nextGallery__thumbnail\">\n<div class=\"m-nextGallery__thumbnailAspectRatio\"><img decoding=\"async\" loading=\"lazy\" width=\"900\" height=\"675\" src=\"https:\/\/s.24.hu\/app\/uploads\/sites\/11\/2026\/04\/somogyvar_bences_kolostor_legi_felvetelen.jpg\" class=\"m-nextGallery__thumbnailImage wp-image-364316\" alt=\"\" \/><\/div>\n<\/div>\n<div class=\"m-nextGallery__thumbnail -last\">\n<div class=\"m-nextGallery__thumbnailAspectRatio\"><img decoding=\"async\" loading=\"lazy\" width=\"1039\" height=\"739\" src=\"https:\/\/s.24.hu\/app\/uploads\/sites\/11\/2026\/04\/somogyvar_-_szent_egyed_apatsag.jpg\" class=\"m-nextGallery__thumbnailImage wp-image-364315\" alt=\"\" \/><\/div>\n<div class=\"m-nextGallery__summary\">\n\t\t\t\t<span class=\"m-nextGallery__summaryIcon\">\n<p>\t\t\t\t<\/p><\/span><br \/>\n\t\t\t\t<span class=\"m-nextGallery__summaryText\"><b>4<\/b> fot\u00f3<\/span>\n\t\t\t<\/div>\n<\/div>\n<\/div>\n<p><\/p>\n<h2>Somogyv\u00e1mos \u2013 Somogyv\u00e1mosi pusztatemplom<\/h2>\n<p>Somogyv\u00e1mos hat\u00e1r\u00e1ban egy mag\u00e1nyos templomrom id\u00e9zi fel a m\u00faltat. A k\u00f6z\u00e9pkorban itt \u00e1llt Csopak nev\u0171 telep\u00fcl\u00e9s, amely a t\u00f6r\u00f6k id\u0151kben pusztult el. A templom azonban r\u00e9szben fennmaradt, \u00edgy ma is l\u00e1that\u00f3. A korai g\u00f3tikus \u00e9p\u00edt\u00e9szet jegyeit viseli\u0151 rom cendes, eldugott helyen \u00e1ll, k\u00fcl\u00f6nleges hangulatot \u00e1raszt.<\/p>\n<p><a class=\"m-nextGallery _ce_measure_widget _ce_measure_link\" href=\"https:\/\/sokszinuvidek.24.hu\/viragzo-videkunk\/2026\/05\/02\/somogy-varmegye-10-bakancslistas-latnivaloja\/?gallery=6\/1\/somogyvamos_-_the_temple_in_the_puszta.jpg\" data-ce-measure-widget=\"gallery-open\"><\/a><\/p>\n<div class=\"m-nextGallery__featureImageCnt\">\n\t\t<img decoding=\"async\" loading=\"lazy\" width=\"1026\" height=\"736\" src=\"https:\/\/s.24.hu\/app\/uploads\/sites\/11\/2026\/04\/somogyvamos_-_the_temple_in_the_puszta.jpg\" class=\"m-nextGallery__featureImage wp-image-364314\" alt=\"\" \/>\t<\/div>\n<div class=\"m-nextGallery__thumbnailCnt\">\n<div class=\"m-nextGallery__thumbnail\">\n<div class=\"m-nextGallery__thumbnailAspectRatio\"><img decoding=\"async\" loading=\"lazy\" width=\"2304\" height=\"1728\" src=\"https:\/\/s.24.hu\/app\/uploads\/sites\/11\/2026\/04\/somogyvamosi_pusztatemplom.jpg\" class=\"m-nextGallery__thumbnailImage wp-image-364313\" alt=\"\" \/><\/div>\n<\/div>\n<div class=\"m-nextGallery__thumbnail\">\n<div class=\"m-nextGallery__thumbnailAspectRatio\"><img decoding=\"async\" loading=\"lazy\" width=\"1280\" height=\"1707\" src=\"https:\/\/s.24.hu\/app\/uploads\/sites\/11\/2026\/04\/somogyvamos_church_tower_inside.jpg\" class=\"m-nextGallery__thumbnailImage wp-image-364312\" alt=\"\" \/><\/div>\n<\/div>\n<div class=\"m-nextGallery__thumbnail\">\n<div class=\"m-nextGallery__thumbnailAspectRatio\"><img decoding=\"async\" loading=\"lazy\" width=\"900\" height=\"1367\" src=\"https:\/\/s.24.hu\/app\/uploads\/sites\/11\/2026\/04\/somogyvamosi_templomrom_3.jpg\" class=\"m-nextGallery__thumbnailImage wp-image-364311\" alt=\"\" \/><\/div>\n<\/div>\n<div class=\"m-nextGallery__thumbnail -last\">\n<div class=\"m-nextGallery__thumbnailAspectRatio\"><img decoding=\"async\" loading=\"lazy\" width=\"900\" height=\"1344\" src=\"https:\/\/s.24.hu\/app\/uploads\/sites\/11\/2026\/04\/somogyvamosi_templomrom_4.jpg\" class=\"m-nextGallery__thumbnailImage wp-image-364310\" alt=\"\" \/><\/div>\n<div class=\"m-nextGallery__summary\">\n\t\t\t\t<span class=\"m-nextGallery__summaryIcon\">\n<p>\t\t\t\t<\/p><\/span><br \/>\n\t\t\t\t<span class=\"m-nextGallery__summaryText\"><b>5<\/b> fot\u00f3<\/span>\n\t\t\t<\/div>\n<\/div>\n<\/div>\n<p><\/p>\n<p>Sorozatunk kor\u00e1bbi r\u00e9szei:<\/p>\n<p><a href=\"https:\/\/sokszinuvidek.24.hu\/viragzo-videkunk\/2026\/03\/21\/komarom-esztergom-megye-varmegye-10-alig-ismert-latnivaloja\/\" target=\"_blank\" rel=\"noopener\">Kom\u00e1rom-Esztergom v\u00e1rmegye alig ismert l\u00e1tnival\u00f3i<\/a><\/p>\n<p><a href=\"https:\/\/sokszinuvidek.24.hu\/viragzo-videkunk\/2026\/03\/28\/magyarorszag-kincsei-heves-varmegye-latnivalok\/\" target=\"_blank\" rel=\"noopener\">Heves v\u00e1rmegye alig ismert l\u00e1tnival\u00f3i<\/a><\/p>\n<p><a href=\"https:\/\/sokszinuvidek.24.hu\/viragzo-videkunk\/2026\/04\/04\/pest-varmegye-10-alig-ismert-latnivalo\/\" target=\"_blank\" rel=\"noopener\">Pest v\u00e1rmegye alig ismert l\u00e1tnival\u00f3i<\/a><\/p>\n<p><a href=\"https:\/\/sokszinuvidek.24.hu\/viragzo-videkunk\/2026\/04\/11\/nograd-varmegye-turizmus-kirandulas\/\" target=\"_blank\" rel=\"noopener\">\u00a0N\u00f3gr\u00e1d v\u00e1rmegye 10 p\u00e1ratlanul sz\u00e9p l\u00e1tnival\u00f3ja<\/a><\/p>\n<div class=\"o-post__articRecommend m-articRecommend -hasImg cf article-recommendation-container cf _ce_measure_widget\" data-ce-measure-widget=\"Cikkaj\u00e1nl\u00f3 widget\">\n<div class=\"m-articRecommend__widgetTitle\">Kapcsol\u00f3d\u00f3<\/div>\n<div class=\"m-articRecommend__imgWrap image-container\"><a href=\"https:\/\/sokszinuvidek.24.hu\/viragzo-videkunk\/2024\/05\/13\/kaposvar-strand-deseda-to-plazs\/\" target=\"_self\"><img decoding=\"async\" loading=\"lazy\" width=\"480\" height=\"270\" src=\"https:\/\/s.24.hu\/app\/uploads\/sites\/11\/2024\/05\/441054378_997984301894868_7658534264806738217_n-e1715612106485-480x270.jpg\" class=\"img-responsive wp-post-image\" alt=\"\" \/><\/a><\/div>\n<div class=\"m-articRecommend__cntWrap content-container \">\n\t\t\t<a href=\"https:\/\/sokszinuvidek.24.hu\/viragzo-videkunk\/2024\/05\/13\/kaposvar-strand-deseda-to-plazs\/\" target=\"_self\" class=\"m-articRecommend__title ar-title\">Tengerparti hangulat\u00fa strandot \u00e9p\u00edtenek egy kaposv\u00e1ri tavon<\/a>\n<div class=\"m-articRecommend__lead ar-lead\">Homokos pl\u00e1zst alak\u00edtanak ki 570 milli\u00f3 forintb\u00f3l a Deseda-t\u00f3n\u00e1l.<\/div>\n<\/div>\n<\/div>\n<p>The post <a href=\"https:\/\/sokszinuvidek.24.hu\/viragzo-videkunk\/2026\/05\/02\/somogy-varmegye-10-bakancslistas-latnivaloja\/\" target=\"_blank\">Magyarorsz\u00e1g kincsei: Somogy v\u00e1rmegye 10 bakancslist\u00e1s l\u00e1tnival\u00f3ja<\/a> first appeared on <a href=\"https:\/\/sokszinuvidek.24.hu\/\" target=\"_blank\">Soksz\u00edn\u0171 vid\u00e9k<\/a>.<\/p><div id=\"friss-3269149505\" class=\"friss-etarget-cikk-vege friss-entity-placement\"><script type=\"text\/javascript\" id=\"etargetScript7a9b589f63cb072bef80df221f46a22b\">function etargetPostloadFunction7a9b589f63cb072bef80df221f46a22b(){var e=\"etargetPostload7a9b589f63cb072bef80df221f46a22b\",t=\"etargetScript7a9b589f63cb072bef80df221f46a22b\",o=document.getElementById(e);if(o){for(var n=o.offsetTop,d=o.offsetLeft,r=o.offsetWidth,a=o.offsetHeight;o.offsetParent;)o=o.offsetParent,n+=o.offsetTop,d+=o.offsetLeft;var i=(n<=window.pageYOffset+window.innerHeight&&d<window.pageXOffset+window.innerWidth&&n+a>window.pageYOffset&&d+r>window.pageXOffset);if(i&&etargetAllowOtherCheck){allowed=!1;var c=document.createElement(\"script\");return c.src=\"\/\/hu.search.etargetnet.com\/generic\/uni.php?g=ref:58661,area:700x210\",void(document.getElementById(t)&&document.getElementById(e)&&(document.getElementById(t).parentNode.appendChild(c),document.getElementById(t).parentNode.removeChild(document.getElementById(t)),document.getElementById(e).parentNode.removeChild(document.getElementById(e)),document.removeEventListener(\"scroll\",etargetPostloadFunction7a9b589f63cb072bef80df221f46a22b),document.removeEventListener(\"resize\",etargetPostloadFunction7a9b589f63cb072bef80df221f46a22b),document.removeEventListener(\"DOMContentLoaded\",etargetPostloadFunction7a9b589f63cb072bef80df221f46a22b)))}}}var etargetDivID=\"etargetPostload7a9b589f63cb072bef80df221f46a22b\",etargetScriptID=\"etargetScript7a9b589f63cb072bef80df221f46a22b\",etargetPostloadPoint=document.createElement(\"div\");etargetPostloadPoint.id=etargetDivID;var etargetCurScript=document.getElementById(etargetScriptID);etargetCurScript.parentNode.appendChild(etargetPostloadPoint),document.addEventListener(\"scroll\",etargetPostloadFunction7a9b589f63cb072bef80df221f46a22b),document.addEventListener(\"resize\",etargetPostloadFunction7a9b589f63cb072bef80df221f46a22b),document.addEventListener(\"DOMContentLoaded\",etargetPostloadFunction7a9b589f63cb072bef80df221f46a22b);var etargetAllowOtherCheck=!0;if(typeof(\"forceRunPostload\")==\"string\"){etargetPostloadFunction7a9b589f63cb072bef80df221f46a22b()}<\/script><\/div><div id=\"friss-1694338457\" class=\"friss-after-content friss-entity-placement\"><script type=\"text\/javascript\" id=\"etargetScript7a9b589f63cb072bef80df221f46a22b\">function etargetPostloadFunction7a9b589f63cb072bef80df221f46a22b(){var e=\"etargetPostload7a9b589f63cb072bef80df221f46a22b\",t=\"etargetScript7a9b589f63cb072bef80df221f46a22b\",o=document.getElementById(e);if(o){for(var n=o.offsetTop,d=o.offsetLeft,r=o.offsetWidth,a=o.offsetHeight;o.offsetParent;)o=o.offsetParent,n+=o.offsetTop,d+=o.offsetLeft;var i=(n<=window.pageYOffset+window.innerHeight&&d<window.pageXOffset+window.innerWidth&&n+a>window.pageYOffset&&d+r>window.pageXOffset);if(i&&etargetAllowOtherCheck){allowed=!1;var c=document.createElement(\"script\");return c.src=\"\/\/hu.search.etargetnet.com\/generic\/uni.php?g=ref:58661,area:700x210\",void(document.getElementById(t)&&document.getElementById(e)&&(document.getElementById(t).parentNode.appendChild(c),document.getElementById(t).parentNode.removeChild(document.getElementById(t)),document.getElementById(e).parentNode.removeChild(document.getElementById(e)),document.removeEventListener(\"scroll\",etargetPostloadFunction7a9b589f63cb072bef80df221f46a22b),document.removeEventListener(\"resize\",etargetPostloadFunction7a9b589f63cb072bef80df221f46a22b),document.removeEventListener(\"DOMContentLoaded\",etargetPostloadFunction7a9b589f63cb072bef80df221f46a22b)))}}}var etargetDivID=\"etargetPostload7a9b589f63cb072bef80df221f46a22b\",etargetScriptID=\"etargetScript7a9b589f63cb072bef80df221f46a22b\",etargetPostloadPoint=document.createElement(\"div\");etargetPostloadPoint.id=etargetDivID;var etargetCurScript=document.getElementById(etargetScriptID);etargetCurScript.parentNode.appendChild(etargetPostloadPoint),document.addEventListener(\"scroll\",etargetPostloadFunction7a9b589f63cb072bef80df221f46a22b),document.addEventListener(\"resize\",etargetPostloadFunction7a9b589f63cb072bef80df221f46a22b),document.addEventListener(\"DOMContentLoaded\",etargetPostloadFunction7a9b589f63cb072bef80df221f46a22b);var etargetAllowOtherCheck=!0;if(typeof(\"forceRunPostload\")==\"string\"){etargetPostloadFunction7a9b589f63cb072bef80df221f46a22b()}<\/script><\/div><div id=\"friss-145128268\" class=\"friss-after-content_2 friss-entity-placement\" style=\"clear: both;\"><div class=\"wprss_ajax\" data-id=\"rss780f10e9e8\"><img loading=\"lazy\" decoding=\"async\" src=\"https:\/\/friss-hirek.hu\/wp-content\/plugins\/wp-rss-retriever\/inc\/imgs\/ajax-loader.gif\" alt=\"Loading RSS Feed\" width=\"16\" height=\"16\"><\/div><\/div><br style=\"clear: both; display: block; float: none;\"\/><div id=\"friss-3435955086\" class=\"friss-after-content_3 friss-entity-placement\">https:\/\/www.youtube.com\/watch?v=Pdnw4KiUWp0<\/div>","protected":false},"excerpt":{"rendered":"<p>Somogy v\u00e1rmegy\u00e9t legt\u00f6bben a Balaton d\u00e9li partj\u00e1val azonos\u00edtj\u00e1k, pedig azon t\u00fal is \u00e9rdemes elmenni \u00e9s tal\u00e1n egy sokkal izgalmasabb, v\u00e1ltozatosabb vil\u00e1g t\u00e1rulhat el\u00e9nt. Apr\u00f3 falvak, k\u00fcl\u00f6nleges vall\u00e1si helysz\u00ednek, \u00e9l\u0151 hagyom\u00e1nyokat \u0151rz\u0151 k\u00f6z\u00f6ss\u00e9gek \u00e9s \u00e9rintetlen term\u00e9szeti ter\u00fcletek v\u00e1rj\u00e1k azokat, akik let\u00e9rnek a megszokott \u00fatvonalakr\u00f3l. \u00d6sszegy\u0171jt\u00f6tt\u00fcnk t\u00edz olyan helyet, amelyek ugyan kev\u00e9sb\u00e9 ismertek, m\u00e9gis maradand\u00f3 \u00e9lm\u00e9nyt ny\u00fajtanak. [&hellip;]<\/p>\n","protected":false},"author":1,"featured_media":0,"comment_status":"open","ping_status":"open","sticky":false,"template":"","format":"standard","meta":{"footnotes":""},"categories":[6],"tags":[],"class_list":["post-166259","post","type-post","status-publish","format-standard","hentry","category-videk"],"amp_enabled":true,"_links":{"self":[{"href":"https:\/\/friss-hirek.hu\/index.php\/wp-json\/wp\/v2\/posts\/166259","targetHints":{"allow":["GET"]}}],"collection":[{"href":"https:\/\/friss-hirek.hu\/index.php\/wp-json\/wp\/v2\/posts"}],"about":[{"href":"https:\/\/friss-hirek.hu\/index.php\/wp-json\/wp\/v2\/types\/post"}],"author":[{"embeddable":true,"href":"https:\/\/friss-hirek.hu\/index.php\/wp-json\/wp\/v2\/users\/1"}],"replies":[{"embeddable":true,"href":"https:\/\/friss-hirek.hu\/index.php\/wp-json\/wp\/v2\/comments?post=166259"}],"version-history":[{"count":0,"href":"https:\/\/friss-hirek.hu\/index.php\/wp-json\/wp\/v2\/posts\/166259\/revisions"}],"wp:attachment":[{"href":"https:\/\/friss-hirek.hu\/index.php\/wp-json\/wp\/v2\/media?parent=166259"}],"wp:term":[{"taxonomy":"category","embeddable":true,"href":"https:\/\/friss-hirek.hu\/index.php\/wp-json\/wp\/v2\/categories?post=166259"},{"taxonomy":"post_tag","embeddable":true,"href":"https:\/\/friss-hirek.hu\/index.php\/wp-json\/wp\/v2\/tags?post=166259"}],"curies":[{"name":"wp","href":"https:\/\/api.w.org\/{rel}","templated":true}]}}