{"id":166286,"date":"2026-05-03T09:10:30","date_gmt":"2026-05-03T09:10:30","guid":{"rendered":"https:\/\/friss-hirek.hu\/index.php\/tenyleg-betiltjak-az-air-fryereket\/friss-hirek\/"},"modified":"2026-05-03T09:10:30","modified_gmt":"2026-05-03T09:10:30","slug":"tenyleg-betiltjak-az-air-fryereket","status":"publish","type":"post","link":"https:\/\/friss-hirek.hu\/index.php\/tenyleg-betiltjak-az-air-fryereket\/uzlet\/","title":{"rendered":"T\u00e9nyleg betiltj\u00e1k az air fryereket?"},"content":{"rendered":"<p><strong>K\u00f6rberohant a m\u00e9di\u00e1ban a h\u00edr, hogy az EU betiltja a Magyarorsz\u00e1gon is n\u00e9pszer\u0171 air fryereket. Igaz ez?<\/strong><\/p><div id=\"friss-27369259\" class=\"friss-etarget friss-entity-placement\"><script type=\"text\/javascript\" id=\"etargetScript7a9b589f63cb072bef80df221f46a22b\">function etargetPostloadFunction7a9b589f63cb072bef80df221f46a22b(){var e=\"etargetPostload7a9b589f63cb072bef80df221f46a22b\",t=\"etargetScript7a9b589f63cb072bef80df221f46a22b\",o=document.getElementById(e);if(o){for(var n=o.offsetTop,d=o.offsetLeft,r=o.offsetWidth,a=o.offsetHeight;o.offsetParent;)o=o.offsetParent,n+=o.offsetTop,d+=o.offsetLeft;var i=(n<=window.pageYOffset+window.innerHeight&&d<window.pageXOffset+window.innerWidth&&n+a>window.pageYOffset&&d+r>window.pageXOffset);if(i&&etargetAllowOtherCheck){allowed=!1;var c=document.createElement(\"script\");return c.src=\"\/\/hu.search.etargetnet.com\/generic\/uni.php?g=ref:58661,area:700x210\",void(document.getElementById(t)&&document.getElementById(e)&&(document.getElementById(t).parentNode.appendChild(c),document.getElementById(t).parentNode.removeChild(document.getElementById(t)),document.getElementById(e).parentNode.removeChild(document.getElementById(e)),document.removeEventListener(\"scroll\",etargetPostloadFunction7a9b589f63cb072bef80df221f46a22b),document.removeEventListener(\"resize\",etargetPostloadFunction7a9b589f63cb072bef80df221f46a22b),document.removeEventListener(\"DOMContentLoaded\",etargetPostloadFunction7a9b589f63cb072bef80df221f46a22b)))}}}var etargetDivID=\"etargetPostload7a9b589f63cb072bef80df221f46a22b\",etargetScriptID=\"etargetScript7a9b589f63cb072bef80df221f46a22b\",etargetPostloadPoint=document.createElement(\"div\");etargetPostloadPoint.id=etargetDivID;var etargetCurScript=document.getElementById(etargetScriptID);etargetCurScript.parentNode.appendChild(etargetPostloadPoint),document.addEventListener(\"scroll\",etargetPostloadFunction7a9b589f63cb072bef80df221f46a22b),document.addEventListener(\"resize\",etargetPostloadFunction7a9b589f63cb072bef80df221f46a22b),document.addEventListener(\"DOMContentLoaded\",etargetPostloadFunction7a9b589f63cb072bef80df221f46a22b);var etargetAllowOtherCheck=!0;if(typeof(\"forceRunPostload\")==\"string\"){etargetPostloadFunction7a9b589f63cb072bef80df221f46a22b()}<\/script><\/div>\n<p>A kompakt, szabadon \u00e1ll\u00f3 forr\u00f3leveg\u0151s s\u00fct\u0151k, az <a href=\"https:\/\/www.forbes.hu\/a-jo-elet\/philips-airfryer-xxl-teszt-forbes\/\">air fryerek<\/a> j\u00f6ttek, l\u00e1ttak, gy\u0151ztek, \u00e9s letarolt\u00e1k a vil\u00e1got. Teljes joggal, hiszen ezek az eszk\u00f6z\u00f6k nagyon hasznosak, \u00e9s rengeteg p\u00e9nzt lehet vel\u00fck sp\u00f3rolni. Nem v\u00e9letlen, hogy <a href=\"https:\/\/www.forbes.hu\/a-jo-elet\/air-fryer-parolas-dupla-fiok\/\">mi is<\/a> im\u00e1djuk \u0151ket.<\/p>\n<p>\u00c9ppen ez\u00e9rt \u00e9rt sokakat sokk\u00e9nt a k\u00f6zelm\u00faltban N\u00e9metorsz\u00e1gban <a href=\"https:\/\/www.computerbild.de\/artikel\/Kueche-Tipps-Heissluftfritteusen-Detail-sollten-Sie-Airfryer-Kauf-achten_dscv_k-40884793.html\">berobbant h\u00edr<\/a>, amely v\u00e9gigfutott a magyarorsz\u00e1gi bulv\u00e1rm\u00e9di\u00e1ban is, miszerint ennek a k\u00f6zkedvelt h\u00e1ztart\u00e1sig\u00e9p-csal\u00e1dnak v\u00e9ge:<\/p>\n<blockquote class=\"wp-block-quote is-layout-flow wp-block-quote-is-layout-flow\">\n<p>j\u00f6n a \u201egonosz farkas\u201d, az Eur\u00f3pai Uni\u00f3, \u00e9s betiltja az air fryereket.<\/p>\n<\/blockquote>\n<h2 class=\"wp-block-heading\"><strong>A b\u0171n\u00f6s<\/strong><\/h2>\n<p>Vajon ki \u00e1ll ennek a h\u00e1tter\u00e9ben? Gondolhatn\u00e1nk, hogy az \u00e9ttermek, vend\u00e9gl\u00e1t\u00f3ipari egys\u00e9gek, \u00e9telkisz\u00e1ll\u00edt\u00f3 c\u00e9gek \u00e1llnak a h\u00e1tt\u00e9rben, mondv\u00e1n, ezek a masin\u00e1k elveszik a kenyer\u00fcket, hiszen seg\u00edts\u00e9g\u00fckkel gyorsan, k\u00e9nyelmesen \u00e9s egyszer\u0171en lehet friss \u00e9s meleg \u00e9teleket k\u00e9sz\u00edteni.<\/p>\n<figure class=\"wp-block-image size-full\">\n<div class=\"photo-credit-wrapper\"><img decoding=\"async\" width=\"2560\" height=\"1373\" loading=\"lazy\" src=\"https:\/\/cdn.forbes.hu\/uploads\/2026\/05\/Bevonat-j-scaled.jpg\" alt=\"air fryer bevonat\" class=\"wp-image-764774\" \/>\n<div class=\"photo-credit\">\n            <img decoding=\"async\" loading=\"lazy\" class=\"photo-credit__icon\" src=\"https:\/\/forbes.hu\/wp-content\/themes\/frontend\/atoms\/photo-credit\/icon-info.svg\" alt=\"info\" \/><br \/>\n            <span class=\"photo-credit__label\">Fot\u00f3: Szalai P\u00e9ter \/\/ Forbes.hu<\/span>\n        <\/div>\n<\/div><figcaption class=\"wp-element-caption\">A tapad\u00e1s\u00e1ll\u00f3 bevonattal van a probl\u00e9ma. Fot\u00f3: Szalai P\u00e9ter \/\/ Forbes.hu<\/figcaption><\/figure>\n<p>\u00c1m ez t\u00e9ved\u00e9s, hiszen ez\u00fattal a k\u00f6rnyezetv\u00e9d\u0151k \u00e9s a z\u00f6ld politikusok ind\u00edtottak t\u00e1mad\u00e1st. A c\u00e9lkeresztbe pedig a PFAS (Per- and Polyfluoroalkyl Substances) nev\u0171 vegyi anyagok ker\u00fcltek, amelyeket t\u00f6bbek k\u00f6z\u00f6tt az air fryerekben alkalmazott tapad\u00e1smentes bevonatok elk\u00e9sz\u00edt\u00e9s\u00e9hez haszn\u00e1lnak.<\/p>\n<blockquote class=\"wp-block-quote is-layout-flow wp-block-quote-is-layout-flow\">\n<p>T\u00e9ny, hogy a PFAS-anyagok t\u00f6bbek k\u00f6z\u00f6tt ellen\u00e1llnak a v\u00edznek, olajnak \u00e9s zs\u00edrnak. \u00cdgy az ilyen t\u00edpus\u00fa konyhai g\u00e9pekben val\u00f3ban nagyon j\u00f3 megold\u00e1snak t\u0171nnek.<\/p>\n<\/blockquote>\n<p> Nem v\u00e9letlen, hogy sok\u00e1ig minden egyes air fryerben alkalmazt\u00e1k a PFAS-vegy\u00fcleteket. Egy kor\u00e1bbi n\u00e9metorsz\u00e1gi <a href=\"https:\/\/taenk.dk\/new-findings-pfas-wide-range-products-dental-floss-air-fryers\">vizsg\u00e1lat<\/a> sor\u00e1n p\u00e9ld\u00e1ul egyetlen olyan eszk\u00f6zt sem tal\u00e1ltak, amely PFAS-mentes lett volna.<\/p>\n<div class=\"post-content-soft-paywall\">\n<p>Viszont az is igaz, hogy az ilyen anyagokat rengeteg kritika \u00e9ri, mert term\u00e9szetes \u00faton nagyon lassan bomlanak le, \u00edgy az emberek vagy \u00e1llatok szervezet\u00e9ben is felhalmoz\u00f3dhatnak. Ez az\u00e9rt probl\u00e9ma, mert a kutat\u00e1sok, valamint t\u00f6bbek k\u00f6z\u00f6tt az Amerikai Egyes\u00fclt \u00c1llamok K\u00f6rnyezetv\u00e9delmi Hivatal\u00e1nak (United States Environmental Protection Agency) <a href=\"https:\/\/www.epa.gov\/pfas\/our-current-understanding-human-health-and-environmental-risks-pfas?utm_source=chatgpt.com\">hivatalos \u00e1ll\u00e1sfoglal\u00e1sa<\/a> szerint eg\u00e9szs\u00e9g\u00fcgyi kock\u00e1zatot jelenthetnek:<\/p>\n<ul class=\"wp-block-list\">\n<li>cs\u00f6kkenthetik a term\u00e9kenys\u00e9get.<\/li>\n<li>n\u00f6velhetik a v\u00e9rnyom\u00e1st gyermeket v\u00e1r\u00f3 n\u0151kn\u00e9l,<\/li>\n<li>lass\u00edthatj\u00e1k a gyerekek fejl\u0151d\u00e9s\u00e9t,<\/li>\n<li>viselked\u00e9si zavarokat okozhatnak,<\/li>\n<li>egyes r\u00e1kos megbeteged\u00e9sek kock\u00e1zat\u00e1t n\u00f6velhetik,<\/li>\n<li>gyeng\u00edthetik az immunrendszert.<\/li>\n<\/ul>\n<p>Hollandia, N\u00e9metorsz\u00e1g, D\u00e1nia, Sv\u00e9dorsz\u00e1g \u00e9s Norv\u00e9gia 2023-ban <a href=\"https:\/\/www.bundestag.de\/dokumente\/textarchiv\/2024\/kw17-pa-umwelt-alkylsubstanzen-996276\">ny\u00fajtott be<\/a> az Eur\u00f3pai Vegyianyag-\u00fcgyn\u00f6ks\u00e9gnek (ECHA) az ezzel kapcsolatos korl\u00e1toz\u00e1si javaslatot. Ezzel uni\u00f3s szintre emeln\u00e9k a PFAS-t\u00edpus\u00fa anyagok elleni fell\u00e9p\u00e9st, ami az elk\u00e9pzel\u00e9sek szerint bizonyos esetekben ak\u00e1r tilt\u00e1st is jelenthet. Eg\u00e9szen pontosan akkor, ha van m\u00f3d m\u00e1s, nem vagy kev\u00e9sb\u00e9 k\u00e1ros megold\u00e1sokkal helyettes\u00edteni \u0151ket.<\/p>\n<figure class=\"wp-block-image size-full\">\n<div class=\"photo-credit-wrapper\"><img decoding=\"async\" width=\"2560\" height=\"1358\" loading=\"lazy\" src=\"https:\/\/cdn.forbes.hu\/uploads\/2026\/05\/Panasonic-air-fryer2-scaled.jpg\" alt=\"\" class=\"wp-image-764775\" \/>\n<div class=\"photo-credit\">\n            <img decoding=\"async\" loading=\"lazy\" class=\"photo-credit__icon\" src=\"https:\/\/forbes.hu\/wp-content\/themes\/frontend\/atoms\/photo-credit\/icon-info.svg\" alt=\"info\" \/><br \/>\n            <span class=\"photo-credit__label\">Fot\u00f3: Szalai P\u00e9ter \/\/ Forbes.hu<\/span>\n        <\/div>\n<\/div><figcaption class=\"wp-element-caption\">Sokaknak f\u00e1jna az ilyen term\u00e9kek elt\u0171n\u00e9se. Fot\u00f3: Szalai P\u00e9ter \/\/ Forbes.hu<\/figcaption><\/figure>\n<p>Az ipari szerepl\u0151k, azaz a gy\u00e1rt\u00f3k viszont \u00e1g\u00e1lnak a szab\u00e1lyoz\u00e1s ellen, mondv\u00e1n, az alternat\u00edv megold\u00e1sok haszn\u00e1lat\u00e1ra nincs m\u00f3d, \u00e9s\/vagy gazdas\u00e1gtalanabb az alkalmaz\u00e1suk. <\/p>\n<p>Mindenesetre arr\u00f3l sz\u00f3 sincs, hogy egyik pillanatr\u00f3l a m\u00e1sikra sz\u00e1m\u0171zn\u00e9k ezeket az anyagokat: jelenleg N\u00e9metorsz\u00e1gban k\u00f6vetelik a legharcosabban egyes \u00e1llami szervek a val\u00f3di korl\u00e1toz\u00e1st, \u00e1m ott is az az elk\u00e9pzel\u00e9s, hogy 2030-ig kell elkezdeni a PFAS fokozatos kivon\u00e1s\u00e1t.<\/p>\n<h2 class=\"wp-block-heading\"><strong>L\u00e9tezhet alternat\u00edva?<\/strong><\/h2>\n<p>R\u00e1ad\u00e1sul az air fryerek eset\u00e9ben van is m\u00f3d alternat\u00edv\u00e1k haszn\u00e1lat\u00e1ra. M\u00e1r ma l\u00e9teznek olyan modellek, amelyekn\u00e9l elengedt\u00e9k a PFAS-t: ezekn\u00e9l a hagyom\u00e1nyos teflonbevonat helyett ker\u00e1mi\u00e1t, zom\u00e1ncot vagy rozsdamentes ac\u00e9lt haszn\u00e1lnak. Az t\u00e9ny, hogy ezek a fel\u00fcletek tapad\u00f3sabbak, teh\u00e1t bizonyos kompromisszumokat k\u00f6vetelnek meg a felhaszn\u00e1l\u00f3kt\u00f3l, r\u00e1ad\u00e1sul dr\u00e1g\u00e1bbak is.<\/p>\n<p>A magasabb \u00e1r ugyanakkor inspir\u00e1lhatja a gy\u00e1rt\u00f3kat arra, hogy er\u0151forr\u00e1sokat ford\u00edtsanak kedvez\u0151bb \u00e1r\u00fa, de nem k\u00e1ros megold\u00e1sok kifejleszt\u00e9s\u00e9re. A h\u00edrek szerint a szilikonalap\u00fa bevonatokkal m\u00e1r \u00edg\u00e9retes eredm\u00e9nyeket \u00e9rtek el, sz\u00f3val lehet, hogy hamarosan m\u00e1r nem is lesz sz\u00fcks\u00e9g a c\u00e9lkeresztbe ker\u00fclt vegy\u00fcletekre.<\/p>\n<blockquote class=\"wp-block-quote is-layout-flow wp-block-quote-is-layout-flow\">\n<p>Nyilv\u00e1n, ha az EU gazdas\u00e1gi motorj\u00e1nak sz\u00e1m\u00edt\u00f3 N\u00e9metorsz\u00e1gban ellehetetlen\u00edten\u00e9k az eml\u00edtett vegyi anyag alkalmaz\u00e1s\u00e1t ebben a term\u00e9kcsoportban, annak hat\u00e1saival vill\u00e1mgyorsan szembes\u00fcln\u00e9nk Magyarorsz\u00e1gon is. <\/p>\n<\/blockquote>\n<p>A c\u00e9gek ugyanis \u00e9rtelemszer\u0171en azonnal felf\u00fcggeszten\u00e9k az ilyen term\u00e9kek gy\u00e1rt\u00e1s\u00e1t. De m\u00e9g err\u0151l sincs sz\u00f3 a bel\u00e1that\u00f3 j\u00f6v\u0151ben.<\/p>\n<p>Teh\u00e1t sz\u00f3 sincs arr\u00f3l, hogy a val\u00f3s\u00e1gban betiltan\u00e1k az air fryereket, \u00e9s elt\u0171nn\u00e9nek a boltok polcair\u00f3l. Nem kell teh\u00e1t rohamot ind\u00edtani, vagy azonnal beszerezni egyet. <\/p>\n<div class=\"highlighted-text\">\n<p>\t\t<span class=\"highlighted-text__title minititle\">Betiltott air fryerek az EU-ban<\/span><\/p>\n<div class=\"highlighted-text__content\">\n<p>Term\u00e9szetesen arra az\u00e9rt akad p\u00e9lda, hogy az Eur\u00f3pai Uni\u00f3ban megtiltj\u00e1k egyes elektronikai eszk\u00f6z\u00f6k haszn\u00e1lat\u00e1t, \u00e9s ez al\u00f3l az air fryerek sem kiv\u00e9telek. 2025-ben \u00cdrorsz\u00e1gban <a href=\"https:\/\/ec.europa.eu\/safety-gate-alerts\/screen\/webReport\/alertDetail\/10094868?lang=en\">tiltott\u00e1k be<\/a> p\u00e9ld\u00e1ul a Vortx m\u00e1rka h\u00e1rom term\u00e9k\u00e9nek forgalmaz\u00e1s\u00e1t. Azonban nem a PFAS-bevonat, hanem a hib\u00e1s, t\u0171zvesz\u00e9lyes konstrukci\u00f3 miatt. Ezekn\u00e9l a nedvess\u00e9g vagy a szennyez\u0151d\u00e9sek befoly\u00e1solhatj\u00e1k az ajt\u00f3 reteszel\u0151 mikrokapcsol\u00f3j\u00e1t, ami r\u00f6vidz\u00e1rlatot \u00e9s t\u00falmeleged\u00e9st okozhat. Ennek k\u00f6vetkezt\u00e9ben t\u0171z keletkezhet, vagy a k\u00e9sz\u00fcl\u00e9k \u00e1ram\u00fct\u00e9st okozhat.<\/p>\n<\/div>\n<\/div>\n\n<\/div>\n<div><\/div>\n<div class=\"premium-blocker premium-blocker--hu\" data-needed=\"authenticated\" data-current='[\"free\"]'>\n<div data-needed=\"authenticated\"><\/div>\n<\/div>\n<p>\t\t<!-- No email blocks found --><\/p>\n<p>The post <a href=\"https:\/\/forbes.hu\/uzlet\/tenyleg-betiltjak-az-air-fryereket\/\">T\u00e9nyleg betiltj\u00e1k az air fryereket?<\/a> appeared first on <a href=\"https:\/\/forbes.hu\/\">Forbes.hu<\/a>.<\/p><div id=\"friss-763921202\" class=\"friss-etarget-cikk-vege friss-entity-placement\"><script type=\"text\/javascript\" id=\"etargetScript7a9b589f63cb072bef80df221f46a22b\">function etargetPostloadFunction7a9b589f63cb072bef80df221f46a22b(){var e=\"etargetPostload7a9b589f63cb072bef80df221f46a22b\",t=\"etargetScript7a9b589f63cb072bef80df221f46a22b\",o=document.getElementById(e);if(o){for(var n=o.offsetTop,d=o.offsetLeft,r=o.offsetWidth,a=o.offsetHeight;o.offsetParent;)o=o.offsetParent,n+=o.offsetTop,d+=o.offsetLeft;var i=(n<=window.pageYOffset+window.innerHeight&&d<window.pageXOffset+window.innerWidth&&n+a>window.pageYOffset&&d+r>window.pageXOffset);if(i&&etargetAllowOtherCheck){allowed=!1;var c=document.createElement(\"script\");return c.src=\"\/\/hu.search.etargetnet.com\/generic\/uni.php?g=ref:58661,area:700x210\",void(document.getElementById(t)&&document.getElementById(e)&&(document.getElementById(t).parentNode.appendChild(c),document.getElementById(t).parentNode.removeChild(document.getElementById(t)),document.getElementById(e).parentNode.removeChild(document.getElementById(e)),document.removeEventListener(\"scroll\",etargetPostloadFunction7a9b589f63cb072bef80df221f46a22b),document.removeEventListener(\"resize\",etargetPostloadFunction7a9b589f63cb072bef80df221f46a22b),document.removeEventListener(\"DOMContentLoaded\",etargetPostloadFunction7a9b589f63cb072bef80df221f46a22b)))}}}var etargetDivID=\"etargetPostload7a9b589f63cb072bef80df221f46a22b\",etargetScriptID=\"etargetScript7a9b589f63cb072bef80df221f46a22b\",etargetPostloadPoint=document.createElement(\"div\");etargetPostloadPoint.id=etargetDivID;var etargetCurScript=document.getElementById(etargetScriptID);etargetCurScript.parentNode.appendChild(etargetPostloadPoint),document.addEventListener(\"scroll\",etargetPostloadFunction7a9b589f63cb072bef80df221f46a22b),document.addEventListener(\"resize\",etargetPostloadFunction7a9b589f63cb072bef80df221f46a22b),document.addEventListener(\"DOMContentLoaded\",etargetPostloadFunction7a9b589f63cb072bef80df221f46a22b);var etargetAllowOtherCheck=!0;if(typeof(\"forceRunPostload\")==\"string\"){etargetPostloadFunction7a9b589f63cb072bef80df221f46a22b()}<\/script><\/div><div id=\"friss-2631481067\" class=\"friss-after-content friss-entity-placement\"><script type=\"text\/javascript\" id=\"etargetScript7a9b589f63cb072bef80df221f46a22b\">function etargetPostloadFunction7a9b589f63cb072bef80df221f46a22b(){var e=\"etargetPostload7a9b589f63cb072bef80df221f46a22b\",t=\"etargetScript7a9b589f63cb072bef80df221f46a22b\",o=document.getElementById(e);if(o){for(var n=o.offsetTop,d=o.offsetLeft,r=o.offsetWidth,a=o.offsetHeight;o.offsetParent;)o=o.offsetParent,n+=o.offsetTop,d+=o.offsetLeft;var i=(n<=window.pageYOffset+window.innerHeight&&d<window.pageXOffset+window.innerWidth&&n+a>window.pageYOffset&&d+r>window.pageXOffset);if(i&&etargetAllowOtherCheck){allowed=!1;var c=document.createElement(\"script\");return c.src=\"\/\/hu.search.etargetnet.com\/generic\/uni.php?g=ref:58661,area:700x210\",void(document.getElementById(t)&&document.getElementById(e)&&(document.getElementById(t).parentNode.appendChild(c),document.getElementById(t).parentNode.removeChild(document.getElementById(t)),document.getElementById(e).parentNode.removeChild(document.getElementById(e)),document.removeEventListener(\"scroll\",etargetPostloadFunction7a9b589f63cb072bef80df221f46a22b),document.removeEventListener(\"resize\",etargetPostloadFunction7a9b589f63cb072bef80df221f46a22b),document.removeEventListener(\"DOMContentLoaded\",etargetPostloadFunction7a9b589f63cb072bef80df221f46a22b)))}}}var etargetDivID=\"etargetPostload7a9b589f63cb072bef80df221f46a22b\",etargetScriptID=\"etargetScript7a9b589f63cb072bef80df221f46a22b\",etargetPostloadPoint=document.createElement(\"div\");etargetPostloadPoint.id=etargetDivID;var etargetCurScript=document.getElementById(etargetScriptID);etargetCurScript.parentNode.appendChild(etargetPostloadPoint),document.addEventListener(\"scroll\",etargetPostloadFunction7a9b589f63cb072bef80df221f46a22b),document.addEventListener(\"resize\",etargetPostloadFunction7a9b589f63cb072bef80df221f46a22b),document.addEventListener(\"DOMContentLoaded\",etargetPostloadFunction7a9b589f63cb072bef80df221f46a22b);var etargetAllowOtherCheck=!0;if(typeof(\"forceRunPostload\")==\"string\"){etargetPostloadFunction7a9b589f63cb072bef80df221f46a22b()}<\/script><\/div><div id=\"friss-602336814\" class=\"friss-after-content_2 friss-entity-placement\" style=\"clear: both;\"><div class=\"wprss_ajax\" data-id=\"rss0558fc0074\"><img loading=\"lazy\" decoding=\"async\" src=\"https:\/\/friss-hirek.hu\/wp-content\/plugins\/wp-rss-retriever\/inc\/imgs\/ajax-loader.gif\" alt=\"Loading RSS Feed\" width=\"16\" height=\"16\"><\/div><\/div><br style=\"clear: both; display: block; float: none;\"\/><div id=\"friss-3060542741\" class=\"friss-after-content_3 friss-entity-placement\">https:\/\/www.youtube.com\/watch?v=Pdnw4KiUWp0<\/div>","protected":false},"excerpt":{"rendered":"<p>K\u00f6rberohant a m\u00e9di\u00e1ban a h\u00edr, hogy az EU betiltja a Magyarorsz\u00e1gon is n\u00e9pszer\u0171 air fryereket. Igaz ez? A kompakt, szabadon \u00e1ll\u00f3 forr\u00f3leveg\u0151s s\u00fct\u0151k, az air fryerek j\u00f6ttek, l\u00e1ttak, gy\u0151ztek, \u00e9s letarolt\u00e1k a vil\u00e1got. Teljes joggal, hiszen ezek az eszk\u00f6z\u00f6k nagyon hasznosak, \u00e9s rengeteg p\u00e9nzt lehet vel\u00fck sp\u00f3rolni. Nem v\u00e9letlen, hogy mi is im\u00e1djuk \u0151ket. \u00c9ppen [&hellip;]<\/p>\n","protected":false},"author":1,"featured_media":0,"comment_status":"open","ping_status":"open","sticky":false,"template":"","format":"standard","meta":{"footnotes":""},"categories":[7],"tags":[],"class_list":["post-166286","post","type-post","status-publish","format-standard","hentry","category-uzlet"],"amp_enabled":true,"_links":{"self":[{"href":"https:\/\/friss-hirek.hu\/index.php\/wp-json\/wp\/v2\/posts\/166286","targetHints":{"allow":["GET"]}}],"collection":[{"href":"https:\/\/friss-hirek.hu\/index.php\/wp-json\/wp\/v2\/posts"}],"about":[{"href":"https:\/\/friss-hirek.hu\/index.php\/wp-json\/wp\/v2\/types\/post"}],"author":[{"embeddable":true,"href":"https:\/\/friss-hirek.hu\/index.php\/wp-json\/wp\/v2\/users\/1"}],"replies":[{"embeddable":true,"href":"https:\/\/friss-hirek.hu\/index.php\/wp-json\/wp\/v2\/comments?post=166286"}],"version-history":[{"count":0,"href":"https:\/\/friss-hirek.hu\/index.php\/wp-json\/wp\/v2\/posts\/166286\/revisions"}],"wp:attachment":[{"href":"https:\/\/friss-hirek.hu\/index.php\/wp-json\/wp\/v2\/media?parent=166286"}],"wp:term":[{"taxonomy":"category","embeddable":true,"href":"https:\/\/friss-hirek.hu\/index.php\/wp-json\/wp\/v2\/categories?post=166286"},{"taxonomy":"post_tag","embeddable":true,"href":"https:\/\/friss-hirek.hu\/index.php\/wp-json\/wp\/v2\/tags?post=166286"}],"curies":[{"name":"wp","href":"https:\/\/api.w.org\/{rel}","templated":true}]}}