{"id":170965,"date":"2026-08-31T04:08:12","date_gmt":"2026-08-31T04:08:12","guid":{"rendered":"https:\/\/friss-hirek.hu\/index.php\/magyarorszag-lehet-az-akkumulatorforradalom-nyertese\/friss-hirek\/"},"modified":"2026-08-31T04:08:12","modified_gmt":"2026-08-31T04:08:12","slug":"magyarorszag-lehet-az-akkumulatorforradalom-nyertese","status":"publish","type":"post","link":"https:\/\/friss-hirek.hu\/index.php\/magyarorszag-lehet-az-akkumulatorforradalom-nyertese\/uzlet\/","title":{"rendered":"Magyarorsz\u00e1g lehet az akkumul\u00e1torforradalom nyertese?"},"content":{"rendered":"<p><strong>Az eg\u00e9sz \u00e9letet megv\u00e1ltoztathatja egy \u00faj technol\u00f3gia, amelynek legnagyobb t\u00e1mogat\u00f3i haz\u00e1nkban is komoly b\u00e1zisokkal rendelkeznek.<\/strong> <strong>Mi az a szil\u00e1rdtest-technol\u00f3gia, \u00e9s mi\u00e9rt lehet j\u00f3 nek\u00fcnk?<\/strong><\/p><div id=\"friss-3456680127\" class=\"friss-etarget friss-entity-placement\"><script type=\"text\/javascript\" id=\"etargetScript7a9b589f63cb072bef80df221f46a22b\">function etargetPostloadFunction7a9b589f63cb072bef80df221f46a22b(){var e=\"etargetPostload7a9b589f63cb072bef80df221f46a22b\",t=\"etargetScript7a9b589f63cb072bef80df221f46a22b\",o=document.getElementById(e);if(o){for(var n=o.offsetTop,d=o.offsetLeft,r=o.offsetWidth,a=o.offsetHeight;o.offsetParent;)o=o.offsetParent,n+=o.offsetTop,d+=o.offsetLeft;var i=(n<=window.pageYOffset+window.innerHeight&&d<window.pageXOffset+window.innerWidth&&n+a>window.pageYOffset&&d+r>window.pageXOffset);if(i&&etargetAllowOtherCheck){allowed=!1;var c=document.createElement(\"script\");return c.src=\"\/\/hu.search.etargetnet.com\/generic\/uni.php?g=ref:58661,area:700x210\",void(document.getElementById(t)&&document.getElementById(e)&&(document.getElementById(t).parentNode.appendChild(c),document.getElementById(t).parentNode.removeChild(document.getElementById(t)),document.getElementById(e).parentNode.removeChild(document.getElementById(e)),document.removeEventListener(\"scroll\",etargetPostloadFunction7a9b589f63cb072bef80df221f46a22b),document.removeEventListener(\"resize\",etargetPostloadFunction7a9b589f63cb072bef80df221f46a22b),document.removeEventListener(\"DOMContentLoaded\",etargetPostloadFunction7a9b589f63cb072bef80df221f46a22b)))}}}var etargetDivID=\"etargetPostload7a9b589f63cb072bef80df221f46a22b\",etargetScriptID=\"etargetScript7a9b589f63cb072bef80df221f46a22b\",etargetPostloadPoint=document.createElement(\"div\");etargetPostloadPoint.id=etargetDivID;var etargetCurScript=document.getElementById(etargetScriptID);etargetCurScript.parentNode.appendChild(etargetPostloadPoint),document.addEventListener(\"scroll\",etargetPostloadFunction7a9b589f63cb072bef80df221f46a22b),document.addEventListener(\"resize\",etargetPostloadFunction7a9b589f63cb072bef80df221f46a22b),document.addEventListener(\"DOMContentLoaded\",etargetPostloadFunction7a9b589f63cb072bef80df221f46a22b);var etargetAllowOtherCheck=!0;if(typeof(\"forceRunPostload\")==\"string\"){etargetPostloadFunction7a9b589f63cb072bef80df221f46a22b()}<\/script><\/div>\n<p class=\"has-drop-cap\">Hatvan \u00e9ve zajl\u00f3, kudarcokkal teli kutat\u00e1si folyamat v\u00e9g\u00e9hez \u00e9rt az emberis\u00e9g, hiszen most m\u00e1r biztos, hogy j\u00f6v\u0151re megkezd\u0151dik az \u00fagynevezett szil\u00e1rdtest-akkumul\u00e1torok t\u00f6meggy\u00e1rt\u00e1sa.<\/p>\n<p>Mindez pedig komoly \u00e1talakul\u00e1st hozhat mindenhol, ahol mobil, azaz h\u00e1l\u00f3zatra nem k\u00f6t\u00f6tt elektromos eszk\u00f6z\u00f6ket haszn\u00e1lnak. Hiszen a minif\u00fclhallgat\u00f3kt\u00f3l, gy\u0171r\u0171kt\u0151l kezdve a pacemakereken, telefonokon, laptopokon, e-rollereken, aut\u00f3kon \u00e9s dr\u00f3nokon \u00e1t eg\u00e9szen a hatalmas kamionokig rengeteg term\u00e9kcsal\u00e1d \u00e9rintett.<\/p>\n<blockquote class=\"wp-block-quote is-layout-flow wp-block-quote-is-layout-flow\">\n<p>Ezeken kereszt\u00fcl pedig a v\u00e1ltoz\u00e1sok hat\u00e1ssal vannak a h\u00e9tk\u00f6znapokra, legyen sz\u00f3 az otthonunkr\u00f3l vagy a munk\u00e1r\u00f3l, de az agr\u00e1riumra, az ipari termel\u00e9sre, az oktat\u00e1sra, az eg\u00e9szs\u00e9g\u00fcgyre, a k\u00f6zleked\u00e9sre \u00e9s a had\u00e1szatra is.<\/p>\n<\/blockquote>\n<div class=\"highlighted-text\">\n<p>\t\t<span class=\"highlighted-text__title minititle\">Err\u0151l sz\u00f3l m\u00e9g a cikk<\/span><\/p>\n<div class=\"highlighted-text__content\">\n<ul>\n<li>\u00d3ri\u00e1si el\u0151ny\u00f6k \u00e9s komoly h\u00e1tr\u00e1nyok<\/li>\n<li>A robotok seg\u00edthetnek \u00e1tt\u00f6rni?<\/li>\n<li>Mi kell a sikerhez?<\/li>\n<li>A technol\u00f3gia 60 \u00e9ve ismert, mi t\u00f6rt\u00e9nt, hogy most mindenki r\u00e1kapott?<\/li>\n<\/ul><\/div>\n<\/div>\n<div class=\"post-content-soft-paywall\">\n<p>A technol\u00f3gia bevezet\u00e9s\u00e9ben olyan szerepl\u0151k j\u00e1tszanak kulcsszerepet, amelyek Magyarorsz\u00e1gon is hatalmas gy\u00e1rt\u00f3k\u00f6zpontokkal rendelkeznek. Ugyanis, ha minden a tervek szerint alakul, akkor az itthon \u00f6n\u00e1ll\u00f3 K+F egys\u00e9ggel is rendelkez\u0151 Samsung SDI nyitja a sort, amelyhez nem sokkal k\u00e9s\u0151bb t\u00f6bbek k\u00f6z\u00f6tt a CATL is csatlakozhat. <\/p>\n<blockquote class=\"wp-block-quote is-layout-flow wp-block-quote-is-layout-flow\">\n<p>Amennyiben a technol\u00f3gia ipari m\u00e9retekben is bev\u00e1lik, Magyarorsz\u00e1g szerepe fel\u00e9rt\u00e9kel\u0151dhet az akkumul\u00e1toripari \u00e9rt\u00e9kl\u00e1ncban. <\/p>\n<\/blockquote>\n<p>Ez \u00faj beruh\u00e1z\u00e1sokat vagy a m\u00e1r m\u0171k\u00f6d\u0151 \u00fczemek technol\u00f3giai b\u0151v\u00edt\u00e9s\u00e9t is \u00f6szt\u00f6n\u00f6zheti, b\u00e1r ehhez v\u00e1rhat\u00f3an \u00faj gy\u00e1rt\u00f3sorokra lesz sz\u00fcks\u00e9g. A folyamat egyik felt\u00e9tele a stabil \u00e9s versenyk\u00e9pes energiaell\u00e1t\u00e1s. A ny\u00e1ri sz\u00e9ls\u0151s\u00e9ges h\u0151s\u00e9g, az alacsony dunai v\u00edz\u00e1ll\u00e1s \u00e9s az ezek nyom\u00e1n bevezetett fogyaszt\u00e1si korl\u00e1toz\u00e1sok megmutatt\u00e1k a magyar villamosenergia-rendszer s\u00e9r\u00fcl\u00e9kenys\u00e9g\u00e9t. Ha ez tart\u00f3s probl\u00e9m\u00e1v\u00e1 v\u00e1lik, cs\u00f6kkentheti Magyarorsz\u00e1g es\u00e9ly\u00e9t arra, hogy a szil\u00e1rdtest-akkumul\u00e1torok gy\u00e1rt\u00e1s\u00e1nak els\u0151 eur\u00f3pai helysz\u00ednei k\u00f6z\u00e9 ker\u00fclj\u00f6n.<\/p>\n<h2 class=\"wp-block-heading\"><strong>De bev\u00e1lik?<\/strong><\/h2>\n<p>A szil\u00e1rdtest-akkumul\u00e1tor olyan \u00faj t\u00edpus\u00fa energiat\u00e1rol\u00e1si eszk\u00f6z, amelyben a hagyom\u00e1nyos foly\u00e9kony elektrolit helyett szil\u00e1rd elektrolit vezeti a l\u00edtiumionokat. Ez els\u0151 l\u00e1t\u00e1sra apr\u00f3 v\u00e1ltoz\u00e1snak t\u0171nhet, a val\u00f3s\u00e1gban azonban igen komoly el\u0151ny\u00f6ket \u00edg\u00e9r. A m\u0171k\u00f6d\u00e9si elv r\u00e9g\u00f3ta ismert, ami \u00fajdons\u00e1g, hogy a technol\u00f3gia most az ipari m\u00e9ret\u0171 gy\u00e1rt\u00e1s \u00e9s a kereskedelmi alkalmaz\u00e1s k\u00fcsz\u00f6b\u00e9hez \u00e9rt.<\/p>\n<h3 class=\"wp-block-heading\"><strong>El\u0151ny\u00f6k<\/strong><\/h3>\n<p><strong>Nagyobb energias\u0171r\u0171s\u00e9g:<\/strong> Ugyanakkora fizikai m\u00e9ret mellett <a href=\"https:\/\/www.quantumscape.com\/technology\">t\u00f6bb energia elt\u00e1rol\u00e1s\u00e1t<\/a> teszi lehet\u0151v\u00e9. \u00cdgy azonos m\u00e9ret eset\u00e9n \u00e9rezhet\u0151en javulhat az \u00fczemid\u0151, illetve a hat\u00f3t\u00e1v. <a href=\"https:\/\/global.toyota\/en\/newsroom\/corporate\/39330500.html\">Aut\u00f3k eset\u00e9be<\/a>n p\u00e9ld\u00e1ul ut\u00f3bbi ak\u00e1r \u00f6tven sz\u00e1zal\u00e9kkal is n\u00f6vekedhet, ami jelent\u0151sen orvosolhatn\u00e1 az elektromos j\u00e1rm\u0171vek egyik legnagyobb probl\u00e9m\u00e1j\u00e1t.<\/p>\n<figure class=\"wp-block-image size-full\">\n<div class=\"photo-credit-wrapper\"><img decoding=\"async\" width=\"1600\" height=\"1000\" loading=\"lazy\" src=\"https:\/\/cdn.forbes.hu\/uploads\/2026\/07\/Solid-Sam.jpg\" alt=\"szil\u00e1rdtest akkumul\u00e1tor Samsung\" class=\"wp-image-791149\" \/>\n<div class=\"photo-credit\">\n            <img decoding=\"async\" loading=\"lazy\" class=\"photo-credit__icon\" src=\"https:\/\/www.forbes.hu\/wp-content\/themes\/frontend\/atoms\/photo-credit\/icon-info.svg\" alt=\"info\" \/><br \/>\n            <span class=\"photo-credit__label\">K\u00e9p: Samsung SDI<\/span>\n        <\/div>\n<\/div><figcaption class=\"wp-element-caption\">A technol\u00f3gia sz\u00e1mos el\u0151nnyel kecsegtet. Sokan forradalmi \u00e1tt\u00f6r\u00e9st v\u00e1rnak. K\u00e9p: Samsung SDI<\/figcaption><\/figure>\n<p>Ez egyben azt is jelenti, hogy hasonl\u00f3 \u00fczemid\u0151 el\u00e9r\u00e9s\u00e9hez elegend\u0151 kisebb m\u00e9ret\u0171 akkumul\u00e1tor, amely kevesebb helyet foglal. Ez a j\u00e1rm\u0171tervez\u00e9s sor\u00e1n tov\u00e1bb t\u00e1g\u00edthatja a lehet\u0151s\u00e9geket a gurul\u00f3 \u00e9s rep\u00fcl\u0151 eszk\u00f6z\u00f6k eset\u00e9ben. A laptopokn\u00e1l \u00e9s telefonokn\u00e1l pedig a felszabadul\u00f3 helyre a teljes\u00edtm\u00e9ny tov\u00e1bbi n\u00f6vel\u00e9s\u00e9t szolg\u00e1l\u00f3 komponensek \u00e9p\u00edthet\u0151k.<\/p>\n<p><strong>Biztons\u00e1gosabb:<\/strong> A szil\u00e1rd elektrolit nem gy\u00fal\u00e9kony, \u00edgy kisebb a t\u00falmeleged\u00e9s \u00e9s a t\u0171z kialakul\u00e1s\u00e1nak kock\u00e1zata. Ennek jelent\u0151s\u00e9g\u00e9t felesleges hangs\u00falyozni, hiszen a mai napig el\u0151fordulnak akkumul\u00e1torhoz k\u00f6thet\u0151 t\u0171zesetek elektromos eszk\u00f6z\u00f6k eset\u00e9ben.<\/p>\n<p><strong>Gyorsabb t\u00f6lt\u00e9s:<\/strong> A telefonokn\u00e1l \u00e9s laptopokn\u00e1l ez ma m\u00e1r kev\u00e9sb\u00e9 jelent\u0151s szempont, az elektromos j\u00e1rm\u0171vekn\u00e9l azonban ann\u00e1l ink\u00e1bb. Egy\u00e1ltal\u00e1n nem mindegy, hogy \u00f6t \u00f3r\u00e1t, egy \u00f3r\u00e1t vagy mind\u00f6ssze t\u00edz percet kell v\u00e1rakozni ahhoz, hogy egy aut\u00f3 csurig teljen energi\u00e1val. R\u00e1ad\u00e1sul ennek k\u00f6sz\u00f6nhet\u0151en a dr\u00e1g\u00e1bb gyorst\u00f6lt\u0151\u00e1llom\u00e1sok haszn\u00e1lata is ritk\u00e1bban v\u00e1lhat sz\u00fcks\u00e9gess\u00e9.<\/p>\n<p><strong>Hosszabb \u00e9lettartam:<\/strong> A szil\u00e1rdtest-akkumul\u00e1tor technol\u00f3gi\u00e1nak k\u00f6sz\u00f6nhet\u0151en a telep t\u00f6bb t\u00f6lt\u00e9si ciklust viselhet el an\u00e9lk\u00fcl, hogy jelent\u0151sen romlana a kapacit\u00e1sa. Magyarul ritk\u00e1bban, vagy ide\u00e1lis esetben egy\u00e1ltal\u00e1n nem kell akkumul\u00e1tort cser\u00e9lni. Ez \u00f6nmag\u00e1ban is n\u00f6velheti egy adott term\u00e9k \u00e9rt\u00e9k\u00e9t a m\u00e1sodlagos piacon.<\/p>\n<h3 class=\"wp-block-heading\"><strong>H\u00e1tr\u00e1nyok<\/strong><\/h3>\n<p>Mindez remek\u00fcl hangzik, azonban nyilv\u00e1n nem v\u00e9letlen, hogy ha m\u00e1r hat \u00e9vtizede ismert a m\u0171k\u00f6d\u00e9si elv, akkor mi\u00e9rt csak most kezd\u0151dik meg a t\u00f6megtermel\u00e9s. E t\u00e9ren ugyanis <a href=\"https:\/\/www.sciencedirect.com\/science\/article\/abs\/pii\/S2451910321002477\">sz\u00e1mos olyan probl\u00e9m\u00e1val<\/a> kellett szemben\u00e9zni\u00fck a piaci szerepl\u0151knek, amelyek a j\u00f6v\u0151ben is gondot okozhatnak.<\/p>\n<p><strong>\u00daj gy\u00e1rt\u00f3sorok:<\/strong> Sajnos nem lehet egyetlen gombnyom\u00e1ssal \u00e1t\u00e1ll\u00edtani a jelenlegi, foly\u00e9kony elektrolitos l\u00edtiumion cell\u00e1k el\u0151\u00e1ll\u00edt\u00e1s\u00e1ra berendezkedett \u00fczemeket. A sz\u00fcks\u00e9ges \u00e1talak\u00edt\u00e1s komoly r\u00e1ford\u00edt\u00e1sokkal j\u00e1r, \u00e9s kock\u00e1zatot is rejt mag\u00e1ban: ha v\u00e9g\u00fcl m\u00e9gsem v\u00e1lik be az elj\u00e1r\u00e1s, akkor a vissza\u00e1ll\u00e1s is jelent\u0151s t\u00f6bbletk\u00f6lts\u00e9gekkel j\u00e1rhat.<\/p>\n<p><strong>\u00c9rintkez\u00e9si probl\u00e9m\u00e1k:<\/strong> A hagyom\u00e1nyos l\u00edtiumion akkumul\u00e1torban a foly\u00e9kony elektrolit \u201ekit\u00f6lti\u201d az apr\u00f3 r\u00e9seket az elektr\u00f3d\u00e1k k\u00f6z\u00f6tt. Egy szil\u00e1rdtest-akkumul\u00e1torban viszont szil\u00e1rd anyag \u00e9rintkezik szil\u00e1rd anyaggal. Ez gondot okozhat, mert a fel\u00fcletek mikroszkopikusan egyenetlenek lehetnek, apr\u00f3 h\u00e9zagok alakulhatnak ki, \u00e9s ebb\u0151l fakad\u00f3an az ionok nehezebben jutnak \u00e1t ezeken a hat\u00e1rfel\u00fcleteken. Egyetlen apr\u00f3 hiba is jelent\u0151sen ronthatja a teljes\u00edtm\u00e9nyt. Ennek kik\u00fcsz\u00f6b\u00f6l\u00e9s\u00e9hez a gy\u00e1rt\u00e1stechnol\u00f3gi\u00e1n kellett jav\u00edtani, ami egyr\u00e9szt hatalmas kih\u00edv\u00e1st jelentett, m\u00e1sr\u00e9szt rendk\u00edv\u00fcl k\u00f6lts\u00e9ges volt.<\/p>\n<p><strong>Dr\u00e1g\u00e1bb:<\/strong> \u00d6nmagukban a felhaszn\u00e1lt alapanyagok is <a href=\"https:\/\/www.nature.com\/articles\/nenergy2016141\">t\u00f6bbe ker\u00fclnek<\/a>, \u00e9s a fent eml\u00edtett t\u00f6bbletk\u00f6lts\u00e9gek miatt a szil\u00e1rdtest akkumul\u00e1torok dr\u00e1g\u00e1bbak, mint a jelenleg elterjedt l\u00edtium-ion akkumul\u00e1torok.<\/p>\n<h2 class=\"wp-block-heading\"><strong>Neh\u00e9z els\u0151 id\u0151szak<\/strong><\/h2>\n<p>Az, hogy a technol\u00f3gia \u00e9letk\u00e9pes, \u00f6nmag\u00e1ban m\u00e9g semmit nem jelent. A t\u00f6megtermel\u00e9s el\u00e9r\u00e9se minden \u00faj akkumul\u00e1tortechnol\u00f3gia sz\u00e1m\u00e1ra m\u00e9rf\u00f6ldk\u0151nek sz\u00e1m\u00edt. Hiszen ez az a pont, ahol egy laborat\u00f3riumi koncepci\u00f3b\u00f3l val\u00f3di, ipari m\u00e9retekben el\u0151\u00e1ll\u00edthat\u00f3 term\u00e9k v\u00e1lik. Azonban mindez nem a fejleszt\u00e9si folyamat v\u00e9g\u00e9t, hanem egy m\u00e9g \u00f6sszetettebb szakasz kezdet\u00e9t jelenti.<\/p>\n<blockquote class=\"wp-block-quote is-layout-flow wp-block-quote-is-layout-flow\">\n<p>A technol\u00f3giai megval\u00f3s\u00edthat\u00f3s\u00e1g \u00f6nmag\u00e1ban ugyanis nem garant\u00e1lja a piaci sikert: a k\u00f6vetkez\u0151, \u00e9s tal\u00e1n legnehezebb feladat egy fenntarthat\u00f3, \u00e9letk\u00e9pes \u00fczleti \u00f6kosziszt\u00e9ma kialak\u00edt\u00e1sa.<\/p>\n<\/blockquote>\n<p>A gy\u00e1rt\u00e1si kapacit\u00e1sok ki\u00e9p\u00edt\u00e9se mellett sz\u00e1mos tov\u00e1bbi akad\u00e1ly \u00e1ll az ipar\u00e1gi szerepl\u0151k el\u0151tt. A potenci\u00e1lis \u00fcgyfeleknek p\u00e9ld\u00e1ul r\u00e9szletes tesztel\u00e9si \u00e9s min\u0151s\u00edt\u00e9si folyamatokon kell v\u00e9gig menni\u00fck. A gy\u00e1rt\u00f3knak pedig olyan kereskedelmi meg\u00e1llapod\u00e1sokat kell kialak\u00edtaniuk, amelyek hossz\u00fa t\u00e1von biztos\u00edtj\u00e1k a term\u00e9kek \u00e9rt\u00e9kes\u00edt\u00e9s\u00e9t \u00e9s be\u00e9p\u00edt\u00e9s\u00e9t a v\u00e9gfelhaszn\u00e1l\u00f3i rendszerekbe.<\/p>\n<figure class=\"wp-block-image size-full\">\n<div class=\"photo-credit-wrapper\"><img decoding=\"async\" width=\"1200\" height=\"657\" loading=\"lazy\" src=\"https:\/\/cdn.forbes.hu\/uploads\/2026\/07\/catl2.jpg\" alt=\"catl akkumul\u00e1tor\" class=\"wp-image-791157\" \/>\n<div class=\"photo-credit\">\n            <img decoding=\"async\" loading=\"lazy\" class=\"photo-credit__icon\" src=\"https:\/\/www.forbes.hu\/wp-content\/themes\/frontend\/atoms\/photo-credit\/icon-info.svg\" alt=\"info\" \/><br \/>\n            <span class=\"photo-credit__label\">K\u00e9p: CATL<\/span>\n        <\/div>\n<\/div><figcaption class=\"wp-element-caption\">A technol\u00f3giai ugr\u00e1s \u00f6nmag\u00e1ban nem el\u00e9g. K\u00e9p: CATL<\/figcaption><\/figure>\n<p>A val\u00f3di \u00e1tt\u00f6r\u00e9shez arra is sz\u00fcks\u00e9g van, hogy az \u00fcgyfelek k\u00e9szek legyenek a technol\u00f3gia alkalmaz\u00e1s\u00e1ra \u00e9s sz\u00e9les k\u00f6r\u0171 bevezet\u00e9s\u00e9re.<\/p>\n<blockquote class=\"wp-block-quote is-layout-flow wp-block-quote-is-layout-flow\">\n<p>Emiatt a szil\u00e1rdtest-akkumul\u00e1torok kezdeti megjelen\u00e9se v\u00e1rhat\u00f3an nem a t\u00f6megpiacon t\u00f6rt\u00e9nik majd, hanem azokban a szegmensekben, ahol a kiemelked\u0151 teljes\u00edtm\u00e9ny \u00e9s a biztons\u00e1g fontosabb szempont, mint az alacsony \u00e1r.<\/p>\n<\/blockquote>\n<p>Az els\u0151 alkalmaz\u00e1si ter\u00fcletek k\u00f6z\u00f6tt ez\u00e9rt olyan ipar\u00e1gak szerepelhetnek, ahol az energiahat\u00e9konys\u00e1g, a kis m\u00e9ret \u00e9s a megb\u00edzhat\u00f3s\u00e1g k\u00fcl\u00f6n\u00f6sen nagy jelent\u0151s\u00e9ggel b\u00edr. \u00c9ppen ez\u00e9rt nemcsak az aut\u00f3ipari szerepl\u0151k l\u00e1tt\u00e1k meg a lehet\u0151s\u00e9get a technol\u00f3gi\u00e1ban, hanem sok startup is. <\/p>\n<h2 class=\"wp-block-heading\"><strong>Hol lehet nyer\u0151?<\/strong><\/h2>\n<p>A robotikai rendszerek p\u00e9ld\u00e1ul korai felhaszn\u00e1l\u00f3i lehetnek ennek a technol\u00f3gi\u00e1nak. A robotok bels\u0151 kialak\u00edt\u00e1sa \u00e1ltal\u00e1ban er\u0151sen korl\u00e1tozott, ez\u00e9rt minden grammnyi t\u00f6meg \u00e9s minden extra energiat\u00e1rol\u00e1si lehet\u0151s\u00e9g sz\u00e1m\u00edt. A nagyobb energias\u0171r\u0171s\u00e9g lehet\u0151v\u00e9 teheti a hosszabb m\u0171k\u00f6d\u00e9si id\u0151t, m\u00edg a biztons\u00e1gosabb \u00fczemel\u00e9s k\u00fcl\u00f6n\u00f6sen fontos lehet olyan k\u00f6rnyezetekben, ahol az ember \u00e9s a g\u00e9p k\u00f6zvetlen\u00fcl egy\u00fctt dolgozik.<\/p>\n<blockquote class=\"wp-block-quote is-layout-flow wp-block-quote-is-layout-flow\">\n<p>Hasonl\u00f3 el\u0151ny\u00f6ket k\u00edn\u00e1lhat a fejlett l\u00e9gi mobilit\u00e1si megold\u00e1sok, p\u00e9ld\u00e1ul az elektromos rep\u00fcl\u0151g\u00e9pek \u00e9s dr\u00f3nok sz\u00e1m\u00e1ra az \u00faj technol\u00f3gia.<\/p>\n<\/blockquote>\n<p> Ezekben az eszk\u00f6z\u00f6kben az energiat\u00e1rol\u00e1s\u00e9rt felel\u0151s komponens t\u00f6mege k\u00f6zvetlen\u00fcl meghat\u00e1rozza a rep\u00fcl\u00e9si t\u00e1vols\u00e1got, a sz\u00e1ll\u00edthat\u00f3 hasznos terhet \u00e9s az \u00e1ltal\u00e1nos m\u0171k\u00f6d\u00e9si hat\u00e9konys\u00e1got. Emellett a speci\u00e1lis ipari berendez\u00e9sek is olyan ter\u00fcletet jelenthetnek, ahol a szil\u00e1rdtest akkumul\u00e1torok hamarabb megjelenhetnek. A <a href=\"https:\/\/www.samsungsdi.com\/sdi-now\/sdi-news\/4782.html\">legfrissebb tervek<\/a> szerint pedig a mesters\u00e9ges intelligencia adatk\u00f6zpontjaiban is bevethetik ezeket annak \u00e9rdek\u00e9ben, hogy \u00e1ramkimarad\u00e1s eset\u00e9n biztos\u00edts\u00e1k a sz\u00fcks\u00e9ges energi\u00e1t.<\/p>\n<figure class=\"wp-block-image size-full\">\n<div class=\"photo-credit-wrapper\"><img decoding=\"async\" width=\"2048\" height=\"1279\" loading=\"lazy\" src=\"https:\/\/cdn.forbes.hu\/uploads\/2026\/07\/abz-2.jpg\" alt=\"Dr\u00f3n ABZ\" class=\"wp-image-791154\" \/>\n<div class=\"photo-credit\">\n            <img decoding=\"async\" loading=\"lazy\" class=\"photo-credit__icon\" src=\"https:\/\/www.forbes.hu\/wp-content\/themes\/frontend\/atoms\/photo-credit\/icon-info.svg\" alt=\"info\" \/><br \/>\n            <span class=\"photo-credit__label\">K\u00e9p: ABZ Innovation<\/span>\n        <\/div>\n<\/div><figcaption class=\"wp-element-caption\">A dr\u00f3nokn\u00e1l hamar sikert arathat e technol\u00f3gia. K\u00e9p: ABZ Innovation<\/figcaption><\/figure>\n<p>Ezzel szemben a sz\u00e9lesebb fogyaszt\u00f3i piacot c\u00e9lz\u00f3 elektromos j\u00e1rm\u0171vek eset\u00e9ben v\u00e1rhat\u00f3an hosszabb id\u0151 sz\u00fcks\u00e9ges a teljes k\u00f6r\u0171 bevezet\u00e9shez. Az aut\u00f3ipar ugyanis rendk\u00edv\u00fcl szigor\u00fa k\u00f6vetelm\u00e9nyeket t\u00e1maszt az akkumul\u00e1torokkal szemben: nemcsak a teljes\u00edtm\u00e9nyt, hanem a t\u00f6bb\u00e9ves megb\u00edzhat\u00f3s\u00e1got, a k\u00fcl\u00f6nb\u00f6z\u0151 id\u0151j\u00e1r\u00e1si \u00e9s \u00e9ghajlati k\u00f6r\u00fclm\u00e9nyek k\u00f6z\u00f6tti stabil m\u0171k\u00f6d\u00e9st, valamint a szigor\u00fa biztons\u00e1gi el\u0151\u00edr\u00e1soknak val\u00f3 megfelel\u00e9st is bizony\u00edtani kell.<\/p>\n<p>Jelenleg <a href=\"https:\/\/pubs.acs.org\/aelccp\/article-abstract\/10\/6\/2617\/3756751\/The-State-of-Reliable-Characterization-and-Testing\">ott tartunk<\/a>, hogy m\u00e9g a gy\u00e1rt\u00f3k bels\u0151 min\u0151s\u00e9gellen\u0151rz\u00e9s\u00e9n megfelelt szil\u00e1rdtest-akkumul\u00e1tormint\u00e1k is elt\u00e9r\u0151 teljes\u00edtm\u00e9nyt mutathatnak az aut\u00f3ipari partnerek saj\u00e1t \u00e9rt\u00e9kel\u00e9sei sor\u00e1n. Ez egy izol\u00e1lt, kontroll\u00e1lt k\u00f6r\u00fclm\u00e9nyek k\u00f6z\u00f6tt m\u0171k\u00f6d\u0151 robotn\u00e1l nem jelent akkora probl\u00e9m\u00e1t, mint akkor, ha a term\u00e9ket az \u00e1tlagember sz\u00e1m\u00e1ra kell \u00e9rt\u00e9kes\u00edteni, aki azt b\u00e1rmilyen k\u00f6rnyezetben haszn\u00e1lhatja.<\/p>\n<p>Ez r\u00e1vil\u00e1g\u00edt arra, hogy az ipar\u00e1g egyik legfontosabb kih\u00edv\u00e1sa a k\u00f6z\u00f6s min\u0151s\u00e9gi k\u00f6vetelm\u00e9nyek kialak\u00edt\u00e1sa \u00e9s az egys\u00e9ges tesztel\u00e9si szabv\u00e1nyok l\u00e9trehoz\u00e1sa lesz. A sikeres piaci bevezet\u00e9shez nem elegend\u0151 egy m\u0171k\u00f6d\u0151k\u00e9pes akkumul\u00e1torcell\u00e1t l\u00e9trehozni; azt is bizony\u00edtani kell, hogy a technol\u00f3gia hossz\u00fa t\u00e1von, val\u00f3s k\u00f6r\u00fclm\u00e9nyek k\u00f6z\u00f6tt is megb\u00edzhat\u00f3an alkalmazhat\u00f3.<\/p>\n<h2 class=\"wp-block-heading\"><strong>A siker kulcsa<\/strong><\/h2>\n<p>Hogy ezt a ter\u00fcletet a j\u00f6v\u0151ben ki uralhatja majd, nem felt\u00e9tlen\u00fcl az hat\u00e1rozza meg, hogy ki \u00e9ri el a legmagasabb energias\u0171r\u0171s\u00e9get. A hossz\u00fa t\u00e1v\u00fa siker kulcsa azokn\u00e1l a szerepl\u0151kn\u00e9l lehet, amelyek k\u00e9pesek \u00e1lland\u00f3 \u00e9s megb\u00edzhat\u00f3 min\u0151s\u00e9get biztos\u00edtani, megfelelnek az \u00fcgyfelek szigor\u00fa min\u0151s\u00edt\u00e9si k\u00f6vetelm\u00e9nyeinek, valamint kutat\u00e1si eredm\u00e9nyeiket val\u00f3di, kereskedelmi m\u00e9ret\u0171 ell\u00e1t\u00e1si rendszerr\u00e9 tudj\u00e1k alak\u00edtani.<\/p>\n<p>A ter\u00fclet strat\u00e9giai fontoss\u00e1g\u00e1t mutatja, hogy a glob\u00e1lis innov\u00e1ci\u00f3 ter\u00e9n \u00e9len j\u00e1r\u00f3 D\u00e9l-Korea korm\u00e1nya <a href=\"https:\/\/www.thelec.net\/news\/articleView.html?idxno=12197\">beemelte<\/a> a Samsung SDI szil\u00e1rdtest-akkumul\u00e1torprogramj\u00e1t a \u201eH\u00e1rom megaprojekt Korea k\u00f6vetkez\u0151 fejl\u0151d\u00e9si szakasz\u00e1hoz\u201d elnevez\u00e9s\u0171 kezdem\u00e9nyez\u00e9sbe. Ennek keretein bel\u00fcl jelent\u0151s \u00e1llami forr\u00e1sokat is biztos\u00edtanak a fent v\u00e1zolt c\u00e9lok el\u00e9r\u00e9s\u00e9hez.<\/p>\n<p>B\u00e1r a szil\u00e1rd elektrolit alkalmaz\u00e1s\u00e1nak elve \u00e9vtizedek \u00f3ta ismert, sok\u00e1ig sem az anyagok ionvezet\u00e9se, sem az elektr\u00f3d\u00e1k k\u00f6z\u00f6tti \u00e9rintkez\u00e9s, sem a gy\u00e1rt\u00e1stechnol\u00f3gia nem tette lehet\u0151v\u00e9 a versenyk\u00e9pes sorozatgy\u00e1rt\u00e1st. Az anyagtudom\u00e1ny fejl\u0151d\u00e9se, az elektromos aut\u00f3k terjed\u00e9se \u00e9s az ipar\u00e1gba \u00e1raml\u00f3 hatalmas t\u0151ke most egy\u00fctt hozta el azt a pontot, amikor a laborat\u00f3riumi eredm\u00e9nyekb\u0151l kereskedelmi term\u00e9k lehet. Azt\u00e1n a piac eld\u00f6nti, hogy t\u00e9nyleg lesz-e forradalom. <\/p>\n<\/div>\n<div><\/div>\n<div class=\"premium-blocker premium-blocker--hu\" data-needed=\"authenticated\" data-current=\"[&quot;free&quot;]\">\n<div data-needed=\"authenticated\"><\/div>\n<\/div>\n<p>\t\t<!-- No email blocks found --><\/p>\n<p>The post <a href=\"https:\/\/www.forbes.hu\/uzlet\/szilardtest-akkumulator-forradalom-magyarorszag\/\">Magyarorsz\u00e1g lehet az akkumul\u00e1torforradalom nyertese?<\/a> appeared first on <a href=\"https:\/\/www.forbes.hu\/\">Forbes.hu<\/a>.<\/p><div id=\"friss-895819574\" class=\"friss-etarget-cikk-vege friss-entity-placement\"><script type=\"text\/javascript\" id=\"etargetScript7a9b589f63cb072bef80df221f46a22b\">function etargetPostloadFunction7a9b589f63cb072bef80df221f46a22b(){var e=\"etargetPostload7a9b589f63cb072bef80df221f46a22b\",t=\"etargetScript7a9b589f63cb072bef80df221f46a22b\",o=document.getElementById(e);if(o){for(var n=o.offsetTop,d=o.offsetLeft,r=o.offsetWidth,a=o.offsetHeight;o.offsetParent;)o=o.offsetParent,n+=o.offsetTop,d+=o.offsetLeft;var i=(n<=window.pageYOffset+window.innerHeight&&d<window.pageXOffset+window.innerWidth&&n+a>window.pageYOffset&&d+r>window.pageXOffset);if(i&&etargetAllowOtherCheck){allowed=!1;var c=document.createElement(\"script\");return c.src=\"\/\/hu.search.etargetnet.com\/generic\/uni.php?g=ref:58661,area:700x210\",void(document.getElementById(t)&&document.getElementById(e)&&(document.getElementById(t).parentNode.appendChild(c),document.getElementById(t).parentNode.removeChild(document.getElementById(t)),document.getElementById(e).parentNode.removeChild(document.getElementById(e)),document.removeEventListener(\"scroll\",etargetPostloadFunction7a9b589f63cb072bef80df221f46a22b),document.removeEventListener(\"resize\",etargetPostloadFunction7a9b589f63cb072bef80df221f46a22b),document.removeEventListener(\"DOMContentLoaded\",etargetPostloadFunction7a9b589f63cb072bef80df221f46a22b)))}}}var etargetDivID=\"etargetPostload7a9b589f63cb072bef80df221f46a22b\",etargetScriptID=\"etargetScript7a9b589f63cb072bef80df221f46a22b\",etargetPostloadPoint=document.createElement(\"div\");etargetPostloadPoint.id=etargetDivID;var etargetCurScript=document.getElementById(etargetScriptID);etargetCurScript.parentNode.appendChild(etargetPostloadPoint),document.addEventListener(\"scroll\",etargetPostloadFunction7a9b589f63cb072bef80df221f46a22b),document.addEventListener(\"resize\",etargetPostloadFunction7a9b589f63cb072bef80df221f46a22b),document.addEventListener(\"DOMContentLoaded\",etargetPostloadFunction7a9b589f63cb072bef80df221f46a22b);var etargetAllowOtherCheck=!0;if(typeof(\"forceRunPostload\")==\"string\"){etargetPostloadFunction7a9b589f63cb072bef80df221f46a22b()}<\/script><\/div><div id=\"friss-90588984\" class=\"friss-after-content friss-entity-placement\"><script type=\"text\/javascript\" id=\"etargetScript7a9b589f63cb072bef80df221f46a22b\">function etargetPostloadFunction7a9b589f63cb072bef80df221f46a22b(){var e=\"etargetPostload7a9b589f63cb072bef80df221f46a22b\",t=\"etargetScript7a9b589f63cb072bef80df221f46a22b\",o=document.getElementById(e);if(o){for(var n=o.offsetTop,d=o.offsetLeft,r=o.offsetWidth,a=o.offsetHeight;o.offsetParent;)o=o.offsetParent,n+=o.offsetTop,d+=o.offsetLeft;var i=(n<=window.pageYOffset+window.innerHeight&&d<window.pageXOffset+window.innerWidth&&n+a>window.pageYOffset&&d+r>window.pageXOffset);if(i&&etargetAllowOtherCheck){allowed=!1;var c=document.createElement(\"script\");return c.src=\"\/\/hu.search.etargetnet.com\/generic\/uni.php?g=ref:58661,area:700x210\",void(document.getElementById(t)&&document.getElementById(e)&&(document.getElementById(t).parentNode.appendChild(c),document.getElementById(t).parentNode.removeChild(document.getElementById(t)),document.getElementById(e).parentNode.removeChild(document.getElementById(e)),document.removeEventListener(\"scroll\",etargetPostloadFunction7a9b589f63cb072bef80df221f46a22b),document.removeEventListener(\"resize\",etargetPostloadFunction7a9b589f63cb072bef80df221f46a22b),document.removeEventListener(\"DOMContentLoaded\",etargetPostloadFunction7a9b589f63cb072bef80df221f46a22b)))}}}var etargetDivID=\"etargetPostload7a9b589f63cb072bef80df221f46a22b\",etargetScriptID=\"etargetScript7a9b589f63cb072bef80df221f46a22b\",etargetPostloadPoint=document.createElement(\"div\");etargetPostloadPoint.id=etargetDivID;var etargetCurScript=document.getElementById(etargetScriptID);etargetCurScript.parentNode.appendChild(etargetPostloadPoint),document.addEventListener(\"scroll\",etargetPostloadFunction7a9b589f63cb072bef80df221f46a22b),document.addEventListener(\"resize\",etargetPostloadFunction7a9b589f63cb072bef80df221f46a22b),document.addEventListener(\"DOMContentLoaded\",etargetPostloadFunction7a9b589f63cb072bef80df221f46a22b);var etargetAllowOtherCheck=!0;if(typeof(\"forceRunPostload\")==\"string\"){etargetPostloadFunction7a9b589f63cb072bef80df221f46a22b()}<\/script><\/div><div id=\"friss-3691832460\" class=\"friss-after-content_2 friss-entity-placement\" style=\"clear: both;\"><div class=\"wprss_ajax\" data-id=\"rssd6f49539b8\"><img loading=\"lazy\" decoding=\"async\" src=\"https:\/\/friss-hirek.hu\/wp-content\/plugins\/wp-rss-retriever\/inc\/imgs\/ajax-loader.gif\" alt=\"Loading RSS Feed\" width=\"16\" height=\"16\"><\/div><\/div><br style=\"clear: both; display: block; float: none;\"\/><div id=\"friss-694085788\" class=\"friss-after-content_3 friss-entity-placement\">https:\/\/www.youtube.com\/watch?v=Pdnw4KiUWp0<\/div>","protected":false},"excerpt":{"rendered":"<p>Az eg\u00e9sz \u00e9letet megv\u00e1ltoztathatja egy \u00faj technol\u00f3gia, amelynek legnagyobb t\u00e1mogat\u00f3i haz\u00e1nkban is komoly b\u00e1zisokkal rendelkeznek. Mi az a szil\u00e1rdtest-technol\u00f3gia, \u00e9s mi\u00e9rt lehet j\u00f3 nek\u00fcnk? Hatvan \u00e9ve zajl\u00f3, kudarcokkal teli kutat\u00e1si folyamat v\u00e9g\u00e9hez \u00e9rt az emberis\u00e9g, hiszen most m\u00e1r biztos, hogy j\u00f6v\u0151re megkezd\u0151dik az \u00fagynevezett szil\u00e1rdtest-akkumul\u00e1torok t\u00f6meggy\u00e1rt\u00e1sa. Mindez pedig komoly \u00e1talakul\u00e1st hozhat mindenhol, ahol mobil, azaz [&hellip;]<\/p>\n","protected":false},"author":1,"featured_media":0,"comment_status":"open","ping_status":"open","sticky":false,"template":"","format":"standard","meta":{"footnotes":""},"categories":[7],"tags":[],"class_list":["post-170965","post","type-post","status-publish","format-standard","hentry","category-uzlet"],"amp_enabled":true,"_links":{"self":[{"href":"https:\/\/friss-hirek.hu\/index.php\/wp-json\/wp\/v2\/posts\/170965","targetHints":{"allow":["GET"]}}],"collection":[{"href":"https:\/\/friss-hirek.hu\/index.php\/wp-json\/wp\/v2\/posts"}],"about":[{"href":"https:\/\/friss-hirek.hu\/index.php\/wp-json\/wp\/v2\/types\/post"}],"author":[{"embeddable":true,"href":"https:\/\/friss-hirek.hu\/index.php\/wp-json\/wp\/v2\/users\/1"}],"replies":[{"embeddable":true,"href":"https:\/\/friss-hirek.hu\/index.php\/wp-json\/wp\/v2\/comments?post=170965"}],"version-history":[{"count":0,"href":"https:\/\/friss-hirek.hu\/index.php\/wp-json\/wp\/v2\/posts\/170965\/revisions"}],"wp:attachment":[{"href":"https:\/\/friss-hirek.hu\/index.php\/wp-json\/wp\/v2\/media?parent=170965"}],"wp:term":[{"taxonomy":"category","embeddable":true,"href":"https:\/\/friss-hirek.hu\/index.php\/wp-json\/wp\/v2\/categories?post=170965"},{"taxonomy":"post_tag","embeddable":true,"href":"https:\/\/friss-hirek.hu\/index.php\/wp-json\/wp\/v2\/tags?post=170965"}],"curies":[{"name":"wp","href":"https:\/\/api.w.org\/{rel}","templated":true}]}}