{"id":170966,"date":"2026-08-31T04:08:12","date_gmt":"2026-08-31T04:08:12","guid":{"rendered":"https:\/\/friss-hirek.hu\/index.php\/tuskok-viritanak-az-egykori-dobozi-halasto-kiszaradt-medreben\/friss-hirek\/"},"modified":"2026-08-31T04:08:12","modified_gmt":"2026-08-31T04:08:12","slug":"tuskok-viritanak-az-egykori-dobozi-halasto-kiszaradt-medreben","status":"publish","type":"post","link":"https:\/\/friss-hirek.hu\/index.php\/tuskok-viritanak-az-egykori-dobozi-halasto-kiszaradt-medreben\/videk\/","title":{"rendered":"Tusk\u00f3k vir\u00edtanak az egykori dobozi halast\u00f3 kisz\u00e1radt medr\u00e9ben"},"content":{"rendered":"<p>S\u00falyos asz\u00e1ly s\u00fajtja az eg\u00e9sz orsz\u00e1got, nem csak a foly\u00f3k vize d\u00f6nt\u00f6get negat\u00edv rekordokat, hanem a tavak is magukon \u00e9rzik a csapad\u00e9k hi\u00e1ny\u00e1t. A B\u00e9k\u00e9s v\u00e1rmegyei Doboz hat\u00e1r\u00e1ban tal\u00e1lhat\u00f3, \u201eGyilkos-t\u00f3k\u00e9nt\u201d is emlegetett Tusk\u00f3s-t\u00f3 a 2026-os ny\u00e1ri h\u0151s\u00e9g \u00e9s asz\u00e1ly k\u00f6vetkezt\u00e9ben teljes eg\u00e9sz\u00e9ben kisz\u00e1radt.<\/p><div id=\"friss-2383847971\" class=\"friss-etarget friss-entity-placement\"><script type=\"text\/javascript\" id=\"etargetScript7a9b589f63cb072bef80df221f46a22b\">function etargetPostloadFunction7a9b589f63cb072bef80df221f46a22b(){var e=\"etargetPostload7a9b589f63cb072bef80df221f46a22b\",t=\"etargetScript7a9b589f63cb072bef80df221f46a22b\",o=document.getElementById(e);if(o){for(var n=o.offsetTop,d=o.offsetLeft,r=o.offsetWidth,a=o.offsetHeight;o.offsetParent;)o=o.offsetParent,n+=o.offsetTop,d+=o.offsetLeft;var i=(n<=window.pageYOffset+window.innerHeight&&d<window.pageXOffset+window.innerWidth&&n+a>window.pageYOffset&&d+r>window.pageXOffset);if(i&&etargetAllowOtherCheck){allowed=!1;var c=document.createElement(\"script\");return c.src=\"\/\/hu.search.etargetnet.com\/generic\/uni.php?g=ref:58661,area:700x210\",void(document.getElementById(t)&&document.getElementById(e)&&(document.getElementById(t).parentNode.appendChild(c),document.getElementById(t).parentNode.removeChild(document.getElementById(t)),document.getElementById(e).parentNode.removeChild(document.getElementById(e)),document.removeEventListener(\"scroll\",etargetPostloadFunction7a9b589f63cb072bef80df221f46a22b),document.removeEventListener(\"resize\",etargetPostloadFunction7a9b589f63cb072bef80df221f46a22b),document.removeEventListener(\"DOMContentLoaded\",etargetPostloadFunction7a9b589f63cb072bef80df221f46a22b)))}}}var etargetDivID=\"etargetPostload7a9b589f63cb072bef80df221f46a22b\",etargetScriptID=\"etargetScript7a9b589f63cb072bef80df221f46a22b\",etargetPostloadPoint=document.createElement(\"div\");etargetPostloadPoint.id=etargetDivID;var etargetCurScript=document.getElementById(etargetScriptID);etargetCurScript.parentNode.appendChild(etargetPostloadPoint),document.addEventListener(\"scroll\",etargetPostloadFunction7a9b589f63cb072bef80df221f46a22b),document.addEventListener(\"resize\",etargetPostloadFunction7a9b589f63cb072bef80df221f46a22b),document.addEventListener(\"DOMContentLoaded\",etargetPostloadFunction7a9b589f63cb072bef80df221f46a22b);var etargetAllowOtherCheck=!0;if(typeof(\"forceRunPostload\")==\"string\"){etargetPostloadFunction7a9b589f63cb072bef80df221f46a22b()}<\/script><\/div>\n<h2>Ez itt egy halast\u00f3 volt<\/h2>\n<blockquote class=\"_ce_measure_widget\" data-ce-measure-widget=\"Id\u00e9zet\">\n<p>A B\u00e9k\u00e9s-megyei \u201eGyilkos-t\u00f3\u201d, hivatalos nev\u00e9n Tusk\u00f3s-t\u00f3 t\u00f6rt\u00e9nete nem id\u00e9n ny\u00e1ron kezd\u0151d\u00f6tt, az elm\u00falt \u00e9vek talajv\u00edzszint cs\u00f6kken\u00e9se, csapad\u00e9khi\u00e1ny miatt folyamatosan apadt, id\u00e9n j\u00faliusra pedig gyakorlatilag teljesen kisz\u00e1radt. El\u00e9g sz\u00fcrre\u00e1lis l\u00e1tv\u00e1nyt ny\u00fajt, v\u00e9gigs\u00e9t\u00e1ltam a teljes 2,7 hekt\u00e1ros medret. Brut\u00e1l reped\u00e9sek darabjain lehet s\u00e9t\u00e1lni, itt-ott s\u00fcllyed, \u00e9rz\u00e9keltetve, hogy m\u00e9lyebben s\u00e1r van, de az \u00f6sszesz\u00e1radt s\u00e1rt\u00f6mb\u00f6k k\u00f6z\u00f6tt 30-40 centim\u00e9ter m\u00e9ly reped\u00e9sek vannak<\/p>\n<\/blockquote>\n<p>\u2013 r\u00e9szletezte a sz\u00edvszor\u00edt\u00f3 l\u00e1tv\u00e1nyt T\u00f3th G\u00e1bor Gyula.<\/p>\n<p><span class=\"highlight-block-small _ce_measure_widget\" data-ce-measure-widget=\"Kiemel\u00e9s - hossz\u00fa sz\u00f6veghez\">Az al\u00e1bbi gal\u00e9ri\u00e1ban megmutatjuk a jelenlegi szomor\u00fa helyzetet.\u00a0<\/span><\/p>\n<p><a class=\"m-nextGallery _ce_measure_widget _ce_measure_link\" href=\"https:\/\/sokszinuvidek.24.hu\/viragzo-videkunk\/2026\/08\/31\/aszaly-vizhiany-dobozi-to-fotok\/?gallery=1\/1\/784862500_1574450754065256_506606287779717805_n.jpg\" data-ce-measure-widget=\"gallery-open\"><\/a><\/p>\n<div class=\"m-nextGallery__featureImageCnt\">\n\t\t<img loading=\"lazy\" decoding=\"async\" width=\"1480\" height=\"987\" src=\"https:\/\/s.24.hu\/app\/uploads\/sites\/11\/2026\/08\/784862500_1574450754065256_506606287779717805_n.jpg\" class=\"m-nextGallery__featureImage wp-image-379211\" alt=\"\" \/>\t<\/div>\n<div class=\"m-nextGallery__thumbnailCnt\">\n<div class=\"m-nextGallery__thumbnail\">\n<div class=\"m-nextGallery__thumbnailAspectRatio\"><img loading=\"lazy\" decoding=\"async\" width=\"1480\" height=\"987\" src=\"https:\/\/s.24.hu\/app\/uploads\/sites\/11\/2026\/08\/784352424_1574450870731911_313953361724989888_n.jpg\" class=\"m-nextGallery__thumbnailImage wp-image-379198\" alt=\"\" \/><\/div>\n<\/div>\n<div class=\"m-nextGallery__thumbnail\">\n<div class=\"m-nextGallery__thumbnailAspectRatio\"><img loading=\"lazy\" decoding=\"async\" width=\"1480\" height=\"987\" src=\"https:\/\/s.24.hu\/app\/uploads\/sites\/11\/2026\/08\/786071076_1574450757398589_9135342758839379863_n.jpg\" class=\"m-nextGallery__thumbnailImage wp-image-379227\" alt=\"\" \/><\/div>\n<\/div>\n<div class=\"m-nextGallery__thumbnail\">\n<div class=\"m-nextGallery__thumbnailAspectRatio\"><img decoding=\"async\" loading=\"lazy\" width=\"1480\" height=\"987\" src=\"https:\/\/s.24.hu\/app\/uploads\/sites\/11\/2026\/08\/784717890_1574451120731886_6958658856918373948_n.jpg\" class=\"m-nextGallery__thumbnailImage wp-image-379209\" alt=\"\" \/><\/div>\n<\/div>\n<div class=\"m-nextGallery__thumbnail -last\">\n<div class=\"m-nextGallery__thumbnailAspectRatio\"><img decoding=\"async\" loading=\"lazy\" width=\"1480\" height=\"987\" src=\"https:\/\/s.24.hu\/app\/uploads\/sites\/11\/2026\/08\/784352418_1574451777398487_2742937447555261944_n.jpg\" class=\"m-nextGallery__thumbnailImage wp-image-379197\" alt=\"\" \/><\/div>\n<div class=\"m-nextGallery__summary\">\n\t\t\t\t<span class=\"m-nextGallery__summaryIcon\">\n<p>\t\t\t\t<\/p><\/span><br \/>\n\t\t\t\t<span class=\"m-nextGallery__summaryText\"><b>32<\/b> fot\u00f3<\/span>\n\t\t\t<\/div>\n<\/div>\n<\/div>\n<p><\/p>\n<p>A dobozi Tusk\u00f3s-t\u00f3nak m\u00e1r sokan a csod\u00e1j\u00e1ra j\u00e1rtak. A m\u00f6g\u00f6tt\u00fcnk hagyott h\u00f3napokban viszont az\u00e9rt besz\u00e9ltek r\u00f3la sokat \u00e9s l\u00e1togatt\u00e1k meg, mert a v\u00edz gyakorlatilag elt\u0171nt bel\u0151le, kisz\u00e1radt, \u00edgy a megmaradt tusk\u00f3k m\u00e9g egyedibb, egyben szomor\u00fa l\u00e1tv\u00e1nyt ny\u00fajtanak.<\/p>\n<blockquote class=\"_ce_measure_widget\" data-ce-measure-widget=\"Id\u00e9zet\">\n<p>A pici vizes r\u00e9szen nem tudom \u00e9l\u0151 hal lehet-e m\u00e9g, elpusztultat azt l\u00e1ttam p\u00e1rat. Valamikor a hely kedvelt horg\u00e1szt\u00f3 volt, most csak a st\u00e9gek \u00e9s egy kis h\u00e1zik\u00f3 \u00e1rulkodik arr\u00f3l, hogy horg\u00e1szni lehetett itt, a h\u00e1zon van egy fot\u00f3 halfajt\u00e1kr\u00f3l, de \u0151szint\u00e9n bevallom nem tudom, hogy ez az itt foghat\u00f3 fajokat mutatja be<\/p>\n<\/blockquote>\n<p>\u2013 v\u00e1zolta fel a fot\u00f3s, \u00e9s kiemelte, hogy mi lehet a t\u00f3 j\u00f6v\u0151je azt senki senki tudja.<\/p>\n<h2>Hogy ker\u00fcltek a tusk\u00f3k a v\u00edzbe?<\/h2>\n<p>A ter\u00fcletet m\u00e9g ezt megel\u0151z\u0151en be\u00fcltett\u00e9k ny\u00e1rf\u00e1val, amit k\u00e9s\u0151bb kiv\u00e1gtak, de a tusk\u00f3k megmaradtak, \u00e9s a v\u00edz sem bomlasztotta fel azokat, \u00edgy a t\u00f3 eg\u00e9szen k\u00fcl\u00f6nleges l\u00e1tv\u00e1nyt ny\u00fajt, ny\u00fajtott, n\u00e9mileg eml\u00e9keztetve az erd\u00e9lyi Gyilkos-t\u00f3ra.<\/p>\n<p>A cikkben szerepl\u0151 fot\u00f3kat <strong>T\u00f3th G\u00e1bor Gyula<\/strong> k\u00e9sz\u00edtette, akinek <a href=\"https:\/\/www.facebook.com\/heavenmanphotography\/\" target=\"_blank\" rel=\"noopener\">HeavenManPhotography<\/a> Facebook oldal\u00e1n rengeteg izgalmas \u00e9s egyedi l\u00e1t\u00e1sm\u00f3d\u00fa felv\u00e9teleket lehet megtekinteni.<\/p>\n<p>Mint arr\u00f3l besz\u00e1moltunk, <a href=\"https:\/\/sokszinuvidek.24.hu\/viragzo-videkunk\/2026\/08\/18\/duna-aszaly-vizhiany-dunakanyar\/\" target=\"_blank\" rel=\"noopener\">titokzatos z\u00e1tonyok \u00e9s szigetek bukkantak el\u0151 a Dunakanyarban<\/a>, valamint arr\u00f3l is h\u00edrt adtunk, hogy, <a href=\"https:\/\/sokszinuvidek.24.hu\/viragzo-videkunk\/2026\/08\/24\/ur-muhold-velencei-to-aszaly\/\" target=\"_blank\" rel=\"noopener\">az \u0171rb\u0151l is sokkol\u00f3 a l\u00e1tv\u00e1ny: m\u0171holdk\u00e9p mutatja, mennyire \u00f6sszezsugorodott a Velencei-t\u00f3<\/a>.<\/p>\n<div class=\"o-post__articRecommend m-articRecommend -hasImg cf article-recommendation-container cf _ce_measure_widget\" data-ce-measure-widget=\"Cikkaj\u00e1nl\u00f3 widget\">\n<div class=\"m-articRecommend__widgetTitle\">Kapcsol\u00f3d\u00f3<\/div>\n<div class=\"m-articRecommend__imgWrap image-container\"><a href=\"https:\/\/sokszinuvidek.24.hu\/viragzo-videkunk\/2026\/07\/20\/duna-baja-rekord-alacsony-vizallas-fotok\/\" target=\"_self\"><img decoding=\"async\" loading=\"lazy\" width=\"480\" height=\"270\" src=\"https:\/\/s.24.hu\/app\/uploads\/sites\/11\/2026\/07\/1-2-480x270.jpg\" class=\"img-responsive wp-post-image\" alt=\"\" \/><\/a><\/div>\n<div class=\"m-articRecommend__cntWrap content-container \">\n\t\t\t<a href=\"https:\/\/sokszinuvidek.24.hu\/viragzo-videkunk\/2026\/07\/20\/duna-baja-rekord-alacsony-vizallas-fotok\/\" target=\"_self\" class=\"m-articRecommend__title ar-title\">Fot\u00f3kon mutatjuk meg a siralmas l\u00e1tv\u00e1nyt, ahogy a Duna a t\u00fal\u00e9l\u00e9s\u00e9rt k\u00fczd<\/a>\n<div class=\"m-articRecommend__lead ar-lead\">Soha nem volt m\u00e9g ilyen alacsony a Duna v\u00edz\u00e1ll\u00e1sa.<\/div>\n<\/div>\n<\/div>\n<p>The post <a href=\"https:\/\/sokszinuvidek.24.hu\/viragzo-videkunk\/2026\/08\/31\/aszaly-vizhiany-dobozi-to-fotok\/\" target=\"_blank\">Tusk\u00f3k vir\u00edtanak az egykori dobozi halast\u00f3 kisz\u00e1radt medr\u00e9ben<\/a> first appeared on <a href=\"https:\/\/sokszinuvidek.24.hu\/\" target=\"_blank\">Soksz\u00edn\u0171 vid\u00e9k<\/a>.<\/p><div id=\"friss-1023346015\" class=\"friss-etarget-cikk-vege friss-entity-placement\"><script type=\"text\/javascript\" id=\"etargetScript7a9b589f63cb072bef80df221f46a22b\">function etargetPostloadFunction7a9b589f63cb072bef80df221f46a22b(){var e=\"etargetPostload7a9b589f63cb072bef80df221f46a22b\",t=\"etargetScript7a9b589f63cb072bef80df221f46a22b\",o=document.getElementById(e);if(o){for(var n=o.offsetTop,d=o.offsetLeft,r=o.offsetWidth,a=o.offsetHeight;o.offsetParent;)o=o.offsetParent,n+=o.offsetTop,d+=o.offsetLeft;var i=(n<=window.pageYOffset+window.innerHeight&&d<window.pageXOffset+window.innerWidth&&n+a>window.pageYOffset&&d+r>window.pageXOffset);if(i&&etargetAllowOtherCheck){allowed=!1;var c=document.createElement(\"script\");return c.src=\"\/\/hu.search.etargetnet.com\/generic\/uni.php?g=ref:58661,area:700x210\",void(document.getElementById(t)&&document.getElementById(e)&&(document.getElementById(t).parentNode.appendChild(c),document.getElementById(t).parentNode.removeChild(document.getElementById(t)),document.getElementById(e).parentNode.removeChild(document.getElementById(e)),document.removeEventListener(\"scroll\",etargetPostloadFunction7a9b589f63cb072bef80df221f46a22b),document.removeEventListener(\"resize\",etargetPostloadFunction7a9b589f63cb072bef80df221f46a22b),document.removeEventListener(\"DOMContentLoaded\",etargetPostloadFunction7a9b589f63cb072bef80df221f46a22b)))}}}var etargetDivID=\"etargetPostload7a9b589f63cb072bef80df221f46a22b\",etargetScriptID=\"etargetScript7a9b589f63cb072bef80df221f46a22b\",etargetPostloadPoint=document.createElement(\"div\");etargetPostloadPoint.id=etargetDivID;var etargetCurScript=document.getElementById(etargetScriptID);etargetCurScript.parentNode.appendChild(etargetPostloadPoint),document.addEventListener(\"scroll\",etargetPostloadFunction7a9b589f63cb072bef80df221f46a22b),document.addEventListener(\"resize\",etargetPostloadFunction7a9b589f63cb072bef80df221f46a22b),document.addEventListener(\"DOMContentLoaded\",etargetPostloadFunction7a9b589f63cb072bef80df221f46a22b);var etargetAllowOtherCheck=!0;if(typeof(\"forceRunPostload\")==\"string\"){etargetPostloadFunction7a9b589f63cb072bef80df221f46a22b()}<\/script><\/div><div id=\"friss-1991677104\" class=\"friss-after-content friss-entity-placement\"><script type=\"text\/javascript\" id=\"etargetScript7a9b589f63cb072bef80df221f46a22b\">function etargetPostloadFunction7a9b589f63cb072bef80df221f46a22b(){var e=\"etargetPostload7a9b589f63cb072bef80df221f46a22b\",t=\"etargetScript7a9b589f63cb072bef80df221f46a22b\",o=document.getElementById(e);if(o){for(var n=o.offsetTop,d=o.offsetLeft,r=o.offsetWidth,a=o.offsetHeight;o.offsetParent;)o=o.offsetParent,n+=o.offsetTop,d+=o.offsetLeft;var i=(n<=window.pageYOffset+window.innerHeight&&d<window.pageXOffset+window.innerWidth&&n+a>window.pageYOffset&&d+r>window.pageXOffset);if(i&&etargetAllowOtherCheck){allowed=!1;var c=document.createElement(\"script\");return c.src=\"\/\/hu.search.etargetnet.com\/generic\/uni.php?g=ref:58661,area:700x210\",void(document.getElementById(t)&&document.getElementById(e)&&(document.getElementById(t).parentNode.appendChild(c),document.getElementById(t).parentNode.removeChild(document.getElementById(t)),document.getElementById(e).parentNode.removeChild(document.getElementById(e)),document.removeEventListener(\"scroll\",etargetPostloadFunction7a9b589f63cb072bef80df221f46a22b),document.removeEventListener(\"resize\",etargetPostloadFunction7a9b589f63cb072bef80df221f46a22b),document.removeEventListener(\"DOMContentLoaded\",etargetPostloadFunction7a9b589f63cb072bef80df221f46a22b)))}}}var etargetDivID=\"etargetPostload7a9b589f63cb072bef80df221f46a22b\",etargetScriptID=\"etargetScript7a9b589f63cb072bef80df221f46a22b\",etargetPostloadPoint=document.createElement(\"div\");etargetPostloadPoint.id=etargetDivID;var etargetCurScript=document.getElementById(etargetScriptID);etargetCurScript.parentNode.appendChild(etargetPostloadPoint),document.addEventListener(\"scroll\",etargetPostloadFunction7a9b589f63cb072bef80df221f46a22b),document.addEventListener(\"resize\",etargetPostloadFunction7a9b589f63cb072bef80df221f46a22b),document.addEventListener(\"DOMContentLoaded\",etargetPostloadFunction7a9b589f63cb072bef80df221f46a22b);var etargetAllowOtherCheck=!0;if(typeof(\"forceRunPostload\")==\"string\"){etargetPostloadFunction7a9b589f63cb072bef80df221f46a22b()}<\/script><\/div><div id=\"friss-301211164\" class=\"friss-after-content_2 friss-entity-placement\" style=\"clear: both;\"><div class=\"wprss_ajax\" data-id=\"rss2ab2776254\"><img loading=\"lazy\" decoding=\"async\" src=\"https:\/\/friss-hirek.hu\/wp-content\/plugins\/wp-rss-retriever\/inc\/imgs\/ajax-loader.gif\" alt=\"Loading RSS Feed\" width=\"16\" height=\"16\"><\/div><\/div><br style=\"clear: both; display: block; float: none;\"\/><div id=\"friss-2299863449\" class=\"friss-after-content_3 friss-entity-placement\">https:\/\/www.youtube.com\/watch?v=Pdnw4KiUWp0<\/div>","protected":false},"excerpt":{"rendered":"<p>S\u00falyos asz\u00e1ly s\u00fajtja az eg\u00e9sz orsz\u00e1got, nem csak a foly\u00f3k vize d\u00f6nt\u00f6get negat\u00edv rekordokat, hanem a tavak is magukon \u00e9rzik a csapad\u00e9k hi\u00e1ny\u00e1t. A B\u00e9k\u00e9s v\u00e1rmegyei Doboz hat\u00e1r\u00e1ban tal\u00e1lhat\u00f3, \u201eGyilkos-t\u00f3k\u00e9nt\u201d is emlegetett Tusk\u00f3s-t\u00f3 a 2026-os ny\u00e1ri h\u0151s\u00e9g \u00e9s asz\u00e1ly k\u00f6vetkezt\u00e9ben teljes eg\u00e9sz\u00e9ben kisz\u00e1radt. Ez itt egy halast\u00f3 volt A B\u00e9k\u00e9s-megyei \u201eGyilkos-t\u00f3\u201d, hivatalos nev\u00e9n Tusk\u00f3s-t\u00f3 t\u00f6rt\u00e9nete [&hellip;]<\/p>\n","protected":false},"author":1,"featured_media":0,"comment_status":"open","ping_status":"open","sticky":false,"template":"","format":"standard","meta":{"footnotes":""},"categories":[6],"tags":[],"class_list":["post-170966","post","type-post","status-publish","format-standard","hentry","category-videk"],"amp_enabled":true,"_links":{"self":[{"href":"https:\/\/friss-hirek.hu\/index.php\/wp-json\/wp\/v2\/posts\/170966","targetHints":{"allow":["GET"]}}],"collection":[{"href":"https:\/\/friss-hirek.hu\/index.php\/wp-json\/wp\/v2\/posts"}],"about":[{"href":"https:\/\/friss-hirek.hu\/index.php\/wp-json\/wp\/v2\/types\/post"}],"author":[{"embeddable":true,"href":"https:\/\/friss-hirek.hu\/index.php\/wp-json\/wp\/v2\/users\/1"}],"replies":[{"embeddable":true,"href":"https:\/\/friss-hirek.hu\/index.php\/wp-json\/wp\/v2\/comments?post=170966"}],"version-history":[{"count":0,"href":"https:\/\/friss-hirek.hu\/index.php\/wp-json\/wp\/v2\/posts\/170966\/revisions"}],"wp:attachment":[{"href":"https:\/\/friss-hirek.hu\/index.php\/wp-json\/wp\/v2\/media?parent=170966"}],"wp:term":[{"taxonomy":"category","embeddable":true,"href":"https:\/\/friss-hirek.hu\/index.php\/wp-json\/wp\/v2\/categories?post=170966"},{"taxonomy":"post_tag","embeddable":true,"href":"https:\/\/friss-hirek.hu\/index.php\/wp-json\/wp\/v2\/tags?post=170966"}],"curies":[{"name":"wp","href":"https:\/\/api.w.org\/{rel}","templated":true}]}}