{"id":170970,"date":"2026-08-31T06:09:05","date_gmt":"2026-08-31T06:09:05","guid":{"rendered":"https:\/\/friss-hirek.hu\/index.php\/unger-anna-elarulta-mikor-indulhat-az-elso-nyomozas-az-nvvh-ban\/friss-hirek\/"},"modified":"2026-08-31T06:09:05","modified_gmt":"2026-08-31T06:09:05","slug":"unger-anna-elarulta-mikor-indulhat-az-elso-nyomozas-az-nvvh-ban","status":"publish","type":"post","link":"https:\/\/friss-hirek.hu\/index.php\/unger-anna-elarulta-mikor-indulhat-az-elso-nyomozas-az-nvvh-ban\/uzlet\/","title":{"rendered":"Unger Anna el\u00e1rulta, mikor indulhat az els\u0151 nyomoz\u00e1s az NVVH-ban"},"content":{"rendered":"<p>\u201e<strong>Az \u00e9n telefonom nem tud megcs\u00f6rrenni. Engem hi\u00e1ba h\u00edvogatnak!\u201d \u2013 v\u00e1laszolta arra a k\u00e9rd\u00e9sre, hogy mi lesz, ha egy \u00fcggyel kapcsolatban felh\u00edvj\u00e1k, vagy ha p\u00e9ld\u00e1ul\u00a0Magyar P\u00e9ter\u00a0meg akarja mondani, melyik \u00fcggyel kezdjenek.<\/strong><\/p><div id=\"friss-51755050\" class=\"friss-etarget friss-entity-placement\"><script type=\"text\/javascript\" id=\"etargetScript7a9b589f63cb072bef80df221f46a22b\">function etargetPostloadFunction7a9b589f63cb072bef80df221f46a22b(){var e=\"etargetPostload7a9b589f63cb072bef80df221f46a22b\",t=\"etargetScript7a9b589f63cb072bef80df221f46a22b\",o=document.getElementById(e);if(o){for(var n=o.offsetTop,d=o.offsetLeft,r=o.offsetWidth,a=o.offsetHeight;o.offsetParent;)o=o.offsetParent,n+=o.offsetTop,d+=o.offsetLeft;var i=(n<=window.pageYOffset+window.innerHeight&&d<window.pageXOffset+window.innerWidth&&n+a>window.pageYOffset&&d+r>window.pageXOffset);if(i&&etargetAllowOtherCheck){allowed=!1;var c=document.createElement(\"script\");return c.src=\"\/\/hu.search.etargetnet.com\/generic\/uni.php?g=ref:58661,area:700x210\",void(document.getElementById(t)&&document.getElementById(e)&&(document.getElementById(t).parentNode.appendChild(c),document.getElementById(t).parentNode.removeChild(document.getElementById(t)),document.getElementById(e).parentNode.removeChild(document.getElementById(e)),document.removeEventListener(\"scroll\",etargetPostloadFunction7a9b589f63cb072bef80df221f46a22b),document.removeEventListener(\"resize\",etargetPostloadFunction7a9b589f63cb072bef80df221f46a22b),document.removeEventListener(\"DOMContentLoaded\",etargetPostloadFunction7a9b589f63cb072bef80df221f46a22b)))}}}var etargetDivID=\"etargetPostload7a9b589f63cb072bef80df221f46a22b\",etargetScriptID=\"etargetScript7a9b589f63cb072bef80df221f46a22b\",etargetPostloadPoint=document.createElement(\"div\");etargetPostloadPoint.id=etargetDivID;var etargetCurScript=document.getElementById(etargetScriptID);etargetCurScript.parentNode.appendChild(etargetPostloadPoint),document.addEventListener(\"scroll\",etargetPostloadFunction7a9b589f63cb072bef80df221f46a22b),document.addEventListener(\"resize\",etargetPostloadFunction7a9b589f63cb072bef80df221f46a22b),document.addEventListener(\"DOMContentLoaded\",etargetPostloadFunction7a9b589f63cb072bef80df221f46a22b);var etargetAllowOtherCheck=!0;if(typeof(\"forceRunPostload\")==\"string\"){etargetPostloadFunction7a9b589f63cb072bef80df221f46a22b()}<\/script><\/div>\n<p><strong>Mi t\u00f6rt\u00e9nt? <\/strong><a href=\"https:\/\/www.youtube.com\/watch?v=7gsUqdFbrkI\">Az RTL<\/a> <em>H\u00e1zon k\u00edv\u00fcl<\/em> c\u00edm\u0171 m\u0171sor\u00e1nak adott interj\u00fat Unger Anna, a Nemzeti Vagyonvisszaszerz\u00e9si \u00e9s Vagyonv\u00e9delmi Hivatal (NVVH) <a href=\"https:\/\/www.forbes.hu\/hirek\/nvvh-unger-anna-szavazas\/\">m\u00falt h\u00e9ten megv\u00e1lasztott eln\u00f6ke<\/a>, aki szerint Tasn\u00e1dy Katalin nyomozati eln\u00f6khelyettes m\u00e1r tudja, melyik \u00fcggyel ind\u00edtj\u00e1k meg a nyomozati munk\u00e1t. <a href=\"https:\/\/24.hu\/belfold\/2026\/08\/30\/unger-anna-hazon-kivul-szeptember\/\">A 24.hu<\/a> szeml\u00e9je szerint Unger azt mondta, keddt\u0151l m\u00e1r t\u00e9nyleges munk\u00e1t fognak v\u00e9gezni, \u00e9s az els\u0151 nyomozati munk\u00e1t rem\u00e9lhet\u0151leg szeptember v\u00e9g\u00e9n el tudj\u00e1k ind\u00edtani.<\/p>\n<div class=\"related-post-links\">\n<p>\t\t<span class=\"related-post-links__title minititle\">T\u00f6bb ebb\u0151l<\/span><\/p>\n<div class=\"related-post-links__link-wrapper\">\n\t\t\t\t<a href=\"https:\/\/www.forbes.hu\/hirek\/nvvh-unger-anna-szavazas\/\" class=\"related-post-links__link\">D\u00f6nt\u00f6tt a parlament: \u0151 vezeti majd a Nemzeti Vagyonv\u00e9delmi \u00e9s Vagyonvisszaszerz\u00e9si Hivatalt<\/a>\n\t\t\t<\/div>\n<div class=\"related-post-links__link-wrapper\">\n\t\t\t\t<a href=\"https:\/\/www.forbes.hu\/hirek\/nvvh-ti-tamogatas\/\" class=\"related-post-links__link\">\u201eAz egy\u00fcttm\u0171k\u00f6d\u00e9sre m\u00e1r az els\u0151 napt\u00f3l nyitottak vagyunk.\u201d Reag\u00e1lt a Transparency International az NVVH l\u00e9trej\u00f6tt\u00e9re<\/a>\n\t\t\t<\/div>\n<\/div>\n<p><strong>Mi k\u00f6vetkezik ebb\u0151l?<\/strong> Azt, hogy melyik \u00fcggyel kezdenek,\u00a0Tasn\u00e1dy Katalin, az<a href=\"https:\/\/24.hu\/belfold\/2026\/08\/28\/magyar-peter-tasnady-katalin-nvvh-legfontosabb-vezeto\/\" target=\"_blank\" rel=\"noreferrer noopener\">\u00a0NVVH nyomozati eln\u00f6khelyettese<\/a>\u00a0m\u00e1r eld\u00f6nt\u00f6tte, de a vizsg\u00e1lat sikere \u00e9rdek\u00e9ben ezt Unger nem jelentette be. A kinevez\u00e9s\u00e9vel kapcsolatos kritik\u00e1kra is reag\u00e1lt, mondv\u00e1n, \u0151 nem n\u00e9pszer\u0171s\u00e9gre p\u00e1ly\u00e1zott hanem arra, hogy a korrupci\u00f3s \u00fcgyek legyenek v\u00e9gigv\u00edve, a rendszerv\u00e1lt\u00e1s \u00f3ta t\u00f6rt\u00e9ntekkel ellent\u00e9tben.<\/p>\n<p><strong>Mi\u00e9rt fontos ez?<\/strong> \u201eAz \u00e9n telefonom nem tud megcs\u00f6rrenni. Engem hi\u00e1ba h\u00edvogatnak!<strong>\u201d<\/strong>\u2013 v\u00e1laszolta arra a k\u00e9rd\u00e9sre, hogy mi lesz, ha egy \u00fcggyel kapcsolatban felh\u00edvj\u00e1k, vagy ha p\u00e9ld\u00e1ul\u00a0Magyar P\u00e9ter\u00a0meg akarja mondani, melyik \u00fcggyel kezdjenek. Megmondan\u00e1m neki, hogy tegyen \u00e1llampolg\u00e1ri bejelent\u00e9st \u2013 mondta ez ut\u00f3bbi gondolatk\u00eds\u00e9rletre Unger, aki hangs\u00falyozta: abba nem lesz, nem lehet belesz\u00f3l\u00e1sa, hogy kit v\u00e1laszt a parlament a hi\u00e1nyz\u00f3 k\u00e9t eln\u00f6khelyettesi poz\u00edci\u00f3ba.<\/p>\n<p><strong>Mi j\u00f6n ezut\u00e1n?<\/strong> A hivatal leend\u0151 alkalmazottaival kapcsolatban ugyanakkor m\u00e1r vannak konkr\u00e9t nevek, akiket felk\u00e9r majd a feladatra. \u201eVan, akit ismerek, nagyon j\u00f3 lesz \u00e9s tudom r\u00f3la, hogy j\u00f6nni fog\u201d \u2013 tette hozz\u00e1. Unger k\u00f6r\u00fclbel\u00fcl 150 f\u0151s szervezetet szeretne l\u00e9trehozni, ahol a munkat\u00e1rsak t\u00f6bbs\u00e9ge a nyomozati \u00e1gban dolgozhat majd.<\/p>\n<p><!-- No email blocks found --><\/p>\n<p>The post <a href=\"https:\/\/www.forbes.hu\/uzlet\/unger-anna-elarulta-mikor-indulhat-az-elso-nyomozas-az-nvvh-ban\/\">Unger Anna el\u00e1rulta, mikor indulhat az els\u0151 nyomoz\u00e1s az NVVH-ban<\/a> appeared first on <a href=\"https:\/\/www.forbes.hu\/\">Forbes.hu<\/a>.<\/p><div id=\"friss-680294149\" class=\"friss-etarget-cikk-vege friss-entity-placement\"><script type=\"text\/javascript\" id=\"etargetScript7a9b589f63cb072bef80df221f46a22b\">function etargetPostloadFunction7a9b589f63cb072bef80df221f46a22b(){var e=\"etargetPostload7a9b589f63cb072bef80df221f46a22b\",t=\"etargetScript7a9b589f63cb072bef80df221f46a22b\",o=document.getElementById(e);if(o){for(var n=o.offsetTop,d=o.offsetLeft,r=o.offsetWidth,a=o.offsetHeight;o.offsetParent;)o=o.offsetParent,n+=o.offsetTop,d+=o.offsetLeft;var i=(n<=window.pageYOffset+window.innerHeight&&d<window.pageXOffset+window.innerWidth&&n+a>window.pageYOffset&&d+r>window.pageXOffset);if(i&&etargetAllowOtherCheck){allowed=!1;var c=document.createElement(\"script\");return c.src=\"\/\/hu.search.etargetnet.com\/generic\/uni.php?g=ref:58661,area:700x210\",void(document.getElementById(t)&&document.getElementById(e)&&(document.getElementById(t).parentNode.appendChild(c),document.getElementById(t).parentNode.removeChild(document.getElementById(t)),document.getElementById(e).parentNode.removeChild(document.getElementById(e)),document.removeEventListener(\"scroll\",etargetPostloadFunction7a9b589f63cb072bef80df221f46a22b),document.removeEventListener(\"resize\",etargetPostloadFunction7a9b589f63cb072bef80df221f46a22b),document.removeEventListener(\"DOMContentLoaded\",etargetPostloadFunction7a9b589f63cb072bef80df221f46a22b)))}}}var etargetDivID=\"etargetPostload7a9b589f63cb072bef80df221f46a22b\",etargetScriptID=\"etargetScript7a9b589f63cb072bef80df221f46a22b\",etargetPostloadPoint=document.createElement(\"div\");etargetPostloadPoint.id=etargetDivID;var etargetCurScript=document.getElementById(etargetScriptID);etargetCurScript.parentNode.appendChild(etargetPostloadPoint),document.addEventListener(\"scroll\",etargetPostloadFunction7a9b589f63cb072bef80df221f46a22b),document.addEventListener(\"resize\",etargetPostloadFunction7a9b589f63cb072bef80df221f46a22b),document.addEventListener(\"DOMContentLoaded\",etargetPostloadFunction7a9b589f63cb072bef80df221f46a22b);var etargetAllowOtherCheck=!0;if(typeof(\"forceRunPostload\")==\"string\"){etargetPostloadFunction7a9b589f63cb072bef80df221f46a22b()}<\/script><\/div><div id=\"friss-2394149444\" class=\"friss-after-content friss-entity-placement\"><script type=\"text\/javascript\" id=\"etargetScript7a9b589f63cb072bef80df221f46a22b\">function etargetPostloadFunction7a9b589f63cb072bef80df221f46a22b(){var e=\"etargetPostload7a9b589f63cb072bef80df221f46a22b\",t=\"etargetScript7a9b589f63cb072bef80df221f46a22b\",o=document.getElementById(e);if(o){for(var n=o.offsetTop,d=o.offsetLeft,r=o.offsetWidth,a=o.offsetHeight;o.offsetParent;)o=o.offsetParent,n+=o.offsetTop,d+=o.offsetLeft;var i=(n<=window.pageYOffset+window.innerHeight&&d<window.pageXOffset+window.innerWidth&&n+a>window.pageYOffset&&d+r>window.pageXOffset);if(i&&etargetAllowOtherCheck){allowed=!1;var c=document.createElement(\"script\");return c.src=\"\/\/hu.search.etargetnet.com\/generic\/uni.php?g=ref:58661,area:700x210\",void(document.getElementById(t)&&document.getElementById(e)&&(document.getElementById(t).parentNode.appendChild(c),document.getElementById(t).parentNode.removeChild(document.getElementById(t)),document.getElementById(e).parentNode.removeChild(document.getElementById(e)),document.removeEventListener(\"scroll\",etargetPostloadFunction7a9b589f63cb072bef80df221f46a22b),document.removeEventListener(\"resize\",etargetPostloadFunction7a9b589f63cb072bef80df221f46a22b),document.removeEventListener(\"DOMContentLoaded\",etargetPostloadFunction7a9b589f63cb072bef80df221f46a22b)))}}}var etargetDivID=\"etargetPostload7a9b589f63cb072bef80df221f46a22b\",etargetScriptID=\"etargetScript7a9b589f63cb072bef80df221f46a22b\",etargetPostloadPoint=document.createElement(\"div\");etargetPostloadPoint.id=etargetDivID;var etargetCurScript=document.getElementById(etargetScriptID);etargetCurScript.parentNode.appendChild(etargetPostloadPoint),document.addEventListener(\"scroll\",etargetPostloadFunction7a9b589f63cb072bef80df221f46a22b),document.addEventListener(\"resize\",etargetPostloadFunction7a9b589f63cb072bef80df221f46a22b),document.addEventListener(\"DOMContentLoaded\",etargetPostloadFunction7a9b589f63cb072bef80df221f46a22b);var etargetAllowOtherCheck=!0;if(typeof(\"forceRunPostload\")==\"string\"){etargetPostloadFunction7a9b589f63cb072bef80df221f46a22b()}<\/script><\/div><div id=\"friss-2011521588\" class=\"friss-after-content_2 friss-entity-placement\" style=\"clear: both;\"><div class=\"wprss_ajax\" data-id=\"rssc7c05f35db\"><img loading=\"lazy\" decoding=\"async\" src=\"https:\/\/friss-hirek.hu\/wp-content\/plugins\/wp-rss-retriever\/inc\/imgs\/ajax-loader.gif\" alt=\"Loading RSS Feed\" width=\"16\" height=\"16\"><\/div><\/div><br style=\"clear: both; display: block; float: none;\"\/><div id=\"friss-1794458657\" class=\"friss-after-content_3 friss-entity-placement\">https:\/\/www.youtube.com\/watch?v=Pdnw4KiUWp0<\/div>","protected":false},"excerpt":{"rendered":"<p>\u201eAz \u00e9n telefonom nem tud megcs\u00f6rrenni. Engem hi\u00e1ba h\u00edvogatnak!\u201d \u2013 v\u00e1laszolta arra a k\u00e9rd\u00e9sre, hogy mi lesz, ha egy \u00fcggyel kapcsolatban felh\u00edvj\u00e1k, vagy ha p\u00e9ld\u00e1ul\u00a0Magyar P\u00e9ter\u00a0meg akarja mondani, melyik \u00fcggyel kezdjenek. Mi t\u00f6rt\u00e9nt? Az RTL H\u00e1zon k\u00edv\u00fcl c\u00edm\u0171 m\u0171sor\u00e1nak adott interj\u00fat Unger Anna, a Nemzeti Vagyonvisszaszerz\u00e9si \u00e9s Vagyonv\u00e9delmi Hivatal (NVVH) m\u00falt h\u00e9ten megv\u00e1lasztott eln\u00f6ke, aki [&hellip;]<\/p>\n","protected":false},"author":1,"featured_media":0,"comment_status":"open","ping_status":"open","sticky":false,"template":"","format":"standard","meta":{"footnotes":""},"categories":[7],"tags":[],"class_list":["post-170970","post","type-post","status-publish","format-standard","hentry","category-uzlet"],"amp_enabled":true,"_links":{"self":[{"href":"https:\/\/friss-hirek.hu\/index.php\/wp-json\/wp\/v2\/posts\/170970","targetHints":{"allow":["GET"]}}],"collection":[{"href":"https:\/\/friss-hirek.hu\/index.php\/wp-json\/wp\/v2\/posts"}],"about":[{"href":"https:\/\/friss-hirek.hu\/index.php\/wp-json\/wp\/v2\/types\/post"}],"author":[{"embeddable":true,"href":"https:\/\/friss-hirek.hu\/index.php\/wp-json\/wp\/v2\/users\/1"}],"replies":[{"embeddable":true,"href":"https:\/\/friss-hirek.hu\/index.php\/wp-json\/wp\/v2\/comments?post=170970"}],"version-history":[{"count":0,"href":"https:\/\/friss-hirek.hu\/index.php\/wp-json\/wp\/v2\/posts\/170970\/revisions"}],"wp:attachment":[{"href":"https:\/\/friss-hirek.hu\/index.php\/wp-json\/wp\/v2\/media?parent=170970"}],"wp:term":[{"taxonomy":"category","embeddable":true,"href":"https:\/\/friss-hirek.hu\/index.php\/wp-json\/wp\/v2\/categories?post=170970"},{"taxonomy":"post_tag","embeddable":true,"href":"https:\/\/friss-hirek.hu\/index.php\/wp-json\/wp\/v2\/tags?post=170970"}],"curies":[{"name":"wp","href":"https:\/\/api.w.org\/{rel}","templated":true}]}}