{"id":170977,"date":"2026-08-31T09:11:08","date_gmt":"2026-08-31T09:11:08","guid":{"rendered":"https:\/\/friss-hirek.hu\/index.php\/eheznek-a-magyar-mehek-az-aszaly-a-viragokat-is-eltuntette-a-tajbol\/friss-hirek\/"},"modified":"2026-08-31T09:11:08","modified_gmt":"2026-08-31T09:11:08","slug":"eheznek-a-magyar-mehek-az-aszaly-a-viragokat-is-eltuntette-a-tajbol","status":"publish","type":"post","link":"https:\/\/friss-hirek.hu\/index.php\/eheznek-a-magyar-mehek-az-aszaly-a-viragokat-is-eltuntette-a-tajbol\/videk\/","title":{"rendered":"\u00c9heznek a magyar m\u00e9hek: az asz\u00e1ly a vir\u00e1gokat is elt\u00fcntette a t\u00e1jb\u00f3l"},"content":{"rendered":"<p>Az idei ny\u00e1r sz\u00e9ls\u0151s\u00e9ges id\u0151j\u00e1r\u00e1sa a m\u00e9hcsal\u00e1dokat is rendk\u00edv\u00fcl neh\u00e9z helyzetbe hozta. A hosszan tart\u00f3 sz\u00e1razs\u00e1g \u00e9s az egym\u00e1st k\u00f6vet\u0151 h\u0151hull\u00e1mok miatt augusztusra az orsz\u00e1g sz\u00e1mos r\u00e9sz\u00e9n alig maradt term\u00e9szetes nekt\u00e1r- \u00e9s pollenforr\u00e1s. Az <a href=\"https:\/\/www.omme.hu\/omme-hirek\/rendkivuli-helyzetben-a-hazai-meheszetek\/\" target=\"_blank\" rel=\"noopener\">Orsz\u00e1gos Magyar M\u00e9h\u00e9szeti Egyes\u00fclet<\/a> szerint a pollenhi\u00e1ny a magyar m\u00e9h\u00e1llom\u00e1ny jelent\u0151s r\u00e9sz\u00e9t \u00e9rintheti.<\/p><div id=\"friss-4213189164\" class=\"friss-etarget friss-entity-placement\"><script type=\"text\/javascript\" id=\"etargetScript7a9b589f63cb072bef80df221f46a22b\">function etargetPostloadFunction7a9b589f63cb072bef80df221f46a22b(){var e=\"etargetPostload7a9b589f63cb072bef80df221f46a22b\",t=\"etargetScript7a9b589f63cb072bef80df221f46a22b\",o=document.getElementById(e);if(o){for(var n=o.offsetTop,d=o.offsetLeft,r=o.offsetWidth,a=o.offsetHeight;o.offsetParent;)o=o.offsetParent,n+=o.offsetTop,d+=o.offsetLeft;var i=(n<=window.pageYOffset+window.innerHeight&&d<window.pageXOffset+window.innerWidth&&n+a>window.pageYOffset&&d+r>window.pageXOffset);if(i&&etargetAllowOtherCheck){allowed=!1;var c=document.createElement(\"script\");return c.src=\"\/\/hu.search.etargetnet.com\/generic\/uni.php?g=ref:58661,area:700x210\",void(document.getElementById(t)&&document.getElementById(e)&&(document.getElementById(t).parentNode.appendChild(c),document.getElementById(t).parentNode.removeChild(document.getElementById(t)),document.getElementById(e).parentNode.removeChild(document.getElementById(e)),document.removeEventListener(\"scroll\",etargetPostloadFunction7a9b589f63cb072bef80df221f46a22b),document.removeEventListener(\"resize\",etargetPostloadFunction7a9b589f63cb072bef80df221f46a22b),document.removeEventListener(\"DOMContentLoaded\",etargetPostloadFunction7a9b589f63cb072bef80df221f46a22b)))}}}var etargetDivID=\"etargetPostload7a9b589f63cb072bef80df221f46a22b\",etargetScriptID=\"etargetScript7a9b589f63cb072bef80df221f46a22b\",etargetPostloadPoint=document.createElement(\"div\");etargetPostloadPoint.id=etargetDivID;var etargetCurScript=document.getElementById(etargetScriptID);etargetCurScript.parentNode.appendChild(etargetPostloadPoint),document.addEventListener(\"scroll\",etargetPostloadFunction7a9b589f63cb072bef80df221f46a22b),document.addEventListener(\"resize\",etargetPostloadFunction7a9b589f63cb072bef80df221f46a22b),document.addEventListener(\"DOMContentLoaded\",etargetPostloadFunction7a9b589f63cb072bef80df221f46a22b);var etargetAllowOtherCheck=!0;if(typeof(\"forceRunPostload\")==\"string\"){etargetPostloadFunction7a9b589f63cb072bef80df221f46a22b()}<\/script><\/div>\n<p>A term\u00e9szetben ilyenkor m\u00e1r am\u00fagy is kevesebb vir\u00e1g adhat t\u00e1pl\u00e1l\u00e9kot a m\u00e9heknek, az idei id\u0151j\u00e1r\u00e1s pedig tov\u00e1bb s\u00falyosb\u00edtotta a helyzetet. A tart\u00f3s csapad\u00e9khi\u00e1ny miatt a n\u00f6v\u00e9nyek jelent\u0151s r\u00e9sze id\u0151 el\u0151tt elvir\u00e1gzott vagy ki sem tudott megfelel\u0151en fejl\u0151dni. A h\u0151s\u00e9g pedig tov\u00e1bb gyors\u00edtotta a talaj kisz\u00e1rad\u00e1s\u00e1t.<\/p>\n<p>Az Orsz\u00e1gos Magyar M\u00e9h\u00e9szeti Egyes\u00fcletfigyelmeztet\u00e9se szerint a term\u00e9szetes vir\u00e1gporforr\u00e1sok hi\u00e1nya ak\u00e1r a hazai m\u00e9hpopul\u00e1ci\u00f3 80 sz\u00e1zal\u00e9k\u00e1t is \u00e9rintheti. A probl\u00e9ma k\u00fcl\u00f6n\u00f6sen az\u00e9rt s\u00falyos, mert a m\u00e9hek sz\u00e1m\u00e1ra a vir\u00e1gpor nem egyszer\u0171en egy \u00fajabb t\u00e1pl\u00e1l\u00e9kforr\u00e1s: ez biztos\u00edtja a m\u00e9hcsal\u00e1d sz\u00e1m\u00e1ra sz\u00fcks\u00e9ges feh\u00e9rj\u00e9t.<\/p>\n<h2>A fiatal m\u00e9hek fejl\u0151d\u00e9s\u00e9hez n\u00e9lk\u00fcl\u00f6zhetetlen a pollen<\/h2>\n<p>A vir\u00e1gpor hi\u00e1nya miatt a m\u00e9hcsal\u00e1dokban le\u00e1llt vagy jelent\u0151sen visszaesett a pet\u00e9z\u00e9s, \u00e9s sok csal\u00e1dban alig tal\u00e1lhat\u00f3 fias\u00edt\u00e1s. Ilyen m\u00e9rt\u00e9k\u0171 visszaes\u00e9st \u00e9vtizedek \u00f3ta nem tapasztaltak.<\/p>\n<p>Ha tart\u00f3san kev\u00e9s pollenhez jutnak, a csal\u00e1d fejl\u0151d\u00e9se lelassulhat, ami hosszabb t\u00e1von az eg\u00e9sz kol\u00f3nia \u00e1llapot\u00e1ra hat\u00e1ssal lehet.<\/p>\n<p>A neh\u00e9zs\u00e9geket fokozza, hogy a m\u00e9heknek v\u00edzre is sz\u00fcks\u00e9g\u00fck van. A dolgoz\u00f3k a kapt\u00e1rba sz\u00e1ll\u00edtott v\u00edzzel seg\u00edtik a csal\u00e1d h\u0171t\u00e9s\u00e9t, illetve a kir\u00e1lyn\u0151 \u00e9s a l\u00e1rv\u00e1k megfelel\u0151 k\u00f6r\u00fclm\u00e9nyeinek fenntart\u00e1s\u00e1t. A forr\u00f3s\u00e1g idej\u00e9n ez k\u00fcl\u00f6n\u00f6sen fontos lenne.<\/p>\n<p>Ahogy a k\u00f6rnyezetben egyre kevesebb v\u00edz \u00e9s t\u00e1pl\u00e1l\u00e9k marad, a m\u00e9heknek egyre messzebbre kell rep\u00fclni\u00fck. A hosszabb utak t\u00f6bb energi\u00e1t ig\u00e9nyelnek, mik\u00f6zben az \u00fat k\u00f6zben felhaszn\u00e1lt energia is tov\u00e1bb n\u00f6veli a csal\u00e1d terhel\u00e9s\u00e9t.<\/p>\n<p>A sz\u00e1razs\u00e1g hat\u00e1s\u00e1ra olyan ter\u00fcletek sem tudnak m\u00e1r t\u00e1pl\u00e1l\u00e9kot ny\u00fajtani, amelyek m\u00e1s \u00e9vekben a ny\u00e1r v\u00e9g\u00e9n m\u00e9g fontos mened\u00e9ket jelenthetnek. A foly\u00f3partok, m\u00e9lyebb fekv\u00e9s\u0171 ter\u00fcletek \u00e9s egy\u00e9b nedvesebb \u00e9l\u0151helyek kisz\u00e1rad\u00e1sa tov\u00e1bb sz\u0171k\u00edtette a m\u00e9hek lehet\u0151s\u00e9geit.<\/p>\n<h2>Bajban vannak a m\u00e9h\u00e9szek \u00e9s a term\u00e9szet is<\/h2>\n<p>A nekt\u00e1rforr\u00e1sok elt\u0171n\u00e9se a m\u00e9ztermel\u00e9sre is hat\u00e1ssal van. A m\u00e9h\u00e9szek sz\u00e1m\u00e1ra azonban enn\u00e9l nagyobb gondot jelenthet, ha a m\u00e9hcsal\u00e1dok \u0151sszel nem tudnak a t\u00e9lre felk\u00e9sz\u00fclni \u00e9s el\u00e9gg\u00e9 meger\u0151s\u00f6dni. Az idei ny\u00e1r k\u00f6vetkezm\u00e9nyei ez\u00e9rt j\u00f3val tov\u00e1bb tarthatnak ann\u00e1l, mint ameddig a h\u0151s\u00e9g \u00e9s az asz\u00e1ly tart. A v\u00e1rhat\u00f3 m\u00e9hcsal\u00e1d-vesztes\u00e9gek a m\u00e9h\u00e9szek sz\u00e1m\u00e1ra komoly gazdas\u00e1gi visszaes\u00e9st jelenthetnek.<\/p>\n<p>Az\u00e9rt is probl\u00e9ma jelent a csal\u00e1dok pusztul\u00e1sa, mert az \u00e1llatj\u00f3l\u00e9ti t\u00e1mogato\u00e1sokat kap\u00f3 m\u00e9h\u00e9szeknek meghat\u00e1rozt\u00e1k, hogy mennyi m\u00e9hcsal\u00e1dot kell fenntartaniuk, \u00edgy el\u0151fordulhat, hogy \u00f6nhib\u00e1jukon k\u00edv\u00fcl sem tudj\u00e1k teljes\u00edteni ezeket a k\u00f6vetelm\u00e9nyeket.<\/p>\n<p>A szakemberek szerint ez\u00e9rt a jelenlegi helyzet a 2027-es m\u00e9h\u00e9szeti \u00e9vre is hat\u00e1ssal lehet. A gyeng\u00e9bb csal\u00e1dok nehezebben v\u00e9szelhetik \u00e1t a telet, tavasszal pedig lassabban indulhat \u00fajra a fejl\u0151d\u00e9s\u00fck.<\/p>\n<p>A probl\u00e9ma t\u00falmutat a m\u00e9h\u00e9szeten. A m\u00e9zel\u0151 m\u00e9hek a mez\u0151gazdas\u00e1gban \u00e9s a term\u00e9szetes \u00f6kosziszt\u00e9m\u00e1kban is fontos beporz\u00f3k, \u00edgy a m\u00e9hcsal\u00e1dok \u00e1llapota k\u00f6zvetve az \u00e9lelmiszer-termel\u00e9s szempontj\u00e1b\u00f3l is jelent\u0151s.<\/p>\n<p>Kor\u00e1bban meg\u00edrtuk, hogy <a href=\"https:\/\/sokszinuvidek.24.hu\/mozaik\/2022\/06\/13\/mehfarm-olasz-mehfarm-alvas-mehek-kozott\/\" target=\"_blank\" rel=\"noopener\">egymilli\u00f3 m\u00e9h k\u00f6z\u00f6tt aludhatunk egy olasz farmon<\/a> \u00e9s besz\u00e1moltunk arr\u00f3l is, hogy <a href=\"https:\/\/sokszinuvidek.24.hu\/kertunk-portank\/2022\/05\/06\/beporzo-dron-meh\/\" target=\"_blank\" rel=\"noopener\">D\u00e9l-Kore\u00e1ban dr\u00f3nokkal pr\u00f3b\u00e1lj\u00e1k helyettes\u00edteni a m\u00e9heket<\/a>.<\/p>\n<div class=\"o-post__articRecommend m-articRecommend -hasImg cf article-recommendation-container cf _ce_measure_widget\" data-ce-measure-widget=\"Cikkaj\u00e1nl\u00f3 widget\">\n<div class=\"m-articRecommend__widgetTitle\">Kapcsol\u00f3d\u00f3<\/div>\n<div class=\"m-articRecommend__imgWrap image-container\"><a href=\"https:\/\/sokszinuvidek.24.hu\/kertunk-portank\/2024\/05\/03\/mehek-vegeztek-harom-loval-ivanban\/\" target=\"_self\"><img loading=\"lazy\" decoding=\"async\" width=\"480\" height=\"270\" src=\"https:\/\/s.24.hu\/app\/uploads\/sites\/11\/2024\/05\/lovak-e1714731759953-480x270.jpg\" class=\"img-responsive wp-post-image\" alt=\"\" \/><\/a><\/div>\n<div class=\"m-articRecommend__cntWrap content-container \">\n\t\t\t<a href=\"https:\/\/sokszinuvidek.24.hu\/kertunk-portank\/2024\/05\/03\/mehek-vegeztek-harom-loval-ivanban\/\" target=\"_self\" class=\"m-articRecommend__title ar-title\">M\u00e9hek v\u00e9geztek h\u00e1rom l\u00f3val egy csal\u00e1di gazdas\u00e1gban Iv\u00e1nban<\/a>\n<div class=\"m-articRecommend__lead ar-lead\">Egy feln\u0151tt \u00e1llat \u00e9s k\u00e9t csik\u00f3 pusztult el.<\/div>\n<\/div>\n<\/div>\n<p>The post <a href=\"https:\/\/sokszinuvidek.24.hu\/viragzo-videkunk\/2026\/08\/31\/mehek-aszaly-pollen\/\" target=\"_blank\">\u00c9heznek a magyar m\u00e9hek: az asz\u00e1ly a vir\u00e1gokat is elt\u00fcntette a t\u00e1jb\u00f3l<\/a> first appeared on <a href=\"https:\/\/sokszinuvidek.24.hu\/\" target=\"_blank\">Soksz\u00edn\u0171 vid\u00e9k<\/a>.<\/p><div id=\"friss-4040918783\" class=\"friss-etarget-cikk-vege friss-entity-placement\"><script type=\"text\/javascript\" id=\"etargetScript7a9b589f63cb072bef80df221f46a22b\">function etargetPostloadFunction7a9b589f63cb072bef80df221f46a22b(){var e=\"etargetPostload7a9b589f63cb072bef80df221f46a22b\",t=\"etargetScript7a9b589f63cb072bef80df221f46a22b\",o=document.getElementById(e);if(o){for(var n=o.offsetTop,d=o.offsetLeft,r=o.offsetWidth,a=o.offsetHeight;o.offsetParent;)o=o.offsetParent,n+=o.offsetTop,d+=o.offsetLeft;var i=(n<=window.pageYOffset+window.innerHeight&&d<window.pageXOffset+window.innerWidth&&n+a>window.pageYOffset&&d+r>window.pageXOffset);if(i&&etargetAllowOtherCheck){allowed=!1;var c=document.createElement(\"script\");return c.src=\"\/\/hu.search.etargetnet.com\/generic\/uni.php?g=ref:58661,area:700x210\",void(document.getElementById(t)&&document.getElementById(e)&&(document.getElementById(t).parentNode.appendChild(c),document.getElementById(t).parentNode.removeChild(document.getElementById(t)),document.getElementById(e).parentNode.removeChild(document.getElementById(e)),document.removeEventListener(\"scroll\",etargetPostloadFunction7a9b589f63cb072bef80df221f46a22b),document.removeEventListener(\"resize\",etargetPostloadFunction7a9b589f63cb072bef80df221f46a22b),document.removeEventListener(\"DOMContentLoaded\",etargetPostloadFunction7a9b589f63cb072bef80df221f46a22b)))}}}var etargetDivID=\"etargetPostload7a9b589f63cb072bef80df221f46a22b\",etargetScriptID=\"etargetScript7a9b589f63cb072bef80df221f46a22b\",etargetPostloadPoint=document.createElement(\"div\");etargetPostloadPoint.id=etargetDivID;var etargetCurScript=document.getElementById(etargetScriptID);etargetCurScript.parentNode.appendChild(etargetPostloadPoint),document.addEventListener(\"scroll\",etargetPostloadFunction7a9b589f63cb072bef80df221f46a22b),document.addEventListener(\"resize\",etargetPostloadFunction7a9b589f63cb072bef80df221f46a22b),document.addEventListener(\"DOMContentLoaded\",etargetPostloadFunction7a9b589f63cb072bef80df221f46a22b);var etargetAllowOtherCheck=!0;if(typeof(\"forceRunPostload\")==\"string\"){etargetPostloadFunction7a9b589f63cb072bef80df221f46a22b()}<\/script><\/div><div id=\"friss-3204427212\" class=\"friss-after-content friss-entity-placement\"><script type=\"text\/javascript\" id=\"etargetScript7a9b589f63cb072bef80df221f46a22b\">function etargetPostloadFunction7a9b589f63cb072bef80df221f46a22b(){var e=\"etargetPostload7a9b589f63cb072bef80df221f46a22b\",t=\"etargetScript7a9b589f63cb072bef80df221f46a22b\",o=document.getElementById(e);if(o){for(var n=o.offsetTop,d=o.offsetLeft,r=o.offsetWidth,a=o.offsetHeight;o.offsetParent;)o=o.offsetParent,n+=o.offsetTop,d+=o.offsetLeft;var i=(n<=window.pageYOffset+window.innerHeight&&d<window.pageXOffset+window.innerWidth&&n+a>window.pageYOffset&&d+r>window.pageXOffset);if(i&&etargetAllowOtherCheck){allowed=!1;var c=document.createElement(\"script\");return c.src=\"\/\/hu.search.etargetnet.com\/generic\/uni.php?g=ref:58661,area:700x210\",void(document.getElementById(t)&&document.getElementById(e)&&(document.getElementById(t).parentNode.appendChild(c),document.getElementById(t).parentNode.removeChild(document.getElementById(t)),document.getElementById(e).parentNode.removeChild(document.getElementById(e)),document.removeEventListener(\"scroll\",etargetPostloadFunction7a9b589f63cb072bef80df221f46a22b),document.removeEventListener(\"resize\",etargetPostloadFunction7a9b589f63cb072bef80df221f46a22b),document.removeEventListener(\"DOMContentLoaded\",etargetPostloadFunction7a9b589f63cb072bef80df221f46a22b)))}}}var etargetDivID=\"etargetPostload7a9b589f63cb072bef80df221f46a22b\",etargetScriptID=\"etargetScript7a9b589f63cb072bef80df221f46a22b\",etargetPostloadPoint=document.createElement(\"div\");etargetPostloadPoint.id=etargetDivID;var etargetCurScript=document.getElementById(etargetScriptID);etargetCurScript.parentNode.appendChild(etargetPostloadPoint),document.addEventListener(\"scroll\",etargetPostloadFunction7a9b589f63cb072bef80df221f46a22b),document.addEventListener(\"resize\",etargetPostloadFunction7a9b589f63cb072bef80df221f46a22b),document.addEventListener(\"DOMContentLoaded\",etargetPostloadFunction7a9b589f63cb072bef80df221f46a22b);var etargetAllowOtherCheck=!0;if(typeof(\"forceRunPostload\")==\"string\"){etargetPostloadFunction7a9b589f63cb072bef80df221f46a22b()}<\/script><\/div><div id=\"friss-2597441134\" class=\"friss-after-content_2 friss-entity-placement\" style=\"clear: both;\"><div class=\"wprss_ajax\" data-id=\"rssf8542d6732\"><img loading=\"lazy\" decoding=\"async\" src=\"https:\/\/friss-hirek.hu\/wp-content\/plugins\/wp-rss-retriever\/inc\/imgs\/ajax-loader.gif\" alt=\"Loading RSS Feed\" width=\"16\" height=\"16\"><\/div><\/div><br style=\"clear: both; display: block; float: none;\"\/><div id=\"friss-2732793661\" class=\"friss-after-content_3 friss-entity-placement\">https:\/\/www.youtube.com\/watch?v=Pdnw4KiUWp0<\/div>","protected":false},"excerpt":{"rendered":"<p>Az idei ny\u00e1r sz\u00e9ls\u0151s\u00e9ges id\u0151j\u00e1r\u00e1sa a m\u00e9hcsal\u00e1dokat is rendk\u00edv\u00fcl neh\u00e9z helyzetbe hozta. A hosszan tart\u00f3 sz\u00e1razs\u00e1g \u00e9s az egym\u00e1st k\u00f6vet\u0151 h\u0151hull\u00e1mok miatt augusztusra az orsz\u00e1g sz\u00e1mos r\u00e9sz\u00e9n alig maradt term\u00e9szetes nekt\u00e1r- \u00e9s pollenforr\u00e1s. Az Orsz\u00e1gos Magyar M\u00e9h\u00e9szeti Egyes\u00fclet szerint a pollenhi\u00e1ny a magyar m\u00e9h\u00e1llom\u00e1ny jelent\u0151s r\u00e9sz\u00e9t \u00e9rintheti. A term\u00e9szetben ilyenkor m\u00e1r am\u00fagy is kevesebb vir\u00e1g [&hellip;]<\/p>\n","protected":false},"author":1,"featured_media":0,"comment_status":"open","ping_status":"open","sticky":false,"template":"","format":"standard","meta":{"footnotes":""},"categories":[6],"tags":[],"class_list":["post-170977","post","type-post","status-publish","format-standard","hentry","category-videk"],"amp_enabled":true,"_links":{"self":[{"href":"https:\/\/friss-hirek.hu\/index.php\/wp-json\/wp\/v2\/posts\/170977","targetHints":{"allow":["GET"]}}],"collection":[{"href":"https:\/\/friss-hirek.hu\/index.php\/wp-json\/wp\/v2\/posts"}],"about":[{"href":"https:\/\/friss-hirek.hu\/index.php\/wp-json\/wp\/v2\/types\/post"}],"author":[{"embeddable":true,"href":"https:\/\/friss-hirek.hu\/index.php\/wp-json\/wp\/v2\/users\/1"}],"replies":[{"embeddable":true,"href":"https:\/\/friss-hirek.hu\/index.php\/wp-json\/wp\/v2\/comments?post=170977"}],"version-history":[{"count":0,"href":"https:\/\/friss-hirek.hu\/index.php\/wp-json\/wp\/v2\/posts\/170977\/revisions"}],"wp:attachment":[{"href":"https:\/\/friss-hirek.hu\/index.php\/wp-json\/wp\/v2\/media?parent=170977"}],"wp:term":[{"taxonomy":"category","embeddable":true,"href":"https:\/\/friss-hirek.hu\/index.php\/wp-json\/wp\/v2\/categories?post=170977"},{"taxonomy":"post_tag","embeddable":true,"href":"https:\/\/friss-hirek.hu\/index.php\/wp-json\/wp\/v2\/tags?post=170977"}],"curies":[{"name":"wp","href":"https:\/\/api.w.org\/{rel}","templated":true}]}}