{"id":170983,"date":"2026-08-31T11:12:39","date_gmt":"2026-08-31T11:12:39","guid":{"rendered":"https:\/\/friss-hirek.hu\/index.php\/ingyenes-legiparadeval-unneplik-a-90-eves-repteret\/friss-hirek\/"},"modified":"2026-08-31T11:12:39","modified_gmt":"2026-08-31T11:12:39","slug":"ingyenes-legiparadeval-unneplik-a-90-eves-repteret","status":"publish","type":"post","link":"https:\/\/friss-hirek.hu\/index.php\/ingyenes-legiparadeval-unneplik-a-90-eves-repteret\/videk\/","title":{"rendered":"Ingyenes l\u00e9gipar\u00e1d\u00e9val \u00fcnneplik a 90 \u00e9ves repteret"},"content":{"rendered":"<p>A kilencven\u00e9ves b\u00f6rg\u00f6ndi rep\u00fcl\u0151t\u00e9r tisztelet\u00e9re id\u00e9n ingyenesen l\u00e1togathat\u00f3 a B\u00f6rg\u00f6ndi L\u00e9gipar\u00e1d\u00e9 szeptember 13-\u00e1n, vas\u00e1rnap, amelyen ott lesz Bessenyei P\u00e9ter m\u0171rep\u00fcl\u0151-vil\u00e1gbajnok \u00e9s V\u00e1ri Gyula motoros m\u0171rep\u00fcl\u0151 is.<\/p><div id=\"friss-183670891\" class=\"friss-etarget friss-entity-placement\"><script type=\"text\/javascript\" id=\"etargetScript7a9b589f63cb072bef80df221f46a22b\">function etargetPostloadFunction7a9b589f63cb072bef80df221f46a22b(){var e=\"etargetPostload7a9b589f63cb072bef80df221f46a22b\",t=\"etargetScript7a9b589f63cb072bef80df221f46a22b\",o=document.getElementById(e);if(o){for(var n=o.offsetTop,d=o.offsetLeft,r=o.offsetWidth,a=o.offsetHeight;o.offsetParent;)o=o.offsetParent,n+=o.offsetTop,d+=o.offsetLeft;var i=(n<=window.pageYOffset+window.innerHeight&&d<window.pageXOffset+window.innerWidth&&n+a>window.pageYOffset&&d+r>window.pageXOffset);if(i&&etargetAllowOtherCheck){allowed=!1;var c=document.createElement(\"script\");return c.src=\"\/\/hu.search.etargetnet.com\/generic\/uni.php?g=ref:58661,area:700x210\",void(document.getElementById(t)&&document.getElementById(e)&&(document.getElementById(t).parentNode.appendChild(c),document.getElementById(t).parentNode.removeChild(document.getElementById(t)),document.getElementById(e).parentNode.removeChild(document.getElementById(e)),document.removeEventListener(\"scroll\",etargetPostloadFunction7a9b589f63cb072bef80df221f46a22b),document.removeEventListener(\"resize\",etargetPostloadFunction7a9b589f63cb072bef80df221f46a22b),document.removeEventListener(\"DOMContentLoaded\",etargetPostloadFunction7a9b589f63cb072bef80df221f46a22b)))}}}var etargetDivID=\"etargetPostload7a9b589f63cb072bef80df221f46a22b\",etargetScriptID=\"etargetScript7a9b589f63cb072bef80df221f46a22b\",etargetPostloadPoint=document.createElement(\"div\");etargetPostloadPoint.id=etargetDivID;var etargetCurScript=document.getElementById(etargetScriptID);etargetCurScript.parentNode.appendChild(etargetPostloadPoint),document.addEventListener(\"scroll\",etargetPostloadFunction7a9b589f63cb072bef80df221f46a22b),document.addEventListener(\"resize\",etargetPostloadFunction7a9b589f63cb072bef80df221f46a22b),document.addEventListener(\"DOMContentLoaded\",etargetPostloadFunction7a9b589f63cb072bef80df221f46a22b);var etargetAllowOtherCheck=!0;if(typeof(\"forceRunPostload\")==\"string\"){etargetPostloadFunction7a9b589f63cb072bef80df221f46a22b()}<\/script><\/div>\n<p>A sz\u00e9kesfeh\u00e9rv\u00e1ri \u00f6nkorm\u00e1nyzati kommunik\u00e1ci\u00f3s k\u00f6zpont MTI-hez eljuttatott k\u00f6zlem\u00e9nyben id\u00e9zt\u00e9k Cser-Palkovics Andr\u00e1st, a v\u00e1ros polg\u00e1rmester\u00e9t, aki eml\u00e9keztetett: a tavalyi 30. rep\u00fcl\u0151naphoz az id\u0151j\u00e1r\u00e1s nem volt kegyes, t\u00f6bb program is elmaradt, ez\u00e9rt szeretn\u00e9k k\u00e1rp\u00f3tolni a k\u00f6z\u00f6ns\u00e9get.<\/p>\n<p>Id\u00e9n kilencven\u00e9ves a b\u00f6rg\u00f6ndi rep\u00fcl\u00e9s, 1936. szeptember 17-\u00e9n hozt\u00e1k l\u00e9tre a Rep\u00fcl\u0151 Id\u0151jelz\u0151 Vezet\u00e9si T\u00f6rzset, \u00edgy ezzel a gesztussal szeretn\u00e9nek tisztelegni is azok el\u0151tt az \u00e9gi lovagok el\u0151tt, akik 1936-t\u00f3l kezdve ak\u00e1r a polg\u00e1ri, ak\u00e1r a katonai rep\u00fcl\u00e9sben feltett\u00e9k Sz\u00e9kesfeh\u00e9rv\u00e1rt, B\u00f6rg\u00f6nd\u00f6t az aeronautikai navig\u00e1ci\u00f3s t\u00e9rk\u00e9pekre \u2013 fogalmazott a polg\u00e1rmester.<\/p>\n<p>A programk\u00edn\u00e1latr\u00f3l J\u00f3zsa D\u00e1vid, az Albatrosz Rep\u00fcl\u0151 Egyes\u00fclet aleln\u00f6ke sz\u00e1molt be, aki el\u00e1rulta, igazi unikummal v\u00e1rj\u00e1k a rep\u00fcl\u00e9s szerelmeseit.<\/p>\n<blockquote class=\"_ce_measure_widget\" data-ce-measure-widget=\"Id\u00e9zet\">\n<p>Folyamatosan gyarapszik a b\u00f6rg\u00f6ndi rep\u00fcl\u00e9st\u00f6rt\u00e9neti gy\u0171jtem\u00e9ny. J\u00f6v\u0151 h\u00e9ten, hossz\u00fa sz\u00fcnet ut\u00e1n \u00fajra rep\u00fcl\u0151k\u00e9pes lesz a magyar gy\u00e1rt\u00e1s\u00fa, Cinke t\u00edpus\u00fa vitorl\u00e1z\u00f3g\u00e9p, amib\u0151l \u00f6sszesen h\u00fasz darab k\u00e9sz\u00fclt \u00e9s ez az egyetlen p\u00e9ld\u00e1ny, amely helyrehozhat\u00f3 lett. A k\u00fcl\u00f6nleges g\u00e9pet is l\u00e1thatja a rep\u00fcl\u0151napra kil\u00e1togat\u00f3 k\u00f6z\u00f6ns\u00e9g.<\/p>\n<\/blockquote>\n<p>A 31. B\u00f6rg\u00f6ndi L\u00e9gipar\u00e1d\u00e9n ott lesz Bessenyei P\u00e9ter m\u0171rep\u00fcl\u0151-vil\u00e1gbajnok, V\u00e1ri Gyula motoros m\u0171rep\u00fcl\u0151, a b\u00f6rg\u00f6ndi helikopteres rep\u00fcl\u00e9st meghat\u00e1roz\u00f3 g\u00e9pek \u2013 a Mi-2-es, a Kamov Ka-26-os helikopter \u2013 egy L-29 Delfin t\u00edpus\u00fa sug\u00e1rhajt\u00e1s\u00fa rep\u00fcl\u0151g\u00e9p, valamint a Magyar Honv\u00e9ds\u00e9g rep\u00fcl\u0151i.<\/p>\n<p>A szervez\u0151k \u2013 t\u00f6bbek k\u00f6z\u00f6tt \u2013 ejt\u0151erny\u0151s bemutat\u00f3kkal, szakmai programokkal, p\u00f3diumbesz\u00e9lget\u00e9sekkel, s\u00e9tarep\u00fcl\u00e9ssel, rep\u00fcl\u0151szimul\u00e1torokkal, k\u00e9zm\u0171ves v\u00e1s\u00e1rral, gyerekj\u00e1tsz\u00f3t\u00e9rrel, gasztroudvarral \u00e9s tombol\u00e1val is v\u00e1rj\u00e1k az \u00e9rdekl\u0151d\u0151ket. A B\u00f6rg\u00f6ndi Rep\u00fcl\u00e9st\u00f6rt\u00e9neti Gy\u0171jtem\u00e9nynek k\u00f6sz\u00f6nhet\u0151en a b\u00e1zis 90 \u00e9ves m\u00faltj\u00e1hoz kapcsol\u00f3d\u00f3 t\u00e1rgyi eml\u00e9kek \u00e9s hazai gy\u00e1rt\u00e1s\u00fa vitorl\u00e1z\u00f3rep\u00fcl\u0151g\u00e9pek is l\u00e1that\u00f3ak lesznek.<\/p>\n<p>A B\u00f6rg\u00f6ndi L\u00e9gipar\u00e1d\u00e9ra a bel\u00e9p\u00e9s d\u00edjmentes, azonban a biztons\u00e1gi el\u0151\u00edr\u00e1sok betart\u00e1sa \u00e9s a rendezv\u00e9nyter\u00fclet kapacit\u00e1s\u00e1nak nyomon k\u00f6vet\u00e9se \u00e9rdek\u00e9ben ingyenes regisztr\u00e1ci\u00f3s karszalaghoz k\u00f6t\u00f6tt, amely a helysz\u00ednen vehet\u0151 \u00e1t. A parkol\u00f3 haszn\u00e1lata d\u00edjk\u00f6teles.<\/p>\n<p>Kor\u00e1bban meg\u00edrtuk, hogy <a href=\"https:\/\/sokszinuvidek.24.hu\/viragzo-videkunk\/2026\/08\/16\/repulogep-leszallas-autopalya-erdely\/\" target=\"_blank\" rel=\"noopener\">rep\u00fcl\u0151g\u00e9pek lesz\u00e1ll\u00e1s\u00e1ra is alkalmas aut\u00f3p\u00e1ly\u00e1t \u00e9p\u00edtenek Erd\u00e9lyben<\/a> \u00e9s besz\u00e1moltunk arr\u00f3l is, hogy a <a href=\"https:\/\/sokszinuvidek.24.hu\/viragzo-videkunk\/2025\/05\/02\/pittsburgh-repuloter-mehparadicsom\/\" target=\"_blank\" rel=\"noopener\">m\u00e9hek paradicsoma lett egy nemzetk\u00f6zi rep\u00fcl\u0151t\u00e9r<\/a>.<\/p>\n<div class=\"o-post__articRecommend m-articRecommend -hasImg cf article-recommendation-container cf _ce_measure_widget\" data-ce-measure-widget=\"Cikkaj\u00e1nl\u00f3 widget\">\n<div class=\"m-articRecommend__widgetTitle\">Kapcsol\u00f3d\u00f3<\/div>\n<div class=\"m-articRecommend__imgWrap image-container\"><a href=\"https:\/\/sokszinuvidek.24.hu\/viragzo-videkunk\/2026\/08\/18\/holegballon-kozep-europa-kupa-2026-szeged\/\" target=\"_self\"><img loading=\"lazy\" decoding=\"async\" width=\"480\" height=\"270\" src=\"https:\/\/s.24.hu\/app\/uploads\/sites\/11\/2026\/08\/emotions-2875354_1280-e1714991430768-480x270.jpg\" class=\"img-responsive wp-post-image\" alt=\"\" \/><\/a><\/div>\n<div class=\"m-articRecommend__cntWrap content-container \">\n\t\t\t<a href=\"https:\/\/sokszinuvidek.24.hu\/viragzo-videkunk\/2026\/08\/18\/holegballon-kozep-europa-kupa-2026-szeged\/\" target=\"_self\" class=\"m-articRecommend__title ar-title\">Sz\u00ednes h\u0151l\u00e9gballonok lepik el az eget: itt lehet majd l\u00e1tni \u0151ket<\/a>\n<div class=\"m-articRecommend__lead ar-lead\">N\u00e9gy napon kereszt\u00fcl festik sz\u00ednesre az eget.<\/div>\n<\/div>\n<\/div>\n<p>The post <a href=\"https:\/\/sokszinuvidek.24.hu\/viragzo-videkunk\/2026\/08\/31\/ingyenes-borgondi-legiparade-90-eves-repuloter\/\" target=\"_blank\">Ingyenes l\u00e9gipar\u00e1d\u00e9val \u00fcnneplik a 90 \u00e9ves repteret<\/a> first appeared on <a href=\"https:\/\/sokszinuvidek.24.hu\/\" target=\"_blank\">Soksz\u00edn\u0171 vid\u00e9k<\/a>.<\/p><div id=\"friss-1758605937\" class=\"friss-etarget-cikk-vege friss-entity-placement\"><script type=\"text\/javascript\" id=\"etargetScript7a9b589f63cb072bef80df221f46a22b\">function etargetPostloadFunction7a9b589f63cb072bef80df221f46a22b(){var e=\"etargetPostload7a9b589f63cb072bef80df221f46a22b\",t=\"etargetScript7a9b589f63cb072bef80df221f46a22b\",o=document.getElementById(e);if(o){for(var n=o.offsetTop,d=o.offsetLeft,r=o.offsetWidth,a=o.offsetHeight;o.offsetParent;)o=o.offsetParent,n+=o.offsetTop,d+=o.offsetLeft;var i=(n<=window.pageYOffset+window.innerHeight&&d<window.pageXOffset+window.innerWidth&&n+a>window.pageYOffset&&d+r>window.pageXOffset);if(i&&etargetAllowOtherCheck){allowed=!1;var c=document.createElement(\"script\");return c.src=\"\/\/hu.search.etargetnet.com\/generic\/uni.php?g=ref:58661,area:700x210\",void(document.getElementById(t)&&document.getElementById(e)&&(document.getElementById(t).parentNode.appendChild(c),document.getElementById(t).parentNode.removeChild(document.getElementById(t)),document.getElementById(e).parentNode.removeChild(document.getElementById(e)),document.removeEventListener(\"scroll\",etargetPostloadFunction7a9b589f63cb072bef80df221f46a22b),document.removeEventListener(\"resize\",etargetPostloadFunction7a9b589f63cb072bef80df221f46a22b),document.removeEventListener(\"DOMContentLoaded\",etargetPostloadFunction7a9b589f63cb072bef80df221f46a22b)))}}}var etargetDivID=\"etargetPostload7a9b589f63cb072bef80df221f46a22b\",etargetScriptID=\"etargetScript7a9b589f63cb072bef80df221f46a22b\",etargetPostloadPoint=document.createElement(\"div\");etargetPostloadPoint.id=etargetDivID;var etargetCurScript=document.getElementById(etargetScriptID);etargetCurScript.parentNode.appendChild(etargetPostloadPoint),document.addEventListener(\"scroll\",etargetPostloadFunction7a9b589f63cb072bef80df221f46a22b),document.addEventListener(\"resize\",etargetPostloadFunction7a9b589f63cb072bef80df221f46a22b),document.addEventListener(\"DOMContentLoaded\",etargetPostloadFunction7a9b589f63cb072bef80df221f46a22b);var etargetAllowOtherCheck=!0;if(typeof(\"forceRunPostload\")==\"string\"){etargetPostloadFunction7a9b589f63cb072bef80df221f46a22b()}<\/script><\/div><div id=\"friss-4140158405\" class=\"friss-after-content friss-entity-placement\"><script type=\"text\/javascript\" id=\"etargetScript7a9b589f63cb072bef80df221f46a22b\">function etargetPostloadFunction7a9b589f63cb072bef80df221f46a22b(){var e=\"etargetPostload7a9b589f63cb072bef80df221f46a22b\",t=\"etargetScript7a9b589f63cb072bef80df221f46a22b\",o=document.getElementById(e);if(o){for(var n=o.offsetTop,d=o.offsetLeft,r=o.offsetWidth,a=o.offsetHeight;o.offsetParent;)o=o.offsetParent,n+=o.offsetTop,d+=o.offsetLeft;var i=(n<=window.pageYOffset+window.innerHeight&&d<window.pageXOffset+window.innerWidth&&n+a>window.pageYOffset&&d+r>window.pageXOffset);if(i&&etargetAllowOtherCheck){allowed=!1;var c=document.createElement(\"script\");return c.src=\"\/\/hu.search.etargetnet.com\/generic\/uni.php?g=ref:58661,area:700x210\",void(document.getElementById(t)&&document.getElementById(e)&&(document.getElementById(t).parentNode.appendChild(c),document.getElementById(t).parentNode.removeChild(document.getElementById(t)),document.getElementById(e).parentNode.removeChild(document.getElementById(e)),document.removeEventListener(\"scroll\",etargetPostloadFunction7a9b589f63cb072bef80df221f46a22b),document.removeEventListener(\"resize\",etargetPostloadFunction7a9b589f63cb072bef80df221f46a22b),document.removeEventListener(\"DOMContentLoaded\",etargetPostloadFunction7a9b589f63cb072bef80df221f46a22b)))}}}var etargetDivID=\"etargetPostload7a9b589f63cb072bef80df221f46a22b\",etargetScriptID=\"etargetScript7a9b589f63cb072bef80df221f46a22b\",etargetPostloadPoint=document.createElement(\"div\");etargetPostloadPoint.id=etargetDivID;var etargetCurScript=document.getElementById(etargetScriptID);etargetCurScript.parentNode.appendChild(etargetPostloadPoint),document.addEventListener(\"scroll\",etargetPostloadFunction7a9b589f63cb072bef80df221f46a22b),document.addEventListener(\"resize\",etargetPostloadFunction7a9b589f63cb072bef80df221f46a22b),document.addEventListener(\"DOMContentLoaded\",etargetPostloadFunction7a9b589f63cb072bef80df221f46a22b);var etargetAllowOtherCheck=!0;if(typeof(\"forceRunPostload\")==\"string\"){etargetPostloadFunction7a9b589f63cb072bef80df221f46a22b()}<\/script><\/div><div id=\"friss-837605220\" class=\"friss-after-content_2 friss-entity-placement\" style=\"clear: both;\"><div class=\"wprss_ajax\" data-id=\"rssbe565f3bde\"><img loading=\"lazy\" decoding=\"async\" src=\"https:\/\/friss-hirek.hu\/wp-content\/plugins\/wp-rss-retriever\/inc\/imgs\/ajax-loader.gif\" alt=\"Loading RSS Feed\" width=\"16\" height=\"16\"><\/div><\/div><br style=\"clear: both; display: block; float: none;\"\/><div id=\"friss-127459509\" class=\"friss-after-content_3 friss-entity-placement\">https:\/\/www.youtube.com\/watch?v=Pdnw4KiUWp0<\/div>","protected":false},"excerpt":{"rendered":"<p>A kilencven\u00e9ves b\u00f6rg\u00f6ndi rep\u00fcl\u0151t\u00e9r tisztelet\u00e9re id\u00e9n ingyenesen l\u00e1togathat\u00f3 a B\u00f6rg\u00f6ndi L\u00e9gipar\u00e1d\u00e9 szeptember 13-\u00e1n, vas\u00e1rnap, amelyen ott lesz Bessenyei P\u00e9ter m\u0171rep\u00fcl\u0151-vil\u00e1gbajnok \u00e9s V\u00e1ri Gyula motoros m\u0171rep\u00fcl\u0151 is. A sz\u00e9kesfeh\u00e9rv\u00e1ri \u00f6nkorm\u00e1nyzati kommunik\u00e1ci\u00f3s k\u00f6zpont MTI-hez eljuttatott k\u00f6zlem\u00e9nyben id\u00e9zt\u00e9k Cser-Palkovics Andr\u00e1st, a v\u00e1ros polg\u00e1rmester\u00e9t, aki eml\u00e9keztetett: a tavalyi 30. rep\u00fcl\u0151naphoz az id\u0151j\u00e1r\u00e1s nem volt kegyes, t\u00f6bb program is elmaradt, [&hellip;]<\/p>\n","protected":false},"author":1,"featured_media":0,"comment_status":"open","ping_status":"open","sticky":false,"template":"","format":"standard","meta":{"footnotes":""},"categories":[6],"tags":[],"class_list":["post-170983","post","type-post","status-publish","format-standard","hentry","category-videk"],"amp_enabled":true,"_links":{"self":[{"href":"https:\/\/friss-hirek.hu\/index.php\/wp-json\/wp\/v2\/posts\/170983","targetHints":{"allow":["GET"]}}],"collection":[{"href":"https:\/\/friss-hirek.hu\/index.php\/wp-json\/wp\/v2\/posts"}],"about":[{"href":"https:\/\/friss-hirek.hu\/index.php\/wp-json\/wp\/v2\/types\/post"}],"author":[{"embeddable":true,"href":"https:\/\/friss-hirek.hu\/index.php\/wp-json\/wp\/v2\/users\/1"}],"replies":[{"embeddable":true,"href":"https:\/\/friss-hirek.hu\/index.php\/wp-json\/wp\/v2\/comments?post=170983"}],"version-history":[{"count":0,"href":"https:\/\/friss-hirek.hu\/index.php\/wp-json\/wp\/v2\/posts\/170983\/revisions"}],"wp:attachment":[{"href":"https:\/\/friss-hirek.hu\/index.php\/wp-json\/wp\/v2\/media?parent=170983"}],"wp:term":[{"taxonomy":"category","embeddable":true,"href":"https:\/\/friss-hirek.hu\/index.php\/wp-json\/wp\/v2\/categories?post=170983"},{"taxonomy":"post_tag","embeddable":true,"href":"https:\/\/friss-hirek.hu\/index.php\/wp-json\/wp\/v2\/tags?post=170983"}],"curies":[{"name":"wp","href":"https:\/\/api.w.org\/{rel}","templated":true}]}}