{"id":170990,"date":"2026-08-31T14:14:53","date_gmt":"2026-08-31T14:14:53","guid":{"rendered":"https:\/\/friss-hirek.hu\/index.php\/hasznalata-egyaltalan-nem-javasolt-kiderult-milyen-lelegeztetogepeket-szerzett-be-a-szijjarto-fele-kulugy-300-milliardert\/friss-hirek\/"},"modified":"2026-08-31T14:14:53","modified_gmt":"2026-08-31T14:14:53","slug":"hasznalata-egyaltalan-nem-javasolt-kiderult-milyen-lelegeztetogepeket-szerzett-be-a-szijjarto-fele-kulugy-300-milliardert","status":"publish","type":"post","link":"https:\/\/friss-hirek.hu\/index.php\/hasznalata-egyaltalan-nem-javasolt-kiderult-milyen-lelegeztetogepeket-szerzett-be-a-szijjarto-fele-kulugy-300-milliardert\/uzlet\/","title":{"rendered":"\u201eHaszn\u00e1lata egy\u00e1ltal\u00e1n nem javasolt.\u201d Kider\u00fclt, milyen l\u00e9legeztet\u0151g\u00e9peket szerzett be a Szijj\u00e1rt\u00f3-f\u00e9le k\u00fcl\u00fcgy 300 milli\u00e1rd\u00e9rt"},"content":{"rendered":"<p><strong>Az Orb\u00e1n-korm\u00e1ny Covid-beszerz\u00e9sei kapcs\u00e1n k\u00fcl\u00f6n\u00f6sen jelent\u0151s vagyoni h\u00e1tr\u00e1nyt okoz\u00f3 h\u0171tlen kezel\u00e9s gyan\u00faj\u00e1val t\u00f6rt\u00e9nt meg a feljelent\u00e9s.<\/strong><\/p><div id=\"friss-3584499252\" class=\"friss-etarget friss-entity-placement\"><script type=\"text\/javascript\" id=\"etargetScript7a9b589f63cb072bef80df221f46a22b\">function etargetPostloadFunction7a9b589f63cb072bef80df221f46a22b(){var e=\"etargetPostload7a9b589f63cb072bef80df221f46a22b\",t=\"etargetScript7a9b589f63cb072bef80df221f46a22b\",o=document.getElementById(e);if(o){for(var n=o.offsetTop,d=o.offsetLeft,r=o.offsetWidth,a=o.offsetHeight;o.offsetParent;)o=o.offsetParent,n+=o.offsetTop,d+=o.offsetLeft;var i=(n<=window.pageYOffset+window.innerHeight&&d<window.pageXOffset+window.innerWidth&&n+a>window.pageYOffset&&d+r>window.pageXOffset);if(i&&etargetAllowOtherCheck){allowed=!1;var c=document.createElement(\"script\");return c.src=\"\/\/hu.search.etargetnet.com\/generic\/uni.php?g=ref:58661,area:700x210\",void(document.getElementById(t)&&document.getElementById(e)&&(document.getElementById(t).parentNode.appendChild(c),document.getElementById(t).parentNode.removeChild(document.getElementById(t)),document.getElementById(e).parentNode.removeChild(document.getElementById(e)),document.removeEventListener(\"scroll\",etargetPostloadFunction7a9b589f63cb072bef80df221f46a22b),document.removeEventListener(\"resize\",etargetPostloadFunction7a9b589f63cb072bef80df221f46a22b),document.removeEventListener(\"DOMContentLoaded\",etargetPostloadFunction7a9b589f63cb072bef80df221f46a22b)))}}}var etargetDivID=\"etargetPostload7a9b589f63cb072bef80df221f46a22b\",etargetScriptID=\"etargetScript7a9b589f63cb072bef80df221f46a22b\",etargetPostloadPoint=document.createElement(\"div\");etargetPostloadPoint.id=etargetDivID;var etargetCurScript=document.getElementById(etargetScriptID);etargetCurScript.parentNode.appendChild(etargetPostloadPoint),document.addEventListener(\"scroll\",etargetPostloadFunction7a9b589f63cb072bef80df221f46a22b),document.addEventListener(\"resize\",etargetPostloadFunction7a9b589f63cb072bef80df221f46a22b),document.addEventListener(\"DOMContentLoaded\",etargetPostloadFunction7a9b589f63cb072bef80df221f46a22b);var etargetAllowOtherCheck=!0;if(typeof(\"forceRunPostload\")==\"string\"){etargetPostloadFunction7a9b589f63cb072bef80df221f46a22b()}<\/script><\/div>\n<p><strong>Mi t\u00f6rt\u00e9nt?<\/strong> Eg\u00e9szen hihetetlen r\u00e9szleteket osztott meg a Szijj\u00e1rt\u00f3 P\u00e9ter-f\u00e9le K\u00fcl\u00fcgyminiszt\u00e9rium Covid-alatti l\u00e9legeztet\u0151g\u00e9p-beszerz\u00e9s\u00e9r\u0151l Velkey Gy\u00f6rgy L\u00e1szl\u00f3, az \u00faj  K\u00fcl\u00fcgyminiszt\u00e9rium parlamenti \u00e1llamtitk\u00e1ra. A beszerzett term\u00e9kekr\u0151l mindent elmond, hogy k\u00f6zel nyolcezer g\u00e9pet a fel\u00fclvizsg\u00e1l\u00f3 szak\u00e9rt\u0151k a \u201ehaszn\u00e1lata egy\u00e1ltal\u00e1n nem javasolt\u201d kater\u00f3gi\u00e1ba tettek.<\/p>\n<p><strong>R\u00e9szletek. <\/strong>Az \u00e1llamtitk\u00e1r <a href=\"https:\/\/www.facebook.com\/tisza.budapest.06oevk\/posts\/pfbid0E2gw3mLiumQhCFjYbjeVMmEwVsezaDQZmRrnUD6Pqz13xn246Q8mDLNWHcxHshfml\">posztj\u00e1ban<\/a> t\u00f6bb besz\u00e1mol\u00f3t is megosztott a l\u00e9legeztet\u0151g\u00e9pekr\u00f3l alkotott szakv\u00e9lem\u00e9nyek k\u00f6z\u00fcl.<\/p>\n<ul class=\"wp-block-list\">\n<li>\u201cA beadott leveg\u0151mennyis\u00e9get \u00e1ll\u00edt\u00f3 gomb l\u00f6ty\u00f6g, 13 (!)-szor lehet k\u00f6rbeforgatni a k\u00e9t v\u00e9g\u00e1llapot k\u00f6z\u00f6tt. Ez lehetetlenn\u00e9 teszi a pontos be\u00e1ll\u00edt\u00e1st.\u201d<\/li>\n<li>\u201cA g\u00e9pn\u00e9l FIX az oxig\u00e9nszint, ami egy l\u00e9legeztet\u0151g\u00e9pn\u00e9l elfogadhatatlan, emellett a fenti hib\u00e1k (teker\u0151gombok min\u0151s\u00e9ge, be\u00e1ll\u00edtand\u00f3 param\u00e9terek \u00e9s be\u00e1ll\u00edthat\u00f3s\u00e1g) erre a g\u00e9pre is \u00e9rv\u00e9nyesek. Az interneten fellelhet\u0151 le\u00edr\u00e1sban a g\u00e9pen k\u00ednai feliratok szerepeltek, \u00edgy nem volt tudhat\u00f3, hogy nem \u00e1ll\u00edthat\u00f3 az oxig\u00e9nszint. En\u00e9lk\u00fcl egy l\u00e9legeztet\u0151g\u00e9p klinikai helyzetben nem haszn\u00e1lhat\u00f3. Ennek a g\u00e9pnek a visszautas\u00edt\u00e1s\u00e1t javaslom.\u201d<\/li>\n<li>\u201cA teker\u0151gombok nem r\u00f6gz\u00fclnek a hely\u00fck\u00f6n, t\u00f6bbsz\u00f6r a kez\u00fcnkben maradtak. A gombok m\u0171k\u00f6d\u00e9se egyr\u00e9szt mechanikai okb\u00f3l bizonytalan (hajlamos leesni), m\u00e1sr\u00e9szt kis mozdulatokra t\u00fal nagy v\u00e1ltoz\u00e1s t\u00f6rt\u00e9nik. A be\u00e1ll\u00edtott kil\u00e9gz\u00e9sv\u00e9gi nyom\u00e1st bizonytalanul tartja a g\u00e9p, csak nehezen be\u00e1ll\u00edthat\u00f3 a l\u00e9gz\u00e9si volumen.\u201d<\/li>\n<\/ul>\n<p><strong>Mit jelent ez a gyakorlatban? <\/strong>A fel\u00fclvizsg\u00e1l\u00f3 katonaorvos a Szijj\u00e1rt\u00f3\u00e9k \u00e1ltal beszerzett 16 583 g\u00e9pet A, B, \u00e9s C kateg\u00f3ri\u00e1kba sorolta, amelyekb\u0151l az A jel\u00f6lte a val\u00f3ban haszn\u00e1lhat\u00f3 eszk\u00f6z\u00f6ket: ide 8413 g\u00e9pet soroltak be. A B jelz\u00e9s al\u00e1 a \u201es\u00falyos kompromisszummal haszn\u00e1lhat\u00f3, de nem javasolt\u201d, a C-be pedig  a \u201ehaszn\u00e1lata egy\u00e1ltal\u00e1n nem javasolt\u201d g\u00e9pek ker\u00fcltek \u2013 a k\u00e9t kateg\u00f3ri\u00e1ba \u00f6sszesen 7874 f\u00e9rt be, a 300 milli\u00e1rd forint\u00e9rt beszerzett eszk\u00f6zpark k\u00f6zel fele.<\/p>\n<blockquote class=\"wp-block-quote is-layout-flow wp-block-quote-is-layout-flow\">\n<p>\u201eK\u00e9s\u0151bb azt\u00e1n a katonaorvos A, B, C min\u0151s\u00edt\u00e9seib\u0151l mind\u00f6ssze k\u00e9t kateg\u00f3ri\u00e1t csin\u00e1ltak a Szijj\u00e1rt\u00f3-f\u00e9le miniszt\u00e9riumban: \u201ckiv\u00e1l\u00f3\u201d \u00e9s \u201cj\u00f3\u201d kateg\u00f3ri\u00e1kat. A \u201ckiv\u00e1l\u00f3ba\u201d ker\u00fcltek az \u201cA\u201d g\u00e9pek, a \u201cj\u00f3ba\u201d pedig a \u201cB\u201d \u00e9s a \u201cC\u201d g\u00e9pek. Teh\u00e1t m\u00e9g egyszer: azok a g\u00e9pek is a \u201cj\u00f3\u201d kateg\u00f3ri\u00e1ba ker\u00fcltek, amiket el\u0151zetesen haszn\u00e1lhatatlannak min\u0151s\u00edtettek\u201d, \u00edrta Velkey. <\/p>\n<\/blockquote>\n<p>Az \u00e1llamtitk\u00e1r hozz\u00e1tette: ezt k\u00f6vet\u0151en olyan g\u00e9pek is ker\u00fcltek be az eg\u00e9szs\u00e9g\u00fcgybe, amik kor\u00e1bban a les\u00fajt\u00f3 min\u0151s\u00edt\u00e9seket hozt\u00e1k \u00f6ssze. A sz\u00e1zmilli\u00e1rdok\u00e9rt beszerzett g\u00e9pekn\u00e9l r\u00e1ad\u00e1sul gyakran a megfelel\u0151 tan\u00fas\u00edtv\u00e1nyok is hi\u00e1nyoztak, sok esetben pedig csak k\u00ednai le\u00edr\u00e1ssal \u00e9rkeztek, amiket ut\u00f3lag kellett matric\u00e1zni Velkey posztja szerint.<\/p>\n<p><strong>Kontextus. <\/strong>A K\u00fcl\u00fcgyminiszt\u00e9rium az <a href=\"https:\/\/www.forbes.hu\/uzlet\/orban-elso-feljelentese-tippelj-mekkorara-becsulik-a-kart\/\">\u00fcgyben kor\u00e1bban m\u00e1r megtette a feljelent\u00e9st<\/a> k\u00fcl\u00f6n\u00f6sen jelent\u0151s vagyoni h\u00e1tr\u00e1nyt okoz\u00f3 h\u0171tlen kezel\u00e9s \u00e9s egy\u00e9b b\u0171ncselekm\u00e9nyek gyan\u00faj\u00e1val, ismeretlen tettes ellen. <\/p>\n<p><!-- No email blocks found --><\/p>\n<p>The post <a href=\"https:\/\/www.forbes.hu\/hirek\/lelegeztetogep-velkey-szijjarto\/\">\u201eHaszn\u00e1lata egy\u00e1ltal\u00e1n nem javasolt.\u201d Kider\u00fclt, milyen l\u00e9legeztet\u0151g\u00e9peket szerzett be a Szijj\u00e1rt\u00f3-f\u00e9le k\u00fcl\u00fcgy 300 milli\u00e1rd\u00e9rt<\/a> appeared first on <a href=\"https:\/\/www.forbes.hu\/\">Forbes.hu<\/a>.<\/p><div id=\"friss-392600048\" class=\"friss-etarget-cikk-vege friss-entity-placement\"><script type=\"text\/javascript\" id=\"etargetScript7a9b589f63cb072bef80df221f46a22b\">function etargetPostloadFunction7a9b589f63cb072bef80df221f46a22b(){var e=\"etargetPostload7a9b589f63cb072bef80df221f46a22b\",t=\"etargetScript7a9b589f63cb072bef80df221f46a22b\",o=document.getElementById(e);if(o){for(var n=o.offsetTop,d=o.offsetLeft,r=o.offsetWidth,a=o.offsetHeight;o.offsetParent;)o=o.offsetParent,n+=o.offsetTop,d+=o.offsetLeft;var i=(n<=window.pageYOffset+window.innerHeight&&d<window.pageXOffset+window.innerWidth&&n+a>window.pageYOffset&&d+r>window.pageXOffset);if(i&&etargetAllowOtherCheck){allowed=!1;var c=document.createElement(\"script\");return c.src=\"\/\/hu.search.etargetnet.com\/generic\/uni.php?g=ref:58661,area:700x210\",void(document.getElementById(t)&&document.getElementById(e)&&(document.getElementById(t).parentNode.appendChild(c),document.getElementById(t).parentNode.removeChild(document.getElementById(t)),document.getElementById(e).parentNode.removeChild(document.getElementById(e)),document.removeEventListener(\"scroll\",etargetPostloadFunction7a9b589f63cb072bef80df221f46a22b),document.removeEventListener(\"resize\",etargetPostloadFunction7a9b589f63cb072bef80df221f46a22b),document.removeEventListener(\"DOMContentLoaded\",etargetPostloadFunction7a9b589f63cb072bef80df221f46a22b)))}}}var etargetDivID=\"etargetPostload7a9b589f63cb072bef80df221f46a22b\",etargetScriptID=\"etargetScript7a9b589f63cb072bef80df221f46a22b\",etargetPostloadPoint=document.createElement(\"div\");etargetPostloadPoint.id=etargetDivID;var etargetCurScript=document.getElementById(etargetScriptID);etargetCurScript.parentNode.appendChild(etargetPostloadPoint),document.addEventListener(\"scroll\",etargetPostloadFunction7a9b589f63cb072bef80df221f46a22b),document.addEventListener(\"resize\",etargetPostloadFunction7a9b589f63cb072bef80df221f46a22b),document.addEventListener(\"DOMContentLoaded\",etargetPostloadFunction7a9b589f63cb072bef80df221f46a22b);var etargetAllowOtherCheck=!0;if(typeof(\"forceRunPostload\")==\"string\"){etargetPostloadFunction7a9b589f63cb072bef80df221f46a22b()}<\/script><\/div><div id=\"friss-3243296136\" class=\"friss-after-content friss-entity-placement\"><script type=\"text\/javascript\" id=\"etargetScript7a9b589f63cb072bef80df221f46a22b\">function etargetPostloadFunction7a9b589f63cb072bef80df221f46a22b(){var e=\"etargetPostload7a9b589f63cb072bef80df221f46a22b\",t=\"etargetScript7a9b589f63cb072bef80df221f46a22b\",o=document.getElementById(e);if(o){for(var n=o.offsetTop,d=o.offsetLeft,r=o.offsetWidth,a=o.offsetHeight;o.offsetParent;)o=o.offsetParent,n+=o.offsetTop,d+=o.offsetLeft;var i=(n<=window.pageYOffset+window.innerHeight&&d<window.pageXOffset+window.innerWidth&&n+a>window.pageYOffset&&d+r>window.pageXOffset);if(i&&etargetAllowOtherCheck){allowed=!1;var c=document.createElement(\"script\");return c.src=\"\/\/hu.search.etargetnet.com\/generic\/uni.php?g=ref:58661,area:700x210\",void(document.getElementById(t)&&document.getElementById(e)&&(document.getElementById(t).parentNode.appendChild(c),document.getElementById(t).parentNode.removeChild(document.getElementById(t)),document.getElementById(e).parentNode.removeChild(document.getElementById(e)),document.removeEventListener(\"scroll\",etargetPostloadFunction7a9b589f63cb072bef80df221f46a22b),document.removeEventListener(\"resize\",etargetPostloadFunction7a9b589f63cb072bef80df221f46a22b),document.removeEventListener(\"DOMContentLoaded\",etargetPostloadFunction7a9b589f63cb072bef80df221f46a22b)))}}}var etargetDivID=\"etargetPostload7a9b589f63cb072bef80df221f46a22b\",etargetScriptID=\"etargetScript7a9b589f63cb072bef80df221f46a22b\",etargetPostloadPoint=document.createElement(\"div\");etargetPostloadPoint.id=etargetDivID;var etargetCurScript=document.getElementById(etargetScriptID);etargetCurScript.parentNode.appendChild(etargetPostloadPoint),document.addEventListener(\"scroll\",etargetPostloadFunction7a9b589f63cb072bef80df221f46a22b),document.addEventListener(\"resize\",etargetPostloadFunction7a9b589f63cb072bef80df221f46a22b),document.addEventListener(\"DOMContentLoaded\",etargetPostloadFunction7a9b589f63cb072bef80df221f46a22b);var etargetAllowOtherCheck=!0;if(typeof(\"forceRunPostload\")==\"string\"){etargetPostloadFunction7a9b589f63cb072bef80df221f46a22b()}<\/script><\/div><div id=\"friss-4263160246\" class=\"friss-after-content_2 friss-entity-placement\" style=\"clear: both;\"><div class=\"wprss_ajax\" data-id=\"rss28029c6d3c\"><img loading=\"lazy\" decoding=\"async\" src=\"https:\/\/friss-hirek.hu\/wp-content\/plugins\/wp-rss-retriever\/inc\/imgs\/ajax-loader.gif\" alt=\"Loading RSS Feed\" width=\"16\" height=\"16\"><\/div><\/div><br style=\"clear: both; display: block; float: none;\"\/><div id=\"friss-2743749964\" class=\"friss-after-content_3 friss-entity-placement\">https:\/\/www.youtube.com\/watch?v=Pdnw4KiUWp0<\/div>","protected":false},"excerpt":{"rendered":"<p>Az Orb\u00e1n-korm\u00e1ny Covid-beszerz\u00e9sei kapcs\u00e1n k\u00fcl\u00f6n\u00f6sen jelent\u0151s vagyoni h\u00e1tr\u00e1nyt okoz\u00f3 h\u0171tlen kezel\u00e9s gyan\u00faj\u00e1val t\u00f6rt\u00e9nt meg a feljelent\u00e9s. Mi t\u00f6rt\u00e9nt? Eg\u00e9szen hihetetlen r\u00e9szleteket osztott meg a Szijj\u00e1rt\u00f3 P\u00e9ter-f\u00e9le K\u00fcl\u00fcgyminiszt\u00e9rium Covid-alatti l\u00e9legeztet\u0151g\u00e9p-beszerz\u00e9s\u00e9r\u0151l Velkey Gy\u00f6rgy L\u00e1szl\u00f3, az \u00faj K\u00fcl\u00fcgyminiszt\u00e9rium parlamenti \u00e1llamtitk\u00e1ra. A beszerzett term\u00e9kekr\u0151l mindent elmond, hogy k\u00f6zel nyolcezer g\u00e9pet a fel\u00fclvizsg\u00e1l\u00f3 szak\u00e9rt\u0151k a \u201ehaszn\u00e1lata egy\u00e1ltal\u00e1n nem javasolt\u201d kater\u00f3gi\u00e1ba [&hellip;]<\/p>\n","protected":false},"author":1,"featured_media":0,"comment_status":"open","ping_status":"open","sticky":false,"template":"","format":"standard","meta":{"footnotes":""},"categories":[7],"tags":[],"class_list":["post-170990","post","type-post","status-publish","format-standard","hentry","category-uzlet"],"amp_enabled":true,"_links":{"self":[{"href":"https:\/\/friss-hirek.hu\/index.php\/wp-json\/wp\/v2\/posts\/170990","targetHints":{"allow":["GET"]}}],"collection":[{"href":"https:\/\/friss-hirek.hu\/index.php\/wp-json\/wp\/v2\/posts"}],"about":[{"href":"https:\/\/friss-hirek.hu\/index.php\/wp-json\/wp\/v2\/types\/post"}],"author":[{"embeddable":true,"href":"https:\/\/friss-hirek.hu\/index.php\/wp-json\/wp\/v2\/users\/1"}],"replies":[{"embeddable":true,"href":"https:\/\/friss-hirek.hu\/index.php\/wp-json\/wp\/v2\/comments?post=170990"}],"version-history":[{"count":0,"href":"https:\/\/friss-hirek.hu\/index.php\/wp-json\/wp\/v2\/posts\/170990\/revisions"}],"wp:attachment":[{"href":"https:\/\/friss-hirek.hu\/index.php\/wp-json\/wp\/v2\/media?parent=170990"}],"wp:term":[{"taxonomy":"category","embeddable":true,"href":"https:\/\/friss-hirek.hu\/index.php\/wp-json\/wp\/v2\/categories?post=170990"},{"taxonomy":"post_tag","embeddable":true,"href":"https:\/\/friss-hirek.hu\/index.php\/wp-json\/wp\/v2\/tags?post=170990"}],"curies":[{"name":"wp","href":"https:\/\/api.w.org\/{rel}","templated":true}]}}