{"id":171001,"date":"2026-08-31T16:16:03","date_gmt":"2026-08-31T16:16:03","guid":{"rendered":"https:\/\/friss-hirek.hu\/index.php\/varatlan-lepesre-szanta-el-magat-unger-anna-a-kozbizalom-javitasa-erdekeben\/friss-hirek\/"},"modified":"2026-08-31T16:16:03","modified_gmt":"2026-08-31T16:16:03","slug":"varatlan-lepesre-szanta-el-magat-unger-anna-a-kozbizalom-javitasa-erdekeben","status":"publish","type":"post","link":"https:\/\/friss-hirek.hu\/index.php\/varatlan-lepesre-szanta-el-magat-unger-anna-a-kozbizalom-javitasa-erdekeben\/uzlet\/","title":{"rendered":"V\u00e1ratlan l\u00e9p\u00e9sre sz\u00e1nta el mag\u00e1t Unger Anna a k\u00f6zbizalom jav\u00edt\u00e1sa \u00e9rdek\u00e9ben"},"content":{"rendered":"<p><strong>A Nemzeti Vagyonvisszaszerz\u00e9si \u00e9s Vagyonv\u00e9delmi Hivatal vezet\u0151je \u00e9rz\u00e9kelte a k\u00f6zhangulatot.<\/strong><\/p><div id=\"friss-224671660\" class=\"friss-etarget friss-entity-placement\"><script type=\"text\/javascript\" id=\"etargetScript7a9b589f63cb072bef80df221f46a22b\">function etargetPostloadFunction7a9b589f63cb072bef80df221f46a22b(){var e=\"etargetPostload7a9b589f63cb072bef80df221f46a22b\",t=\"etargetScript7a9b589f63cb072bef80df221f46a22b\",o=document.getElementById(e);if(o){for(var n=o.offsetTop,d=o.offsetLeft,r=o.offsetWidth,a=o.offsetHeight;o.offsetParent;)o=o.offsetParent,n+=o.offsetTop,d+=o.offsetLeft;var i=(n<=window.pageYOffset+window.innerHeight&&d<window.pageXOffset+window.innerWidth&&n+a>window.pageYOffset&&d+r>window.pageXOffset);if(i&&etargetAllowOtherCheck){allowed=!1;var c=document.createElement(\"script\");return c.src=\"\/\/hu.search.etargetnet.com\/generic\/uni.php?g=ref:58661,area:700x210\",void(document.getElementById(t)&&document.getElementById(e)&&(document.getElementById(t).parentNode.appendChild(c),document.getElementById(t).parentNode.removeChild(document.getElementById(t)),document.getElementById(e).parentNode.removeChild(document.getElementById(e)),document.removeEventListener(\"scroll\",etargetPostloadFunction7a9b589f63cb072bef80df221f46a22b),document.removeEventListener(\"resize\",etargetPostloadFunction7a9b589f63cb072bef80df221f46a22b),document.removeEventListener(\"DOMContentLoaded\",etargetPostloadFunction7a9b589f63cb072bef80df221f46a22b)))}}}var etargetDivID=\"etargetPostload7a9b589f63cb072bef80df221f46a22b\",etargetScriptID=\"etargetScript7a9b589f63cb072bef80df221f46a22b\",etargetPostloadPoint=document.createElement(\"div\");etargetPostloadPoint.id=etargetDivID;var etargetCurScript=document.getElementById(etargetScriptID);etargetCurScript.parentNode.appendChild(etargetPostloadPoint),document.addEventListener(\"scroll\",etargetPostloadFunction7a9b589f63cb072bef80df221f46a22b),document.addEventListener(\"resize\",etargetPostloadFunction7a9b589f63cb072bef80df221f46a22b),document.addEventListener(\"DOMContentLoaded\",etargetPostloadFunction7a9b589f63cb072bef80df221f46a22b);var etargetAllowOtherCheck=!0;if(typeof(\"forceRunPostload\")==\"string\"){etargetPostloadFunction7a9b589f63cb072bef80df221f46a22b()}<\/script><\/div>\n<p><strong>Mi t\u00f6rt\u00e9nt?<\/strong> A szem\u00e9ly\u00e9vel kapcsolatos k\u00f6zbizalom jav\u00edt\u00e1sa \u00e9rdek\u00e9ben nyilv\u00e1noss\u00e1gra fogja hozni p\u00e1ly\u00e1zati anyag\u00e1t Unger Anna, a Nemzeti Vagyonvisszaszerz\u00e9si \u00e9s Vagyonv\u00e9delmi Hivatal m\u00falt h\u00e9ten megv\u00e1lasztott vezet\u0151je, \u00edrja a <a href=\"https:\/\/444.hu\/2026\/08\/31\/unger-anna-nyilvanossagra-fogja-hozni-a-palyazati-anyagat\">444<\/a>. <\/p>\n<div class=\"related-post-links\">\n<p>\t\t<span class=\"related-post-links__title minititle\">T\u00f6bb ebb\u0151l<\/span><\/p>\n<div class=\"related-post-links__link-wrapper\">\n\t\t\t\t<a href=\"https:\/\/www.forbes.hu\/hirek\/nvvh-magyar-hadhazy\/\" class=\"related-post-links__link\">Nem adj\u00e1k ki, melyik NVVH-eln\u00f6kjel\u00f6lt h\u00e1ny pontot \u00e9rt el a kiv\u00e1laszt\u00e1s sor\u00e1n, Hadh\u00e1zy \u00c1kos rem\u00e9li, nem kell perelni \u00e9rte<\/a>\n\t\t\t<\/div>\n<div class=\"related-post-links__link-wrapper\">\n\t\t\t\t<a href=\"https:\/\/www.forbes.hu\/hirek\/nvvh-ti-tamogatas\/\" class=\"related-post-links__link\">\u201eAz egy\u00fcttm\u0171k\u00f6d\u00e9sre m\u00e1r az els\u0151 napt\u00f3l nyitottak vagyunk.\u201d Reag\u00e1lt a Transparency International az NVVH l\u00e9trej\u00f6tt\u00e9re<\/a>\n\t\t\t<\/div>\n<\/div>\n<p><strong>R\u00e9szletek. <\/strong>A lap cikke szerint Unger Anna a Kossuth R\u00e1di\u00f3 vend\u00e9ge volt h\u00e9tf\u0151n, ahol elmondta, a p\u00e1ly\u00e1zati anyag\u00e1ban semmi meglepet\u00e9s nem lesz ahhoz k\u00e9pest, mint amit eddig nyilv\u00e1nosan elmondott. A bizalom er\u0151s\u00edt\u00e9se \u00e9rdek\u00e9ben azonban nem csak saj\u00e1t, de eln\u00f6khelyetteseinek p\u00e1ly\u00e1zat\u00e1t is nyilv\u00e1noss\u00e1gra hozn\u00e1. <\/p>\n<p><strong>Mir\u0151l volt m\u00e9g sz\u00f3? <\/strong>A 444 cikke szerint Unger elmondta, az <a href=\"https:\/\/www.forbes.hu\/uzlet\/unger-anna-elarulta-mikor-indulhat-az-elso-nyomozas-az-nvvh-ban\/\">NVVH feladata ugyan a k\u00f6zvagyonveszt\u00e9sek felt\u00e1r\u00e1sa<\/a>, a vagyonelemek megtal\u00e1l\u00e1sa, majd visszaszerz\u00e9se, szerinte erre a c\u00e9lra az igazs\u00e1gszolg\u00e1ltat\u00e1s eddig l\u00e9tez\u0151 szervei is teljesen alkalmasak lettek volna. Szerinte ez\u00e9rt az NVVH legal\u00e1bb ilyen fontos feladata az, hogy helyre\u00e1ll\u00edtsa a k\u00f6zbizalmat, ezzel seg\u00edtve a demokr\u00e1cia \u00fajj\u00e1\u00e9p\u00edt\u00e9s\u00e9t. \u201eAmit \u00e9n a rendszerv\u00e1lt\u00e1sokr\u00f3l tudok, az az, hogyha nincs tiszta lap, \u00e9s nincs tiszt\u00e1zva, hogy mi t\u00f6rt\u00e9nt az el\u0151z\u0151 rendszerben, akkor azok a rendszerv\u00e1lt\u00e1sok nem szoktak sikeresek lenni, mert a konszolid\u00e1ci\u00f3 nem lesz megval\u00f3s\u00edthat\u00f3\u201d, mondta Unger. <\/p>\n<p><strong>NVVH.\u00a0<\/strong>A<a href=\"https:\/\/www.forbes.hu\/hirek\/nvvh-unger-anna-szavazas\/\"> most l\u00e9trej\u00f6v\u0151 hivatal feladata<\/a>, hogy az elt\u0171nt milli\u00e1rdok nyom\u00e1ba eredjen, beazonos\u00edtsa a felel\u0151s\u00f6ket, visszavegye a jogtalanul szerzett vagyonokat, \u00e9s megel\u0151zze, hogy a j\u00f6v\u0151ben hasonl\u00f3 vissza\u00e9l\u00e9sek t\u00f6rt\u00e9nhessenek. A hivatal ehhez\u00a0<a href=\"https:\/\/www.forbes.hu\/hirek\/nemzeti-vagyonvisszaszerzesi-es-vagyonvedelmi-hivatal\/\" target=\"_blank\" rel=\"noreferrer noopener\">szinte p\u00e9ld\u00e1tlan jogk\u00f6r\u00f6ket kap majd<\/a>:<\/p>\n<ul class=\"wp-block-list\">\n<li>joga lesz bel\u00e9pni a vizsg\u00e1lathoz kapcsol\u00f3d\u00f3 helyis\u00e9gekbe, iratt\u00e1rakba, rakt\u00e1rakba, szerverszob\u00e1kba,<\/li>\n<li>\u00e1tn\u00e9zhet minden relev\u00e1ns iratot, nyilv\u00e1ntart\u00e1st, szerz\u0151d\u00e9st, elektronikus adatr\u00f6gz\u00edt\u0151t, vizsg\u00e1lhatja a fel\u00fcgyelet al\u00e1 vont gazd\u00e1lkod\u00f3 szervezet fizet\u00e9si sz\u00e1ml\u00e1j\u00e1t \u00e9s p\u00e9nz\u00fcgyi eszk\u00f6zeit,<\/li>\n<li>a k\u00f6zvagyon visszaszerz\u00e9se \u00e9s v\u00e9delme \u00e9rdek\u00e9ben nyomozati \u00e9s v\u00e1dk\u00e9pviseleti hat\u00e1sk\u00f6r\u00f6ket gyakorolhat,<\/li>\n<li>illetve k\u00e9rheti a rend\u0151rs\u00e9g, az \u00fcgy\u00e9szs\u00e9g, a Nemzeti Ad\u00f3- \u00e9s V\u00e1mhivatal vagy egy\u00e9b szerv k\u00f6zrem\u0171k\u00f6d\u00e9s\u00e9t.<\/li>\n<\/ul>\n<p>Vezet\u0151je \u00e9s n\u00e9gy eln\u00f6khelyettese k\u00fcl\u00f6nleges rend\u0151ri v\u00e9delem alatt fog \u00e1llni, mentelmi joggal. A n\u00e9gy eln\u00f6khelyettesb\u0151l h\u00e1rom \u00fcgy\u00e9sz lesz. A Hivatal vezet\u0151i \u00e9s teljes szem\u00e9lyi \u00e1llom\u00e1nya kiz\u00e1r\u00f3lag a jogszab\u00e1lyoknak van al\u00e1rendelve, m\u00e1s szervt\u0151l vagy szem\u00e9lyt\u0151l nem fogadhatnak el utas\u00edt\u00e1st, feladatot. A Hivatal eln\u00f6ke \u00e9ves nyilv\u00e1nos besz\u00e1mol\u00f3t k\u00e9sz\u00edt a tev\u00e9kenys\u00e9g\u00e9r\u0151l az Orsz\u00e1ggy\u0171l\u00e9snek.<\/p>\n<p><!-- No email blocks found --><\/p>\n<p>The post <a href=\"https:\/\/www.forbes.hu\/hirek\/unegr-anna-palyazat\/\">V\u00e1ratlan l\u00e9p\u00e9sre sz\u00e1nta el mag\u00e1t Unger Anna a k\u00f6zbizalom jav\u00edt\u00e1sa \u00e9rdek\u00e9ben<\/a> appeared first on <a href=\"https:\/\/www.forbes.hu\/\">Forbes.hu<\/a>.<\/p><div id=\"friss-1611871328\" class=\"friss-etarget-cikk-vege friss-entity-placement\"><script type=\"text\/javascript\" id=\"etargetScript7a9b589f63cb072bef80df221f46a22b\">function etargetPostloadFunction7a9b589f63cb072bef80df221f46a22b(){var e=\"etargetPostload7a9b589f63cb072bef80df221f46a22b\",t=\"etargetScript7a9b589f63cb072bef80df221f46a22b\",o=document.getElementById(e);if(o){for(var n=o.offsetTop,d=o.offsetLeft,r=o.offsetWidth,a=o.offsetHeight;o.offsetParent;)o=o.offsetParent,n+=o.offsetTop,d+=o.offsetLeft;var i=(n<=window.pageYOffset+window.innerHeight&&d<window.pageXOffset+window.innerWidth&&n+a>window.pageYOffset&&d+r>window.pageXOffset);if(i&&etargetAllowOtherCheck){allowed=!1;var c=document.createElement(\"script\");return c.src=\"\/\/hu.search.etargetnet.com\/generic\/uni.php?g=ref:58661,area:700x210\",void(document.getElementById(t)&&document.getElementById(e)&&(document.getElementById(t).parentNode.appendChild(c),document.getElementById(t).parentNode.removeChild(document.getElementById(t)),document.getElementById(e).parentNode.removeChild(document.getElementById(e)),document.removeEventListener(\"scroll\",etargetPostloadFunction7a9b589f63cb072bef80df221f46a22b),document.removeEventListener(\"resize\",etargetPostloadFunction7a9b589f63cb072bef80df221f46a22b),document.removeEventListener(\"DOMContentLoaded\",etargetPostloadFunction7a9b589f63cb072bef80df221f46a22b)))}}}var etargetDivID=\"etargetPostload7a9b589f63cb072bef80df221f46a22b\",etargetScriptID=\"etargetScript7a9b589f63cb072bef80df221f46a22b\",etargetPostloadPoint=document.createElement(\"div\");etargetPostloadPoint.id=etargetDivID;var etargetCurScript=document.getElementById(etargetScriptID);etargetCurScript.parentNode.appendChild(etargetPostloadPoint),document.addEventListener(\"scroll\",etargetPostloadFunction7a9b589f63cb072bef80df221f46a22b),document.addEventListener(\"resize\",etargetPostloadFunction7a9b589f63cb072bef80df221f46a22b),document.addEventListener(\"DOMContentLoaded\",etargetPostloadFunction7a9b589f63cb072bef80df221f46a22b);var etargetAllowOtherCheck=!0;if(typeof(\"forceRunPostload\")==\"string\"){etargetPostloadFunction7a9b589f63cb072bef80df221f46a22b()}<\/script><\/div><div id=\"friss-3602064631\" class=\"friss-after-content friss-entity-placement\"><script type=\"text\/javascript\" id=\"etargetScript7a9b589f63cb072bef80df221f46a22b\">function etargetPostloadFunction7a9b589f63cb072bef80df221f46a22b(){var e=\"etargetPostload7a9b589f63cb072bef80df221f46a22b\",t=\"etargetScript7a9b589f63cb072bef80df221f46a22b\",o=document.getElementById(e);if(o){for(var n=o.offsetTop,d=o.offsetLeft,r=o.offsetWidth,a=o.offsetHeight;o.offsetParent;)o=o.offsetParent,n+=o.offsetTop,d+=o.offsetLeft;var i=(n<=window.pageYOffset+window.innerHeight&&d<window.pageXOffset+window.innerWidth&&n+a>window.pageYOffset&&d+r>window.pageXOffset);if(i&&etargetAllowOtherCheck){allowed=!1;var c=document.createElement(\"script\");return c.src=\"\/\/hu.search.etargetnet.com\/generic\/uni.php?g=ref:58661,area:700x210\",void(document.getElementById(t)&&document.getElementById(e)&&(document.getElementById(t).parentNode.appendChild(c),document.getElementById(t).parentNode.removeChild(document.getElementById(t)),document.getElementById(e).parentNode.removeChild(document.getElementById(e)),document.removeEventListener(\"scroll\",etargetPostloadFunction7a9b589f63cb072bef80df221f46a22b),document.removeEventListener(\"resize\",etargetPostloadFunction7a9b589f63cb072bef80df221f46a22b),document.removeEventListener(\"DOMContentLoaded\",etargetPostloadFunction7a9b589f63cb072bef80df221f46a22b)))}}}var etargetDivID=\"etargetPostload7a9b589f63cb072bef80df221f46a22b\",etargetScriptID=\"etargetScript7a9b589f63cb072bef80df221f46a22b\",etargetPostloadPoint=document.createElement(\"div\");etargetPostloadPoint.id=etargetDivID;var etargetCurScript=document.getElementById(etargetScriptID);etargetCurScript.parentNode.appendChild(etargetPostloadPoint),document.addEventListener(\"scroll\",etargetPostloadFunction7a9b589f63cb072bef80df221f46a22b),document.addEventListener(\"resize\",etargetPostloadFunction7a9b589f63cb072bef80df221f46a22b),document.addEventListener(\"DOMContentLoaded\",etargetPostloadFunction7a9b589f63cb072bef80df221f46a22b);var etargetAllowOtherCheck=!0;if(typeof(\"forceRunPostload\")==\"string\"){etargetPostloadFunction7a9b589f63cb072bef80df221f46a22b()}<\/script><\/div><div id=\"friss-3963032786\" class=\"friss-after-content_2 friss-entity-placement\" style=\"clear: both;\"><div class=\"wprss_ajax\" data-id=\"rss9645391f09\"><img loading=\"lazy\" decoding=\"async\" src=\"https:\/\/friss-hirek.hu\/wp-content\/plugins\/wp-rss-retriever\/inc\/imgs\/ajax-loader.gif\" alt=\"Loading RSS Feed\" width=\"16\" height=\"16\"><\/div><\/div><br style=\"clear: both; display: block; float: none;\"\/><div id=\"friss-1288612686\" class=\"friss-after-content_3 friss-entity-placement\">https:\/\/www.youtube.com\/watch?v=Pdnw4KiUWp0<\/div>","protected":false},"excerpt":{"rendered":"<p>A Nemzeti Vagyonvisszaszerz\u00e9si \u00e9s Vagyonv\u00e9delmi Hivatal vezet\u0151je \u00e9rz\u00e9kelte a k\u00f6zhangulatot. Mi t\u00f6rt\u00e9nt? A szem\u00e9ly\u00e9vel kapcsolatos k\u00f6zbizalom jav\u00edt\u00e1sa \u00e9rdek\u00e9ben nyilv\u00e1noss\u00e1gra fogja hozni p\u00e1ly\u00e1zati anyag\u00e1t Unger Anna, a Nemzeti Vagyonvisszaszerz\u00e9si \u00e9s Vagyonv\u00e9delmi Hivatal m\u00falt h\u00e9ten megv\u00e1lasztott vezet\u0151je, \u00edrja a 444. T\u00f6bb ebb\u0151l Nem adj\u00e1k ki, melyik NVVH-eln\u00f6kjel\u00f6lt h\u00e1ny pontot \u00e9rt el a kiv\u00e1laszt\u00e1s sor\u00e1n, Hadh\u00e1zy \u00c1kos rem\u00e9li, [&hellip;]<\/p>\n","protected":false},"author":1,"featured_media":0,"comment_status":"open","ping_status":"open","sticky":false,"template":"","format":"standard","meta":{"footnotes":""},"categories":[7],"tags":[],"class_list":["post-171001","post","type-post","status-publish","format-standard","hentry","category-uzlet"],"amp_enabled":true,"_links":{"self":[{"href":"https:\/\/friss-hirek.hu\/index.php\/wp-json\/wp\/v2\/posts\/171001","targetHints":{"allow":["GET"]}}],"collection":[{"href":"https:\/\/friss-hirek.hu\/index.php\/wp-json\/wp\/v2\/posts"}],"about":[{"href":"https:\/\/friss-hirek.hu\/index.php\/wp-json\/wp\/v2\/types\/post"}],"author":[{"embeddable":true,"href":"https:\/\/friss-hirek.hu\/index.php\/wp-json\/wp\/v2\/users\/1"}],"replies":[{"embeddable":true,"href":"https:\/\/friss-hirek.hu\/index.php\/wp-json\/wp\/v2\/comments?post=171001"}],"version-history":[{"count":0,"href":"https:\/\/friss-hirek.hu\/index.php\/wp-json\/wp\/v2\/posts\/171001\/revisions"}],"wp:attachment":[{"href":"https:\/\/friss-hirek.hu\/index.php\/wp-json\/wp\/v2\/media?parent=171001"}],"wp:term":[{"taxonomy":"category","embeddable":true,"href":"https:\/\/friss-hirek.hu\/index.php\/wp-json\/wp\/v2\/categories?post=171001"},{"taxonomy":"post_tag","embeddable":true,"href":"https:\/\/friss-hirek.hu\/index.php\/wp-json\/wp\/v2\/tags?post=171001"}],"curies":[{"name":"wp","href":"https:\/\/api.w.org\/{rel}","templated":true}]}}