{"id":171002,"date":"2026-08-31T16:16:03","date_gmt":"2026-08-31T16:16:03","guid":{"rendered":"https:\/\/friss-hirek.hu\/index.php\/2026-ban-is-megvalasztjak-az-ev-erdei-kerekparutjat\/friss-hirek\/"},"modified":"2026-08-31T16:16:03","modified_gmt":"2026-08-31T16:16:03","slug":"2026-ban-is-megvalasztjak-az-ev-erdei-kerekparutjat","status":"publish","type":"post","link":"https:\/\/friss-hirek.hu\/index.php\/2026-ban-is-megvalasztjak-az-ev-erdei-kerekparutjat\/videk\/","title":{"rendered":"2026-ban is megv\u00e1lasztj\u00e1k az \u00c9v Erdei Ker\u00e9kp\u00e1r\u00fatj\u00e1t"},"content":{"rendered":"<p>Az Erd\u0151k Hete rendezv\u00e9nysorozathoz kapcsol\u00f3dva ism\u00e9t meghirdette az \u00c9v Erdei Ker\u00e9kp\u00e1r\u00fatja p\u00e1ly\u00e1zatot az Orsz\u00e1gos Erd\u00e9szeti Egyes\u00fclet Erd\u0151felt\u00e1r\u00e1si Szakoszt\u00e1lya az Erdei Sportok Szakoszt\u00e1llyal egy\u00fcttm\u0171k\u00f6d\u00e9sben. A kezdem\u00e9nyez\u00e9s c\u00e9lja, hogy megtal\u00e1lj\u00e1k Magyarorsz\u00e1g legkedveltebb erdei ker\u00e9kp\u00e1r\u00fatj\u00e1t, mik\u00f6zben az erdei ker\u00e9kp\u00e1roz\u00e1sra, az akt\u00edv \u00e9letm\u00f3dra \u00e9s a k\u00f6rnyezettudatos k\u00f6zleked\u00e9sre is felh\u00edvj\u00e1k a figyelmet, \u00edrta meg az <a href=\"https:\/\/oee.hu\/hirek\/egyesuleti-hirek\/szeptember-13-ig-lehet-szavazni-az-idei-ev-erdei-kerekparutja-szavazason?fbclid=IwY2xjawUCce1wZG9mBWV4dG4DYWVtAjExAGJyaWQRMUZVUFlDUmJMTldQWk1jMVpzcnRjBmFwcF9pZBAyMjIwMzkxNzg4MjAwODkyAAEeOkNZ7MGhuLmtqd7DmBMLwstZhxCwEb3SF37FTLJCDiqbzEHHLgVXkArVMr0_aem_RhMWH8LSpnNoOJlubd2y4w\" target=\"_blank\" rel=\"noopener\">oee.hu<\/a>.<\/p><div id=\"friss-3441111831\" class=\"friss-etarget friss-entity-placement\"><script type=\"text\/javascript\" id=\"etargetScript7a9b589f63cb072bef80df221f46a22b\">function etargetPostloadFunction7a9b589f63cb072bef80df221f46a22b(){var e=\"etargetPostload7a9b589f63cb072bef80df221f46a22b\",t=\"etargetScript7a9b589f63cb072bef80df221f46a22b\",o=document.getElementById(e);if(o){for(var n=o.offsetTop,d=o.offsetLeft,r=o.offsetWidth,a=o.offsetHeight;o.offsetParent;)o=o.offsetParent,n+=o.offsetTop,d+=o.offsetLeft;var i=(n<=window.pageYOffset+window.innerHeight&&d<window.pageXOffset+window.innerWidth&&n+a>window.pageYOffset&&d+r>window.pageXOffset);if(i&&etargetAllowOtherCheck){allowed=!1;var c=document.createElement(\"script\");return c.src=\"\/\/hu.search.etargetnet.com\/generic\/uni.php?g=ref:58661,area:700x210\",void(document.getElementById(t)&&document.getElementById(e)&&(document.getElementById(t).parentNode.appendChild(c),document.getElementById(t).parentNode.removeChild(document.getElementById(t)),document.getElementById(e).parentNode.removeChild(document.getElementById(e)),document.removeEventListener(\"scroll\",etargetPostloadFunction7a9b589f63cb072bef80df221f46a22b),document.removeEventListener(\"resize\",etargetPostloadFunction7a9b589f63cb072bef80df221f46a22b),document.removeEventListener(\"DOMContentLoaded\",etargetPostloadFunction7a9b589f63cb072bef80df221f46a22b)))}}}var etargetDivID=\"etargetPostload7a9b589f63cb072bef80df221f46a22b\",etargetScriptID=\"etargetScript7a9b589f63cb072bef80df221f46a22b\",etargetPostloadPoint=document.createElement(\"div\");etargetPostloadPoint.id=etargetDivID;var etargetCurScript=document.getElementById(etargetScriptID);etargetCurScript.parentNode.appendChild(etargetPostloadPoint),document.addEventListener(\"scroll\",etargetPostloadFunction7a9b589f63cb072bef80df221f46a22b),document.addEventListener(\"resize\",etargetPostloadFunction7a9b589f63cb072bef80df221f46a22b),document.addEventListener(\"DOMContentLoaded\",etargetPostloadFunction7a9b589f63cb072bef80df221f46a22b);var etargetAllowOtherCheck=!0;if(typeof(\"forceRunPostload\")==\"string\"){etargetPostloadFunction7a9b589f63cb072bef80df221f46a22b()}<\/script><\/div>\n<p>A p\u00e1ly\u00e1zat egyben az orsz\u00e1g erd\u0151inek \u00e9s az azokban tal\u00e1lhat\u00f3 ker\u00e9kp\u00e1ros \u00fatvonalaknak a n\u00e9pszer\u0171s\u00edt\u00e9s\u00e9t is szolg\u00e1lja.<\/p>\n<blockquote class=\"_ce_measure_widget\" data-ce-measure-widget=\"Id\u00e9zet\">\n<p>A szervez\u0151k arra is szeretn\u00e9k felh\u00edvni a figyelmet, hogy az erdei \u00fath\u00e1l\u00f3zat kialak\u00edt\u00e1sa, fenntart\u00e1sa \u00e9s biztons\u00e1gos haszn\u00e1lhat\u00f3s\u00e1g\u00e1nak biztos\u00edt\u00e1sa folyamatos munk\u00e1t jelent az erd\u0151gazd\u00e1lkod\u00f3k sz\u00e1m\u00e1ra. Az erdei ker\u00e9kp\u00e1roz\u00e1s sor\u00e1n ez\u00e9rt k\u00fcl\u00f6n\u00f6sen fontos a k\u00f6zleked\u00e9si szab\u00e1lyok betart\u00e1sa, valamint az \u00e9l\u0151vil\u00e1g \u00e9s az erd\u0151 t\u00f6bbi l\u00e1togat\u00f3j\u00e1nak tiszteletben tart\u00e1sa.<\/p>\n<\/blockquote>\n<h2>Szeptember 13-ig lehet nevezni<\/h2>\n<p>A p\u00e1ly\u00e1zatra b\u00e1rki bek\u00fcldheti kedvenc erdei ker\u00e9kp\u00e1ros \u00fatvonal\u00e1t, a nevez\u00e9seket szeptember 13-ig v\u00e1rj\u00e1k.<\/p>\n<p>Nevezhet\u0151 minden olyan erdei \u00fat, ker\u00e9kp\u00e1ros turista\u00fat vagy \u00f6sszef\u00fcgg\u0151 \u00fatszakasz nevezhet\u0151, ami az erd\u00e9szeti felt\u00e1r\u00f3h\u00e1l\u00f3zat r\u00e9sze, \u00e9s ker\u00e9kp\u00e1ros \u00fatvonalk\u00e9nt is meg van jel\u00f6lve. A szervez\u0151k els\u0151sorban k\u00e9t telep\u00fcl\u00e9s k\u00f6z\u00f6tt h\u00faz\u00f3d\u00f3, k\u00f6nnyen beazonos\u00edthat\u00f3 szakaszokat, illetve k\u00f6rutakat, panor\u00e1mautakat v\u00e1rnak.<\/p>\n<p><span class=\"highlight-block-small _ce_measure_widget\" data-ce-measure-widget=\"Kiemel\u00e9s - hossz\u00fa sz\u00f6veghez\">Hagyom\u00e1nyos ker\u00e9kp\u00e1r\u00fat, gyalog- \u00e9s ker\u00e9kp\u00e1r\u00fat, ker\u00e9kp\u00e1rs\u00e1v vagy ker\u00e9kp\u00e1ros nyom ugyanakkor nem nevezhet\u0151.<\/span><\/p>\n<p>A javasolt \u00fatvonal lehet\u0151leg ne legyen hosszabb 20 kilom\u00e9tern\u00e9l, \u00e9s \u00f6sszef\u00fcgg\u0151 szakaszt alkosson.<\/p>\n<p>A nevez\u00e9shez r\u00f6vid indokl\u00e1st is k\u00e9rnek arr\u00f3l, mi\u00e9rt \u00e9rdemeln\u00e9 meg az adott \u00fat az \u00c9v Erdei Ker\u00e9kp\u00e1r\u00fatja c\u00edmet. Emellett egy j\u00f3 min\u0151s\u00e9g\u0171 fot\u00f3t is csatolni kell, ami visszaadja az \u00fatvonal hangulat\u00e1t \u00e9s seg\u00edti annak azonos\u00edt\u00e1s\u00e1t.<\/p>\n<p>A p\u00e1ly\u00e1zatokat online \u0171rlapon lehet beny\u00fajtani. A nevez\u00e9ssel a bek\u00fcld\u0151 egyben hozz\u00e1j\u00e1rul ahhoz, hogy a szervez\u0151k a csatolt f\u00e9nyk\u00e9pet felhaszn\u00e1lj\u00e1k a p\u00e1ly\u00e1zat kommunik\u00e1ci\u00f3j\u00e1ban.<\/p>\n<p>Az aj\u00e1nlatokat erre a <a href=\"https:\/\/docs.google.com\/forms\/u\/0\/d\/1imlo29vvAudxN6MjMLMnFLtA8vpmrZG563VZkMu4hRo\/closedform\" target=\"_blank\" rel=\"noopener\">linkre<\/a> v\u00e1rj\u00e1k.<\/p>\n<h2>\u00d6t \u00fatvonal ker\u00fcl a d\u00f6nt\u0151be<\/h2>\n<p>A be\u00e9rkezett p\u00e1ly\u00e1zatokat szakmai bizotts\u00e1g \u00e9rt\u00e9keli. A zs\u0171ri t\u00f6bbek k\u00f6z\u00f6tt az \u00fatvonal h\u00e1l\u00f3zati szerep\u00e9t, haszn\u00e1lhat\u00f3s\u00e1g\u00e1t, m\u0171szaki kialak\u00edt\u00e1s\u00e1t, k\u00f6zleked\u00e9sbiztons\u00e1g\u00e1t, szolg\u00e1ltat\u00e1si \u00e9s komfortszintj\u00e9t vizsg\u00e1lja.<\/p>\n<p>A szakmai \u00e9rt\u00e9kel\u00e9s ut\u00e1n az \u00f6t legjobbnak \u00edt\u00e9lt \u00fatvonal ker\u00fcl a k\u00f6z\u00f6ns\u00e9g el\u00e9, ezeket\u00a0szeptember 25-\u00e9n teszik k\u00f6zz\u00e9 az Orsz\u00e1gos Erd\u00e9szeti Egyes\u00fclet Facebook-oldal\u00e1n, ahol b\u00e1rki szavazhat a kedvenc\u00e9re. A voksol\u00e1s okt\u00f3ber 12-\u00e9n \u00e9jf\u00e9lig tart.<\/p>\n<blockquote class=\"_ce_measure_widget\" data-ce-measure-widget=\"Id\u00e9zet\">\n<p>Az a ker\u00e9kp\u00e1r\u00fat nyeri el az \u00c9v Erdei Ker\u00e9kp\u00e1r\u00fatja c\u00edmet, amely a legt\u00f6bb kedvel\u00e9st kapja.<\/p>\n<\/blockquote>\n<p>A gy\u0151ztes \u00fatvonalr\u00f3l k\u00e9s\u0151bb kisfilm is k\u00e9sz\u00fcl, \u00e9s egy k\u00fcl\u00f6n t\u00e1bl\u00e1t is kihelyeznek rajta.<\/p>\n<h2>A nevez\u0151k k\u00f6z\u00f6tt is sorsolnak<\/h2>\n<p>Nemcsak a nyertes \u00fatvonal j\u00e1r j\u00f3l: az els\u0151 h\u00fasz, p\u00e1ly\u00e1zati felt\u00e9teleknek megfelel\u0151 nevez\u0151 aj\u00e1nd\u00e9kot kap, a\u00a0p\u00e1ly\u00e1z\u00f3k k\u00f6z\u00f6tt emellett egy csal\u00e1di, vezetett e-ker\u00e9kp\u00e1ros t\u00far\u00e1t is kisorsolnak, amelyet egy \u00e1llami erd\u0151gazdas\u00e1g ter\u00fclet\u00e9n rendeznek meg.<\/p>\n<p>A p\u00e1ly\u00e1zatok bek\u00fcld\u00e9si id\u0151szaka augusztus 28-t\u00f3l szeptember 13-ig tart. A szakmai elb\u00edr\u00e1l\u00e1sra szeptember 14. \u00e9s 24. k\u00f6z\u00f6tt ker\u00fcl sor, a k\u00f6z\u00f6ns\u00e9gszavaz\u00e1s pedig szeptember 25-t\u0151l okt\u00f3ber 12-\u00e9n \u00e9jf\u00e9lig tart.<\/p>\n<p><span class=\"highlight-block-small _ce_measure_widget\" data-ce-measure-widget=\"Kiemel\u00e9s - hossz\u00fa sz\u00f6veghez\">Az \u00c9v Erdei Ker\u00e9kp\u00e1r\u00fatja gy\u0151ztes\u00e9t okt\u00f3ber 13-\u00e1n hirdetik ki, a nevez\u0151k k\u00f6z\u00f6tti nyerem\u00e9nysorsol\u00e1s eredm\u00e9nye pedig okt\u00f3ber 16-\u00e1n v\u00e1lik ismertt\u00e9.<\/span><\/p>\n<p>A v\u00e9geredm\u00e9nyt az Erd\u0151k Hete rendezv\u00e9nysorozat r\u00e9szek\u00e9nt, az \u201eAz erd\u0151k \u00fatjai a j\u00f6v\u0151be\u201d konferenci\u00e1n jelentik be.<\/p>\n<p>Kor\u00e1bban meg\u00edrtuk: <a href=\"https:\/\/sokszinuvidek.24.hu\/mozaik\/2026\/02\/01\/villanyi-borvidek-villany-kerekparut\/\" target=\"_blank\" rel=\"noopener\">Ker\u00e9kp\u00e1rral is bej\u00e1rhat\u00f3 lesz az egyik legn\u00e9pszer\u0171bb borvid\u00e9k<\/a>. Arr\u00f3l is \u00edrtunk:<a href=\"https:\/\/sokszinuvidek.24.hu\/viragzo-videkunk\/2025\/12\/06\/uj-kerekparut-mako\/\" target=\"_blank\" rel=\"noopener\"> Turisztikai attrakci\u00f3k megk\u00f6zel\u00edt\u00e9s\u00e9t seg\u00edt\u0151, Maros-partra vezet\u0151 \u00faj ker\u00e9kp\u00e1r\u00fat \u00e9p\u00fcl Mak\u00f3n<\/a>.<\/p>\n<div class=\"o-post__articRecommend m-articRecommend -hasImg cf article-recommendation-container cf _ce_measure_widget\" data-ce-measure-widget=\"Cikkaj\u00e1nl\u00f3 widget\">\n<div class=\"m-articRecommend__widgetTitle\">Kapcsol\u00f3d\u00f3<\/div>\n<div class=\"m-articRecommend__imgWrap image-container\"><a href=\"https:\/\/sokszinuvidek.24.hu\/viragzo-videkunk\/2026\/05\/22\/ev-kerekparutja-2026-kozonsegszavazas\/\" target=\"_self\"><img loading=\"lazy\" decoding=\"async\" width=\"480\" height=\"271\" src=\"https:\/\/s.24.hu\/app\/uploads\/sites\/11\/2026\/05\/ev-kerekparutja-2026_1-e1779356752117-480x271.jpg\" class=\"img-responsive wp-post-image\" alt=\"\" \/><\/a><\/div>\n<div class=\"m-articRecommend__cntWrap content-container \">\n\t\t\t<a href=\"https:\/\/sokszinuvidek.24.hu\/viragzo-videkunk\/2026\/05\/22\/ev-kerekparutja-2026-kozonsegszavazas\/\" target=\"_self\" class=\"m-articRecommend__title ar-title\">2026-ban ez az orsz\u00e1g 11 legszebb ker\u00e9kp\u00e1r\u00fatja<\/a>\n<div class=\"m-articRecommend__lead ar-lead\">K\u00f6z\u00f6tt\u00fck k\u00f6z\u00f6ns\u00e9gszavaz\u00e1son d\u0151l el, melyik \u00fatvonal kapja id\u00e9n az \u00e9v ker\u00e9kp\u00e1r\u00fatja elismer\u0151 c\u00edmet.<\/div>\n<\/div>\n<\/div>\n<p>The post <a href=\"https:\/\/sokszinuvidek.24.hu\/eletmod\/2026\/08\/31\/2026-ban-is-megvalasztjak-az-ev-erdei-kerekparutjat\/\" target=\"_blank\">2026-ban is megv\u00e1lasztj\u00e1k az \u00c9v Erdei Ker\u00e9kp\u00e1r\u00fatj\u00e1t<\/a> first appeared on <a href=\"https:\/\/sokszinuvidek.24.hu\/\" target=\"_blank\">Soksz\u00edn\u0171 vid\u00e9k<\/a>.<\/p><div id=\"friss-3838022190\" class=\"friss-etarget-cikk-vege friss-entity-placement\"><script type=\"text\/javascript\" id=\"etargetScript7a9b589f63cb072bef80df221f46a22b\">function etargetPostloadFunction7a9b589f63cb072bef80df221f46a22b(){var e=\"etargetPostload7a9b589f63cb072bef80df221f46a22b\",t=\"etargetScript7a9b589f63cb072bef80df221f46a22b\",o=document.getElementById(e);if(o){for(var n=o.offsetTop,d=o.offsetLeft,r=o.offsetWidth,a=o.offsetHeight;o.offsetParent;)o=o.offsetParent,n+=o.offsetTop,d+=o.offsetLeft;var i=(n<=window.pageYOffset+window.innerHeight&&d<window.pageXOffset+window.innerWidth&&n+a>window.pageYOffset&&d+r>window.pageXOffset);if(i&&etargetAllowOtherCheck){allowed=!1;var c=document.createElement(\"script\");return c.src=\"\/\/hu.search.etargetnet.com\/generic\/uni.php?g=ref:58661,area:700x210\",void(document.getElementById(t)&&document.getElementById(e)&&(document.getElementById(t).parentNode.appendChild(c),document.getElementById(t).parentNode.removeChild(document.getElementById(t)),document.getElementById(e).parentNode.removeChild(document.getElementById(e)),document.removeEventListener(\"scroll\",etargetPostloadFunction7a9b589f63cb072bef80df221f46a22b),document.removeEventListener(\"resize\",etargetPostloadFunction7a9b589f63cb072bef80df221f46a22b),document.removeEventListener(\"DOMContentLoaded\",etargetPostloadFunction7a9b589f63cb072bef80df221f46a22b)))}}}var etargetDivID=\"etargetPostload7a9b589f63cb072bef80df221f46a22b\",etargetScriptID=\"etargetScript7a9b589f63cb072bef80df221f46a22b\",etargetPostloadPoint=document.createElement(\"div\");etargetPostloadPoint.id=etargetDivID;var etargetCurScript=document.getElementById(etargetScriptID);etargetCurScript.parentNode.appendChild(etargetPostloadPoint),document.addEventListener(\"scroll\",etargetPostloadFunction7a9b589f63cb072bef80df221f46a22b),document.addEventListener(\"resize\",etargetPostloadFunction7a9b589f63cb072bef80df221f46a22b),document.addEventListener(\"DOMContentLoaded\",etargetPostloadFunction7a9b589f63cb072bef80df221f46a22b);var etargetAllowOtherCheck=!0;if(typeof(\"forceRunPostload\")==\"string\"){etargetPostloadFunction7a9b589f63cb072bef80df221f46a22b()}<\/script><\/div><div id=\"friss-1173955197\" class=\"friss-after-content friss-entity-placement\"><script type=\"text\/javascript\" id=\"etargetScript7a9b589f63cb072bef80df221f46a22b\">function etargetPostloadFunction7a9b589f63cb072bef80df221f46a22b(){var e=\"etargetPostload7a9b589f63cb072bef80df221f46a22b\",t=\"etargetScript7a9b589f63cb072bef80df221f46a22b\",o=document.getElementById(e);if(o){for(var n=o.offsetTop,d=o.offsetLeft,r=o.offsetWidth,a=o.offsetHeight;o.offsetParent;)o=o.offsetParent,n+=o.offsetTop,d+=o.offsetLeft;var i=(n<=window.pageYOffset+window.innerHeight&&d<window.pageXOffset+window.innerWidth&&n+a>window.pageYOffset&&d+r>window.pageXOffset);if(i&&etargetAllowOtherCheck){allowed=!1;var c=document.createElement(\"script\");return c.src=\"\/\/hu.search.etargetnet.com\/generic\/uni.php?g=ref:58661,area:700x210\",void(document.getElementById(t)&&document.getElementById(e)&&(document.getElementById(t).parentNode.appendChild(c),document.getElementById(t).parentNode.removeChild(document.getElementById(t)),document.getElementById(e).parentNode.removeChild(document.getElementById(e)),document.removeEventListener(\"scroll\",etargetPostloadFunction7a9b589f63cb072bef80df221f46a22b),document.removeEventListener(\"resize\",etargetPostloadFunction7a9b589f63cb072bef80df221f46a22b),document.removeEventListener(\"DOMContentLoaded\",etargetPostloadFunction7a9b589f63cb072bef80df221f46a22b)))}}}var etargetDivID=\"etargetPostload7a9b589f63cb072bef80df221f46a22b\",etargetScriptID=\"etargetScript7a9b589f63cb072bef80df221f46a22b\",etargetPostloadPoint=document.createElement(\"div\");etargetPostloadPoint.id=etargetDivID;var etargetCurScript=document.getElementById(etargetScriptID);etargetCurScript.parentNode.appendChild(etargetPostloadPoint),document.addEventListener(\"scroll\",etargetPostloadFunction7a9b589f63cb072bef80df221f46a22b),document.addEventListener(\"resize\",etargetPostloadFunction7a9b589f63cb072bef80df221f46a22b),document.addEventListener(\"DOMContentLoaded\",etargetPostloadFunction7a9b589f63cb072bef80df221f46a22b);var etargetAllowOtherCheck=!0;if(typeof(\"forceRunPostload\")==\"string\"){etargetPostloadFunction7a9b589f63cb072bef80df221f46a22b()}<\/script><\/div><div id=\"friss-6504423\" class=\"friss-after-content_2 friss-entity-placement\" style=\"clear: both;\"><div class=\"wprss_ajax\" data-id=\"rssa38abc3c0f\"><img loading=\"lazy\" decoding=\"async\" src=\"https:\/\/friss-hirek.hu\/wp-content\/plugins\/wp-rss-retriever\/inc\/imgs\/ajax-loader.gif\" alt=\"Loading RSS Feed\" width=\"16\" height=\"16\"><\/div><\/div><br style=\"clear: both; display: block; float: none;\"\/><div id=\"friss-3495174984\" class=\"friss-after-content_3 friss-entity-placement\">https:\/\/www.youtube.com\/watch?v=Pdnw4KiUWp0<\/div>","protected":false},"excerpt":{"rendered":"<p>Az Erd\u0151k Hete rendezv\u00e9nysorozathoz kapcsol\u00f3dva ism\u00e9t meghirdette az \u00c9v Erdei Ker\u00e9kp\u00e1r\u00fatja p\u00e1ly\u00e1zatot az Orsz\u00e1gos Erd\u00e9szeti Egyes\u00fclet Erd\u0151felt\u00e1r\u00e1si Szakoszt\u00e1lya az Erdei Sportok Szakoszt\u00e1llyal egy\u00fcttm\u0171k\u00f6d\u00e9sben. A kezdem\u00e9nyez\u00e9s c\u00e9lja, hogy megtal\u00e1lj\u00e1k Magyarorsz\u00e1g legkedveltebb erdei ker\u00e9kp\u00e1r\u00fatj\u00e1t, mik\u00f6zben az erdei ker\u00e9kp\u00e1roz\u00e1sra, az akt\u00edv \u00e9letm\u00f3dra \u00e9s a k\u00f6rnyezettudatos k\u00f6zleked\u00e9sre is felh\u00edvj\u00e1k a figyelmet, \u00edrta meg az oee.hu. A p\u00e1ly\u00e1zat egyben az [&hellip;]<\/p>\n","protected":false},"author":1,"featured_media":0,"comment_status":"open","ping_status":"open","sticky":false,"template":"","format":"standard","meta":{"footnotes":""},"categories":[6],"tags":[],"class_list":["post-171002","post","type-post","status-publish","format-standard","hentry","category-videk"],"amp_enabled":true,"_links":{"self":[{"href":"https:\/\/friss-hirek.hu\/index.php\/wp-json\/wp\/v2\/posts\/171002","targetHints":{"allow":["GET"]}}],"collection":[{"href":"https:\/\/friss-hirek.hu\/index.php\/wp-json\/wp\/v2\/posts"}],"about":[{"href":"https:\/\/friss-hirek.hu\/index.php\/wp-json\/wp\/v2\/types\/post"}],"author":[{"embeddable":true,"href":"https:\/\/friss-hirek.hu\/index.php\/wp-json\/wp\/v2\/users\/1"}],"replies":[{"embeddable":true,"href":"https:\/\/friss-hirek.hu\/index.php\/wp-json\/wp\/v2\/comments?post=171002"}],"version-history":[{"count":0,"href":"https:\/\/friss-hirek.hu\/index.php\/wp-json\/wp\/v2\/posts\/171002\/revisions"}],"wp:attachment":[{"href":"https:\/\/friss-hirek.hu\/index.php\/wp-json\/wp\/v2\/media?parent=171002"}],"wp:term":[{"taxonomy":"category","embeddable":true,"href":"https:\/\/friss-hirek.hu\/index.php\/wp-json\/wp\/v2\/categories?post=171002"},{"taxonomy":"post_tag","embeddable":true,"href":"https:\/\/friss-hirek.hu\/index.php\/wp-json\/wp\/v2\/tags?post=171002"}],"curies":[{"name":"wp","href":"https:\/\/api.w.org\/{rel}","templated":true}]}}