{"id":171007,"date":"2026-09-01T03:23:07","date_gmt":"2026-09-01T03:23:07","guid":{"rendered":"https:\/\/friss-hirek.hu\/index.php\/kezdodik-az-uj-tanev-53-nap-mulva-jon-az-oszi-szunet\/friss-hirek\/"},"modified":"2026-09-01T03:23:07","modified_gmt":"2026-09-01T03:23:07","slug":"kezdodik-az-uj-tanev-53-nap-mulva-jon-az-oszi-szunet","status":"publish","type":"post","link":"https:\/\/friss-hirek.hu\/index.php\/kezdodik-az-uj-tanev-53-nap-mulva-jon-az-oszi-szunet\/videk\/","title":{"rendered":"Kezd\u0151dik az \u00faj tan\u00e9v, 53 nap m\u00falva j\u00f6n az \u0151szi sz\u00fcnet"},"content":{"rendered":"<p>A di\u00e1koknak v\u00e9get \u00e9rt a ny\u00e1ri laz\u00edt\u00e1s, szeptember 1-je az \u00faj tan\u00e9v kezdete. Az iskol\u00e1kban becsengetnek, de b\u00e1rmennyire is meglep\u0151, sok nebul\u00f3n\u00e1l m\u00e1r az \u0151szi sz\u00fcnet is besz\u00e9dt\u00e9ma.<\/p><div id=\"friss-2675404922\" class=\"friss-etarget friss-entity-placement\"><script type=\"text\/javascript\" id=\"etargetScript7a9b589f63cb072bef80df221f46a22b\">function etargetPostloadFunction7a9b589f63cb072bef80df221f46a22b(){var e=\"etargetPostload7a9b589f63cb072bef80df221f46a22b\",t=\"etargetScript7a9b589f63cb072bef80df221f46a22b\",o=document.getElementById(e);if(o){for(var n=o.offsetTop,d=o.offsetLeft,r=o.offsetWidth,a=o.offsetHeight;o.offsetParent;)o=o.offsetParent,n+=o.offsetTop,d+=o.offsetLeft;var i=(n<=window.pageYOffset+window.innerHeight&&d<window.pageXOffset+window.innerWidth&&n+a>window.pageYOffset&&d+r>window.pageXOffset);if(i&&etargetAllowOtherCheck){allowed=!1;var c=document.createElement(\"script\");return c.src=\"\/\/hu.search.etargetnet.com\/generic\/uni.php?g=ref:58661,area:700x210\",void(document.getElementById(t)&&document.getElementById(e)&&(document.getElementById(t).parentNode.appendChild(c),document.getElementById(t).parentNode.removeChild(document.getElementById(t)),document.getElementById(e).parentNode.removeChild(document.getElementById(e)),document.removeEventListener(\"scroll\",etargetPostloadFunction7a9b589f63cb072bef80df221f46a22b),document.removeEventListener(\"resize\",etargetPostloadFunction7a9b589f63cb072bef80df221f46a22b),document.removeEventListener(\"DOMContentLoaded\",etargetPostloadFunction7a9b589f63cb072bef80df221f46a22b)))}}}var etargetDivID=\"etargetPostload7a9b589f63cb072bef80df221f46a22b\",etargetScriptID=\"etargetScript7a9b589f63cb072bef80df221f46a22b\",etargetPostloadPoint=document.createElement(\"div\");etargetPostloadPoint.id=etargetDivID;var etargetCurScript=document.getElementById(etargetScriptID);etargetCurScript.parentNode.appendChild(etargetPostloadPoint),document.addEventListener(\"scroll\",etargetPostloadFunction7a9b589f63cb072bef80df221f46a22b),document.addEventListener(\"resize\",etargetPostloadFunction7a9b589f63cb072bef80df221f46a22b),document.addEventListener(\"DOMContentLoaded\",etargetPostloadFunction7a9b589f63cb072bef80df221f46a22b);var etargetAllowOtherCheck=!0;if(typeof(\"forceRunPostload\")==\"string\"){etargetPostloadFunction7a9b589f63cb072bef80df221f46a22b()}<\/script><\/div>\n<p>Az \u0151szi sz\u00fcnet az els\u0151 tan\u00edt\u00e1si napot k\u00f6vet\u0151en, 53 nap m\u00falva kezd\u0151dik, \u00e9s a kor\u00e1bbi \u00e9vekhez hasonl\u00f3an \u2013 \u00e1ltal\u00e1nos iskol\u00e1k \u00e9s k\u00f6z\u00e9piskol\u00e1k eset\u00e9ben \u2013 az okt\u00f3ber 23-i nemzeti \u00fcnnephez \u00e9s a mindenszentekhez igazodik.<\/p>\n<p>Ennek megfelel\u0151en a 2026\/27 tan\u00e9v \u0151szi sz\u00fcnete el\u0151tti utols\u00f3 tan\u00edt\u00e1si nap 2026. okt\u00f3ber 22-e (cs\u00fct\u00f6rt\u00f6k), az ut\u00e1na k\u00f6vetkez\u0151 els\u0151 tan\u00edt\u00e1si nap pedig november 2-a (h\u00e9tf\u0151). Ennek megfelel\u0151en az \u0151szi sz\u00fcnet 2026-ban okt\u00f3ber 23-\u00e1t\u00f3l november 1-ig tart.<\/p>\n<p>A \u0151szi sz\u00fcnet \u00edgy mind\u00f6ssze 10 napos, ezek k\u00f6z\u00fcl csak \u00f6t tan\u00edt\u00e1si nap. Okt\u00f3ber 23-a munkasz\u00fcneti nap, november 1-je pedig vas\u00e1rnap.<\/p>\n<p>Az el\u0151z\u0151 tan\u00e9vben 11 napig tartott az \u0151szi sz\u00fcnet, a 2023\/24-es \u00e9s a a 2024\/25-es tan\u00e9vben viszont csak 9 napos volt.<\/p>\n<h2>A tan\u00e9v tov\u00e1bbi sz\u00fcneteinek id\u0151pontja:<\/h2>\n<ul>\n<li>T\u00e9li sz\u00fcnet: 2026. december 19. \u2013 2027. janu\u00e1r 3.<\/li>\n<li>Tavaszi sz\u00fcnet: \u00a02027. m\u00e1rcius 25. \u2013 \u00e1prilis 4.<\/li>\n<li>A tan\u00e9v utols\u00f3 tan\u00edt\u00e1si napja: 2027. j\u00fanius 18.<\/li>\n<\/ul>\n<p>A tan\u00e9v tov\u00e1bbi tudnival\u00f3ir\u00f3l <strong>al\u00e1bbi cikk\u00fcnkben<\/strong> \u00edrtunk:<\/p>\n<div class=\"o-post__articRecommend m-articRecommend -hasImg cf article-recommendation-container cf _ce_measure_widget\" data-ce-measure-widget=\"Cikkaj\u00e1nl\u00f3 widget\">\n<div class=\"m-articRecommend__widgetTitle\">Kapcsol\u00f3d\u00f3<\/div>\n<div class=\"m-articRecommend__imgWrap image-container\"><a href=\"https:\/\/sokszinuvidek.24.hu\/mozaik\/2026\/08\/23\/2026-2027-tanev-kezdete-vege-teli-szunet-tavaszi-szunet-oszi-szunet\/\" target=\"_self\"><img loading=\"lazy\" decoding=\"async\" width=\"480\" height=\"270\" src=\"https:\/\/s.24.hu\/app\/uploads\/sites\/11\/2026\/08\/gettyimages-1345022864-e1776930855386-2048x1154-1-480x270.jpg\" class=\"img-responsive wp-post-image\" alt=\"\" \/><\/a><\/div>\n<div class=\"m-articRecommend__cntWrap content-container \">\n\t\t\t<a href=\"https:\/\/sokszinuvidek.24.hu\/mozaik\/2026\/08\/23\/2026-2027-tanev-kezdete-vege-teli-szunet-tavaszi-szunet-oszi-szunet\/\" target=\"_self\" class=\"m-articRecommend__title ar-title\">16 napos lesz az idei t\u00e9li sz\u00fcnet, \u00e9s r\u00f6vid\u00fcl a tan\u00e9v<\/a>\n<div class=\"m-articRecommend__lead ar-lead\">Ezekkel az iskolai sz\u00fcnetekkel tervezhet a csal\u00e1d.<\/div>\n<\/div>\n<\/div>\n<p>The post <a href=\"https:\/\/sokszinuvidek.24.hu\/eletmod\/2026\/09\/01\/tanevkezdes-oszi-szunet\/\" target=\"_blank\">Kezd\u0151dik az \u00faj tan\u00e9v, 53 nap m\u00falva j\u00f6n az \u0151szi sz\u00fcnet<\/a> first appeared on <a href=\"https:\/\/sokszinuvidek.24.hu\/\" target=\"_blank\">Soksz\u00edn\u0171 vid\u00e9k<\/a>.<\/p><div id=\"friss-205763852\" class=\"friss-etarget-cikk-vege friss-entity-placement\"><script type=\"text\/javascript\" id=\"etargetScript7a9b589f63cb072bef80df221f46a22b\">function etargetPostloadFunction7a9b589f63cb072bef80df221f46a22b(){var e=\"etargetPostload7a9b589f63cb072bef80df221f46a22b\",t=\"etargetScript7a9b589f63cb072bef80df221f46a22b\",o=document.getElementById(e);if(o){for(var n=o.offsetTop,d=o.offsetLeft,r=o.offsetWidth,a=o.offsetHeight;o.offsetParent;)o=o.offsetParent,n+=o.offsetTop,d+=o.offsetLeft;var i=(n<=window.pageYOffset+window.innerHeight&&d<window.pageXOffset+window.innerWidth&&n+a>window.pageYOffset&&d+r>window.pageXOffset);if(i&&etargetAllowOtherCheck){allowed=!1;var c=document.createElement(\"script\");return c.src=\"\/\/hu.search.etargetnet.com\/generic\/uni.php?g=ref:58661,area:700x210\",void(document.getElementById(t)&&document.getElementById(e)&&(document.getElementById(t).parentNode.appendChild(c),document.getElementById(t).parentNode.removeChild(document.getElementById(t)),document.getElementById(e).parentNode.removeChild(document.getElementById(e)),document.removeEventListener(\"scroll\",etargetPostloadFunction7a9b589f63cb072bef80df221f46a22b),document.removeEventListener(\"resize\",etargetPostloadFunction7a9b589f63cb072bef80df221f46a22b),document.removeEventListener(\"DOMContentLoaded\",etargetPostloadFunction7a9b589f63cb072bef80df221f46a22b)))}}}var etargetDivID=\"etargetPostload7a9b589f63cb072bef80df221f46a22b\",etargetScriptID=\"etargetScript7a9b589f63cb072bef80df221f46a22b\",etargetPostloadPoint=document.createElement(\"div\");etargetPostloadPoint.id=etargetDivID;var etargetCurScript=document.getElementById(etargetScriptID);etargetCurScript.parentNode.appendChild(etargetPostloadPoint),document.addEventListener(\"scroll\",etargetPostloadFunction7a9b589f63cb072bef80df221f46a22b),document.addEventListener(\"resize\",etargetPostloadFunction7a9b589f63cb072bef80df221f46a22b),document.addEventListener(\"DOMContentLoaded\",etargetPostloadFunction7a9b589f63cb072bef80df221f46a22b);var etargetAllowOtherCheck=!0;if(typeof(\"forceRunPostload\")==\"string\"){etargetPostloadFunction7a9b589f63cb072bef80df221f46a22b()}<\/script><\/div><div id=\"friss-485543243\" class=\"friss-after-content friss-entity-placement\"><script type=\"text\/javascript\" id=\"etargetScript7a9b589f63cb072bef80df221f46a22b\">function etargetPostloadFunction7a9b589f63cb072bef80df221f46a22b(){var e=\"etargetPostload7a9b589f63cb072bef80df221f46a22b\",t=\"etargetScript7a9b589f63cb072bef80df221f46a22b\",o=document.getElementById(e);if(o){for(var n=o.offsetTop,d=o.offsetLeft,r=o.offsetWidth,a=o.offsetHeight;o.offsetParent;)o=o.offsetParent,n+=o.offsetTop,d+=o.offsetLeft;var i=(n<=window.pageYOffset+window.innerHeight&&d<window.pageXOffset+window.innerWidth&&n+a>window.pageYOffset&&d+r>window.pageXOffset);if(i&&etargetAllowOtherCheck){allowed=!1;var c=document.createElement(\"script\");return c.src=\"\/\/hu.search.etargetnet.com\/generic\/uni.php?g=ref:58661,area:700x210\",void(document.getElementById(t)&&document.getElementById(e)&&(document.getElementById(t).parentNode.appendChild(c),document.getElementById(t).parentNode.removeChild(document.getElementById(t)),document.getElementById(e).parentNode.removeChild(document.getElementById(e)),document.removeEventListener(\"scroll\",etargetPostloadFunction7a9b589f63cb072bef80df221f46a22b),document.removeEventListener(\"resize\",etargetPostloadFunction7a9b589f63cb072bef80df221f46a22b),document.removeEventListener(\"DOMContentLoaded\",etargetPostloadFunction7a9b589f63cb072bef80df221f46a22b)))}}}var etargetDivID=\"etargetPostload7a9b589f63cb072bef80df221f46a22b\",etargetScriptID=\"etargetScript7a9b589f63cb072bef80df221f46a22b\",etargetPostloadPoint=document.createElement(\"div\");etargetPostloadPoint.id=etargetDivID;var etargetCurScript=document.getElementById(etargetScriptID);etargetCurScript.parentNode.appendChild(etargetPostloadPoint),document.addEventListener(\"scroll\",etargetPostloadFunction7a9b589f63cb072bef80df221f46a22b),document.addEventListener(\"resize\",etargetPostloadFunction7a9b589f63cb072bef80df221f46a22b),document.addEventListener(\"DOMContentLoaded\",etargetPostloadFunction7a9b589f63cb072bef80df221f46a22b);var etargetAllowOtherCheck=!0;if(typeof(\"forceRunPostload\")==\"string\"){etargetPostloadFunction7a9b589f63cb072bef80df221f46a22b()}<\/script><\/div><div id=\"friss-2617312459\" class=\"friss-after-content_2 friss-entity-placement\" style=\"clear: both;\"><div class=\"wprss_ajax\" data-id=\"rss4ea262d389\"><img loading=\"lazy\" decoding=\"async\" src=\"https:\/\/friss-hirek.hu\/wp-content\/plugins\/wp-rss-retriever\/inc\/imgs\/ajax-loader.gif\" alt=\"Loading RSS Feed\" width=\"16\" height=\"16\"><\/div><\/div><br style=\"clear: both; display: block; float: none;\"\/><div id=\"friss-2574498685\" class=\"friss-after-content_3 friss-entity-placement\">https:\/\/www.youtube.com\/watch?v=Pdnw4KiUWp0<\/div>","protected":false},"excerpt":{"rendered":"<p>A di\u00e1koknak v\u00e9get \u00e9rt a ny\u00e1ri laz\u00edt\u00e1s, szeptember 1-je az \u00faj tan\u00e9v kezdete. Az iskol\u00e1kban becsengetnek, de b\u00e1rmennyire is meglep\u0151, sok nebul\u00f3n\u00e1l m\u00e1r az \u0151szi sz\u00fcnet is besz\u00e9dt\u00e9ma. Az \u0151szi sz\u00fcnet az els\u0151 tan\u00edt\u00e1si napot k\u00f6vet\u0151en, 53 nap m\u00falva kezd\u0151dik, \u00e9s a kor\u00e1bbi \u00e9vekhez hasonl\u00f3an \u2013 \u00e1ltal\u00e1nos iskol\u00e1k \u00e9s k\u00f6z\u00e9piskol\u00e1k eset\u00e9ben \u2013 az okt\u00f3ber 23-i [&hellip;]<\/p>\n","protected":false},"author":1,"featured_media":0,"comment_status":"open","ping_status":"open","sticky":false,"template":"","format":"standard","meta":{"footnotes":""},"categories":[6],"tags":[],"class_list":["post-171007","post","type-post","status-publish","format-standard","hentry","category-videk"],"amp_enabled":true,"_links":{"self":[{"href":"https:\/\/friss-hirek.hu\/index.php\/wp-json\/wp\/v2\/posts\/171007","targetHints":{"allow":["GET"]}}],"collection":[{"href":"https:\/\/friss-hirek.hu\/index.php\/wp-json\/wp\/v2\/posts"}],"about":[{"href":"https:\/\/friss-hirek.hu\/index.php\/wp-json\/wp\/v2\/types\/post"}],"author":[{"embeddable":true,"href":"https:\/\/friss-hirek.hu\/index.php\/wp-json\/wp\/v2\/users\/1"}],"replies":[{"embeddable":true,"href":"https:\/\/friss-hirek.hu\/index.php\/wp-json\/wp\/v2\/comments?post=171007"}],"version-history":[{"count":0,"href":"https:\/\/friss-hirek.hu\/index.php\/wp-json\/wp\/v2\/posts\/171007\/revisions"}],"wp:attachment":[{"href":"https:\/\/friss-hirek.hu\/index.php\/wp-json\/wp\/v2\/media?parent=171007"}],"wp:term":[{"taxonomy":"category","embeddable":true,"href":"https:\/\/friss-hirek.hu\/index.php\/wp-json\/wp\/v2\/categories?post=171007"},{"taxonomy":"post_tag","embeddable":true,"href":"https:\/\/friss-hirek.hu\/index.php\/wp-json\/wp\/v2\/tags?post=171007"}],"curies":[{"name":"wp","href":"https:\/\/api.w.org\/{rel}","templated":true}]}}