{"id":171012,"date":"2026-09-01T05:24:08","date_gmt":"2026-09-01T05:24:08","guid":{"rendered":"https:\/\/friss-hirek.hu\/index.php\/erdemben-meg-mindig-kevesen-foglalkoznak-az-utodlassal-valtozik-a-bizalmi-vagyonkezeles-mire-keszuljenek-a-csaladi-cegek\/friss-hirek\/"},"modified":"2026-09-01T05:24:08","modified_gmt":"2026-09-01T05:24:08","slug":"erdemben-meg-mindig-kevesen-foglalkoznak-az-utodlassal-valtozik-a-bizalmi-vagyonkezeles-mire-keszuljenek-a-csaladi-cegek","status":"publish","type":"post","link":"https:\/\/friss-hirek.hu\/index.php\/erdemben-meg-mindig-kevesen-foglalkoznak-az-utodlassal-valtozik-a-bizalmi-vagyonkezeles-mire-keszuljenek-a-csaladi-cegek\/uzlet\/","title":{"rendered":"\u00c9rdemben m\u00e9g mindig kevesen foglalkoznak az ut\u00f3dl\u00e1ssal: v\u00e1ltozik a bizalmi vagyonkezel\u00e9s, mire k\u00e9sz\u00fcljenek a csal\u00e1di c\u00e9gek?"},"content":{"rendered":"<p><strong>Augusztus 31-t\u0151l v\u00e1ltoztak a bizalmi vagyonkezel\u00e9s (bvk) ad\u00f3szab\u00e1lyai, \u00e9s elindul a bizalmi vagyonkezel\u0151k ellen\u0151rz\u00e9se. Bar\u00e1ti \u00c1kossal, a Jalsovszky \u00dcgyv\u00e9di Iroda partner\u00e9vel \u00e9s So\u00f3s P\u00e9terrel, a Hold Alapkezel\u0151 partner\u00e9vel, szenior priv\u00e1tbank\u00e1rral besz\u00e9lgett\u00fcnk arr\u00f3l, mennyire jellemz\u0151 konstrukci\u00f3 a bvk a csal\u00e1di v\u00e1llalatokn\u00e1l, \u00e9s mi v\u00e1rhat\u00f3 \u0151szt\u0151l.<\/strong><\/p><div id=\"friss-2449133145\" class=\"friss-etarget friss-entity-placement\"><script type=\"text\/javascript\" id=\"etargetScript7a9b589f63cb072bef80df221f46a22b\">function etargetPostloadFunction7a9b589f63cb072bef80df221f46a22b(){var e=\"etargetPostload7a9b589f63cb072bef80df221f46a22b\",t=\"etargetScript7a9b589f63cb072bef80df221f46a22b\",o=document.getElementById(e);if(o){for(var n=o.offsetTop,d=o.offsetLeft,r=o.offsetWidth,a=o.offsetHeight;o.offsetParent;)o=o.offsetParent,n+=o.offsetTop,d+=o.offsetLeft;var i=(n<=window.pageYOffset+window.innerHeight&&d<window.pageXOffset+window.innerWidth&&n+a>window.pageYOffset&&d+r>window.pageXOffset);if(i&&etargetAllowOtherCheck){allowed=!1;var c=document.createElement(\"script\");return c.src=\"\/\/hu.search.etargetnet.com\/generic\/uni.php?g=ref:58661,area:700x210\",void(document.getElementById(t)&&document.getElementById(e)&&(document.getElementById(t).parentNode.appendChild(c),document.getElementById(t).parentNode.removeChild(document.getElementById(t)),document.getElementById(e).parentNode.removeChild(document.getElementById(e)),document.removeEventListener(\"scroll\",etargetPostloadFunction7a9b589f63cb072bef80df221f46a22b),document.removeEventListener(\"resize\",etargetPostloadFunction7a9b589f63cb072bef80df221f46a22b),document.removeEventListener(\"DOMContentLoaded\",etargetPostloadFunction7a9b589f63cb072bef80df221f46a22b)))}}}var etargetDivID=\"etargetPostload7a9b589f63cb072bef80df221f46a22b\",etargetScriptID=\"etargetScript7a9b589f63cb072bef80df221f46a22b\",etargetPostloadPoint=document.createElement(\"div\");etargetPostloadPoint.id=etargetDivID;var etargetCurScript=document.getElementById(etargetScriptID);etargetCurScript.parentNode.appendChild(etargetPostloadPoint),document.addEventListener(\"scroll\",etargetPostloadFunction7a9b589f63cb072bef80df221f46a22b),document.addEventListener(\"resize\",etargetPostloadFunction7a9b589f63cb072bef80df221f46a22b),document.addEventListener(\"DOMContentLoaded\",etargetPostloadFunction7a9b589f63cb072bef80df221f46a22b);var etargetAllowOtherCheck=!0;if(typeof(\"forceRunPostload\")==\"string\"){etargetPostloadFunction7a9b589f63cb072bef80df221f46a22b()}<\/script><\/div>\n<p><em>M\u00e9g t\u00f6bbet olvasn\u00e1l csal\u00e1di c\u00e9gekr\u0151l? <a href=\"http:\/\/eepurl.com\/vlzGjbrqk2\">Iratkozz fel<\/a>\u00a0a Forbes Family Business h\u00edrlevel\u00e9re!<\/em><\/p>\n<hr class=\"wp-block-separator has-alpha-channel-opacity\" \/>\n<h2 class=\"wp-block-heading\">Mir\u0151l van sz\u00f3? <\/h2>\n<p><strong>Mi a bvk? <\/strong>Egy hossz\u00fa t\u00e1v\u00fa tervez\u00e9st szolg\u00e1l\u00f3 szerz\u0151d\u00e9s, amelynek c\u00e9lja a csal\u00e1di vagyon meg\u00f3v\u00e1sa \u00e9s a \u201eszervezett\u201d, el\u0151re meghat\u00e1rozott rendben zajl\u00f3 \u00f6r\u00f6k\u00edt\u00e9s megval\u00f3s\u00edt\u00e1sa. Polg\u00e1r-, ad\u00f3- \u00e9s tulajdonjogi hat\u00e1sai vannak, a magyar jogrendbe 2014-ben vezett\u00e9k be.<\/p>\n<p><strong>Szerepl\u0151k: <\/strong>a vagyonrendel\u0151 (aki a bvk-szerz\u0151d\u00e9st megk\u00f6ti), a vagyonkezel\u0151 \u00e9s a kedvezm\u00e9nyezett(ek).<\/p>\n<p><strong>Milyen id\u0151t\u00e1vra sz\u00f3lhat?<\/strong> A jogszab\u00e1ly maximum 50 \u00e9vet enged\u00e9lyez.<\/p>\n<p><strong>El\u0151nye?<\/strong> A tulajdonos hal\u00e1la vagy cselekv\u0151k\u00e9ptelenn\u00e9 v\u00e1l\u00e1sa eset\u00e9n is tov\u00e1bb m\u0171k\u00f6dik a csal\u00e1di vagyon ir\u00e1ny\u00edt\u00e1sa, \u00e9s tov\u00e1bbra is akad\u00e1ly n\u00e9lk\u00fcl kezelhet\u0151 a csal\u00e1di likvid megtakar\u00edt\u00e1s.<\/p>\n<div class=\"related-post-links\">\n<p>\t\t<span class=\"related-post-links__title minititle\">T\u00f6bb ebb\u0151l<\/span><\/p>\n<div class=\"related-post-links__link-wrapper\">\n\t\t\t\t<a href=\"https:\/\/www.forbes.hu\/uzlet\/klart-csaladi-alkotmany-cegek-valtozasmenedzsment-jog\/\" class=\"related-post-links__link\">A gyerek m\u00e1r r\u00e9g viszi a c\u00e9get, m\u00e9gsem tulajdonos \u2013 sok csal\u00e1dban ez tabu<\/a>\n\t\t\t<\/div>\n<div class=\"related-post-links__link-wrapper\">\n\t\t\t\t<a href=\"https:\/\/www.forbes.hu\/uzlet\/apukam-belealmodta-a-birodalmat-ures-es-gazos-paprikamalombol-lett-az-igazi-csaladi-fuszersztori\/\" class=\"related-post-links__link\">\u201eApuk\u00e1m bele\u00e1lmodta a\u00a0birodalmat.\u201d \u00dcres \u00e9s gazos paprikamalomb\u00f3l lett az igazi csal\u00e1di f\u0171szersztori<\/a>\n\t\t\t<\/div>\n<\/div>\n<h2 class=\"wp-block-heading\">\u00c9rdemi l\u00e9p\u00e9s<\/h2>\n<p class=\"has-drop-cap\">A bizalmi vagyonkezel\u00e9s m\u00e1ig n\u00e9pszer\u0171 konstrukci\u00f3: vagyonm\u00e9rett\u0151l, elsz\u00e1nts\u00e1gt\u00f3l, valamint csal\u00e1di rendszert\u0151l f\u00fcgg\u0151en sokan hoztak l\u00e9tre ilyen strukt\u00far\u00e1kat, mondja Bar\u00e1ti \u00c1kos, a Jalsovszky \u00dcgyv\u00e9di Iroda partnere. Ugyanakkor \u0151 \u00e9s So\u00f3s P\u00e9ter, a Hold Alapkezel\u0151 partnere, szenior priv\u00e1tbank\u00e1ra is azt l\u00e1tja a praxis\u00e1ban, hogy \u00e9rdemben m\u00e9g mindig kevesen foglalkoznak a c\u00e9ges ut\u00f3dl\u00e1ssal.<\/p>\n<blockquote class=\"wp-block-quote is-layout-flow wp-block-quote-is-layout-flow\">\n<p>\u201eM\u00e9g azok is, akik \u00fagy \u00e9rzik, hogy komolyan foglalkoznak az ut\u00f3dl\u00e1ssal, gyakran kev\u00e9s konkr\u00e9t l\u00e9p\u00e9st tesznek. A bvk viszont k\u00e9zzelfoghat\u00f3 l\u00e9p\u00e9s, val\u00f3di jogi keretet ad az ut\u00f3dl\u00e1s megtervez\u00e9s\u00e9hez\u201d<\/p>\n<\/blockquote>\n<p>\u2013 fejti ki P\u00e9ter.<\/p>\n<div class=\"highlighted-text\">\n<p>\t\t<span class=\"highlighted-text__title minititle\">Err\u0151l sz\u00f3l m\u00e9g a cikk<\/span><\/p>\n<div class=\"highlighted-text__content\">\n<ul>\n<li>H\u00e1ny bvk-szerz\u0151d\u00e9s l\u00e9tezhet Magyarorsz\u00e1gon?<\/li>\n<li>Milyen ad\u00f3el\u0151ny\u00f6k maradnak, \u00e9s mi sz\u0171nik meg?<\/li>\n<li>Melyik vagyonkezel\u0151ket ellen\u0151rzik?<\/li>\n<li>Hogyan \u00e9rdemes k\u00e9sz\u00fclni az ellen\u0151rz\u00e9sekre?<\/li>\n<li>\u00c9rdemes-e a mostani v\u00e1ltoz\u00e1sok t\u00fckr\u00e9ben tov\u00e1bbra is bvk-ban gondolkoznia egy csal\u00e1di v\u00e1llalkoz\u00e1snak?<\/li>\n<\/ul><\/div>\n<\/div>\n<div class=\"post-content-soft-paywall\">\n<p>A 2023-as, egy\u00e9rtel\u0171 ad\u00f3szab\u00e1lyoz\u00e1st behoz\u00f3 jogszab\u00e1lym\u00f3dos\u00edt\u00e1s el\u0151tt Magyarorsz\u00e1gon k\u00f6r\u00fclbel\u00fcl 600 bvk-szerz\u0151d\u00e9s l\u00e9tezhetett (vagyis a jogint\u00e9zm\u00e9ny 2014-es bevezet\u00e9se \u00f3ta ennyi j\u00f6tt l\u00e9tre), majd hirtelen felp\u00f6rg\u00f6tt, \u00e9s egy \u00e9v alatt csaknem h\u00e1romszoros\u00e1ra n\u0151tt a sz\u00e1muk, ami mostanra m\u00e1r kicsivel 2000 felett lehet.<\/p>\n<p>P\u00e9ter kiemeli, hogy a bvk nemcsak a leggazdagabbak eszk\u00f6ze, vannak olyan bvk-k is, amelyek p\u00e1r sz\u00e1zmilli\u00f3s vagyonra j\u00f6nnek l\u00e9tre. Persze, van egy vagyonm\u00e9ret, amely alatt kev\u00e9sb\u00e9 \u00e9ri meg, hiszen a l\u00e9trehoz\u00e1sa \u00e9s fenntart\u00e1sa is j\u00f3val k\u00f6lts\u00e9gesebb lehet, mint p\u00e9ld\u00e1ul egy kft. m\u0171k\u00f6dtet\u00e9se.<\/p>\n<p>2023-ban \u2013 az \u00e9v k\u00f6zben beny\u00fajtott m\u00f3dos\u00edt\u00e1sok miatt \u2013 nagy roham volt, ism\u00e9t n\u0151tt a bvk-szerz\u0151d\u00e9sek sz\u00e1ma, id\u00e9n pedig van es\u00e9ly r\u00e1, hogy j\u00f3p\u00e1r bvk-szerz\u0151d\u00e9s j\u00f6tt l\u00e9tre augusztus 31. el\u0151tt annak \u00e9rdek\u00e9ben, hogy m\u00e9g a r\u00e9gi rezsim szab\u00e1lyait tudj\u00e1k \u00e9lvezni. Mostant\u00f3l ugyanakkor id\u0151szakos lassul\u00e1s j\u00f6het az \u00faj szab\u00e1lyoz\u00e1s miatt.<\/p>\n<figure class=\"wp-block-image size-full\">\n<div class=\"photo-credit-wrapper\"><img decoding=\"async\" width=\"2560\" height=\"1707\" loading=\"lazy\" src=\"https:\/\/cdn.forbes.hu\/uploads\/2026\/08\/SL0_1891-scaled.jpg\" alt=\"\" class=\"wp-image-798374\" \/>\n<div class=\"photo-credit\">\n            <img decoding=\"async\" loading=\"lazy\" class=\"photo-credit__icon\" src=\"https:\/\/www.forbes.hu\/wp-content\/themes\/frontend\/atoms\/photo-credit\/icon-info.svg\" alt=\"info\" \/><br \/>\n            <span class=\"photo-credit__label\">dr. Bar\u00e1ti \u00c1kos, So\u00f3s P\u00e9ter<\/span>\n        <\/div>\n<\/div><figcaption class=\"wp-element-caption\">So\u00f3s P\u00e9ter szerint nagyobb vagyonok eset\u00e9n hasznos lehet, ha a bvk kit\u00e1rgyal\u00e1s\u00e1nak folyamat\u00e1t megel\u0151zi a csal\u00e1di alkotm\u00e1ny elk\u00e9sz\u00edt\u00e9se. Fot\u00f3: Sebesty\u00e9n L\u00e1szl\u00f3\/Forbes.hu<\/figcaption><\/figure>\n<p>M\u00edg a csal\u00e1di alkotm\u00e1ny (err\u0151l sz\u00f3l\u00f3 r\u00e9szletes cikk\u00fcnk <a href=\"https:\/\/www.forbes.hu\/uzlet\/klart-csaladi-alkotmany-cegek-valtozasmenedzsment-jog\/\">itt olvashat\u00f3<\/a>) egy \u201esoft\u201d dokumentum, \u00e9s ink\u00e1bb egy etoszt, az alapk\u00f6veket hat\u00e1rozza meg, seg\u00edtve a csal\u00e1d egy\u00fcttm\u0171k\u00f6d\u00e9s\u00e9t, ritk\u00e1bban f\u0171z\u0151dik hozz\u00e1 joghat\u00e1s, mint a bvk-hoz, amelynek tartalm\u00e1t c\u00e9ges dokumentumokba, v\u00e9grendeletekbe is \u00e1tvezetik \u2013 fejti ki \u00c1kos. P\u00e9ter hozz\u00e1teszi, hogy nagyobb vagyonok eset\u00e9n hasznos lehet, ha a bvk kit\u00e1rgyal\u00e1s\u00e1nak folyamat\u00e1t megel\u0151zi a csal\u00e1di alkotm\u00e1ny elk\u00e9sz\u00edt\u00e9se, mert akkor m\u00e1r egy\u00e9rtelm\u0171ek a csal\u00e1di c\u00e9lok.<\/p>\n<p>\u00c1kos szerint ez nagyon ritka, \u201e\u00e9s ez\u00e9rt nem is hib\u00e1ztatok senkit\u201d. Legt\u00f6bbsz\u00f6r az alap\u00edt\u00f3, a f\u0151 vagyontulajdonos monarcha st\u00edlusban tal\u00e1lja ki a dolgokat, \u00e9s maximum a h\u00e1zast\u00e1rs\u00e1t vonja be, ami \u00e9rthet\u0151 is akkor, ha kiskor\u00faak vagy fiatal feln\u0151ttek vannak a rendszerben. M\u00e1skor az eg\u00e9sz csal\u00e1d j\u00f6n, \u00e9s demokratikus d\u00f6nt\u00e9si folyamat van. \u201eEz a jogi folyamaton t\u00fal rengeteg egyeztet\u00e9st ig\u00e9nyel, de a v\u00e9g\u00e9n tudnak j\u00f3, a csal\u00e1di \u00e9s vagyoni viszonyokra egyedileg szabott megold\u00e1sok sz\u00fcletni.\u201d<\/p>\n<h2 class=\"wp-block-heading\"><strong>Megsz\u0171n\u0151 \u00e9s megmarad\u00f3 ad\u00f3el\u0151ny\u00f6k<\/strong><\/h2>\n<p class=\"has-drop-cap\">A mostani ad\u00f3m\u00f3dos\u00edt\u00e1sra az\u00e9rt volt sz\u00fcks\u00e9g, hogy Magyarorsz\u00e1g hozz\u00e1f\u00e9rhessen az eur\u00f3pai uni\u00f3s forr\u00e1sokhoz, hivatalosan a <a href=\"https:\/\/mkogy.jogtar.hu\/jogszabaly?docid=A2600035.TV\">\u201e2026. \u00e9vi XXXV. t\u00f6rv\u00e9ny<\/a> a Helyre\u00e1ll\u00edt\u00e1si \u00e9s Ellen\u00e1ll\u00f3k\u00e9pess\u00e9gi Terv v\u00e9grehajt\u00e1sa \u00e9rdek\u00e9ben sz\u00fcks\u00e9ges ad\u00f3int\u00e9zked\u00e9sekr\u0151l, valamint egy\u00e9b t\u00f6rv\u00e9nyek m\u00f3dos\u00edt\u00e1s\u00e1r\u00f3l\u201d c\u00edmet viseli a j\u00falius v\u00e9g\u00e9n m\u00e1r ki is hirdetett jogszab\u00e1ly.<\/p>\n<p>Ami v\u00e1ltozik, \u00e9s ami nem.<\/p>\n<ul class=\"wp-block-list\">\n<li>A strukt\u00fara l\u00e9trehoz\u00e1sa ad\u00f3mentes. A kor\u00e1bbi szab\u00e1lyok szerint a bizalmi vagyonkezel\u00e9sbe vett vagyonelemeket a vagyonrendel\u0151 ad\u00f3mentesen fel\u00e9rt\u00e9kelhette \u00e9s a vagyonrendel\u0151 (vagy k\u00f6zeli hozz\u00e1tartoz\u00f3ja) kivehette a vagyonrendel\u00e9st\u0151l sz\u00e1m\u00edtott \u00f6t \u00e9v letelte ut\u00e1n, ha nem volt \u00e9rt\u00e9kn\u00f6veked\u00e9s a bet\u00e9teli \u00e9s a kiv\u00e9teli \u00e9rt\u00e9k k\u00f6z\u00f6tt. <strong>Ez az ad\u00f3el\u0151ny mostant\u00f3l megsz\u0171nik<\/strong>, mert az ad\u00f3elker\u00fcl\u00e9s vagy az illeg\u00e1lis strukt\u00far\u00e1k szempontj\u00e1b\u00f3l sokaknak vonz\u00f3 lehetett, vagyis ha a vagyonrendel\u0151 veszi ki a vagyont, akkor \u0151 mindenk\u00e9ppen ad\u00f3zik.<\/li>\n<li>Itt fontos, hogy amikor p\u00e9ld\u00e1ul egy c\u00e9get bevittek a bvk-ba, \u00e9s fel\u00e9rt\u00e9kelt\u00e9k piaci \u00e9rt\u00e9kre, a fel\u00e9rt\u00e9kelt c\u00e9get vagy a hely\u00e9be l\u00e9p\u0151 \u00e9rt\u00e9ket (pl.: az elad\u00e1son realiz\u00e1lt p\u00e9nz\u00f6sszeget) a kedvezm\u00e9nyezettek 5 \u00e9v eltelt\u00e9ben ad\u00f3mentesen kivehett\u00e9k a bvk-b\u00f3l.<\/li>\n<li>Az augusztus 31-t\u0151l hat\u00e1lyos szab\u00e1lyok alapj\u00e1n, <strong>ha a vagyonrendel\u0151 meghal, akkor a kedvezm\u00e9nyezettek tov\u00e1bbra is ad\u00f3mentesen tudj\u00e1k majd kivenni a vagyont a fel\u00e9rt\u00e9kel\u00e9ssel egy\u00fctt, <\/strong>s\u0151t a kiad\u00e1skor egy addicion\u00e1lis fel\u00e9rt\u00e9kel\u00e9ssel is \u00e9lni lehet, ugyan\u00fagy, mint ha k\u00f6zvetlen\u00fcl \u00f6r\u00f6k\u00f6lt\u00e9k volna a vagyont. \u201eEz \u00edgy val\u00f3ban egy igazs\u00e1gosabb rendszer\u201d \u2013 mondja \u00c1kos.<\/li>\n<li><strong>A bvk-k egy\u00e9b ad\u00f3el\u0151nyei is megmaradnak<\/strong>: p\u00e9ld\u00e1ul bizonyos esetben ad\u00f3mentesen tudnak m\u0171k\u00f6dni, illetve nyithatnak tart\u00f3s befektet\u00e9si sz\u00e1ml\u00e1t.<\/li>\n<\/ul>\n<p>\u00c1kos szerint az \u00faj t\u00f6rv\u00e9ny ad\u00f3z\u00e1si r\u00e9sze egy teljesen fair szab\u00e1lyoz\u00e1s, \u00e9s ezekkel az ad\u00f3v\u00e1ltoz\u00e1sokkal jobban \u00e9rv\u00e9nyes\u00edthet\u0151 a bvk eredeti c\u00e9lja, vagyis a csal\u00e1di vagyon meg\u00f3v\u00e1sa, a hossz\u00fa t\u00e1v\u00fa tervez\u00e9s \u00e9s az \u00f6r\u00f6k\u00edt\u00e9s megval\u00f3s\u00edt\u00e1sa. Megsz\u0171nnek a f\u0151k\u00e9nt az ad\u00f3el\u0151ny\u00f6k megszerz\u00e9s\u00e9re l\u00e9trehozott vagyonkezel\u00e9si strukt\u00far\u00e1k.<\/p>\n<p>A szak\u00e9rt\u0151k kifejtett\u00e9k, hogy a bvk-s vagyon ad\u00f3z\u00e1s\u00e1val kapcsolatban sok t\u00e9vhit \u00e9l, \u00e9s megb\u00e9lyegzik a bvk-t azzal, hogy az ad\u00f3elker\u00fcl\u00e9st vagy az illeg\u00e1lis ad\u00f3el\u0151ny-szerz\u00e9st szolg\u00e1lja.<\/p>\n<blockquote class=\"wp-block-quote is-layout-flow wp-block-quote-is-layout-flow\">\n<p>\u201eNem ad\u00f3elker\u00fcl\u00e9s, ha jogszab\u00e1ly \u00e1ltal biztos\u00edtott ad\u00f3el\u0151ny\u00f6k vannak. Az ad\u00f3elker\u00fcl\u00e9ssel \u00e9s az ad\u00f3csal\u00e1ssal kapcsolatos strukt\u00far\u00e1k mindig abb\u00f3l ad\u00f3dnak, ha valaki \u00fagy \u00e9l vissza a jogszab\u00e1lyban szab\u00e1lyozott jog\u00e1val, hogy az nem felel meg a jogszab\u00e1ly eredeti c\u00e9lj\u00e1nak\u201d <\/p>\n<\/blockquote>\n<p>\u2013 fejtette ki \u00c1kos.<\/p>\n<h2 class=\"wp-block-heading\"><strong>A megsz\u0171nt bvk-kat is ellen\u0151rizni fogj\u00e1k<\/strong><\/h2>\n<p class=\"has-drop-cap\">A Nemzeti Ad\u00f3- \u00e9s V\u00e1mhivatalnak (NAV) augusztus 31-t\u0151l ellen\u0151riznie kell a bizalmi vagyonkezel\u0151k \u00e1ltal kezelt vagyonokat \u00e9s a mag\u00e1nalap\u00edtv\u00e1nyokat. Els\u0151 k\u00f6rben azokat a kezelt vagyonokat vizsg\u00e1lj\u00e1k, amelyek vagyonkezel\u0151j\u00e9t 2023. szeptember 12. el\u0151tt vett\u00e9k nyilv\u00e1ntart\u00e1sba, majd 2028. janu\u00e1r 1-j\u00e9t\u0151l egy \u00e1ltal\u00e1nos, valamennyi kezelt vagyonra kiterjed\u0151 ellen\u0151rz\u00e9s k\u00f6vetkezik.<\/p>\n<p>A Hold a bizalmi vagyonkezel\u0151kkel \u00fagy m\u0171k\u00f6dik egy\u00fctt, hogy az \u00e1ltaluk a Hold portf\u00f3li\u00f3kezel\u00e9s\u00e9re b\u00edzott likvid vagyonelemeket fekteti be. NAV-ellen\u0151rz\u00e9sek sor\u00e1n legfeljebb adatszolg\u00e1ltat\u00e1si k\u00f6telezetts\u00e9g\u00fck mer\u00fclhet fel: ilyenkor az \u00fcgyf\u00e9l, annak k\u00f6nyvel\u0151je vagy k\u00f6zvetlen\u00fcl a NAV k\u00e9rhet inform\u00e1ci\u00f3t arr\u00f3l, milyen tranzakci\u00f3k t\u00f6rt\u00e9ntek az adott \u00e9rt\u00e9kpap\u00edrsz\u00e1ml\u00e1n.<\/p>\n<p>P\u00e9ter szerint viszonylag sok olyan bvk lehet, ahol a bizalmi vagyonkezel\u00e9s k\u00f6nyvel\u00e9se nem t\u00f6k\u00e9letesen felel meg a NAV \u00e1ltal elv\u00e1rt k\u00f6nyvel\u00e9si form\u00e1tumnak, vagy nem naprak\u00e9sz. \u201eEz minket, szolg\u00e1ltat\u00f3kat is \u00e9rinteni fog, mert viszonylag gyorsan kell k\u00f6nyvel\u00e9sileg helyrerakni a bvk-kat ak\u00e1r t\u00f6bb \u00e9vre visszamen\u0151leg, \u00e9s ehhez sok adatot kell majd szolg\u00e1ltatnunk.\u201d<\/p>\n<p>A bizalmi vagyonkezel\u00e9s, ahogyan a nev\u00e9ben is benne van, bizalmi k\u00e9rd\u00e9s, a jogalkot\u00f3 emiatt a dokument\u00e1ci\u00f3t is bizalmass\u00e1 tette, nagyon helyesen \u2013 mondja \u00c1kos. A bvk-szerz\u0151d\u00e9sek le vannak adva a Magyar Nemzeti Bankn\u00e1l (MNB), a NAV \u00a0bek\u00e9rheti a k\u00f6nyvel\u00e9st, de maguk a szerz\u0151d\u00e9sek \u00e9s a besz\u00e1mol\u00f3k nem nyilv\u00e1nosak. Emiatt el\u0151fordulnak olyan vagyonkezel\u0151k, akiknek nem er\u0151ss\u00e9ge az adminisztr\u00e1ci\u00f3, \u00e9s nem k\u00e9sz\u00edtett\u00e9k el id\u0151ben a besz\u00e1mol\u00f3kat. \u201eJ\u00f3 dolog, hogy lesz ad\u00f3hat\u00f3s\u00e1gi ellen\u0151rz\u00e9s, \u00e9s mindenkinek kicsit gaty\u00e1ba kell r\u00e1zni a k\u00f6nyvel\u00e9st.\u201d \u00c1kos kiemelte, hogy \u0151k egy\u00e9bk\u00e9nt is mindig jelzik az \u00fcgyfeleiknek, hogy mit kell elk\u00e9sz\u00edteni, \u00e9s kell\u0151en hozz\u00e1\u00e9rt\u0151 k\u00f6nyvel\u0151irod\u00e1kat javasolnak sz\u00e1mukra.<\/p>\n<figure class=\"wp-block-image size-full\">\n<div class=\"photo-credit-wrapper\"><img decoding=\"async\" width=\"2560\" height=\"1707\" loading=\"lazy\" src=\"https:\/\/cdn.forbes.hu\/uploads\/2026\/08\/SL0_1901-scaled.jpg\" alt=\"\" class=\"wp-image-798372\" \/>\n<div class=\"photo-credit\">\n            <img decoding=\"async\" loading=\"lazy\" class=\"photo-credit__icon\" src=\"https:\/\/www.forbes.hu\/wp-content\/themes\/frontend\/atoms\/photo-credit\/icon-info.svg\" alt=\"info\" \/><br \/>\n            <span class=\"photo-credit__label\">dr. Bar\u00e1ti \u00c1kos, So\u00f3s P\u00e9ter<\/span>\n        <\/div>\n<\/div><figcaption class=\"wp-element-caption\">Bar\u00e1ti \u00c1kos: \u201eAhol a vagyonrendel\u0151 \u00e9s a kedvezm\u00e9nyezett ugyanaz, \u00e9s tranzakci\u00f3s c\u00e9llal l\u00e9trej\u00f6tt egy strukt\u00fara, ad\u00f3el\u0151nyt szereztek bel\u0151le, \u00e9s ut\u00e1na bez\u00e1rt\u00e1k, ott lesz a NAV-nak keresnival\u00f3ja\u201d. Fot\u00f3: Sebesty\u00e9n L\u00e1szl\u00f3\/Forbes.hu<\/figcaption><\/figure>\n<p>Annak ok\u00e1r\u00f3l, hogy a megsz\u0171nt bvk-kat is ellen\u0151rizni fogj\u00e1k, azt mondj\u00e1k, hogy a NAV az ad\u00f3csal\u00f3, ad\u00f3elker\u00fcl\u0151 strukt\u00far\u00e1kat fogja keresni, \u00e9s ezek \u00e1ltal\u00e1ban nem azok a bvk-k, amelyek a mai napig m\u0171k\u00f6dnek. Els\u0151sorban azoknak van f\u00e9lnival\u00f3juk, amelyek tranzakci\u00f3s c\u00e9llal, nagyon r\u00f6vid id\u0151re, kiz\u00e1r\u00f3lag az ad\u00f3el\u0151ny megszerz\u00e9s\u00e9re j\u00f6ttek l\u00e9tre.<\/p>\n<p>Hab\u00e1r a bvk m\u0171k\u00f6d\u00e9si idej\u00e9nek a hossza az egyik legfontosabb fokm\u00e9r\u0151, a NAV a strukt\u00fara \u00f6sszes k\u00f6r\u00fclm\u00e9ny\u00e9t vizsg\u00e1lni fogja az ellen\u0151rz\u00e9s sor\u00e1n, p\u00e9ld\u00e1ul a l\u00e9trehoz\u00e1s gazdas\u00e1gi c\u00e9lj\u00e1t, a vagyonkiad\u00e1sok okait, vagy \u00e9pp a vagyonrendel\u0151 \u00e9s a kedvezm\u00e9nyezettek kapcsolat\u00e1t.<\/p>\n<p>Ha egy strukt\u00fara p\u00e9ld\u00e1ul csak f\u00e9l-egy \u00e9vig m\u0171k\u00f6d\u00f6tt, az m\u00e1r ezt jelezheti, kiv\u00e9ve egy-k\u00e9t szerencs\u00e9tlen esetet, ahol nem sokkal a bvk l\u00e9trehoz\u00e1sa ut\u00e1n k\u00f6vetkezett be a vagyonrendel\u0151 hal\u00e1la.<\/p>\n<blockquote class=\"wp-block-quote is-layout-flow wp-block-quote-is-layout-flow\">\n<p>\u201eAhol a vagyonrendel\u0151 \u00e9s a kedvezm\u00e9nyezett ugyanaz, \u00e9s tranzakci\u00f3s c\u00e9llal l\u00e9trej\u00f6tt egy strukt\u00fara, ad\u00f3el\u0151nyt szereztek bel\u0151le, \u00e9s ut\u00e1na bez\u00e1rt\u00e1k, ott lesz a NAV-nak keresnival\u00f3ja\u201d<\/p>\n<\/blockquote>\n<p>\u2013 foglalja \u00f6ssze \u00c1kos. A t\u00f6bbi, tisztess\u00e9gesen m\u0171k\u00f6d\u0151n\u00e9l a pap\u00edrokkal \u00e9s a k\u00f6nyvel\u00e9ssel az\u00e9rt \u00e9rdemes lesz foglalkozni, de nem ezeknek kell f\u00e9lni a komoly ad\u00f3b\u00edrs\u00e1gokt\u00f3l.<\/p>\n<p>A bvk-t a k\u00f6zbesz\u00e9dben sokszor \u00f6sszemoss\u00e1k <a href=\"https:\/\/www.forbes.hu\/penz\/4500-milliard-forint-lehet-a-ner-vagyonlerakoiban-tobb-mint-a-feluket-homaly-fedi\/\">a mag\u00e1nt\u0151kealapok int\u00e9zm\u00e9ny\u00e9vel,<\/a> amelyekb\u0151l kb. 200\u2013300 m\u0171k\u00f6dhet haz\u00e1nkban. N\u00e9h\u00e1ny mag\u00e1nt\u0151kealapn\u00e1l val\u00f3ban felmer\u00fclt a gyan\u00fa, hogy \u00e1llami p\u00e9nzek nem megfelel\u0151 kezel\u00e9s\u00e9ben r\u00e9szt vettek, \u00e9s b\u00e1r a mag\u00e1nt\u0151kealapok nagy r\u00e9sz\u00e9n\u00e9l nem ez jellemz\u0151, a tisztess\u00e9ges alapkezel\u0151kre is r\u00e1\u00e9gett ez a b\u00e9lyeg. Pedig t\u00f6bbs\u00e9g\u00fck a priv\u00e1t finansz\u00edroz\u00e1st, a startupok finansz\u00edroz\u00e1s\u00e1t, \u00e9s a priv\u00e1t befektet\u00e9sek kezel\u00e9s\u00e9t oldja meg.<\/p>\n<p>\u201eNem lehet el\u00edt\u00e9lni egy eg\u00e9sz jogint\u00e9zm\u00e9nyt p\u00e1r szerepl\u0151 negat\u00edv viselked\u00e9se miatt\u201d \u2013 mondja \u00c1kos, hozz\u00e1t\u00e9ve, hogy ez a bvk-kra is igaz.<\/p>\n<p>Elk\u00e9pzelhet\u0151, hogy van p\u00e1r bvk, amelynek a tulajdonosi k\u00f6re \u00e9rintett lehetett ilyen-olyan \u00fcgyletekben, de att\u00f3l m\u00e9g a bvk-k t\u00f6bbs\u00e9ge \u00f6r\u00f6kl\u00e9si, vagyontervez\u00e9si c\u00e9llal j\u00f6tt l\u00e9tre, semmi k\u00f6ze \u00e1llami p\u00e9nzekhez vagy az ad\u00f3elker\u00fcl\u00e9shez. Irod\u00e1juk, a Jalsovszky \u00dcgyv\u00e9di Iroda kapcs\u00e1n kiemelte: \u201eT\u00f6bb sz\u00e1z bvk-strukt\u00far\u00e1t hoztunk l\u00e9tre, \u00e9s mi nem z\u00e1rtunk be egyet sem. Sz\u00e1mos olyan strukt\u00far\u00e1nk \u00a0van, ahol m\u00e1r r\u00e9gen lej\u00e1rt az \u00f6t \u00e9v, \u00e9s az alap\u00edt\u00f3k minden esetben megtartott\u00e1k ezeket, mert val\u00f3ban az \u00f6r\u00f6ks\u00e9g egyben tart\u00e1sa a c\u00e9l.\u201d<\/p>\n<figure class=\"wp-block-image size-full\">\n<div class=\"photo-credit-wrapper\"><img decoding=\"async\" width=\"1100\" height=\"678\" loading=\"lazy\" src=\"https:\/\/cdn.forbes.hu\/uploads\/2026\/08\/SL0_1924-scaled-e1788180880178.jpg\" alt=\"\" class=\"wp-image-798370\" \/>\n<div class=\"photo-credit\">\n            <img decoding=\"async\" loading=\"lazy\" class=\"photo-credit__icon\" src=\"https:\/\/www.forbes.hu\/wp-content\/themes\/frontend\/atoms\/photo-credit\/icon-info.svg\" alt=\"info\" \/><br \/>\n            <span class=\"photo-credit__label\">Fot\u00f3: Sebesty\u00e9n L\u00e1szl\u00f3\/Forbes<\/span>\n        <\/div>\n<\/div><figcaption class=\"wp-element-caption\">So\u00f3s P\u00e9ter (balra) \u00e9s Bar\u00e1ti \u00c1kos is azt l\u00e1tja praxis\u00e1ban, hogy \u00e9rdemben m\u00e9g mindig kevesen foglalkoznak a c\u00e9ges ut\u00f3dl\u00e1ssal. Fot\u00f3: Sebesty\u00e9n L\u00e1szl\u00f3\/Forbes.hu<\/figcaption><\/figure>\n<h2 class=\"wp-block-heading\"><strong>Tov\u00e1bbra is \u00e9rdemes?<\/strong><\/h2>\n<p class=\"has-drop-cap\">\u00c1kos szerint a mostani ad\u00f3- \u00e9s ellen\u0151rz\u00e9si v\u00e1ltoz\u00e1sok f\u00e9ny\u00e9ben is \u00e9rdemes a j\u00f6v\u0151ben bvk-ba vagyont tenni, persze egy konstrukci\u00f3 l\u00e9trehoz\u00e1sa el\u0151tt a tan\u00e1csad\u00f3nak is meg kell ismernie a csal\u00e1dot, a viszonyokat. \u201eEzek bonyolult k\u00e9rd\u00e9sek, de alapvet\u0151en mindenkinek van teend\u0151je a vagyonnal.\u201d<\/p>\n<p>\u00dagy l\u00e1tja, hogy egy j\u00f3 ad\u00f3tan\u00e1csad\u00f3 komplexen n\u00e9zi az ad\u00f3k\u00f6telezetts\u00e9geket annak meg\u00edt\u00e9l\u00e9sekor, hogy \u00e9rdemes-e bvk-t l\u00e9trehozni. Itt j\u00f6n be, hogy, b\u00e1r a r\u00e9szletek m\u00e9g nem krist\u00e1lytiszt\u00e1k, a korm\u00e1ny a v\u00e1rakoz\u00e1sok szerint be fogja vezetni a vagyonad\u00f3t.<\/p>\n<blockquote class=\"wp-block-quote is-layout-flow wp-block-quote-is-layout-flow\">\n<p>\u201eEz az \u00faj ad\u00f3nem nagy hat\u00e1ssal lesz a vagyonos r\u00e9tegre, a vagyonkezel\u00e9si strukt\u00far\u00e1kra.\u201d<\/p>\n<\/blockquote>\n<p>A bvk legfontosabb r\u00e9sze pszichol\u00f3gia \u00e9s technika, a jogi r\u00e9sze ut\u00e1na j\u00f6n. P\u00e9ter szerint a legnehezebb k\u00e9rd\u00e9s annak tiszt\u00e1z\u00e1sa, hogy a vagyonrendel\u0151 mit szeretne: hogyan m\u0171k\u00f6dj\u00f6n a kezelt vagyon a visszavonul\u00e1sa vagy a hal\u00e1la ut\u00e1n, \u00e9s hogy a csal\u00e1d is egyet\u00e9rt-e ezekkel a tervekkel?<\/p>\n<p>\u201eHa a vagyon eredeti felhalmoz\u00f3ja l\u00e9trehozza a strukt\u00far\u00e1t, folyamatosan alak\u00edthatja, hogy az a csal\u00e1d ig\u00e9nyeit mindig t\u00f6k\u00e9letesen kiszolg\u00e1lja \u2013 mondja \u00c1kos. \u2013 Teh\u00e1t nemcsak a fi\u00f3knak k\u00e9sz\u00fclt dokumentumnak, hanem organikus rendszernek kell tekinteni, k\u00e9s\u0151bb is lehet m\u00e9g form\u00e1lni.\u201d<\/p>\n<\/div>\n<div><\/div>\n<div class=\"premium-blocker premium-blocker--hu\" data-needed=\"authenticated\" data-current=\"[&quot;free&quot;]\">\n<div data-needed=\"authenticated\"><\/div>\n<\/div>\n<p>\t\t<!-- No email blocks found --><\/p>\n<p>The post <a href=\"https:\/\/www.forbes.hu\/uzlet\/valtozik-a-bizalmi-vagyonkezeles-mire-keszuljenek-a-csaladi-cegek\/\">\u00c9rdemben m\u00e9g mindig kevesen foglalkoznak az ut\u00f3dl\u00e1ssal: v\u00e1ltozik a bizalmi vagyonkezel\u00e9s, mire k\u00e9sz\u00fcljenek a csal\u00e1di c\u00e9gek?<\/a> appeared first on <a href=\"https:\/\/www.forbes.hu\/\">Forbes.hu<\/a>.<\/p><div id=\"friss-2912761744\" class=\"friss-etarget-cikk-vege friss-entity-placement\"><script type=\"text\/javascript\" id=\"etargetScript7a9b589f63cb072bef80df221f46a22b\">function etargetPostloadFunction7a9b589f63cb072bef80df221f46a22b(){var e=\"etargetPostload7a9b589f63cb072bef80df221f46a22b\",t=\"etargetScript7a9b589f63cb072bef80df221f46a22b\",o=document.getElementById(e);if(o){for(var n=o.offsetTop,d=o.offsetLeft,r=o.offsetWidth,a=o.offsetHeight;o.offsetParent;)o=o.offsetParent,n+=o.offsetTop,d+=o.offsetLeft;var i=(n<=window.pageYOffset+window.innerHeight&&d<window.pageXOffset+window.innerWidth&&n+a>window.pageYOffset&&d+r>window.pageXOffset);if(i&&etargetAllowOtherCheck){allowed=!1;var c=document.createElement(\"script\");return c.src=\"\/\/hu.search.etargetnet.com\/generic\/uni.php?g=ref:58661,area:700x210\",void(document.getElementById(t)&&document.getElementById(e)&&(document.getElementById(t).parentNode.appendChild(c),document.getElementById(t).parentNode.removeChild(document.getElementById(t)),document.getElementById(e).parentNode.removeChild(document.getElementById(e)),document.removeEventListener(\"scroll\",etargetPostloadFunction7a9b589f63cb072bef80df221f46a22b),document.removeEventListener(\"resize\",etargetPostloadFunction7a9b589f63cb072bef80df221f46a22b),document.removeEventListener(\"DOMContentLoaded\",etargetPostloadFunction7a9b589f63cb072bef80df221f46a22b)))}}}var etargetDivID=\"etargetPostload7a9b589f63cb072bef80df221f46a22b\",etargetScriptID=\"etargetScript7a9b589f63cb072bef80df221f46a22b\",etargetPostloadPoint=document.createElement(\"div\");etargetPostloadPoint.id=etargetDivID;var etargetCurScript=document.getElementById(etargetScriptID);etargetCurScript.parentNode.appendChild(etargetPostloadPoint),document.addEventListener(\"scroll\",etargetPostloadFunction7a9b589f63cb072bef80df221f46a22b),document.addEventListener(\"resize\",etargetPostloadFunction7a9b589f63cb072bef80df221f46a22b),document.addEventListener(\"DOMContentLoaded\",etargetPostloadFunction7a9b589f63cb072bef80df221f46a22b);var etargetAllowOtherCheck=!0;if(typeof(\"forceRunPostload\")==\"string\"){etargetPostloadFunction7a9b589f63cb072bef80df221f46a22b()}<\/script><\/div><div id=\"friss-1488999886\" class=\"friss-after-content friss-entity-placement\"><script type=\"text\/javascript\" id=\"etargetScript7a9b589f63cb072bef80df221f46a22b\">function etargetPostloadFunction7a9b589f63cb072bef80df221f46a22b(){var e=\"etargetPostload7a9b589f63cb072bef80df221f46a22b\",t=\"etargetScript7a9b589f63cb072bef80df221f46a22b\",o=document.getElementById(e);if(o){for(var n=o.offsetTop,d=o.offsetLeft,r=o.offsetWidth,a=o.offsetHeight;o.offsetParent;)o=o.offsetParent,n+=o.offsetTop,d+=o.offsetLeft;var i=(n<=window.pageYOffset+window.innerHeight&&d<window.pageXOffset+window.innerWidth&&n+a>window.pageYOffset&&d+r>window.pageXOffset);if(i&&etargetAllowOtherCheck){allowed=!1;var c=document.createElement(\"script\");return c.src=\"\/\/hu.search.etargetnet.com\/generic\/uni.php?g=ref:58661,area:700x210\",void(document.getElementById(t)&&document.getElementById(e)&&(document.getElementById(t).parentNode.appendChild(c),document.getElementById(t).parentNode.removeChild(document.getElementById(t)),document.getElementById(e).parentNode.removeChild(document.getElementById(e)),document.removeEventListener(\"scroll\",etargetPostloadFunction7a9b589f63cb072bef80df221f46a22b),document.removeEventListener(\"resize\",etargetPostloadFunction7a9b589f63cb072bef80df221f46a22b),document.removeEventListener(\"DOMContentLoaded\",etargetPostloadFunction7a9b589f63cb072bef80df221f46a22b)))}}}var etargetDivID=\"etargetPostload7a9b589f63cb072bef80df221f46a22b\",etargetScriptID=\"etargetScript7a9b589f63cb072bef80df221f46a22b\",etargetPostloadPoint=document.createElement(\"div\");etargetPostloadPoint.id=etargetDivID;var etargetCurScript=document.getElementById(etargetScriptID);etargetCurScript.parentNode.appendChild(etargetPostloadPoint),document.addEventListener(\"scroll\",etargetPostloadFunction7a9b589f63cb072bef80df221f46a22b),document.addEventListener(\"resize\",etargetPostloadFunction7a9b589f63cb072bef80df221f46a22b),document.addEventListener(\"DOMContentLoaded\",etargetPostloadFunction7a9b589f63cb072bef80df221f46a22b);var etargetAllowOtherCheck=!0;if(typeof(\"forceRunPostload\")==\"string\"){etargetPostloadFunction7a9b589f63cb072bef80df221f46a22b()}<\/script><\/div><div id=\"friss-1546741550\" class=\"friss-after-content_2 friss-entity-placement\" style=\"clear: both;\"><div class=\"wprss_ajax\" data-id=\"rss6d9e8a3b0b\"><img loading=\"lazy\" decoding=\"async\" src=\"https:\/\/friss-hirek.hu\/wp-content\/plugins\/wp-rss-retriever\/inc\/imgs\/ajax-loader.gif\" alt=\"Loading RSS Feed\" width=\"16\" height=\"16\"><\/div><\/div><br style=\"clear: both; display: block; float: none;\"\/><div id=\"friss-1190454861\" class=\"friss-after-content_3 friss-entity-placement\">https:\/\/www.youtube.com\/watch?v=Pdnw4KiUWp0<\/div>","protected":false},"excerpt":{"rendered":"<p>Augusztus 31-t\u0151l v\u00e1ltoztak a bizalmi vagyonkezel\u00e9s (bvk) ad\u00f3szab\u00e1lyai, \u00e9s elindul a bizalmi vagyonkezel\u0151k ellen\u0151rz\u00e9se. Bar\u00e1ti \u00c1kossal, a Jalsovszky \u00dcgyv\u00e9di Iroda partner\u00e9vel \u00e9s So\u00f3s P\u00e9terrel, a Hold Alapkezel\u0151 partner\u00e9vel, szenior priv\u00e1tbank\u00e1rral besz\u00e9lgett\u00fcnk arr\u00f3l, mennyire jellemz\u0151 konstrukci\u00f3 a bvk a csal\u00e1di v\u00e1llalatokn\u00e1l, \u00e9s mi v\u00e1rhat\u00f3 \u0151szt\u0151l. M\u00e9g t\u00f6bbet olvasn\u00e1l csal\u00e1di c\u00e9gekr\u0151l? Iratkozz fel\u00a0a Forbes Family Business h\u00edrlevel\u00e9re! [&hellip;]<\/p>\n","protected":false},"author":1,"featured_media":0,"comment_status":"open","ping_status":"open","sticky":false,"template":"","format":"standard","meta":{"footnotes":""},"categories":[7],"tags":[],"class_list":["post-171012","post","type-post","status-publish","format-standard","hentry","category-uzlet"],"amp_enabled":true,"_links":{"self":[{"href":"https:\/\/friss-hirek.hu\/index.php\/wp-json\/wp\/v2\/posts\/171012","targetHints":{"allow":["GET"]}}],"collection":[{"href":"https:\/\/friss-hirek.hu\/index.php\/wp-json\/wp\/v2\/posts"}],"about":[{"href":"https:\/\/friss-hirek.hu\/index.php\/wp-json\/wp\/v2\/types\/post"}],"author":[{"embeddable":true,"href":"https:\/\/friss-hirek.hu\/index.php\/wp-json\/wp\/v2\/users\/1"}],"replies":[{"embeddable":true,"href":"https:\/\/friss-hirek.hu\/index.php\/wp-json\/wp\/v2\/comments?post=171012"}],"version-history":[{"count":0,"href":"https:\/\/friss-hirek.hu\/index.php\/wp-json\/wp\/v2\/posts\/171012\/revisions"}],"wp:attachment":[{"href":"https:\/\/friss-hirek.hu\/index.php\/wp-json\/wp\/v2\/media?parent=171012"}],"wp:term":[{"taxonomy":"category","embeddable":true,"href":"https:\/\/friss-hirek.hu\/index.php\/wp-json\/wp\/v2\/categories?post=171012"},{"taxonomy":"post_tag","embeddable":true,"href":"https:\/\/friss-hirek.hu\/index.php\/wp-json\/wp\/v2\/tags?post=171012"}],"curies":[{"name":"wp","href":"https:\/\/api.w.org\/{rel}","templated":true}]}}