{"id":171015,"date":"2026-09-01T06:24:24","date_gmt":"2026-09-01T06:24:24","guid":{"rendered":"https:\/\/friss-hirek.hu\/index.php\/a-kormany-atrendezte-a-miniszteriumokat-ruff-balint-es-bona-szabolcs-is-komolyabb-szerepet-kap\/friss-hirek\/"},"modified":"2026-09-01T06:24:24","modified_gmt":"2026-09-01T06:24:24","slug":"a-kormany-atrendezte-a-miniszteriumokat-ruff-balint-es-bona-szabolcs-is-komolyabb-szerepet-kap","status":"publish","type":"post","link":"https:\/\/friss-hirek.hu\/index.php\/a-kormany-atrendezte-a-miniszteriumokat-ruff-balint-es-bona-szabolcs-is-komolyabb-szerepet-kap\/uzlet\/","title":{"rendered":"A korm\u00e1ny \u00e1trendezte a miniszt\u00e9riumokat: Ruff B\u00e1lint \u00e9s B\u00f3na Szabolcs is komolyabb szerepet kap"},"content":{"rendered":"<p><strong>Jelent\u0151s v\u00e1ltoz\u00e1s \u00e9rinti a Bel\u00fcgyminiszt\u00e9riumot is.<\/strong><\/p><div id=\"friss-3914236881\" class=\"friss-etarget friss-entity-placement\"><script type=\"text\/javascript\" id=\"etargetScript7a9b589f63cb072bef80df221f46a22b\">function etargetPostloadFunction7a9b589f63cb072bef80df221f46a22b(){var e=\"etargetPostload7a9b589f63cb072bef80df221f46a22b\",t=\"etargetScript7a9b589f63cb072bef80df221f46a22b\",o=document.getElementById(e);if(o){for(var n=o.offsetTop,d=o.offsetLeft,r=o.offsetWidth,a=o.offsetHeight;o.offsetParent;)o=o.offsetParent,n+=o.offsetTop,d+=o.offsetLeft;var i=(n<=window.pageYOffset+window.innerHeight&&d<window.pageXOffset+window.innerWidth&&n+a>window.pageYOffset&&d+r>window.pageXOffset);if(i&&etargetAllowOtherCheck){allowed=!1;var c=document.createElement(\"script\");return c.src=\"\/\/hu.search.etargetnet.com\/generic\/uni.php?g=ref:58661,area:700x210\",void(document.getElementById(t)&&document.getElementById(e)&&(document.getElementById(t).parentNode.appendChild(c),document.getElementById(t).parentNode.removeChild(document.getElementById(t)),document.getElementById(e).parentNode.removeChild(document.getElementById(e)),document.removeEventListener(\"scroll\",etargetPostloadFunction7a9b589f63cb072bef80df221f46a22b),document.removeEventListener(\"resize\",etargetPostloadFunction7a9b589f63cb072bef80df221f46a22b),document.removeEventListener(\"DOMContentLoaded\",etargetPostloadFunction7a9b589f63cb072bef80df221f46a22b)))}}}var etargetDivID=\"etargetPostload7a9b589f63cb072bef80df221f46a22b\",etargetScriptID=\"etargetScript7a9b589f63cb072bef80df221f46a22b\",etargetPostloadPoint=document.createElement(\"div\");etargetPostloadPoint.id=etargetDivID;var etargetCurScript=document.getElementById(etargetScriptID);etargetCurScript.parentNode.appendChild(etargetPostloadPoint),document.addEventListener(\"scroll\",etargetPostloadFunction7a9b589f63cb072bef80df221f46a22b),document.addEventListener(\"resize\",etargetPostloadFunction7a9b589f63cb072bef80df221f46a22b),document.addEventListener(\"DOMContentLoaded\",etargetPostloadFunction7a9b589f63cb072bef80df221f46a22b);var etargetAllowOtherCheck=!0;if(typeof(\"forceRunPostload\")==\"string\"){etargetPostloadFunction7a9b589f63cb072bef80df221f46a22b()}<\/script><\/div>\n<p><strong>Mi t\u00f6rt\u00e9nt? <\/strong>Jelent\u0151sen \u00e1tszabta a miniszterek feladatait a korm\u00e1ny a h\u00e9tf\u0151 este megjelent, 34 oldalas rendelet t\u00f6bb t\u00e1rca hat\u00e1sk\u00f6reit is \u00e1trendezi, vette \u00e9szre <a href=\"https:\/\/hvg.hu\/itthon\/20260901_a-kormany-alaposan-atrendezte-a-miniszterek-hataskoreit\">a HVG. <\/a><\/p>\n<div class=\"related-post-links\">\n<p>\t\t<span class=\"related-post-links__title minititle\">T\u00f6bb ebb\u0151l<\/span><\/p>\n<div class=\"related-post-links__link-wrapper\">\n\t\t\t\t<a href=\"https:\/\/www.forbes.hu\/uzlet\/magyar-peter-ujra-targyaloasztalhoz-ulhet-magyarorszag-es-horvatorszag-a-mol-miatt\/\" class=\"related-post-links__link\">Magyar P\u00e9ter: \u00dajra t\u00e1rgyal\u00f3asztalhoz \u00fclhet Magyarorsz\u00e1g \u00e9s Horv\u00e1torsz\u00e1g a Mol miatt<\/a>\n\t\t\t<\/div>\n<div class=\"related-post-links__link-wrapper\">\n\t\t\t\t<a href=\"https:\/\/www.forbes.hu\/hirek\/hatarozat-penzbol-gazdalkodhat-vagyonvisszaszerzesi-hivatal-unger-anna\/\" class=\"related-post-links__link\">Megjelent a hat\u00e1rozat: ennyi p\u00e9nzb\u0151l gazd\u00e1lkodhat id\u00e9n a vagyonvisszaszerz\u00e9si hivatal<\/a>\n\t\t\t<\/div>\n<\/div>\n<p><strong>R\u00e9szletek.<\/strong> A v\u00e1ltoz\u00e1sok egyik nyertese Ruff B\u00e1lint, akihez a V\u00e9delmi Igazgat\u00e1si Hivatal \u00e9s a Nemzeti Inform\u00e1ci\u00f3s K\u00f6zpont ir\u00e1ny\u00edt\u00e1sa is \u00e1tker\u00fcl. Ezzel \u0151 lesz a korm\u00e1ny polg\u00e1ri nemzetbiztons\u00e1gi szolg\u00e1latok ir\u00e1ny\u00edt\u00e1s\u00e1\u00e9rt felel\u0151s tagja. Az Alkotm\u00e1nyv\u00e9delmi Hivatal \u00e9s a Nemzetbiztons\u00e1gi Szakszolg\u00e1lat ugyanakkor a Bel\u00fcgyminiszt\u00e9riumn\u00e1l, az Inform\u00e1ci\u00f3s Hivatal pedig a K\u00fcl\u00fcgyn\u00e9l marad. A Minisztereln\u00f6ks\u00e9get vezet\u0151 miniszter emellett \u00e1tveszi a Magyar K\u00f6zl\u00f6ny kiad\u00e1s\u00e1val \u00e9s a jogszab\u00e1lyok kihirdet\u00e9s\u00e9vel kapcsolatos feladatokat is az igazs\u00e1g\u00fcgyi minisztert\u0151l.<\/p>\n<p><strong>Mit tudni m\u00e9g?<\/strong> Er\u0151s\u00f6dik B\u00f3na Szabolcs agr\u00e1rminiszter poz\u00edci\u00f3ja is, hozz\u00e1 ker\u00fcl a l\u00f3sport fel\u00fcgyelete, valamint a mez\u0151gazdas\u00e1gi haszon\u00e1llatok j\u00f3l\u00e9t\u00e9vel kapcsolatos hat\u00f3s\u00e1gi feladatok. Emellett \u00e1tveszi az \u00e9lelmiszerekkel kapcsolatos fogyaszt\u00f3v\u00e9delmi hat\u00e1sk\u00f6r\u00f6ket a gazdas\u00e1gi minisztert\u0151l, illetve az uni\u00f3s k\u00f6z\u00f6s agr\u00e1rpolitik\u00e1hoz kapcsol\u00f3d\u00f3 jogk\u00f6r\u00f6ket a vid\u00e9kfejleszt\u00e9si t\u00e1rc\u00e1t\u00f3l.<\/p>\n<p>Jelent\u0151s v\u00e1ltoz\u00e1s \u00e9rinti a Bel\u00fcgyminiszt\u00e9riumot is. Az anyak\u00f6nyvez\u00e9s, a lakc\u00edmnyilv\u00e1ntart\u00e1s, a k\u00f6zleked\u00e9si el\u0151\u00e9let nyilv\u00e1ntart\u00e1sa \u00e9s az \u00fatlevelekkel kapcsolatos \u00fcgyek a kor\u00e1bbi bel\u00fcgyi feladatok k\u00f6z\u00fcl a tudom\u00e1nyos \u00e9s technol\u00f3giai miniszterhez, Tan\u00e1cs Zolt\u00e1nhoz ker\u00fclnek. A t\u00e1rc\u00e1hoz tartoz\u00f3 e-k\u00f6zigazgat\u00e1si feladatok miatt az \u00faj rendszerben ezek is hozz\u00e1 ker\u00fclnek.<\/p>\n<p><!-- No email blocks found --><\/p>\n<p>The post <a href=\"https:\/\/www.forbes.hu\/hirek\/kormany-ruff-balint-bona-szabolcs-miniszterium-magyar-peter\/\">A korm\u00e1ny \u00e1trendezte a miniszt\u00e9riumokat: Ruff B\u00e1lint \u00e9s B\u00f3na Szabolcs is komolyabb szerepet kap<\/a> appeared first on <a href=\"https:\/\/www.forbes.hu\/\">Forbes.hu<\/a>.<\/p><div id=\"friss-1753777758\" class=\"friss-etarget-cikk-vege friss-entity-placement\"><script type=\"text\/javascript\" id=\"etargetScript7a9b589f63cb072bef80df221f46a22b\">function etargetPostloadFunction7a9b589f63cb072bef80df221f46a22b(){var e=\"etargetPostload7a9b589f63cb072bef80df221f46a22b\",t=\"etargetScript7a9b589f63cb072bef80df221f46a22b\",o=document.getElementById(e);if(o){for(var n=o.offsetTop,d=o.offsetLeft,r=o.offsetWidth,a=o.offsetHeight;o.offsetParent;)o=o.offsetParent,n+=o.offsetTop,d+=o.offsetLeft;var i=(n<=window.pageYOffset+window.innerHeight&&d<window.pageXOffset+window.innerWidth&&n+a>window.pageYOffset&&d+r>window.pageXOffset);if(i&&etargetAllowOtherCheck){allowed=!1;var c=document.createElement(\"script\");return c.src=\"\/\/hu.search.etargetnet.com\/generic\/uni.php?g=ref:58661,area:700x210\",void(document.getElementById(t)&&document.getElementById(e)&&(document.getElementById(t).parentNode.appendChild(c),document.getElementById(t).parentNode.removeChild(document.getElementById(t)),document.getElementById(e).parentNode.removeChild(document.getElementById(e)),document.removeEventListener(\"scroll\",etargetPostloadFunction7a9b589f63cb072bef80df221f46a22b),document.removeEventListener(\"resize\",etargetPostloadFunction7a9b589f63cb072bef80df221f46a22b),document.removeEventListener(\"DOMContentLoaded\",etargetPostloadFunction7a9b589f63cb072bef80df221f46a22b)))}}}var etargetDivID=\"etargetPostload7a9b589f63cb072bef80df221f46a22b\",etargetScriptID=\"etargetScript7a9b589f63cb072bef80df221f46a22b\",etargetPostloadPoint=document.createElement(\"div\");etargetPostloadPoint.id=etargetDivID;var etargetCurScript=document.getElementById(etargetScriptID);etargetCurScript.parentNode.appendChild(etargetPostloadPoint),document.addEventListener(\"scroll\",etargetPostloadFunction7a9b589f63cb072bef80df221f46a22b),document.addEventListener(\"resize\",etargetPostloadFunction7a9b589f63cb072bef80df221f46a22b),document.addEventListener(\"DOMContentLoaded\",etargetPostloadFunction7a9b589f63cb072bef80df221f46a22b);var etargetAllowOtherCheck=!0;if(typeof(\"forceRunPostload\")==\"string\"){etargetPostloadFunction7a9b589f63cb072bef80df221f46a22b()}<\/script><\/div><div id=\"friss-243966339\" class=\"friss-after-content friss-entity-placement\"><script type=\"text\/javascript\" id=\"etargetScript7a9b589f63cb072bef80df221f46a22b\">function etargetPostloadFunction7a9b589f63cb072bef80df221f46a22b(){var e=\"etargetPostload7a9b589f63cb072bef80df221f46a22b\",t=\"etargetScript7a9b589f63cb072bef80df221f46a22b\",o=document.getElementById(e);if(o){for(var n=o.offsetTop,d=o.offsetLeft,r=o.offsetWidth,a=o.offsetHeight;o.offsetParent;)o=o.offsetParent,n+=o.offsetTop,d+=o.offsetLeft;var i=(n<=window.pageYOffset+window.innerHeight&&d<window.pageXOffset+window.innerWidth&&n+a>window.pageYOffset&&d+r>window.pageXOffset);if(i&&etargetAllowOtherCheck){allowed=!1;var c=document.createElement(\"script\");return c.src=\"\/\/hu.search.etargetnet.com\/generic\/uni.php?g=ref:58661,area:700x210\",void(document.getElementById(t)&&document.getElementById(e)&&(document.getElementById(t).parentNode.appendChild(c),document.getElementById(t).parentNode.removeChild(document.getElementById(t)),document.getElementById(e).parentNode.removeChild(document.getElementById(e)),document.removeEventListener(\"scroll\",etargetPostloadFunction7a9b589f63cb072bef80df221f46a22b),document.removeEventListener(\"resize\",etargetPostloadFunction7a9b589f63cb072bef80df221f46a22b),document.removeEventListener(\"DOMContentLoaded\",etargetPostloadFunction7a9b589f63cb072bef80df221f46a22b)))}}}var etargetDivID=\"etargetPostload7a9b589f63cb072bef80df221f46a22b\",etargetScriptID=\"etargetScript7a9b589f63cb072bef80df221f46a22b\",etargetPostloadPoint=document.createElement(\"div\");etargetPostloadPoint.id=etargetDivID;var etargetCurScript=document.getElementById(etargetScriptID);etargetCurScript.parentNode.appendChild(etargetPostloadPoint),document.addEventListener(\"scroll\",etargetPostloadFunction7a9b589f63cb072bef80df221f46a22b),document.addEventListener(\"resize\",etargetPostloadFunction7a9b589f63cb072bef80df221f46a22b),document.addEventListener(\"DOMContentLoaded\",etargetPostloadFunction7a9b589f63cb072bef80df221f46a22b);var etargetAllowOtherCheck=!0;if(typeof(\"forceRunPostload\")==\"string\"){etargetPostloadFunction7a9b589f63cb072bef80df221f46a22b()}<\/script><\/div><div id=\"friss-114884073\" class=\"friss-after-content_2 friss-entity-placement\" style=\"clear: both;\"><div class=\"wprss_ajax\" data-id=\"rss82ce2f8c4d\"><img loading=\"lazy\" decoding=\"async\" src=\"https:\/\/friss-hirek.hu\/wp-content\/plugins\/wp-rss-retriever\/inc\/imgs\/ajax-loader.gif\" alt=\"Loading RSS Feed\" width=\"16\" height=\"16\"><\/div><\/div><br style=\"clear: both; display: block; float: none;\"\/><div id=\"friss-3250287771\" class=\"friss-after-content_3 friss-entity-placement\">https:\/\/www.youtube.com\/watch?v=Pdnw4KiUWp0<\/div>","protected":false},"excerpt":{"rendered":"<p>Jelent\u0151s v\u00e1ltoz\u00e1s \u00e9rinti a Bel\u00fcgyminiszt\u00e9riumot is. Mi t\u00f6rt\u00e9nt? Jelent\u0151sen \u00e1tszabta a miniszterek feladatait a korm\u00e1ny a h\u00e9tf\u0151 este megjelent, 34 oldalas rendelet t\u00f6bb t\u00e1rca hat\u00e1sk\u00f6reit is \u00e1trendezi, vette \u00e9szre a HVG. T\u00f6bb ebb\u0151l Magyar P\u00e9ter: \u00dajra t\u00e1rgyal\u00f3asztalhoz \u00fclhet Magyarorsz\u00e1g \u00e9s Horv\u00e1torsz\u00e1g a Mol miatt Megjelent a hat\u00e1rozat: ennyi p\u00e9nzb\u0151l gazd\u00e1lkodhat id\u00e9n a vagyonvisszaszerz\u00e9si hivatal R\u00e9szletek. [&hellip;]<\/p>\n","protected":false},"author":1,"featured_media":0,"comment_status":"open","ping_status":"open","sticky":false,"template":"","format":"standard","meta":{"footnotes":""},"categories":[7],"tags":[],"class_list":["post-171015","post","type-post","status-publish","format-standard","hentry","category-uzlet"],"amp_enabled":true,"_links":{"self":[{"href":"https:\/\/friss-hirek.hu\/index.php\/wp-json\/wp\/v2\/posts\/171015","targetHints":{"allow":["GET"]}}],"collection":[{"href":"https:\/\/friss-hirek.hu\/index.php\/wp-json\/wp\/v2\/posts"}],"about":[{"href":"https:\/\/friss-hirek.hu\/index.php\/wp-json\/wp\/v2\/types\/post"}],"author":[{"embeddable":true,"href":"https:\/\/friss-hirek.hu\/index.php\/wp-json\/wp\/v2\/users\/1"}],"replies":[{"embeddable":true,"href":"https:\/\/friss-hirek.hu\/index.php\/wp-json\/wp\/v2\/comments?post=171015"}],"version-history":[{"count":0,"href":"https:\/\/friss-hirek.hu\/index.php\/wp-json\/wp\/v2\/posts\/171015\/revisions"}],"wp:attachment":[{"href":"https:\/\/friss-hirek.hu\/index.php\/wp-json\/wp\/v2\/media?parent=171015"}],"wp:term":[{"taxonomy":"category","embeddable":true,"href":"https:\/\/friss-hirek.hu\/index.php\/wp-json\/wp\/v2\/categories?post=171015"},{"taxonomy":"post_tag","embeddable":true,"href":"https:\/\/friss-hirek.hu\/index.php\/wp-json\/wp\/v2\/tags?post=171015"}],"curies":[{"name":"wp","href":"https:\/\/api.w.org\/{rel}","templated":true}]}}