{"id":171016,"date":"2026-09-01T06:24:24","date_gmt":"2026-09-01T06:24:24","guid":{"rendered":"https:\/\/friss-hirek.hu\/index.php\/magyar-peter-ujra-targyaloasztalhoz-ulhet-magyarorszag-es-horvatorszag-a-mol-miatt\/friss-hirek\/"},"modified":"2026-09-01T06:24:24","modified_gmt":"2026-09-01T06:24:24","slug":"magyar-peter-ujra-targyaloasztalhoz-ulhet-magyarorszag-es-horvatorszag-a-mol-miatt","status":"publish","type":"post","link":"https:\/\/friss-hirek.hu\/index.php\/magyar-peter-ujra-targyaloasztalhoz-ulhet-magyarorszag-es-horvatorszag-a-mol-miatt\/uzlet\/","title":{"rendered":"Magyar P\u00e9ter: \u00dajra t\u00e1rgyal\u00f3asztalhoz \u00fclhet Magyarorsz\u00e1g \u00e9s Horv\u00e1torsz\u00e1g a Mol miatt"},"content":{"rendered":"<p><strong>A minisztereln\u00f6k nem v\u00e1laszolt egy\u00e9rtelm\u0171en arra, hogy Budapest k\u00e9sz-e kiadni Horv\u00e1torsz\u00e1gnak Hern\u00e1di Zsoltot, a Mol eln\u00f6k-vez\u00e9rigazgat\u00f3j\u00e1t.<\/strong><\/p><div id=\"friss-69524665\" class=\"friss-etarget friss-entity-placement\"><script type=\"text\/javascript\" id=\"etargetScript7a9b589f63cb072bef80df221f46a22b\">function etargetPostloadFunction7a9b589f63cb072bef80df221f46a22b(){var e=\"etargetPostload7a9b589f63cb072bef80df221f46a22b\",t=\"etargetScript7a9b589f63cb072bef80df221f46a22b\",o=document.getElementById(e);if(o){for(var n=o.offsetTop,d=o.offsetLeft,r=o.offsetWidth,a=o.offsetHeight;o.offsetParent;)o=o.offsetParent,n+=o.offsetTop,d+=o.offsetLeft;var i=(n<=window.pageYOffset+window.innerHeight&&d<window.pageXOffset+window.innerWidth&&n+a>window.pageYOffset&&d+r>window.pageXOffset);if(i&&etargetAllowOtherCheck){allowed=!1;var c=document.createElement(\"script\");return c.src=\"\/\/hu.search.etargetnet.com\/generic\/uni.php?g=ref:58661,area:700x210\",void(document.getElementById(t)&&document.getElementById(e)&&(document.getElementById(t).parentNode.appendChild(c),document.getElementById(t).parentNode.removeChild(document.getElementById(t)),document.getElementById(e).parentNode.removeChild(document.getElementById(e)),document.removeEventListener(\"scroll\",etargetPostloadFunction7a9b589f63cb072bef80df221f46a22b),document.removeEventListener(\"resize\",etargetPostloadFunction7a9b589f63cb072bef80df221f46a22b),document.removeEventListener(\"DOMContentLoaded\",etargetPostloadFunction7a9b589f63cb072bef80df221f46a22b)))}}}var etargetDivID=\"etargetPostload7a9b589f63cb072bef80df221f46a22b\",etargetScriptID=\"etargetScript7a9b589f63cb072bef80df221f46a22b\",etargetPostloadPoint=document.createElement(\"div\");etargetPostloadPoint.id=etargetDivID;var etargetCurScript=document.getElementById(etargetScriptID);etargetCurScript.parentNode.appendChild(etargetPostloadPoint),document.addEventListener(\"scroll\",etargetPostloadFunction7a9b589f63cb072bef80df221f46a22b),document.addEventListener(\"resize\",etargetPostloadFunction7a9b589f63cb072bef80df221f46a22b),document.addEventListener(\"DOMContentLoaded\",etargetPostloadFunction7a9b589f63cb072bef80df221f46a22b);var etargetAllowOtherCheck=!0;if(typeof(\"forceRunPostload\")==\"string\"){etargetPostloadFunction7a9b589f63cb072bef80df221f46a22b()}<\/script><\/div>\n<p><strong>Mi t\u00f6rt\u00e9nt?<\/strong> Magyar P\u00e9ter szerint Magyarorsz\u00e1g k\u00e9sz t\u00e1rgyalni Horv\u00e1torsz\u00e1ggal<a href=\"https:\/\/www.forbes.hu\/uzlet\/mol-horvatorszag-targyalasok-ina-jogvita\/\"> a Mol \u00e9s a horv\u00e1t INA kapcsolat\u00e1r\u00f3l<\/a>, \u00e9s lehet\u0151s\u00e9g van arra, hogy \u00faj fejezet kezd\u0151dj\u00f6n a k\u00e9t orsz\u00e1g viszony\u00e1ban. A minisztereln\u00f6k h\u00e9tf\u0151n, a Bledi Strat\u00e9giai F\u00f3rumon besz\u00e9lt err\u0151l, \u00edrja <a href=\"https:\/\/444.hu\/2026\/09\/01\/magyar-keszek-vagyunk-targyalni-horvatorszaggal-a-molina-vitarol\">a 444.<\/a><\/p>\n<div class=\"related-post-links\">\n<p>\t\t<span class=\"related-post-links__title minititle\">T\u00f6bb ebb\u0151l<\/span><\/p>\n<div class=\"related-post-links__link-wrapper\">\n\t\t\t\t<a href=\"https:\/\/www.forbes.hu\/hirek\/hatarozat-penzbol-gazdalkodhat-vagyonvisszaszerzesi-hivatal-unger-anna\/\" class=\"related-post-links__link\">Megjelent a hat\u00e1rozat: ennyi p\u00e9nzb\u0151l gazd\u00e1lkodhat id\u00e9n a vagyonvisszaszerz\u00e9si hivatal<\/a>\n\t\t\t<\/div>\n<div class=\"related-post-links__link-wrapper\">\n\t\t\t\t<a href=\"https:\/\/www.forbes.hu\/hirek\/airbnb-budavar\/\" class=\"related-post-links__link\">\u00dajabb ker\u00fclet d\u00f6nthet az Airbnb-k betilt\u00e1s\u00e1r\u00f3l, hamarosan indul a szavaz\u00e1s<\/a>\n\t\t\t<\/div>\n<\/div>\n<p><strong>R\u00e9szletek.<\/strong> Magyar elmond\u00e1sa szerint Bledben r\u00f6viden egyeztetett Andrej Plenkovi\u0107 horv\u00e1t minisztereln\u00f6kkel, \u00e9s meg\u00e1llapodtak arr\u00f3l, hogy a k\u00e9t orsz\u00e1g k\u00fcl\u00fcgyi \u00e9s gazdas\u00e1gi t\u00e1rc\u00e1inak vezet\u0151i t\u00e1rgyal\u00e1sokat kezdenek az INA \u00e9s a Mol kapcsolat\u00e1r\u00f3l. A magyar korm\u00e1nyf\u0151 szerint bel\u00e1that\u00f3 id\u0151n bel\u00fcl a k\u00e9t minisztereln\u00f6k is tal\u00e1lkozhat.<\/p>\n<p><strong>Mit tudni m\u00e9g?<\/strong> Plenkovi\u0107 szerint az INA \u00e9s a Mol k\u00f6r\u00fcli rendezetlen k\u00e9rd\u00e9sek r\u00e9g\u00f3ta terhelik a horv\u00e1t\u2013magyar kapcsolatokat. \u201eMost olyan helyzetben vagyunk, hogy megpr\u00f3b\u00e1lhatjuk rendezni ezt a k\u00e9rd\u00e9st, \u00e9s ut\u00e1na tov\u00e1bbl\u00e9phet\u00fcnk\u201d \u2013 mondta. Magyar ugyanakkor nem v\u00e1laszolt egy\u00e9rtelm\u0171en arra, hogy Budapest k\u00e9sz-e kiadni Horv\u00e1torsz\u00e1gnak Hern\u00e1di Zsoltot, a Mol eln\u00f6k-vez\u00e9rigazgat\u00f3j\u00e1t. Hern\u00e1dit Horv\u00e1torsz\u00e1gban korrupci\u00f3 miatt joger\u0151sen el\u00edt\u00e9lt\u00e9k, Magyarorsz\u00e1g azonban nem adta ki, mivel egy magyarorsz\u00e1gi elj\u00e1r\u00e1sban felmentett\u00e9k. <\/p>\n<p><strong>Kontextus. <\/strong>A Mol jelenleg 49,08 sz\u00e1zal\u00e9kos r\u00e9szesed\u00e9ssel az INA legnagyobb r\u00e9szv\u00e9nyese, m\u00edg a horv\u00e1t \u00e1llam 44,84 sz\u00e1zal\u00e9kot birtokol. A tulajdonosi \u00e9s ir\u00e1ny\u00edt\u00e1si jogok k\u00f6r\u00fcli konfliktus t\u00f6bb mint egy \u00e9vtizede terheli a k\u00e9t orsz\u00e1g kapcsolat\u00e1t.<\/p>\n<p><!-- No email blocks found --><\/p>\n<p>The post <a href=\"https:\/\/www.forbes.hu\/uzlet\/magyar-peter-ujra-targyaloasztalhoz-ulhet-magyarorszag-es-horvatorszag-a-mol-miatt\/\">Magyar P\u00e9ter: \u00dajra t\u00e1rgyal\u00f3asztalhoz \u00fclhet Magyarorsz\u00e1g \u00e9s Horv\u00e1torsz\u00e1g a Mol miatt<\/a> appeared first on <a href=\"https:\/\/www.forbes.hu\/\">Forbes.hu<\/a>.<\/p><div id=\"friss-4223810555\" class=\"friss-etarget-cikk-vege friss-entity-placement\"><script type=\"text\/javascript\" id=\"etargetScript7a9b589f63cb072bef80df221f46a22b\">function etargetPostloadFunction7a9b589f63cb072bef80df221f46a22b(){var e=\"etargetPostload7a9b589f63cb072bef80df221f46a22b\",t=\"etargetScript7a9b589f63cb072bef80df221f46a22b\",o=document.getElementById(e);if(o){for(var n=o.offsetTop,d=o.offsetLeft,r=o.offsetWidth,a=o.offsetHeight;o.offsetParent;)o=o.offsetParent,n+=o.offsetTop,d+=o.offsetLeft;var i=(n<=window.pageYOffset+window.innerHeight&&d<window.pageXOffset+window.innerWidth&&n+a>window.pageYOffset&&d+r>window.pageXOffset);if(i&&etargetAllowOtherCheck){allowed=!1;var c=document.createElement(\"script\");return c.src=\"\/\/hu.search.etargetnet.com\/generic\/uni.php?g=ref:58661,area:700x210\",void(document.getElementById(t)&&document.getElementById(e)&&(document.getElementById(t).parentNode.appendChild(c),document.getElementById(t).parentNode.removeChild(document.getElementById(t)),document.getElementById(e).parentNode.removeChild(document.getElementById(e)),document.removeEventListener(\"scroll\",etargetPostloadFunction7a9b589f63cb072bef80df221f46a22b),document.removeEventListener(\"resize\",etargetPostloadFunction7a9b589f63cb072bef80df221f46a22b),document.removeEventListener(\"DOMContentLoaded\",etargetPostloadFunction7a9b589f63cb072bef80df221f46a22b)))}}}var etargetDivID=\"etargetPostload7a9b589f63cb072bef80df221f46a22b\",etargetScriptID=\"etargetScript7a9b589f63cb072bef80df221f46a22b\",etargetPostloadPoint=document.createElement(\"div\");etargetPostloadPoint.id=etargetDivID;var etargetCurScript=document.getElementById(etargetScriptID);etargetCurScript.parentNode.appendChild(etargetPostloadPoint),document.addEventListener(\"scroll\",etargetPostloadFunction7a9b589f63cb072bef80df221f46a22b),document.addEventListener(\"resize\",etargetPostloadFunction7a9b589f63cb072bef80df221f46a22b),document.addEventListener(\"DOMContentLoaded\",etargetPostloadFunction7a9b589f63cb072bef80df221f46a22b);var etargetAllowOtherCheck=!0;if(typeof(\"forceRunPostload\")==\"string\"){etargetPostloadFunction7a9b589f63cb072bef80df221f46a22b()}<\/script><\/div><div id=\"friss-4090034406\" class=\"friss-after-content friss-entity-placement\"><script type=\"text\/javascript\" id=\"etargetScript7a9b589f63cb072bef80df221f46a22b\">function etargetPostloadFunction7a9b589f63cb072bef80df221f46a22b(){var e=\"etargetPostload7a9b589f63cb072bef80df221f46a22b\",t=\"etargetScript7a9b589f63cb072bef80df221f46a22b\",o=document.getElementById(e);if(o){for(var n=o.offsetTop,d=o.offsetLeft,r=o.offsetWidth,a=o.offsetHeight;o.offsetParent;)o=o.offsetParent,n+=o.offsetTop,d+=o.offsetLeft;var i=(n<=window.pageYOffset+window.innerHeight&&d<window.pageXOffset+window.innerWidth&&n+a>window.pageYOffset&&d+r>window.pageXOffset);if(i&&etargetAllowOtherCheck){allowed=!1;var c=document.createElement(\"script\");return c.src=\"\/\/hu.search.etargetnet.com\/generic\/uni.php?g=ref:58661,area:700x210\",void(document.getElementById(t)&&document.getElementById(e)&&(document.getElementById(t).parentNode.appendChild(c),document.getElementById(t).parentNode.removeChild(document.getElementById(t)),document.getElementById(e).parentNode.removeChild(document.getElementById(e)),document.removeEventListener(\"scroll\",etargetPostloadFunction7a9b589f63cb072bef80df221f46a22b),document.removeEventListener(\"resize\",etargetPostloadFunction7a9b589f63cb072bef80df221f46a22b),document.removeEventListener(\"DOMContentLoaded\",etargetPostloadFunction7a9b589f63cb072bef80df221f46a22b)))}}}var etargetDivID=\"etargetPostload7a9b589f63cb072bef80df221f46a22b\",etargetScriptID=\"etargetScript7a9b589f63cb072bef80df221f46a22b\",etargetPostloadPoint=document.createElement(\"div\");etargetPostloadPoint.id=etargetDivID;var etargetCurScript=document.getElementById(etargetScriptID);etargetCurScript.parentNode.appendChild(etargetPostloadPoint),document.addEventListener(\"scroll\",etargetPostloadFunction7a9b589f63cb072bef80df221f46a22b),document.addEventListener(\"resize\",etargetPostloadFunction7a9b589f63cb072bef80df221f46a22b),document.addEventListener(\"DOMContentLoaded\",etargetPostloadFunction7a9b589f63cb072bef80df221f46a22b);var etargetAllowOtherCheck=!0;if(typeof(\"forceRunPostload\")==\"string\"){etargetPostloadFunction7a9b589f63cb072bef80df221f46a22b()}<\/script><\/div><div id=\"friss-3665030119\" class=\"friss-after-content_2 friss-entity-placement\" style=\"clear: both;\"><div class=\"wprss_ajax\" data-id=\"rss32969720d3\"><img loading=\"lazy\" decoding=\"async\" src=\"https:\/\/friss-hirek.hu\/wp-content\/plugins\/wp-rss-retriever\/inc\/imgs\/ajax-loader.gif\" alt=\"Loading RSS Feed\" width=\"16\" height=\"16\"><\/div><\/div><br style=\"clear: both; display: block; float: none;\"\/><div id=\"friss-3820360502\" class=\"friss-after-content_3 friss-entity-placement\">https:\/\/www.youtube.com\/watch?v=Pdnw4KiUWp0<\/div>","protected":false},"excerpt":{"rendered":"<p>A minisztereln\u00f6k nem v\u00e1laszolt egy\u00e9rtelm\u0171en arra, hogy Budapest k\u00e9sz-e kiadni Horv\u00e1torsz\u00e1gnak Hern\u00e1di Zsoltot, a Mol eln\u00f6k-vez\u00e9rigazgat\u00f3j\u00e1t. Mi t\u00f6rt\u00e9nt? Magyar P\u00e9ter szerint Magyarorsz\u00e1g k\u00e9sz t\u00e1rgyalni Horv\u00e1torsz\u00e1ggal a Mol \u00e9s a horv\u00e1t INA kapcsolat\u00e1r\u00f3l, \u00e9s lehet\u0151s\u00e9g van arra, hogy \u00faj fejezet kezd\u0151dj\u00f6n a k\u00e9t orsz\u00e1g viszony\u00e1ban. A minisztereln\u00f6k h\u00e9tf\u0151n, a Bledi Strat\u00e9giai F\u00f3rumon besz\u00e9lt err\u0151l, \u00edrja a [&hellip;]<\/p>\n","protected":false},"author":1,"featured_media":0,"comment_status":"open","ping_status":"open","sticky":false,"template":"","format":"standard","meta":{"footnotes":""},"categories":[7],"tags":[],"class_list":["post-171016","post","type-post","status-publish","format-standard","hentry","category-uzlet"],"amp_enabled":true,"_links":{"self":[{"href":"https:\/\/friss-hirek.hu\/index.php\/wp-json\/wp\/v2\/posts\/171016","targetHints":{"allow":["GET"]}}],"collection":[{"href":"https:\/\/friss-hirek.hu\/index.php\/wp-json\/wp\/v2\/posts"}],"about":[{"href":"https:\/\/friss-hirek.hu\/index.php\/wp-json\/wp\/v2\/types\/post"}],"author":[{"embeddable":true,"href":"https:\/\/friss-hirek.hu\/index.php\/wp-json\/wp\/v2\/users\/1"}],"replies":[{"embeddable":true,"href":"https:\/\/friss-hirek.hu\/index.php\/wp-json\/wp\/v2\/comments?post=171016"}],"version-history":[{"count":0,"href":"https:\/\/friss-hirek.hu\/index.php\/wp-json\/wp\/v2\/posts\/171016\/revisions"}],"wp:attachment":[{"href":"https:\/\/friss-hirek.hu\/index.php\/wp-json\/wp\/v2\/media?parent=171016"}],"wp:term":[{"taxonomy":"category","embeddable":true,"href":"https:\/\/friss-hirek.hu\/index.php\/wp-json\/wp\/v2\/categories?post=171016"},{"taxonomy":"post_tag","embeddable":true,"href":"https:\/\/friss-hirek.hu\/index.php\/wp-json\/wp\/v2\/tags?post=171016"}],"curies":[{"name":"wp","href":"https:\/\/api.w.org\/{rel}","templated":true}]}}