{"id":171036,"date":"2026-09-01T11:29:03","date_gmt":"2026-09-01T11:29:03","guid":{"rendered":"https:\/\/friss-hirek.hu\/index.php\/hirtelen-elmult-a-strategiai-nyugalom-piacrombolo-lehet-ahogyan-hernadi-zsoltek-logisztikai-szolgaltatoja-dontott-a-kormanyvaltas-es-kozel-tizmilliard-forint-veszteseg-ut\/friss-hirek\/"},"modified":"2026-09-01T11:29:03","modified_gmt":"2026-09-01T11:29:03","slug":"hirtelen-elmult-a-strategiai-nyugalom-piacrombolo-lehet-ahogyan-hernadi-zsoltek-logisztikai-szolgaltatoja-dontott-a-kormanyvaltas-es-kozel-tizmilliard-forint-veszteseg-ut","status":"publish","type":"post","link":"https:\/\/friss-hirek.hu\/index.php\/hirtelen-elmult-a-strategiai-nyugalom-piacrombolo-lehet-ahogyan-hernadi-zsoltek-logisztikai-szolgaltatoja-dontott-a-kormanyvaltas-es-kozel-tizmilliard-forint-veszteseg-ut\/uzlet\/","title":{"rendered":"\u201eHirtelen elm\u00falt a strat\u00e9giai nyugalom.\u201d Piacrombol\u00f3 lehet, ahogyan Hern\u00e1di Zsolt\u00e9k\u00a0logisztikai szolg\u00e1ltat\u00f3ja d\u00f6nt\u00f6tt a korm\u00e1nyv\u00e1lt\u00e1s \u00e9s k\u00f6zel t\u00edzmilli\u00e1rd forint\u00a0vesztes\u00e9g ut\u00e1n"},"content":{"rendered":"<p><strong>Indul\u00e1sa \u00f3ta egyetlen \u00e9vben sem volt nyeres\u00e9ges a Molhoz k\u00f6thet\u0151 mag\u00e1nt\u0151kealap tulajdon\u00e1ban \u00e1ll\u00f3 Boxy, most pedig le\u00e1ll\u00edtj\u00e1k a c\u00e9g z\u00e1szl\u00f3shaj\u00f3nak sz\u00e1m\u00edt\u00f3 szolg\u00e1ltat\u00e1s\u00e1t. Forr\u00e1sunk szerint a tulajdonosok hirtelen d\u00f6nt\u00e9se a karcs\u00fas\u00edt\u00e1sr\u00f3l a p\u00e9nzcsapok korm\u00e1nyv\u00e1lt\u00e1s ut\u00e1ni elz\u00e1r\u00e1s\u00e1ra utalhat. B\u00e1rhogy is legyen, v\u00e9g\u00fcl megint a magyar e-keresked\u0151k j\u00e1rnak rosszul.<\/strong><\/p><div id=\"friss-3615429300\" class=\"friss-etarget friss-entity-placement\"><script type=\"text\/javascript\" id=\"etargetScript7a9b589f63cb072bef80df221f46a22b\">function etargetPostloadFunction7a9b589f63cb072bef80df221f46a22b(){var e=\"etargetPostload7a9b589f63cb072bef80df221f46a22b\",t=\"etargetScript7a9b589f63cb072bef80df221f46a22b\",o=document.getElementById(e);if(o){for(var n=o.offsetTop,d=o.offsetLeft,r=o.offsetWidth,a=o.offsetHeight;o.offsetParent;)o=o.offsetParent,n+=o.offsetTop,d+=o.offsetLeft;var i=(n<=window.pageYOffset+window.innerHeight&&d<window.pageXOffset+window.innerWidth&&n+a>window.pageYOffset&&d+r>window.pageXOffset);if(i&&etargetAllowOtherCheck){allowed=!1;var c=document.createElement(\"script\");return c.src=\"\/\/hu.search.etargetnet.com\/generic\/uni.php?g=ref:58661,area:700x210\",void(document.getElementById(t)&&document.getElementById(e)&&(document.getElementById(t).parentNode.appendChild(c),document.getElementById(t).parentNode.removeChild(document.getElementById(t)),document.getElementById(e).parentNode.removeChild(document.getElementById(e)),document.removeEventListener(\"scroll\",etargetPostloadFunction7a9b589f63cb072bef80df221f46a22b),document.removeEventListener(\"resize\",etargetPostloadFunction7a9b589f63cb072bef80df221f46a22b),document.removeEventListener(\"DOMContentLoaded\",etargetPostloadFunction7a9b589f63cb072bef80df221f46a22b)))}}}var etargetDivID=\"etargetPostload7a9b589f63cb072bef80df221f46a22b\",etargetScriptID=\"etargetScript7a9b589f63cb072bef80df221f46a22b\",etargetPostloadPoint=document.createElement(\"div\");etargetPostloadPoint.id=etargetDivID;var etargetCurScript=document.getElementById(etargetScriptID);etargetCurScript.parentNode.appendChild(etargetPostloadPoint),document.addEventListener(\"scroll\",etargetPostloadFunction7a9b589f63cb072bef80df221f46a22b),document.addEventListener(\"resize\",etargetPostloadFunction7a9b589f63cb072bef80df221f46a22b),document.addEventListener(\"DOMContentLoaded\",etargetPostloadFunction7a9b589f63cb072bef80df221f46a22b);var etargetAllowOtherCheck=!0;if(typeof(\"forceRunPostload\")==\"string\"){etargetPostloadFunction7a9b589f63cb072bef80df221f46a22b()}<\/script><\/div>\n<p><em>Iratkozz fel e-kereskedelmi h\u00edrlevel\u00fcnkre,\u00a0<a href=\"https:\/\/forbes.us14.list-manage.com\/subscribe?u=20fc2946df0b39d3d845208f3&amp;id=d70bf54d97\" target=\"_blank\" rel=\"noreferrer noopener\">a Forbes Checkoutra<\/a>, \u00e9s\u00a0gyere el november 9-\u00e9n a\u00a0<a href=\"https:\/\/checkout-day-2026.forbes.hu\/\" target=\"_blank\" rel=\"noreferrer noopener\">Forbes Checkout Dayre<\/a>\u00a0is!<\/em><\/p>\n<hr class=\"wp-block-separator has-alpha-channel-opacity\" \/>\n<p class=\"has-drop-cap\">Tavaly j\u00faliusban a magyar fulfillment piac nagy szerepl\u0151je, a\u00a0Boxy Logisztikai Zrt.\u00a0m\u00e9g azzal b\u00fcszk\u00e9lkedett k\u00f6zlem\u00e9ny\u00e9ben, hogy el\u00e9rte a t\u00edzmilliomodik term\u00e9kkezel\u00e9st robotiz\u00e1lt \u00fcll\u0151i k\u00f6zpontj\u00e1ban, hogy m\u00e1r t\u00f6bb mint 800 partnerrel dolgozik egy\u00fctt, \u00e9s hogy \u201ekapacit\u00e1sa megdupl\u00e1z\u00e1s\u00e1n dolgozik, amely a tervek szerint n\u00e9h\u00e1ny h\u00f3napon bel\u00fcl meg is val\u00f3sul\u201d.<\/p>\n<p>Eltelt b\u0151 egy \u00e9v, \u00e9s a Boxy most szomor\u00fabb h\u00edrekkel \u00e9rkezett. M\u00falt szerd\u00e1n\u00a0este,\u00a0<a href=\"https:\/\/www.facebook.com\/photo?fbid=1427226749528512&amp;set=a.369031182014746\" target=\"_blank\" rel=\"noreferrer noopener\">Facebook-posztban<\/a> jelentette be a c\u00e9g, hogy<\/p>\n<blockquote class=\"wp-block-quote is-layout-flow wp-block-quote-is-layout-flow\">\n<p>\u0151sszel lez\u00e1rja fulfillment szolg\u00e1ltat\u00e1si \u00fczlet\u00e1g\u00e1t.<\/p>\n<\/blockquote>\n<div class=\"related-post-links\">\n<p>\t\t<span class=\"related-post-links__title minititle\">T\u00f6bb ebb\u0151l<\/span><\/p>\n<div class=\"related-post-links__link-wrapper\">\n\t\t\t\t<a href=\"https:\/\/www.forbes.hu\/uzlet\/beszelnunk-kell-jon-a-forbes-eddigi-legnagyobb-dobasa-az-e-kereskedelemben\/\" class=\"related-post-links__link\">Besz\u00e9ln\u00fcnk kell: j\u00f6n a Forbes eddigi legnagyobb dob\u00e1sa az e-kereskedelemben<\/a>\n\t\t\t<\/div>\n<div class=\"related-post-links__link-wrapper\">\n\t\t\t\t<a href=\"https:\/\/www.forbes.hu\/uzlet\/luxusmarkak-a-temu-es-a-shein-koraban-a-parndorfi-outlet-vezerigazgatoja-elarulta-hany-magyar-jar-hozzajuk-akciokat-vadaszni\/\" class=\"related-post-links__link\">Luxusm\u00e1rk\u00e1k a Temu \u00e9s a Shein kor\u00e1ban: a parndorfi outlet vez\u00e9rigazgat\u00f3ja el\u00e1rulta, h\u00e1ny magyar j\u00e1r hozz\u00e1juk akci\u00f3kat vad\u00e1szni<\/a>\n\t\t\t<\/div>\n<div class=\"related-post-links__link-wrapper\">\n\t\t\t\t<a href=\"https:\/\/www.forbes.hu\/uzlet\/nemzetkozi-wolt-vezeto-globalisan-is-ritka-amit-a-spar-ral-csinalunk-magyarorszagon\/\" class=\"related-post-links__link\">Nemzetk\u00f6zi Wolt-vezet\u0151: Glob\u00e1lisan is ritka, amit a SPAR-ral csin\u00e1lunk Magyarorsz\u00e1gon<\/a>\n\t\t\t<\/div>\n<div class=\"related-post-links__link-wrapper\">\n\t\t\t\t<a href=\"https:\/\/www.forbes.hu\/uzlet\/ugy-tunik-megsincs-uzlet-az-eladasi-mizeria-utan-szep-csendben-leallt-az-egyik-magyarorszagi-futarceg\/\" class=\"related-post-links__link\">\u00dagy t\u0171nik, m\u00e9gsincs \u00fczlet: az elad\u00e1si miz\u00e9ria ut\u00e1n sz\u00e9p csendben le\u00e1llt az egyik magyarorsz\u00e1gi fut\u00e1rc\u00e9g<\/a>\n\t\t\t<\/div>\n<\/div>\n<p>A d\u00f6nt\u00e9s okak\u00e9nt azt \u00edrj\u00e1k, hogy \u201ea hazai e-kereskedelem \u00e9s a logisztikai piac az elm\u00falt id\u0151szakban jelent\u0151s \u00e1talakul\u00e1son megy kereszt\u00fcl\u201d.\u00a0\u201eEnnek eredm\u00e9nyek\u00e9nt\u201d a c\u00e9g \u201e\u00faj ir\u00e1nyt vesz\u201d, m\u0171k\u00f6d\u00e9sben \u00e9s hossz\u00fa t\u00e1v\u00fa strat\u00e9gi\u00e1ban egyar\u00e1nt. A c\u00e9g posztja szerint az \u00e9rintett partnereket augusztus 26-\u00e1n \u00e9rtes\u00edtett\u00e9k a d\u00f6nt\u00e9sr\u0151l, \u00e9s \u00edg\u00e9rik, hogy a\u00a0tov\u00e1bbi v\u00e1ltoz\u00e1sokr\u00f3l \u201eid\u0151ben \u00e9s ny\u00edltan\u201d kommunik\u00e1lnak.<\/p>\n<p>A bejelent\u00e9s teh\u00e1t nem teljes bez\u00e1r\u00e1sr\u00f3l sz\u00f3l, a c\u00e9g b\u00e9rrakt\u00e1roz\u00e1si \u00e9s sz\u00e1ll\u00edt\u00e1si szolg\u00e1ltat\u00e1ssal is rendelkezik, \u00e9s nagyobb volumen\u0171, B2B-logisztikai ir\u00e1nyba is elindult. De k\u00e9ts\u00e9gk\u00edv\u00fcl a fulfillment \u2013\u00a0a teljes rendel\u00e9skezel\u00e9si \u00e9s kisz\u00e1ll\u00edt\u00e1si folyamat kiszervez\u00e9se a web\u00e1ruh\u00e1zak sz\u00e1m\u00e1ra \u2013 volt a Boxy\u00a0z\u00e1szl\u00f3shaj\u00f3 szolg\u00e1ltat\u00e1sa, vagyis a m\u00e1rka l\u00e9nyege.<\/p>\n<div class=\"highlighted-text\">\n<p>\t\t<span class=\"highlighted-text__title minititle\">Err\u0151l sz\u00f3l m\u00e9g a cikk<\/span><\/p>\n<div class=\"highlighted-text__content\">\n<ul>\n<li>A Molt\u00f3l Hern\u00e1di Zsolton \u00e1t a mag\u00e1nt\u0151kealapokig: ki \u00e1ll a Boxy m\u00f6g\u00f6tt?<\/li>\n<li>K\u00f6zel t\u00edzmilli\u00e1rd forint \u00f6sszvesztes\u00e9g: \u00edgy fogyott el a t\u0151ke a c\u00e9gb\u0151l<\/li>\n<li>M\u00e1r megint a magyar digit\u00e1lis keresked\u0151k j\u00e1rnak rosszul<\/li>\n<li>Nem t\u00f6rt\u00e9nt minden t\u00fal gyorsan? Vajon mi\u00e9rt nem adt\u00e1k el a c\u00e9get?<\/li>\n<li>Mi lehet ezek ut\u00e1n a Boxy szerepe?<\/li>\n<\/ul><\/div>\n<\/div>\n<div class=\"post-content-soft-paywall\">\n<h2 class=\"wp-block-heading\">Mag\u00e1nt\u0151kealapi tulajdonban<\/h2>\n<p>Arr\u00f3l a 2021-ben alap\u00edtott Boxyr\u00f3l besz\u00e9l\u00fcnk, amely a nyilv\u00e1nos c\u00e9ginform\u00e1ci\u00f3k szerint 2025 janu\u00e1rja \u00f3ta a Mol-f\u00e9le\u00a0Lead Ventures Alapkezel\u0151 Zrt. \u00e1ltal kezelt\u00a0Riverland Mag\u00e1nt\u0151kealap tulajdon\u00e1ban van. A c\u00e9g kor\u00e1bban\u00a0a Voyager Mag\u00e1nt\u0151kealap Voyager\u00a0One R\u00e9szalapj\u00e1nak t\u00f6bbs\u00e9gi tulajdon\u00e1ban \u00e1llt.<\/p>\n<p>A\u00a0<a href=\"https:\/\/www.forbes.hu\/uzlet\/lead-ventures-toke-bevonas\/\" target=\"_blank\" rel=\"noreferrer noopener\">Lead Ventures<\/a>\u00a0alapkezel\u0151 a Mol le\u00e1nyc\u00e9ge, 2018-ban indult, akkor k\u00e9t alappal, amibe a Mol mellett az \u00e1llami MFB \u00e9s Eximbank rakott forr\u00e1st. A Voyager alapjukat 2021-ben ind\u00edtott\u00e1k.<\/p>\n<p>Ami a Riverlandet illeti, ezt 2024-ben vette \u00e1t a Mol-c\u00e9g az ingatlanmogul Jellinek D\u00e1nielt\u0151l, a Forbes szerinti\u00a0<a href=\"https:\/\/www.forbes.hu\/extra\/50-leggazdagabb-magyar-2025-26\/7-jellinek-daniel\" target=\"_blank\" rel=\"noreferrer noopener\">hetedik<\/a>\u00a0leggazdagabb magyart\u00f3l. A\u00a0<a href=\"https:\/\/www.valaszonline.hu\/2025\/11\/28\/magantokealap-vagyonrejtes-tulajdonosok-osszegzes\/#gsc.tab=0\" target=\"_blank\" rel=\"noreferrer noopener\">V\u00e1lasz Online<\/a>\u00a0tavaly arr\u00f3l \u00edrt, hogy\u00a0a mag\u00e1nt\u0151kealapban\u00a0biztosan van 50 milli\u00e1rdos \u00e1llami t\u0151ke, tov\u00e1bb\u00e1 eximbanki oldalr\u00f3l l\u00e1tszik m\u00e9g k\u00f6r\u00fclbel\u00fcl 10 milli\u00e1rdos p\u00e9nzkihelyez\u00e9s a szint\u00e9n a Lead Ventures \u00e1ltal kezelt Enter Tomorrow Europe mag\u00e1nt\u0151kealap sz\u00e1m\u00e1ra.<\/p>\n<p>A Gran Private Equity Zrt. alapkezel\u0151 \u2013 tulajdonosa\u00a0<a href=\"https:\/\/www.forbes.hu\/extra\/50-leggazdagabb-magyar-2025-26\/26-hernadi-zsolt\" target=\"_blank\" rel=\"noreferrer noopener\">Hern\u00e1di Zsolt<\/a>\u00a0Mol-vez\u00e9r \u2013\u00a0<a href=\"https:\/\/granpe.hu\/gran-iii-kockazati-tokealap-befektetesek\/\" target=\"_blank\" rel=\"noreferrer noopener\">honlapja<\/a>\u00a0szerint az \u00e1ltala kezelt\u00a0Gran III Kock\u00e1zati T\u0151kealap is befektetett 2021-ben a Boxyba.<\/p>\n<p>2021-es alap\u00edt\u00e1sa\u00a0\u00f3ta a Boxy Logisztikai Zrt. egyetlen napt\u00e1ri \u00e9vben\u00a0sem tudott nyeres\u00e9ges\u00a0\u00e9vet z\u00e1rni. \u00dczleti besz\u00e1mol\u00f3ja szerint 2025-ben p\u00e9ld\u00e1ul k\u00f6zel 2,2 milli\u00e1rd forintos vesztes\u00e9get termelt 1,5 milli\u00e1rd\u00a0forintos \u00e1rbev\u00e9tel mellett \u2013 ut\u00f3bbi a 2024-es adathoz k\u00e9pest 17 sz\u00e1zal\u00e9kos n\u00f6veked\u00e9s.<\/p>\n<blockquote class=\"wp-block-quote is-layout-flow wp-block-quote-is-layout-flow\">\n<p>Az \u00fczleti besz\u00e1mol\u00f3k alapj\u00e1n az indul\u00e1s \u00f3ta keletkezett vesztes\u00e9gek \u00f6sszege a c\u00e9gben 9,6 milli\u00e1rd forint.<\/p>\n<\/blockquote>\n<p>2025-re a zrt. saj\u00e1t t\u0151k\u00e9je negat\u00edvba fordult, a 2024. \u00e9vi 656 milli\u00f3 forintr\u00f3l k\u00f6zel m\u00ednusz 1,5 milli\u00e1rd forintra. Mindezt \u00fagy, hogy\u00a02023-ban \u00e9s 2024-ben t\u00f6bb mint 3,3 milli\u00e1rd forinttal n\u0151tt a c\u00e9gben a jegyzett t\u0151ke \u00e9s a t\u0151ketartal\u00e9k egy\u00fcttes \u00f6sszege \u2013 ahogyan\u00a0azt egy m\u00e1sik piaci szerepl\u0151, a WhiteFish Fulfillment is \u00f6sszefoglalta a Boxyr\u00f3l egy augusztus 20-i\u00a0<a href=\"https:\/\/whitefish.hu\/blog\/ki-az-a-boxy-es-miert-veszteseges\" target=\"_blank\" rel=\"noreferrer noopener\">blogbejegyz\u00e9s\u00e9ben.<\/a>\u00a0\u00c9rdekes m\u00f3don a Boxy 26-i bejelent\u00e9se el\u0151tt p\u00e1r nappal posztoltak,\u00a0ami arra utalhat, hogy<\/p>\n<blockquote class=\"wp-block-quote is-layout-flow wp-block-quote-is-layout-flow\">\n<p>a z\u00e1r\u00e1s\u00a0h\u00edre m\u00e1r el\u0151tte k\u00f6rbemehetett a piacon, a bejegyz\u00e9s aprop\u00f3j\u00e1b\u00f3l, hangnem\u00e9b\u0151l kiindulva pedig t\u00f6bbeknek visszatetsz\u0151 lehetett a Boxy jelenl\u00e9te a magyar piacon.<\/p>\n<\/blockquote>\n<h2 class=\"wp-block-heading\">Magyarok d\u00f6nt\u00e9se miatt magyarok j\u00e1rnak rosszul<\/h2>\n<p>Az \u00e1ltalunk megk\u00e9rdezett, n\u00e9v n\u00e9lk\u00fcl nyilatkoz\u00f3\u00a0piaci szak\u00e9rt\u0151 szerint a tulajdonosi strukt\u00fara \u00e9s a hozz\u00e1 k\u00f6thet\u0151 \u00e1llami t\u0151ke sokat el\u00e1rul a d\u00f6nt\u00e9sr\u0151l is: \u201eFinansz\u00edroz\u00e1sra szorul\u00f3 t\u00f6rt\u00e9net volt, itt fogyott el a befektet\u0151i t\u00fcrelem, Excel-t\u00e1bla alapj\u00e1n d\u00f6nt\u00f6ttek.\u201d A szak\u00e9rt\u0151 megjegyzi, hogy \u201epiacrombol\u00f3 hat\u00e1s\u00fa\u201d, ahogyan \u201ekih\u00fazt\u00e1k a finansz\u00edroz\u00e1st\u201d a Boxy fulfillment \u00fczlet\u00e1ga al\u00f3l.<\/p>\n<blockquote class=\"wp-block-quote is-layout-flow wp-block-quote-is-layout-flow\">\n<p>\u201eA magyar digit\u00e1lis kereskedelmi \u00f6kosziszt\u00e9m\u00e1nak rossz ez a d\u00f6nt\u00e9s, elv\u00e9gre\u00a0hazai szerepl\u0151k szerz\u0151dtek a Boxyhoz, \u0151k j\u00e1rnak ezzel rosszul.\u201d<\/p>\n<\/blockquote>\n<p>Nem lenne alaptalan a hoppon maradt web\u00e1ruh\u00e1zok aggodalma. A\u00a0d\u00f6nt\u00e9s kritikus id\u0151szakban, a black friday \u00e9s a kar\u00e1csonyi szezon el\u0151tt, az\u00a0e-kereskedelmi cs\u00facsid\u0151szakot megel\u0151z\u0151zen \u00e9rkezett. Ezt a kies\u0151 kapacit\u00e1st kell most megoldani a magyar fulfillment piacon, az \u00e9rintett webshopoknak pedig gyorsan \u00faj szolg\u00e1ltat\u00f3t kell tal\u00e1lniuk.<\/p>\n<p>Egy m\u00e1sik, az \u00fcgyre r\u00e1l\u00e1t\u00f3 ipar\u00e1gi forr\u00e1sunk \u00fagy foglalja \u00f6ssze a Boxy t\u00f6rt\u00e9net\u00e9t, hogy \u201eannak idej\u00e9n, a covid el\u0151tt a Mol logisztikai projektjek\u00e9nt indult, az e-kereskedelem ir\u00e1ny\u00e1ba akartak vele nyitni, kor\u00e1bban arr\u00f3l is volt sz\u00f3, hogy web\u00e1ruh\u00e1zat nyitnak\u201d. Forr\u00e1sunk szerint \u201eez a projekt elhasalt, de amennyire publikus, Hern\u00e1di Zsolt \u00e9s\u00a0<a href=\"https:\/\/www.forbes.hu\/penz\/milliardos-lista-vilagi-oszkar-mol-vagyon\/\" target=\"_blank\" rel=\"noreferrer noopener\">Vil\u00e1gi Oszk\u00e1r<\/a>\u00a0(a Mol csoport vez\u00e9rigazgat\u00f3-helyettese \u2013<em>\u00a0a szerk.)\u00a0<\/em>tov\u00e1bb \u00f3hajtotta vinni a projektet, ezut\u00e1n kock\u00e1zati- \u00e9s mag\u00e1nt\u0151kealapos tulajdonosi megold\u00e1sra l\u00e9ptek\u201d.<\/p>\n<p>Forr\u00e1sunk hozz\u00e1teszi, hogy \u201ea p\u00e9nz nem sz\u00e1m\u00edtott, technol\u00f3gi\u00e1t, robotiz\u00e1ci\u00f3t, komplex megold\u00e1sokat hoztak be, startupszeml\u00e9let helyett nagyv\u00e1llalati szellemben \u00e9p\u00edtett\u00e9k fel a Boxyt\u201d. Ami szerinte \u201eaz\u00e9rt volt nagyon vissz\u00e1s a piacon, mert mire fel\u00e9p\u00edtett\u00e9k, be\u00fct\u00f6tt az\u00a0energiav\u00e1ls\u00e1g,<\/p>\n<blockquote class=\"wp-block-quote is-layout-flow wp-block-quote-is-layout-flow\">\n<p>a web\u00e1ruh\u00e1zaknak pedig m\u00e1r nem a sk\u00e1l\u00e1z\u00f3d\u00e1s vagy\u00a0a fulfillment volt a k\u00e9rd\u00e9s, hiszen az dr\u00e1g\u00e1nak l\u00e1tt\u00e1k, hanem a t\u00fal\u00e9l\u00e9s\u201d.<\/p>\n<\/blockquote>\n<p>\u201eVolt egy momentumveszt\u00e9s, ami a covid alatt\u00a0m\u00e9g megvolt, de mire elindultak, addigra\u00a0elm\u00falt. A\u00a0dr\u00e1ga beruh\u00e1z\u00e1s nem tal\u00e1lkozott az \u00fcgyf\u00e9lig\u00e9nyekkel\u201d \u2013 forr\u00e1sunk szerint pozit\u00edv ellenp\u00e9lda fulfillmentben a GLS \u00e1ltal felv\u00e1s\u00e1rolt iLogistic, ahol dr\u00e1ga, robotiz\u00e1lt megold\u00e1sok n\u00e9lk\u00fcl is ki tudj\u00e1k szolg\u00e1lni a piaci ig\u00e9nyeket.<\/p>\n<h2 class=\"wp-block-heading\">Minden t\u00fal gyorsan t\u00f6rt\u00e9nt? Mi\u00e9rt nem adt\u00e1k el a c\u00e9get?<\/h2>\n<p>Id\u00e9n\u00a0korm\u00e1nyv\u00e1lt\u00e1s t\u00f6rt\u00e9nt, forr\u00e1sunk szerint ezut\u00e1n \u201ea Mol, illetve Hern\u00e1di \u00e9s Vil\u00e1gi helyzete sem maradt ugyanannyira stabil, mint az el\u0151z\u0151 korm\u00e1nyzat alatt\u201d.<\/p>\n<blockquote class=\"wp-block-quote is-layout-flow wp-block-quote-is-layout-flow\">\n<p>\u201eHirtelen elm\u00falt a strat\u00e9giai nyugalom,\u00a0a tulajdonosoknak mintha nagyon hamar elkezdett volna\u00a0viszketni a tenyere, hogy kiny\u00edrja ezt az \u00fczlet\u00e1gat\u201d \u2013 ez forr\u00e1sunk szerint \u201earra enged k\u00f6vetkezetni, hogy nem a saj\u00e1t p\u00e9nz\u00fckkel locsolt\u00e1k a c\u00e9get, a csapot pedig elz\u00e1rt\u00e1k\u201d.<\/p>\n<\/blockquote>\n<p>Forr\u00e1sunk \u00fagy tudja, hogy pr\u00f3b\u00e1lt\u00e1k NER-k\u00f6zeli szerepl\u0151knek eladni a c\u00e9get, de nem igaz\u00e1n hirdett\u00e9k a piacon, nem sz\u00e1ntak norm\u00e1lis t\u00e1mogat\u00e1st\u00a0a folyamatra, \u00e9s a\u00a0menedzsment is csak roppant r\u00f6vid, p\u00e1rhetes hat\u00e1rid\u0151t kapott a helyzet kezel\u00e9s\u00e9re. Forr\u00e1sunk szerint ut\u00f3bbi \u201ehi\u00e1ba hozott volna\u00a0\u00e9letk\u00e9pes vev\u0151ket, a c\u00e9g \u00e9rt\u00e9ktelenn\u00e9 v\u00e1lt, hiszen kezdtek kimenek\u00fclni bel\u0151le a web\u00e1ruh\u00e1zak\u201d, de \u00fagy tudja, a menedzsment pr\u00f3b\u00e1lt\u00a0alternat\u00edv\u00e1t tal\u00e1lni az arra szorul\u00f3\u00a0partnereiknek, t\u00f6bb fulfillment szolg\u00e1ltat\u00f3t is javasoltak sz\u00e1mukra, p\u00e9ld\u00e1ul az eml\u00edtett iLogisticet.<\/p>\n<p>Forr\u00e1sunk\u00a0bizonyos m\u00f3don az\u00a0<a href=\"https:\/\/www.forbes.hu\/uzlet\/csanyiek-webshopja-lehuzza-a-rolot-tavaly-85-milliard-forintos-veszteseget-konyveltek-el\/\" target=\"_blank\" rel=\"noreferrer noopener\">OTP-f\u00e9le Fizz bez\u00e1r\u00e1s\u00e1hoz<\/a>\u00a0hasonl\u00edtja a Boxy eset\u00e9t, amely\u00a0ugyan\u00fagy nagy amb\u00edci\u00f3kkal \u00e9s k\u00f6lt\u00e9sekkel indult. Csakis a c\u00e9g\u00f3ri\u00e1son t\u00fali k\u00f6zvetett, Mol- \u00e9s Hern\u00e1di-f\u00e9le mag\u00e1nt\u0151kealapos k\u00f6r\u00f6k miatt k\u00fcl\u00f6n\u00edten\u00e9 el\u00a0a Boxy t\u00f6rt\u00e9net\u00e9t a Fizz\u00e9t\u0151l.<\/p>\n<p>Szerinte a Boxy fulfillment n\u00e9lk\u00fcl maradt \u00fcgyf\u00e9lk\u00f6r\u00e9t fel tudja sz\u00edvni a piac. \u201eItt ink\u00e1bb az \u00fczenet\u00e9rt\u00e9k a\u00a0f\u00e1j\u00f3 \u2013 mondja forr\u00e1sunk. \u2013 A nemzetk\u00f6zi szerepl\u0151k t\u00e9rnyer\u00e9se val\u00f3ban k\u00f6zrej\u00e1tszott, de nem volt piaci ig\u00e9ny ilyen t\u00edpus\u00fa szolg\u00e1ltat\u00e1sra.<\/p>\n<blockquote class=\"wp-block-quote is-layout-flow wp-block-quote-is-layout-flow\">\n<p>Ha a p\u00e9nz jobban sz\u00e1m\u00edtott volna, \u00e9s \u00e1tgondolt\u00e1k volna, mire k\u00f6ltenek, akkor nem biztos, hogy ehhez hasonl\u00f3, csillagh\u00e1bor\u00fas\u00a0koncepci\u00f3t val\u00f3s\u00edtottak volna meg.\u201d<\/p>\n<\/blockquote>\n<p>Forr\u00e1sunk \u00fagy tudja, a c\u00e9get lecsupasz\u00edtj\u00e1k, a l\u00e9tsz\u00e1mot legal\u00e1bb a fel\u00e9re cs\u00f6kkentik, de a Mol megtartja a benzinkutakhoz \u00e9s a Fresh Cornerhez k\u00f6thet\u0151 logisztika kiszolg\u00e1l\u00e1s\u00e1ra. \u201eAmihez viszont m\u00e1r\u00a0j\u00f3val kisebb oper\u00e1ci\u00f3 kell. Ha a c\u00e9g m\u00e1r le lesz csupasz\u00edtva, akkor az is elk\u00e9pzelhet\u0151, hogy a Mol beolvasztja mag\u00e1ba.\u201d<\/p>\n<\/div>\n<div><\/div>\n<div class=\"premium-blocker premium-blocker--hu\" data-needed=\"authenticated\" data-current=\"[&quot;free&quot;]\">\n<div data-needed=\"authenticated\"><\/div>\n<\/div>\n<p>\t\t<!-- No email blocks found --><\/p>\n<p>The post <a href=\"https:\/\/www.forbes.hu\/uzlet\/hirtelen-elmult-a-strategiai-nyugalom-piacrombolo-lehet-ahogyan-hernadi-zsoltek-logisztikai-szolgaltatoja-dontott-a-kormanyvaltas-es-kozel-tizmilliard-forint-veszteseg-ut\/\">\u201eHirtelen elm\u00falt a strat\u00e9giai nyugalom.\u201d Piacrombol\u00f3 lehet, ahogyan Hern\u00e1di Zsolt\u00e9k\u00a0logisztikai szolg\u00e1ltat\u00f3ja d\u00f6nt\u00f6tt a korm\u00e1nyv\u00e1lt\u00e1s \u00e9s k\u00f6zel t\u00edzmilli\u00e1rd forint\u00a0vesztes\u00e9g ut\u00e1n<\/a> appeared first on <a href=\"https:\/\/www.forbes.hu\/\">Forbes.hu<\/a>.<\/p><div id=\"friss-1809911542\" class=\"friss-etarget-cikk-vege friss-entity-placement\"><script type=\"text\/javascript\" id=\"etargetScript7a9b589f63cb072bef80df221f46a22b\">function etargetPostloadFunction7a9b589f63cb072bef80df221f46a22b(){var e=\"etargetPostload7a9b589f63cb072bef80df221f46a22b\",t=\"etargetScript7a9b589f63cb072bef80df221f46a22b\",o=document.getElementById(e);if(o){for(var n=o.offsetTop,d=o.offsetLeft,r=o.offsetWidth,a=o.offsetHeight;o.offsetParent;)o=o.offsetParent,n+=o.offsetTop,d+=o.offsetLeft;var i=(n<=window.pageYOffset+window.innerHeight&&d<window.pageXOffset+window.innerWidth&&n+a>window.pageYOffset&&d+r>window.pageXOffset);if(i&&etargetAllowOtherCheck){allowed=!1;var c=document.createElement(\"script\");return c.src=\"\/\/hu.search.etargetnet.com\/generic\/uni.php?g=ref:58661,area:700x210\",void(document.getElementById(t)&&document.getElementById(e)&&(document.getElementById(t).parentNode.appendChild(c),document.getElementById(t).parentNode.removeChild(document.getElementById(t)),document.getElementById(e).parentNode.removeChild(document.getElementById(e)),document.removeEventListener(\"scroll\",etargetPostloadFunction7a9b589f63cb072bef80df221f46a22b),document.removeEventListener(\"resize\",etargetPostloadFunction7a9b589f63cb072bef80df221f46a22b),document.removeEventListener(\"DOMContentLoaded\",etargetPostloadFunction7a9b589f63cb072bef80df221f46a22b)))}}}var etargetDivID=\"etargetPostload7a9b589f63cb072bef80df221f46a22b\",etargetScriptID=\"etargetScript7a9b589f63cb072bef80df221f46a22b\",etargetPostloadPoint=document.createElement(\"div\");etargetPostloadPoint.id=etargetDivID;var etargetCurScript=document.getElementById(etargetScriptID);etargetCurScript.parentNode.appendChild(etargetPostloadPoint),document.addEventListener(\"scroll\",etargetPostloadFunction7a9b589f63cb072bef80df221f46a22b),document.addEventListener(\"resize\",etargetPostloadFunction7a9b589f63cb072bef80df221f46a22b),document.addEventListener(\"DOMContentLoaded\",etargetPostloadFunction7a9b589f63cb072bef80df221f46a22b);var etargetAllowOtherCheck=!0;if(typeof(\"forceRunPostload\")==\"string\"){etargetPostloadFunction7a9b589f63cb072bef80df221f46a22b()}<\/script><\/div><div id=\"friss-3596480803\" class=\"friss-after-content friss-entity-placement\"><script type=\"text\/javascript\" id=\"etargetScript7a9b589f63cb072bef80df221f46a22b\">function etargetPostloadFunction7a9b589f63cb072bef80df221f46a22b(){var e=\"etargetPostload7a9b589f63cb072bef80df221f46a22b\",t=\"etargetScript7a9b589f63cb072bef80df221f46a22b\",o=document.getElementById(e);if(o){for(var n=o.offsetTop,d=o.offsetLeft,r=o.offsetWidth,a=o.offsetHeight;o.offsetParent;)o=o.offsetParent,n+=o.offsetTop,d+=o.offsetLeft;var i=(n<=window.pageYOffset+window.innerHeight&&d<window.pageXOffset+window.innerWidth&&n+a>window.pageYOffset&&d+r>window.pageXOffset);if(i&&etargetAllowOtherCheck){allowed=!1;var c=document.createElement(\"script\");return c.src=\"\/\/hu.search.etargetnet.com\/generic\/uni.php?g=ref:58661,area:700x210\",void(document.getElementById(t)&&document.getElementById(e)&&(document.getElementById(t).parentNode.appendChild(c),document.getElementById(t).parentNode.removeChild(document.getElementById(t)),document.getElementById(e).parentNode.removeChild(document.getElementById(e)),document.removeEventListener(\"scroll\",etargetPostloadFunction7a9b589f63cb072bef80df221f46a22b),document.removeEventListener(\"resize\",etargetPostloadFunction7a9b589f63cb072bef80df221f46a22b),document.removeEventListener(\"DOMContentLoaded\",etargetPostloadFunction7a9b589f63cb072bef80df221f46a22b)))}}}var etargetDivID=\"etargetPostload7a9b589f63cb072bef80df221f46a22b\",etargetScriptID=\"etargetScript7a9b589f63cb072bef80df221f46a22b\",etargetPostloadPoint=document.createElement(\"div\");etargetPostloadPoint.id=etargetDivID;var etargetCurScript=document.getElementById(etargetScriptID);etargetCurScript.parentNode.appendChild(etargetPostloadPoint),document.addEventListener(\"scroll\",etargetPostloadFunction7a9b589f63cb072bef80df221f46a22b),document.addEventListener(\"resize\",etargetPostloadFunction7a9b589f63cb072bef80df221f46a22b),document.addEventListener(\"DOMContentLoaded\",etargetPostloadFunction7a9b589f63cb072bef80df221f46a22b);var etargetAllowOtherCheck=!0;if(typeof(\"forceRunPostload\")==\"string\"){etargetPostloadFunction7a9b589f63cb072bef80df221f46a22b()}<\/script><\/div><div id=\"friss-3170889235\" class=\"friss-after-content_2 friss-entity-placement\" style=\"clear: both;\"><div class=\"wprss_ajax\" data-id=\"rss07f0a00342\"><img loading=\"lazy\" decoding=\"async\" src=\"https:\/\/friss-hirek.hu\/wp-content\/plugins\/wp-rss-retriever\/inc\/imgs\/ajax-loader.gif\" alt=\"Loading RSS Feed\" width=\"16\" height=\"16\"><\/div><\/div><br style=\"clear: both; display: block; float: none;\"\/><div id=\"friss-416414449\" class=\"friss-after-content_3 friss-entity-placement\">https:\/\/www.youtube.com\/watch?v=Pdnw4KiUWp0<\/div>","protected":false},"excerpt":{"rendered":"<p>Indul\u00e1sa \u00f3ta egyetlen \u00e9vben sem volt nyeres\u00e9ges a Molhoz k\u00f6thet\u0151 mag\u00e1nt\u0151kealap tulajdon\u00e1ban \u00e1ll\u00f3 Boxy, most pedig le\u00e1ll\u00edtj\u00e1k a c\u00e9g z\u00e1szl\u00f3shaj\u00f3nak sz\u00e1m\u00edt\u00f3 szolg\u00e1ltat\u00e1s\u00e1t. Forr\u00e1sunk szerint a tulajdonosok hirtelen d\u00f6nt\u00e9se a karcs\u00fas\u00edt\u00e1sr\u00f3l a p\u00e9nzcsapok korm\u00e1nyv\u00e1lt\u00e1s ut\u00e1ni elz\u00e1r\u00e1s\u00e1ra utalhat. B\u00e1rhogy is legyen, v\u00e9g\u00fcl megint a magyar e-keresked\u0151k j\u00e1rnak rosszul. Iratkozz fel e-kereskedelmi h\u00edrlevel\u00fcnkre,\u00a0a Forbes Checkoutra, \u00e9s\u00a0gyere el november [&hellip;]<\/p>\n","protected":false},"author":1,"featured_media":0,"comment_status":"open","ping_status":"open","sticky":false,"template":"","format":"standard","meta":{"footnotes":""},"categories":[7],"tags":[],"class_list":["post-171036","post","type-post","status-publish","format-standard","hentry","category-uzlet"],"amp_enabled":true,"_links":{"self":[{"href":"https:\/\/friss-hirek.hu\/index.php\/wp-json\/wp\/v2\/posts\/171036","targetHints":{"allow":["GET"]}}],"collection":[{"href":"https:\/\/friss-hirek.hu\/index.php\/wp-json\/wp\/v2\/posts"}],"about":[{"href":"https:\/\/friss-hirek.hu\/index.php\/wp-json\/wp\/v2\/types\/post"}],"author":[{"embeddable":true,"href":"https:\/\/friss-hirek.hu\/index.php\/wp-json\/wp\/v2\/users\/1"}],"replies":[{"embeddable":true,"href":"https:\/\/friss-hirek.hu\/index.php\/wp-json\/wp\/v2\/comments?post=171036"}],"version-history":[{"count":0,"href":"https:\/\/friss-hirek.hu\/index.php\/wp-json\/wp\/v2\/posts\/171036\/revisions"}],"wp:attachment":[{"href":"https:\/\/friss-hirek.hu\/index.php\/wp-json\/wp\/v2\/media?parent=171036"}],"wp:term":[{"taxonomy":"category","embeddable":true,"href":"https:\/\/friss-hirek.hu\/index.php\/wp-json\/wp\/v2\/categories?post=171036"},{"taxonomy":"post_tag","embeddable":true,"href":"https:\/\/friss-hirek.hu\/index.php\/wp-json\/wp\/v2\/tags?post=171036"}],"curies":[{"name":"wp","href":"https:\/\/api.w.org\/{rel}","templated":true}]}}