{"id":171041,"date":"2026-09-01T12:29:08","date_gmt":"2026-09-01T12:29:08","guid":{"rendered":"https:\/\/friss-hirek.hu\/index.php\/uj-korszak-kezdodik-az-apple-nel-john-ternus-atvette-a-vezetest\/friss-hirek\/"},"modified":"2026-09-01T12:29:08","modified_gmt":"2026-09-01T12:29:08","slug":"uj-korszak-kezdodik-az-apple-nel-john-ternus-atvette-a-vezetest","status":"publish","type":"post","link":"https:\/\/friss-hirek.hu\/index.php\/uj-korszak-kezdodik-az-apple-nel-john-ternus-atvette-a-vezetest\/technologia\/","title":{"rendered":"\u00daj korszak kezd\u0151dik az Apple-n\u00e9l, John Ternus \u00e1tvette a vezet\u00e9st"},"content":{"rendered":"<p class=\"isSelectedEnd\">Az Apple bejelentette, hogy imm\u00e1ron John Ternus a v\u00e1llalat vez\u00e9rigazgat\u00f3ja, vagyis 2026. szeptember 1-t\u0151l \u00e1tvette a CEO poz\u00edci\u00f3t Tim Cookt\u00f3l. Cook ugyanakkor nem t\u00e1vozik a c\u00e9gt\u0151l, hiszen az igazgat\u00f3tan\u00e1cs \u00fcgyvezet\u0151 eln\u00f6kek\u00e9nt folytatja, \u00e9s t\u00f6bbek k\u00f6z\u00f6tt a glob\u00e1lis szab\u00e1lyoz\u00f3i \u00e9s politikai kapcsolatokban is szerepet v\u00e1llal majd.<\/p><div id=\"friss-2057625693\" class=\"friss-etarget friss-entity-placement\"><script type=\"text\/javascript\" id=\"etargetScript7a9b589f63cb072bef80df221f46a22b\">function etargetPostloadFunction7a9b589f63cb072bef80df221f46a22b(){var e=\"etargetPostload7a9b589f63cb072bef80df221f46a22b\",t=\"etargetScript7a9b589f63cb072bef80df221f46a22b\",o=document.getElementById(e);if(o){for(var n=o.offsetTop,d=o.offsetLeft,r=o.offsetWidth,a=o.offsetHeight;o.offsetParent;)o=o.offsetParent,n+=o.offsetTop,d+=o.offsetLeft;var i=(n<=window.pageYOffset+window.innerHeight&&d<window.pageXOffset+window.innerWidth&&n+a>window.pageYOffset&&d+r>window.pageXOffset);if(i&&etargetAllowOtherCheck){allowed=!1;var c=document.createElement(\"script\");return c.src=\"\/\/hu.search.etargetnet.com\/generic\/uni.php?g=ref:58661,area:700x210\",void(document.getElementById(t)&&document.getElementById(e)&&(document.getElementById(t).parentNode.appendChild(c),document.getElementById(t).parentNode.removeChild(document.getElementById(t)),document.getElementById(e).parentNode.removeChild(document.getElementById(e)),document.removeEventListener(\"scroll\",etargetPostloadFunction7a9b589f63cb072bef80df221f46a22b),document.removeEventListener(\"resize\",etargetPostloadFunction7a9b589f63cb072bef80df221f46a22b),document.removeEventListener(\"DOMContentLoaded\",etargetPostloadFunction7a9b589f63cb072bef80df221f46a22b)))}}}var etargetDivID=\"etargetPostload7a9b589f63cb072bef80df221f46a22b\",etargetScriptID=\"etargetScript7a9b589f63cb072bef80df221f46a22b\",etargetPostloadPoint=document.createElement(\"div\");etargetPostloadPoint.id=etargetDivID;var etargetCurScript=document.getElementById(etargetScriptID);etargetCurScript.parentNode.appendChild(etargetPostloadPoint),document.addEventListener(\"scroll\",etargetPostloadFunction7a9b589f63cb072bef80df221f46a22b),document.addEventListener(\"resize\",etargetPostloadFunction7a9b589f63cb072bef80df221f46a22b),document.addEventListener(\"DOMContentLoaded\",etargetPostloadFunction7a9b589f63cb072bef80df221f46a22b);var etargetAllowOtherCheck=!0;if(typeof(\"forceRunPostload\")==\"string\"){etargetPostloadFunction7a9b589f63cb072bef80df221f46a22b()}<\/script><\/div>\n<p class=\"isSelectedEnd\">A vezet\u0151v\u00e1lt\u00e1s egy hosszabb ut\u00f3dl\u00e1si folyamat eredm\u00e9nye, amelyet az Apple igazgat\u00f3tan\u00e1csa egyhang\u00falag t\u00e1mogatott. Tim Cook 2011-ben vette \u00e1t az Apple ir\u00e1ny\u00edt\u00e1s\u00e1t Steve Jobst\u00f3l. Az\u00f3ta a v\u00e1llalat piaci \u00e9rt\u00e9ke nagyj\u00e1b\u00f3l 350 milli\u00e1rd doll\u00e1rr\u00f3l 4 billi\u00f3 doll\u00e1rra n\u0151tt, \u00e9ves bev\u00e9tele pedig a 2011-es 108 milli\u00e1rd doll\u00e1rr\u00f3l t\u00f6bb mint 416 milli\u00e1rd doll\u00e1rra emelkedett. Az \u0151 vezet\u00e9se alatt jelent meg t\u00f6bbek k\u00f6z\u00f6tt az Apple Watch, az AirPods \u00e9s a Vision Pro, mik\u00f6zben az Apple szolg\u00e1ltat\u00e1si \u00fczlet\u00e1ga is 100 milli\u00e1rd doll\u00e1r feletti m\u00e9ret\u0171re n\u0151tt.<\/p>\n<p><a href=\"https:\/\/tech2.hu\/wp-content\/uploads\/2026\/09\/Apple-John-Ternus_inline.jpg.large_2x.jpg\"><img loading=\"lazy\" decoding=\"async\" class=\"aligncenter size-large wp-image-92312\" src=\"https:\/\/tech2.hu\/wp-content\/uploads\/2026\/09\/Apple-John-Ternus_inline.jpg.large_2x-768x1024.jpg\" alt=\"\" width=\"696\" height=\"928\" \/><\/a>Cook nev\u00e9hez k\u00f6t\u0151dik az Apple saj\u00e1t chipjeire val\u00f3 \u00e1t\u00e1ll\u00e1sa is, amely alapvet\u0151en \u00e1talak\u00edtotta a Mac term\u00e9kvonalat. Emellett jelent\u0151sen n\u0151tt a v\u00e1llalat glob\u00e1lis jelenl\u00e9te, az akt\u00edv Apple-eszk\u00f6z\u00f6k sz\u00e1ma pedig meghaladta a 2,5 milli\u00e1rdot. Az \u00faj vez\u00e9rigazgat\u00f3, John Ternus 2001 \u00f3ta dolgozik az Apple-n\u00e9l, 2013-ban lett a Hardware Engineering aleln\u00f6ke, 2021-ben pedig beker\u00fclt a fels\u0151vezet\u00e9sbe. P\u00e1lyafut\u00e1sa sor\u00e1n kulcsszerepet j\u00e1tszott t\u00f6bbek k\u00f6z\u00f6tt az iPad, az AirPods, az iPhone, a Mac \u00e9s az Apple Watch hardveres fejleszt\u00e9s\u00e9ben.<\/p>\n<p class=\"isSelectedEnd\">Ternus az elm\u00falt \u00e9vekben egyre l\u00e1tv\u00e1nyosabban ker\u00fclt el\u0151t\u00e9rbe az Apple nyilv\u00e1nos esem\u00e9nyein is. A v\u00e1llalat szerint k\u00fcl\u00f6n\u00f6sen fontos szerepe volt a Mac fejleszt\u00e9s\u00e9ben, az \u00faj anyaghaszn\u00e1lati megold\u00e1sokban, valamint a tart\u00f3ss\u00e1g \u00e9s jav\u00edthat\u00f3s\u00e1g jav\u00edt\u00e1s\u00e1ban. Az Apple igazgat\u00f3tan\u00e1cs\u00e1ban t\u00f6rt\u00e9nt egy m\u00e1sik v\u00e1ltoz\u00e1s is. Arthur Levinson, aki 15 \u00e9ve t\u00f6lti be az eln\u00f6ki poz\u00edci\u00f3t, szeptember 1-j\u00e9t\u0151l vezet\u0151 f\u00fcggetlen igazgat\u00f3 lesz. Ternus ugyanett\u0151l a napt\u00f3l az igazgat\u00f3tan\u00e1cs tagj\u00e1v\u00e1 is v\u00e1lik.<\/p><div id=\"friss-1381491004\" class=\"friss-etarget-cikk-vege friss-entity-placement\"><script type=\"text\/javascript\" id=\"etargetScript7a9b589f63cb072bef80df221f46a22b\">function etargetPostloadFunction7a9b589f63cb072bef80df221f46a22b(){var e=\"etargetPostload7a9b589f63cb072bef80df221f46a22b\",t=\"etargetScript7a9b589f63cb072bef80df221f46a22b\",o=document.getElementById(e);if(o){for(var n=o.offsetTop,d=o.offsetLeft,r=o.offsetWidth,a=o.offsetHeight;o.offsetParent;)o=o.offsetParent,n+=o.offsetTop,d+=o.offsetLeft;var i=(n<=window.pageYOffset+window.innerHeight&&d<window.pageXOffset+window.innerWidth&&n+a>window.pageYOffset&&d+r>window.pageXOffset);if(i&&etargetAllowOtherCheck){allowed=!1;var c=document.createElement(\"script\");return c.src=\"\/\/hu.search.etargetnet.com\/generic\/uni.php?g=ref:58661,area:700x210\",void(document.getElementById(t)&&document.getElementById(e)&&(document.getElementById(t).parentNode.appendChild(c),document.getElementById(t).parentNode.removeChild(document.getElementById(t)),document.getElementById(e).parentNode.removeChild(document.getElementById(e)),document.removeEventListener(\"scroll\",etargetPostloadFunction7a9b589f63cb072bef80df221f46a22b),document.removeEventListener(\"resize\",etargetPostloadFunction7a9b589f63cb072bef80df221f46a22b),document.removeEventListener(\"DOMContentLoaded\",etargetPostloadFunction7a9b589f63cb072bef80df221f46a22b)))}}}var etargetDivID=\"etargetPostload7a9b589f63cb072bef80df221f46a22b\",etargetScriptID=\"etargetScript7a9b589f63cb072bef80df221f46a22b\",etargetPostloadPoint=document.createElement(\"div\");etargetPostloadPoint.id=etargetDivID;var etargetCurScript=document.getElementById(etargetScriptID);etargetCurScript.parentNode.appendChild(etargetPostloadPoint),document.addEventListener(\"scroll\",etargetPostloadFunction7a9b589f63cb072bef80df221f46a22b),document.addEventListener(\"resize\",etargetPostloadFunction7a9b589f63cb072bef80df221f46a22b),document.addEventListener(\"DOMContentLoaded\",etargetPostloadFunction7a9b589f63cb072bef80df221f46a22b);var etargetAllowOtherCheck=!0;if(typeof(\"forceRunPostload\")==\"string\"){etargetPostloadFunction7a9b589f63cb072bef80df221f46a22b()}<\/script><\/div><div id=\"friss-154160041\" class=\"friss-after-content friss-entity-placement\"><script type=\"text\/javascript\" id=\"etargetScript7a9b589f63cb072bef80df221f46a22b\">function etargetPostloadFunction7a9b589f63cb072bef80df221f46a22b(){var e=\"etargetPostload7a9b589f63cb072bef80df221f46a22b\",t=\"etargetScript7a9b589f63cb072bef80df221f46a22b\",o=document.getElementById(e);if(o){for(var n=o.offsetTop,d=o.offsetLeft,r=o.offsetWidth,a=o.offsetHeight;o.offsetParent;)o=o.offsetParent,n+=o.offsetTop,d+=o.offsetLeft;var i=(n<=window.pageYOffset+window.innerHeight&&d<window.pageXOffset+window.innerWidth&&n+a>window.pageYOffset&&d+r>window.pageXOffset);if(i&&etargetAllowOtherCheck){allowed=!1;var c=document.createElement(\"script\");return c.src=\"\/\/hu.search.etargetnet.com\/generic\/uni.php?g=ref:58661,area:700x210\",void(document.getElementById(t)&&document.getElementById(e)&&(document.getElementById(t).parentNode.appendChild(c),document.getElementById(t).parentNode.removeChild(document.getElementById(t)),document.getElementById(e).parentNode.removeChild(document.getElementById(e)),document.removeEventListener(\"scroll\",etargetPostloadFunction7a9b589f63cb072bef80df221f46a22b),document.removeEventListener(\"resize\",etargetPostloadFunction7a9b589f63cb072bef80df221f46a22b),document.removeEventListener(\"DOMContentLoaded\",etargetPostloadFunction7a9b589f63cb072bef80df221f46a22b)))}}}var etargetDivID=\"etargetPostload7a9b589f63cb072bef80df221f46a22b\",etargetScriptID=\"etargetScript7a9b589f63cb072bef80df221f46a22b\",etargetPostloadPoint=document.createElement(\"div\");etargetPostloadPoint.id=etargetDivID;var etargetCurScript=document.getElementById(etargetScriptID);etargetCurScript.parentNode.appendChild(etargetPostloadPoint),document.addEventListener(\"scroll\",etargetPostloadFunction7a9b589f63cb072bef80df221f46a22b),document.addEventListener(\"resize\",etargetPostloadFunction7a9b589f63cb072bef80df221f46a22b),document.addEventListener(\"DOMContentLoaded\",etargetPostloadFunction7a9b589f63cb072bef80df221f46a22b);var etargetAllowOtherCheck=!0;if(typeof(\"forceRunPostload\")==\"string\"){etargetPostloadFunction7a9b589f63cb072bef80df221f46a22b()}<\/script><\/div><div id=\"friss-690004104\" class=\"friss-after-content_2 friss-entity-placement\" style=\"clear: both;\"><div class=\"wprss_ajax\" data-id=\"rss7eef8fecfe\"><img loading=\"lazy\" decoding=\"async\" src=\"https:\/\/friss-hirek.hu\/wp-content\/plugins\/wp-rss-retriever\/inc\/imgs\/ajax-loader.gif\" alt=\"Loading RSS Feed\" width=\"16\" height=\"16\"><\/div><\/div><br style=\"clear: both; display: block; float: none;\"\/><div id=\"friss-3653124150\" class=\"friss-after-content_3 friss-entity-placement\">https:\/\/www.youtube.com\/watch?v=Pdnw4KiUWp0<\/div>","protected":false},"excerpt":{"rendered":"<p>Az Apple bejelentette, hogy imm\u00e1ron John Ternus a v\u00e1llalat vez\u00e9rigazgat\u00f3ja, vagyis 2026. szeptember 1-t\u0151l \u00e1tvette a CEO poz\u00edci\u00f3t Tim Cookt\u00f3l. Cook ugyanakkor nem t\u00e1vozik a c\u00e9gt\u0151l, hiszen az igazgat\u00f3tan\u00e1cs \u00fcgyvezet\u0151 eln\u00f6kek\u00e9nt folytatja, \u00e9s t\u00f6bbek k\u00f6z\u00f6tt a glob\u00e1lis szab\u00e1lyoz\u00f3i \u00e9s politikai kapcsolatokban is szerepet v\u00e1llal majd. A vezet\u0151v\u00e1lt\u00e1s egy hosszabb ut\u00f3dl\u00e1si folyamat eredm\u00e9nye, amelyet az Apple [&hellip;]<\/p>\n","protected":false},"author":1,"featured_media":0,"comment_status":"open","ping_status":"open","sticky":false,"template":"","format":"standard","meta":{"footnotes":""},"categories":[4],"tags":[],"class_list":["post-171041","post","type-post","status-publish","format-standard","hentry","category-technologia"],"amp_enabled":true,"_links":{"self":[{"href":"https:\/\/friss-hirek.hu\/index.php\/wp-json\/wp\/v2\/posts\/171041","targetHints":{"allow":["GET"]}}],"collection":[{"href":"https:\/\/friss-hirek.hu\/index.php\/wp-json\/wp\/v2\/posts"}],"about":[{"href":"https:\/\/friss-hirek.hu\/index.php\/wp-json\/wp\/v2\/types\/post"}],"author":[{"embeddable":true,"href":"https:\/\/friss-hirek.hu\/index.php\/wp-json\/wp\/v2\/users\/1"}],"replies":[{"embeddable":true,"href":"https:\/\/friss-hirek.hu\/index.php\/wp-json\/wp\/v2\/comments?post=171041"}],"version-history":[{"count":0,"href":"https:\/\/friss-hirek.hu\/index.php\/wp-json\/wp\/v2\/posts\/171041\/revisions"}],"wp:attachment":[{"href":"https:\/\/friss-hirek.hu\/index.php\/wp-json\/wp\/v2\/media?parent=171041"}],"wp:term":[{"taxonomy":"category","embeddable":true,"href":"https:\/\/friss-hirek.hu\/index.php\/wp-json\/wp\/v2\/categories?post=171041"},{"taxonomy":"post_tag","embeddable":true,"href":"https:\/\/friss-hirek.hu\/index.php\/wp-json\/wp\/v2\/tags?post=171041"}],"curies":[{"name":"wp","href":"https:\/\/api.w.org\/{rel}","templated":true}]}}