{"id":171043,"date":"2026-09-01T13:30:04","date_gmt":"2026-09-01T13:30:04","guid":{"rendered":"https:\/\/friss-hirek.hu\/index.php\/ujra-lenduletet-kaphat-a-magyar-szelenergia-de-nem-mindenki-orul-a-felteteleknek\/friss-hirek\/"},"modified":"2026-09-01T13:30:04","modified_gmt":"2026-09-01T13:30:04","slug":"ujra-lenduletet-kaphat-a-magyar-szelenergia-de-nem-mindenki-orul-a-felteteleknek","status":"publish","type":"post","link":"https:\/\/friss-hirek.hu\/index.php\/ujra-lenduletet-kaphat-a-magyar-szelenergia-de-nem-mindenki-orul-a-felteteleknek\/uzlet\/","title":{"rendered":"\u00dajra lend\u00fcletet kaphat a magyar sz\u00e9lenergia \u2013 de nem mindenki \u00f6r\u00fcl a felt\u00e9teleknek"},"content":{"rendered":"<p><strong>T\u00f6bb mint 700 megawattnyi \u00faj sz\u00e9ler\u0151m\u0171 csatlakozhat a magyar villamosenergia-h\u00e1l\u00f3zathoz, az ipar\u00e1gi szerepl\u0151k viszont t\u00f6bb olyan akad\u00e1lyt is l\u00e1tnak, amely megnehez\u00edtheti a beruh\u00e1z\u00e1sokat.<\/strong><\/p><div id=\"friss-2949937967\" class=\"friss-etarget friss-entity-placement\"><script type=\"text\/javascript\" id=\"etargetScript7a9b589f63cb072bef80df221f46a22b\">function etargetPostloadFunction7a9b589f63cb072bef80df221f46a22b(){var e=\"etargetPostload7a9b589f63cb072bef80df221f46a22b\",t=\"etargetScript7a9b589f63cb072bef80df221f46a22b\",o=document.getElementById(e);if(o){for(var n=o.offsetTop,d=o.offsetLeft,r=o.offsetWidth,a=o.offsetHeight;o.offsetParent;)o=o.offsetParent,n+=o.offsetTop,d+=o.offsetLeft;var i=(n<=window.pageYOffset+window.innerHeight&&d<window.pageXOffset+window.innerWidth&&n+a>window.pageYOffset&&d+r>window.pageXOffset);if(i&&etargetAllowOtherCheck){allowed=!1;var c=document.createElement(\"script\");return c.src=\"\/\/hu.search.etargetnet.com\/generic\/uni.php?g=ref:58661,area:700x210\",void(document.getElementById(t)&&document.getElementById(e)&&(document.getElementById(t).parentNode.appendChild(c),document.getElementById(t).parentNode.removeChild(document.getElementById(t)),document.getElementById(e).parentNode.removeChild(document.getElementById(e)),document.removeEventListener(\"scroll\",etargetPostloadFunction7a9b589f63cb072bef80df221f46a22b),document.removeEventListener(\"resize\",etargetPostloadFunction7a9b589f63cb072bef80df221f46a22b),document.removeEventListener(\"DOMContentLoaded\",etargetPostloadFunction7a9b589f63cb072bef80df221f46a22b)))}}}var etargetDivID=\"etargetPostload7a9b589f63cb072bef80df221f46a22b\",etargetScriptID=\"etargetScript7a9b589f63cb072bef80df221f46a22b\",etargetPostloadPoint=document.createElement(\"div\");etargetPostloadPoint.id=etargetDivID;var etargetCurScript=document.getElementById(etargetScriptID);etargetCurScript.parentNode.appendChild(etargetPostloadPoint),document.addEventListener(\"scroll\",etargetPostloadFunction7a9b589f63cb072bef80df221f46a22b),document.addEventListener(\"resize\",etargetPostloadFunction7a9b589f63cb072bef80df221f46a22b),document.addEventListener(\"DOMContentLoaded\",etargetPostloadFunction7a9b589f63cb072bef80df221f46a22b);var etargetAllowOtherCheck=!0;if(typeof(\"forceRunPostload\")==\"string\"){etargetPostloadFunction7a9b589f63cb072bef80df221f46a22b()}<\/script><\/div>\n<p><strong>Mi t\u00f6rt\u00e9nt?<\/strong> Kapit\u00e1ny Istv\u00e1n energiaminiszter <a href=\"https:\/\/www.facebook.com\/reel\/1387366716168510\">vide\u00f3ban ismertette a sz\u00e9ler\u0151m\u0171vek h\u00e1l\u00f3zati csatlakoz\u00e1s\u00e1t lehet\u0151v\u00e9 tev\u0151 p\u00e1ly\u00e1zat r\u00e9szleteit<\/a>, \u00e9s hangs\u00falyozta, hogy nem klasszikus \u00e1llami t\u00e1mogat\u00e1si programr\u00f3l van sz\u00f3, hanem a beruh\u00e1z\u00e1sokat mag\u00e1nt\u0151k\u00e9b\u0151l finansz\u00edrozn\u00e1k, az \u00e1llam pedig a sz\u00fcks\u00e9ges h\u00e1l\u00f3zati felt\u00e9teleket biztos\u00edtan\u00e1. A ki\u00edr\u00e1s hat j\u00e1r\u00e1s kilenc h\u00e1l\u00f3zati csom\u00f3pontj\u00e1n t\u00f6bb mint 700 megawattnyi \u00faj sz\u00e9ler\u0151m\u0171vi kapacit\u00e1s csatlakoz\u00e1s\u00e1t teszi lehet\u0151v\u00e9. <\/p>\n<div class=\"related-post-links\">\n<p>\t\t<span class=\"related-post-links__title minititle\">T\u00f6bb ebb\u0151l<\/span><\/p>\n<div class=\"related-post-links__link-wrapper\">\n\t\t\t\t<a href=\"https:\/\/www.forbes.hu\/uzlet\/soha-nem-latott-szeleromu-fejlesztes-indulhat-magyarorszagon-tobb-ezer-megawatt-a-cel\/\" class=\"related-post-links__link\">Soha nem l\u00e1tott sz\u00e9ler\u0151m\u0171-fejleszt\u00e9s indulhat Magyarorsz\u00e1gon, t\u00f6bb ezer megawatt a c\u00e9l<\/a>\n\t\t\t<\/div>\n<div class=\"related-post-links__link-wrapper\">\n\t\t\t\t<a href=\"https:\/\/www.forbes.hu\/forbes-sztori\/oroszi-laszlo-feltalalo-interju-adidas-cipo-szver\/\" class=\"related-post-links__link\">Nem hagyom abba dacb\u00f3l, mert tudok sokkal jobbat \u2013 mondja a magyar, aki legy\u0151zte az Adidast<\/a>\n\t\t\t<\/div>\n<\/div>\n<p><strong>R\u00e9szletek.<\/strong> A p\u00e1ly\u00e1zati rendszerben igyekeztek megakad\u00e1lyozni, hogy egyetlen nagy szerepl\u0151 t\u00fal nagy r\u00e9szt szerezzen a lehet\u0151s\u00e9gb\u0151l, egy v\u00e1llalatcsoport legfeljebb 200 megawattampernyi kapacit\u00e1st szerezhet, egy-egy h\u00e1l\u00f3zati csom\u00f3ponton pedig legfeljebb 100 megawattnyi kapacit\u00e1s juthat neki. A p\u00e1ly\u00e1z\u00f3k verseny\u00e9ben jelent\u0151s szerepet kapnak a telep\u00fcl\u00e9seknek fizetett hozz\u00e1j\u00e1rul\u00e1sok is. Az egyszeri helyi p\u00e9nz\u00fcgyi hozz\u00e1j\u00e1rul\u00e1s a pontoz\u00e1s 20 sz\u00e1zal\u00e9k\u00e1t adja, m\u00edg a k\u00e9s\u0151bbi, a termel\u00e9shez k\u00f6t\u0151d\u0151 \u00e9ves hozz\u00e1j\u00e1rul\u00e1s tov\u00e1bbi 15 sz\u00e1zal\u00e9kos s\u00fallyal jelenik meg.<\/p>\n<p><strong>Kinek j\u00f3 ez?<\/strong> A korm\u00e1ny szerint a konstrukci\u00f3 kedvez\u0151 felt\u00e9teleket teremt a sz\u00e9lenergia \u00fajj\u00e1\u00e9leszt\u00e9s\u00e9hez, a fejleszt\u0151k azonban \u00f3vatosabbak. A v\u00e9gleges p\u00e1ly\u00e1zati felt\u00e9telek t\u00f6bb ponton elt\u00e9rnek a ny\u00e1ron m\u00e9g egyeztet\u00e9sre bocs\u00e1tott v\u00e1ltozatt\u00f3l, \u00e9s az ipar\u00e1gi szerepl\u0151k szerint ezek k\u00f6z\u00fcl t\u00f6bb n\u00f6veli a beruh\u00e1z\u00f3k terheit, mik\u00f6zben cs\u00f6kkentheti a m\u00e1r felk\u00e9sz\u00fclt fejleszt\u0151k el\u0151ny\u00e9t is.<\/p>\n<p><!-- No email blocks found --><\/p>\n<p>The post <a href=\"https:\/\/www.forbes.hu\/penz\/ujra-lenduletet-kaphat-a-magyar-szelenergia-de-nem-mindenki-orul-a-felteteleknek\/\">\u00dajra lend\u00fcletet kaphat a magyar sz\u00e9lenergia \u2013 de nem mindenki \u00f6r\u00fcl a felt\u00e9teleknek<\/a> appeared first on <a href=\"https:\/\/www.forbes.hu\/\">Forbes.hu<\/a>.<\/p><div id=\"friss-2046721671\" class=\"friss-etarget-cikk-vege friss-entity-placement\"><script type=\"text\/javascript\" id=\"etargetScript7a9b589f63cb072bef80df221f46a22b\">function etargetPostloadFunction7a9b589f63cb072bef80df221f46a22b(){var e=\"etargetPostload7a9b589f63cb072bef80df221f46a22b\",t=\"etargetScript7a9b589f63cb072bef80df221f46a22b\",o=document.getElementById(e);if(o){for(var n=o.offsetTop,d=o.offsetLeft,r=o.offsetWidth,a=o.offsetHeight;o.offsetParent;)o=o.offsetParent,n+=o.offsetTop,d+=o.offsetLeft;var i=(n<=window.pageYOffset+window.innerHeight&&d<window.pageXOffset+window.innerWidth&&n+a>window.pageYOffset&&d+r>window.pageXOffset);if(i&&etargetAllowOtherCheck){allowed=!1;var c=document.createElement(\"script\");return c.src=\"\/\/hu.search.etargetnet.com\/generic\/uni.php?g=ref:58661,area:700x210\",void(document.getElementById(t)&&document.getElementById(e)&&(document.getElementById(t).parentNode.appendChild(c),document.getElementById(t).parentNode.removeChild(document.getElementById(t)),document.getElementById(e).parentNode.removeChild(document.getElementById(e)),document.removeEventListener(\"scroll\",etargetPostloadFunction7a9b589f63cb072bef80df221f46a22b),document.removeEventListener(\"resize\",etargetPostloadFunction7a9b589f63cb072bef80df221f46a22b),document.removeEventListener(\"DOMContentLoaded\",etargetPostloadFunction7a9b589f63cb072bef80df221f46a22b)))}}}var etargetDivID=\"etargetPostload7a9b589f63cb072bef80df221f46a22b\",etargetScriptID=\"etargetScript7a9b589f63cb072bef80df221f46a22b\",etargetPostloadPoint=document.createElement(\"div\");etargetPostloadPoint.id=etargetDivID;var etargetCurScript=document.getElementById(etargetScriptID);etargetCurScript.parentNode.appendChild(etargetPostloadPoint),document.addEventListener(\"scroll\",etargetPostloadFunction7a9b589f63cb072bef80df221f46a22b),document.addEventListener(\"resize\",etargetPostloadFunction7a9b589f63cb072bef80df221f46a22b),document.addEventListener(\"DOMContentLoaded\",etargetPostloadFunction7a9b589f63cb072bef80df221f46a22b);var etargetAllowOtherCheck=!0;if(typeof(\"forceRunPostload\")==\"string\"){etargetPostloadFunction7a9b589f63cb072bef80df221f46a22b()}<\/script><\/div><div id=\"friss-143101085\" class=\"friss-after-content friss-entity-placement\"><script type=\"text\/javascript\" id=\"etargetScript7a9b589f63cb072bef80df221f46a22b\">function etargetPostloadFunction7a9b589f63cb072bef80df221f46a22b(){var e=\"etargetPostload7a9b589f63cb072bef80df221f46a22b\",t=\"etargetScript7a9b589f63cb072bef80df221f46a22b\",o=document.getElementById(e);if(o){for(var n=o.offsetTop,d=o.offsetLeft,r=o.offsetWidth,a=o.offsetHeight;o.offsetParent;)o=o.offsetParent,n+=o.offsetTop,d+=o.offsetLeft;var i=(n<=window.pageYOffset+window.innerHeight&&d<window.pageXOffset+window.innerWidth&&n+a>window.pageYOffset&&d+r>window.pageXOffset);if(i&&etargetAllowOtherCheck){allowed=!1;var c=document.createElement(\"script\");return c.src=\"\/\/hu.search.etargetnet.com\/generic\/uni.php?g=ref:58661,area:700x210\",void(document.getElementById(t)&&document.getElementById(e)&&(document.getElementById(t).parentNode.appendChild(c),document.getElementById(t).parentNode.removeChild(document.getElementById(t)),document.getElementById(e).parentNode.removeChild(document.getElementById(e)),document.removeEventListener(\"scroll\",etargetPostloadFunction7a9b589f63cb072bef80df221f46a22b),document.removeEventListener(\"resize\",etargetPostloadFunction7a9b589f63cb072bef80df221f46a22b),document.removeEventListener(\"DOMContentLoaded\",etargetPostloadFunction7a9b589f63cb072bef80df221f46a22b)))}}}var etargetDivID=\"etargetPostload7a9b589f63cb072bef80df221f46a22b\",etargetScriptID=\"etargetScript7a9b589f63cb072bef80df221f46a22b\",etargetPostloadPoint=document.createElement(\"div\");etargetPostloadPoint.id=etargetDivID;var etargetCurScript=document.getElementById(etargetScriptID);etargetCurScript.parentNode.appendChild(etargetPostloadPoint),document.addEventListener(\"scroll\",etargetPostloadFunction7a9b589f63cb072bef80df221f46a22b),document.addEventListener(\"resize\",etargetPostloadFunction7a9b589f63cb072bef80df221f46a22b),document.addEventListener(\"DOMContentLoaded\",etargetPostloadFunction7a9b589f63cb072bef80df221f46a22b);var etargetAllowOtherCheck=!0;if(typeof(\"forceRunPostload\")==\"string\"){etargetPostloadFunction7a9b589f63cb072bef80df221f46a22b()}<\/script><\/div><div id=\"friss-1569736443\" class=\"friss-after-content_2 friss-entity-placement\" style=\"clear: both;\"><div class=\"wprss_ajax\" data-id=\"rssc35e28d58f\"><img loading=\"lazy\" decoding=\"async\" src=\"https:\/\/friss-hirek.hu\/wp-content\/plugins\/wp-rss-retriever\/inc\/imgs\/ajax-loader.gif\" alt=\"Loading RSS Feed\" width=\"16\" height=\"16\"><\/div><\/div><br style=\"clear: both; display: block; float: none;\"\/><div id=\"friss-3638520351\" class=\"friss-after-content_3 friss-entity-placement\">https:\/\/www.youtube.com\/watch?v=Pdnw4KiUWp0<\/div>","protected":false},"excerpt":{"rendered":"<p>T\u00f6bb mint 700 megawattnyi \u00faj sz\u00e9ler\u0151m\u0171 csatlakozhat a magyar villamosenergia-h\u00e1l\u00f3zathoz, az ipar\u00e1gi szerepl\u0151k viszont t\u00f6bb olyan akad\u00e1lyt is l\u00e1tnak, amely megnehez\u00edtheti a beruh\u00e1z\u00e1sokat. Mi t\u00f6rt\u00e9nt? Kapit\u00e1ny Istv\u00e1n energiaminiszter vide\u00f3ban ismertette a sz\u00e9ler\u0151m\u0171vek h\u00e1l\u00f3zati csatlakoz\u00e1s\u00e1t lehet\u0151v\u00e9 tev\u0151 p\u00e1ly\u00e1zat r\u00e9szleteit, \u00e9s hangs\u00falyozta, hogy nem klasszikus \u00e1llami t\u00e1mogat\u00e1si programr\u00f3l van sz\u00f3, hanem a beruh\u00e1z\u00e1sokat mag\u00e1nt\u0151k\u00e9b\u0151l finansz\u00edrozn\u00e1k, az \u00e1llam [&hellip;]<\/p>\n","protected":false},"author":1,"featured_media":0,"comment_status":"open","ping_status":"open","sticky":false,"template":"","format":"standard","meta":{"footnotes":""},"categories":[7],"tags":[],"class_list":["post-171043","post","type-post","status-publish","format-standard","hentry","category-uzlet"],"amp_enabled":true,"_links":{"self":[{"href":"https:\/\/friss-hirek.hu\/index.php\/wp-json\/wp\/v2\/posts\/171043","targetHints":{"allow":["GET"]}}],"collection":[{"href":"https:\/\/friss-hirek.hu\/index.php\/wp-json\/wp\/v2\/posts"}],"about":[{"href":"https:\/\/friss-hirek.hu\/index.php\/wp-json\/wp\/v2\/types\/post"}],"author":[{"embeddable":true,"href":"https:\/\/friss-hirek.hu\/index.php\/wp-json\/wp\/v2\/users\/1"}],"replies":[{"embeddable":true,"href":"https:\/\/friss-hirek.hu\/index.php\/wp-json\/wp\/v2\/comments?post=171043"}],"version-history":[{"count":0,"href":"https:\/\/friss-hirek.hu\/index.php\/wp-json\/wp\/v2\/posts\/171043\/revisions"}],"wp:attachment":[{"href":"https:\/\/friss-hirek.hu\/index.php\/wp-json\/wp\/v2\/media?parent=171043"}],"wp:term":[{"taxonomy":"category","embeddable":true,"href":"https:\/\/friss-hirek.hu\/index.php\/wp-json\/wp\/v2\/categories?post=171043"},{"taxonomy":"post_tag","embeddable":true,"href":"https:\/\/friss-hirek.hu\/index.php\/wp-json\/wp\/v2\/tags?post=171043"}],"curies":[{"name":"wp","href":"https:\/\/api.w.org\/{rel}","templated":true}]}}