{"id":171061,"date":"2026-09-01T17:32:13","date_gmt":"2026-09-01T17:32:13","guid":{"rendered":"https:\/\/friss-hirek.hu\/index.php\/olcso-indiai-telefonok-tarolnak-le-magyarorszagot-is\/friss-hirek\/"},"modified":"2026-09-01T17:32:13","modified_gmt":"2026-09-01T17:32:13","slug":"olcso-indiai-telefonok-tarolnak-le-magyarorszagot-is","status":"publish","type":"post","link":"https:\/\/friss-hirek.hu\/index.php\/olcso-indiai-telefonok-tarolnak-le-magyarorszagot-is\/uzlet\/","title":{"rendered":"Olcs\u00f3 indiai telefonok taroln\u00e1k le Magyarorsz\u00e1got is"},"content":{"rendered":"<p><strong>A komoly \u00e1llami h\u00e1tsz\u00e9llel megt\u00e1mogatott Lava bel\u00e9p az eur\u00f3pai piacra. A c\u00e9l az olcs\u00f3 szegmens megh\u00f3d\u00edt\u00e1sa \u2013\u00a0haz\u00e1nkban biztos lenne \u00e9rdekl\u0151d\u00e9s a koncepci\u00f3 ir\u00e1nt.<\/strong><\/p><div id=\"friss-2110433286\" class=\"friss-etarget friss-entity-placement\"><script type=\"text\/javascript\" id=\"etargetScript7a9b589f63cb072bef80df221f46a22b\">function etargetPostloadFunction7a9b589f63cb072bef80df221f46a22b(){var e=\"etargetPostload7a9b589f63cb072bef80df221f46a22b\",t=\"etargetScript7a9b589f63cb072bef80df221f46a22b\",o=document.getElementById(e);if(o){for(var n=o.offsetTop,d=o.offsetLeft,r=o.offsetWidth,a=o.offsetHeight;o.offsetParent;)o=o.offsetParent,n+=o.offsetTop,d+=o.offsetLeft;var i=(n<=window.pageYOffset+window.innerHeight&&d<window.pageXOffset+window.innerWidth&&n+a>window.pageYOffset&&d+r>window.pageXOffset);if(i&&etargetAllowOtherCheck){allowed=!1;var c=document.createElement(\"script\");return c.src=\"\/\/hu.search.etargetnet.com\/generic\/uni.php?g=ref:58661,area:700x210\",void(document.getElementById(t)&&document.getElementById(e)&&(document.getElementById(t).parentNode.appendChild(c),document.getElementById(t).parentNode.removeChild(document.getElementById(t)),document.getElementById(e).parentNode.removeChild(document.getElementById(e)),document.removeEventListener(\"scroll\",etargetPostloadFunction7a9b589f63cb072bef80df221f46a22b),document.removeEventListener(\"resize\",etargetPostloadFunction7a9b589f63cb072bef80df221f46a22b),document.removeEventListener(\"DOMContentLoaded\",etargetPostloadFunction7a9b589f63cb072bef80df221f46a22b)))}}}var etargetDivID=\"etargetPostload7a9b589f63cb072bef80df221f46a22b\",etargetScriptID=\"etargetScript7a9b589f63cb072bef80df221f46a22b\",etargetPostloadPoint=document.createElement(\"div\");etargetPostloadPoint.id=etargetDivID;var etargetCurScript=document.getElementById(etargetScriptID);etargetCurScript.parentNode.appendChild(etargetPostloadPoint),document.addEventListener(\"scroll\",etargetPostloadFunction7a9b589f63cb072bef80df221f46a22b),document.addEventListener(\"resize\",etargetPostloadFunction7a9b589f63cb072bef80df221f46a22b),document.addEventListener(\"DOMContentLoaded\",etargetPostloadFunction7a9b589f63cb072bef80df221f46a22b);var etargetAllowOtherCheck=!0;if(typeof(\"forceRunPostload\")==\"string\"){etargetPostloadFunction7a9b589f63cb072bef80df221f46a22b()}<\/script><\/div>\n<p class=\"has-drop-cap\">R\u00e9g nem l\u00e1tott <a href=\"https:\/\/www.forbes.hu\/uzlet\/megroppant-a-telefonos-piac-2026\/\">sz\u00f6rny\u0171 napokat<\/a> \u00e9l \u00e1t mostan\u00e1ban az okostelefon-piac, olyan nagy szerepl\u0151ket is megz\u00fazott, mint a <a href=\"https:\/\/www.thestandard.com.hk\/finance\/article\/340264\/Xiaomi-profit-drops-37pc-to-14b-yuan-in-H1\">Xiaomi<\/a> vagy a <a href=\"https:\/\/www.engadget.com\/2213731\/oneplus-is-officially-leaving-the-us-and-europe\/\">BBK Electronics<\/a>. Ilyenkor \u00e1ltal\u00e1nos taktika a h\u00e1tral\u00e9p\u00e9s, a nagyobb projektek elhalaszt\u00e1sa, a terjeszked\u00e9s lef\u00faj\u00e1sa, s\u0151t ak\u00e1r a kivonul\u00e1s n\u00e9h\u00e1ny r\u00e9gi\u00f3b\u00f3l vagy term\u00e9kcsal\u00e1db\u00f3l is, mint ahogy arra l\u00e1ttunk konkr\u00e9t p\u00e9ld\u00e1kat.<\/p>\n<p>M\u00e9g ilyenkor is akadnak olyanok, akik l\u00e1tnak potenci\u00e1lt a neh\u00e9z id\u0151kben, \u00e9s p\u00e1ros l\u00e1bbal ugranak a zavarosba, tov\u00e1bb fokozva a k\u00e1oszt. Pl\u00e1ne akkor, ha nem felt\u00e9tlen\u00fcl sz\u00e1z sz\u00e1zal\u00e9kig a piaci folyamatok mozgatj\u00e1k \u0151ket, hiszen t\u0151keer\u0151s \u00e1llami szponzorok is \u00e1llnak m\u00f6g\u00f6tt\u00fck.<\/p>\n<blockquote class=\"wp-block-quote is-layout-flow wp-block-quote-is-layout-flow\">\n<p>Ilyen a felt\u00f6rekv\u0151 indiai okostelefon-ipar egyik korona\u00e9kszere, a Lava.<\/p>\n<\/blockquote>\n<p>A konszern vezet\u00e9se ugyanis ezt a hektikus id\u0151szakot l\u0151tte be arra, hogy megh\u00f3d\u00edtsa a k\u0151kem\u00e9ny terepnek sz\u00e1m\u00edt\u00f3 eur\u00f3pai piacot. M\u00e9gpedig olyan term\u00e9kekkel, amelyek a r\u00e9m \u00e1r\u00e9rz\u00e9keny magyar piacon is \u00e9rdekl\u0151d\u00e9st kelthetn\u00e9nek.<\/p>\n<div class=\"highlighted-text\">\n<p>\t\t<span class=\"highlighted-text__title minititle\">Err\u0151l sz\u00f3l m\u00e9g a cikk<\/span><\/p>\n<div class=\"highlighted-text__content\">\n<ul>\n<li>Nagyon magabiztos, de mi\u00e9rt?<\/li>\n<li>Butas\u00e1g a terjeszked\u00e9si strat\u00e9gia?<\/li>\n<li>Lehet es\u00e9lye Magyarorsz\u00e1gon?<\/li>\n<\/ul><\/div>\n<\/div>\n<div class=\"post-content-soft-paywall\">\n<h2 class=\"wp-block-heading\"><strong>Expanzi\u00f3s tervek<\/strong><\/h2>\n<p>Az eur\u00f3pai premierre az Egyes\u00fclt Kir\u00e1lys\u00e1gban ker\u00fcl sor, ahol a v\u00e1llalat <a href=\"https:\/\/www.communicationstoday.co.in\/lava-to-enter-uk-market-in-2026-aiming-to-build-a-global-made-in-india-smartphone-brand\">els\u0151k\u00e9nt dobja piacra<\/a> hivatalosan a term\u00e9keit. Hogy mennyire komolyan gondolj\u00e1k a dolgot, j\u00f3l jelzi, hogy nem disztrib\u00fatorokon kereszt\u00fcl kezdik meg a terjeszked\u00e9st, hanem l\u00e9trehoznak egy norm\u00e1lis, rendes k\u00e9pviseletet. Ez a megold\u00e1s l\u00e9nyegesen k\u00f6lts\u00e9gesebb, cser\u00e9be a c\u00e9g nem lesz kiszolg\u00e1ltatva a nagykeresked\u0151k szesz\u00e9lyeinek.<\/p>\n<blockquote class=\"wp-block-quote is-layout-flow wp-block-quote-is-layout-flow\">\n<p>Sokkal kisz\u00e1m\u00edthat\u00f3bb, stabilabb lehet a terjeszked\u00e9s \u00fagy, ha a dedik\u00e1lt iroda csak egyetlen m\u00e1rk\u00e1val foglalkozik, tartja a kapcsolatot a kiskereskedelmi csatorn\u00e1kkal, int\u00e9zi a kommunik\u00e1ci\u00f3t, valamint az \u00e9rt\u00e9kes\u00edt\u00e9s ut\u00e1ni (after sales) tev\u00e9kenys\u00e9get is<\/p>\n<\/blockquote>\n<p>L\u00e1ttunk m\u00e1r arra el\u00e9g <a href=\"https:\/\/www.forbes.hu\/uzlet\/infinix-magyarorszagi-terjeszkedes\/\">p\u00e9ld\u00e1t<\/a> Magyarorsz\u00e1gon is, hogy mennyire rosszul s\u00fclhet el, ha egy energi\u00e1t sz\u00e9tforg\u00e1csol\u00f3 import\u0151r-nagykeresked\u0151 nem tud kell\u0151 figyelmet ford\u00edtani egy egy\u00e9bk\u00e9nt \u00edg\u00e9retes, de \u00faj bel\u00e9p\u0151nek sz\u00e1m\u00edt\u00f3 brandre<\/p>\n<figure class=\"wp-block-image size-full\">\n<div class=\"photo-credit-wrapper\"><img decoding=\"async\" width=\"1500\" height=\"1107\" loading=\"lazy\" src=\"https:\/\/cdn.forbes.hu\/uploads\/2026\/09\/Lava-ind.jpg\" alt=\"Lava Telefon\" class=\"wp-image-798988\" \/>\n<div class=\"photo-credit\">\n            <img decoding=\"async\" loading=\"lazy\" class=\"photo-credit__icon\" src=\"https:\/\/www.forbes.hu\/wp-content\/themes\/frontend\/atoms\/photo-credit\/icon-info.svg\" alt=\"info\" \/><br \/>\n            <span class=\"photo-credit__label\">K\u00e9p: Lava<\/span>\n        <\/div>\n<\/div><figcaption class=\"wp-element-caption\">K\u00e9p: Lava<\/figcaption><\/figure>\n<p>M\u00e1r csak az\u00e9rt is \u00e9rthet\u0151 ez a d\u00f6nt\u00e9s, mert a tervek t\u00e9nyleg nagyon ambici\u00f3zusnak t\u0171nnek. Sanil Raina, a Lava International \u00fcgyvezet\u0151 igazgat\u00f3j\u00e1nak <a href=\"https:\/\/www.moneycontrol.com\/europe\/?url=https:\/\/www.moneycontrol.com\/news\/business\/companies\/lava-to-enter-uk-market-in-early-2026-aims-to-take-made-in-india-smartphones-global-13671903.html\">nyilatkozata alapj\u00e1n<\/a> az eur\u00f3pai terjeszked\u00e9s az els\u0151 l\u00e9p\u00e9se annak \u00e9rdek\u00e9ben, hogy l\u00e9trehozz\u00e1k az els\u0151 val\u00f3ban glob\u00e1lis indiai m\u00e1rk\u00e1t, amely id\u0151vel odaker\u00fclhet a vil\u00e1g \u00f6t legnagyobb okostelefon-gy\u00e1rt\u00f3ja k\u00f6z\u00e9.<\/p>\n<p>Teh\u00e1t a c\u00e9l az is, hogy mag\u00e1t az anyaorsz\u00e1got feltegy\u00e9k a t\u00e9rk\u00e9pre ebben a szektorban az Egyes\u00fclt \u00c1llamok, K\u00edna \u00e9s D\u00e9l-Korea mell\u00e9. A konszern egy\u00e9bk\u00e9nt kor\u00e1bban pr\u00f3b\u00e1lkozott m\u00e1r Afrik\u00e1ban \u00e9s Latin-Amerik\u00e1ban is, \u00e1m a vil\u00e1got nem v\u00e1ltotta meg. Legal\u00e1bbis erre utal, hogy ezekb\u0151l a r\u00e9gi\u00f3kb\u00f3l visszavonult, \u00e9s az expanzi\u00f3s er\u0151forr\u00e1sait mostant\u00f3l az \u00d6reg Kontinensre koncentr\u00e1lja.<\/p>\n<p>A tervek szerint, miut\u00e1n megvetette a l\u00e1b\u00e1t a v\u00e1llalat, onnan tov\u00e1bb terjeszkedne Eur\u00f3pa m\u00e1s orsz\u00e1gaiba. A pletyk\u00e1k alapj\u00e1n az els\u0151 k\u00f6rben \u00cdrorsz\u00e1g, Franciaorsz\u00e1g \u00e9s N\u00e9metorsz\u00e1g lehet a m\u00e1sodik l\u00e9pcs\u0151. <\/p>\n<blockquote class=\"wp-block-quote is-layout-flow wp-block-quote-is-layout-flow\">\n<p>Ezt k\u00f6vet\u0151en ker\u00fclhet sor m\u00e1s r\u00e9gi\u00f3kra, \u00edgy ak\u00e1r haz\u00e1nkra is.<\/p>\n<\/blockquote>\n<p>Els\u0151 hall\u00e1sra kicsit \u00e9rthetetlennek t\u0171nhet, hogy mi\u00e9rt az Egyes\u00fclt Kir\u00e1lys\u00e1got l\u0151tt\u00e9k be az els\u0151 \u00e1llom\u00e1snak. Hiszen a tov\u00e1bbl\u00e9p\u00e9st bonyol\u00edthatja, hogy az orsz\u00e1g m\u00e1r nem uni\u00f3s tag\u00e1llam. Azonban az is t\u00e9ny, hogy Angli\u00e1ban \u00e9s Walesben k\u00f6zel <a href=\"https:\/\/www.ethnicity-facts-figures.service.gov.uk\/uk-population-by-ethnicity\/national-and-regional-populations\/population-of-england-and-wales\/latest\/\">2 milli\u00f3 olyan ember lakik<\/a>, aki indiai etnikum\u00fanak vallotta mag\u00e1t. Ez \u00f6nmag\u00e1ban stabil alapot jelenthet egy olyan m\u00e1rka sz\u00e1m\u00e1ra, amelynek kiemelten fontos, hogy a kommunik\u00e1ci\u00f3ban megjelen\u00edtse a \u201eMade in India\u201d c\u00edmk\u00e9t. Ezt t\u00e1masztj\u00e1k al\u00e1 a m\u00e1r eml\u00edtett Raina szavai is, aki a brit terjeszked\u00e9si terveket a \u201estrat\u00e9giai \u00e9s egyben szimbolikus\u201d jelz\u0151vel illette.<\/p>\n<h2 class=\"wp-block-heading\"><strong>F\u00f3kusz az olcs\u00f3 modelleken<\/strong><\/h2>\n<p>A konszern els\u0151 k\u00f6rben az olcs\u00f3bb szegmensben \u00e9p\u00edtene er\u0151s alapokat, a m\u00e1r j\u00f3l bev\u00e1lt t\u00e1vol-keleti piacszerz\u00e9si strat\u00e9gi\u00e1t k\u00f6vetve. Konkr\u00e9tan a 230 font (~270 eur\u00f3, ~100 000 forint) alatti \u00e1rkateg\u00f3ri\u00e1t t\u00e1madja be, ahol egy\u00e9bk\u00e9nt \u00f3ri\u00e1si a verseny.<\/p>\n<figure class=\"wp-block-image size-full\">\n<div class=\"photo-credit-wrapper\"><img decoding=\"async\" width=\"1425\" height=\"726\" loading=\"lazy\" src=\"https:\/\/cdn.forbes.hu\/uploads\/2026\/09\/lava1.jpg\" alt=\"Lava telefon Agni\" class=\"wp-image-798994\" \/>\n<div class=\"photo-credit\">\n            <img decoding=\"async\" loading=\"lazy\" class=\"photo-credit__icon\" src=\"https:\/\/www.forbes.hu\/wp-content\/themes\/frontend\/atoms\/photo-credit\/icon-info.svg\" alt=\"info\" \/><br \/>\n            <span class=\"photo-credit__label\">K\u00e9p: Lava<\/span>\n        <\/div>\n<\/div><figcaption class=\"wp-element-caption\">A c\u00e9gnek vannak nagy tud\u00e1s\u00fa term\u00e9kei is, de Eur\u00f3p\u00e1ban az olcs\u00f3 modellekkel nyitna. K\u00e9p: Lava<\/figcaption><\/figure>\n<p>Miut\u00e1n itt megalapozta h\u00edrnev\u00e9t, \u00e9s stabil felhaszn\u00e1l\u00f3i b\u00e1zist hozott l\u00e9tre, l\u00e9pne tov\u00e1bb a fels\u0151bb, dr\u00e1g\u00e1bb, \u00e9rtelmezhet\u0151 hasznot hoz\u00f3 modellek ir\u00e1ny\u00e1ba. Azonban erre a v\u00e1llalatt\u00f3l sz\u00e1rmaz\u00f3 inform\u00e1ci\u00f3k alapj\u00e1n 2030 (!) el\u0151tt nem nagyon ker\u00fclne sor. Annak ellen\u00e9re, hogy hazai p\u00e1ly\u00e1n, teh\u00e1t Indi\u00e1ban a c\u00e9g k\u00edn\u00e1l kifejezetten nagy tud\u00e1s\u00fanak t\u0171n\u0151 k\u00e9sz\u00fcl\u00e9ket is.<\/p>\n<h2 class=\"wp-block-heading\"><strong>Honnan van p\u00e9nz erre?<\/strong><\/h2>\n<p>Joggal mer\u00fclhet fel mindenkiben, hogy amikor az eg\u00e9sz glob\u00e1lis telefonos ipar\u00e1g szenved, akkor egy kv\u00e1zi az ismeretlens\u00e9gb\u0151l \u00e9rkez\u0151 v\u00e1llalat vajon mi\u00e9rt is gondolja, hogy tarolhatna. T\u00e9nyleg valid a k\u00e9rd\u00e9s, a jelenlegi piaci viszonyok finoman sz\u00f3lva sem t\u00e1masztj\u00e1k al\u00e1 az ambici\u00f3zus terveket.<\/p>\n<p>Azonban a Lava jelenleg nem a \u201enorm\u00e1lis\u201d j\u00e1t\u00e9kszab\u00e1lyok szerint j\u00e1tszik, m\u00e9g akkor sem, ha pap\u00edron mag\u00e1nc\u00e9gnek t\u0171nik. Ha a <a href=\"https:\/\/hotfixapi.lavamobiles.com\/storage\/media\/file\/pdf\/download_file\/annual-report---lava-2023-24-1725626809.pdf\">tulajdonosi strukt\u00fara<\/a> m\u00f6g\u00e9 n\u00e9z\u00fcnk, akkor minden jel arra utal, hogy k\u00fcl\u00f6nf\u00e9le \u00e1tt\u00e9teles \u00fczleti mechanizmusok r\u00e9v\u00e9n a legnagyobb indiai \u00e1llami biztos\u00edt\u00f3 is r\u00e9sztulajdonosa a konszernnek. Enn\u00e9l is fontosabb tal\u00e1n, hogy a Lava beker\u00fclt az indiai \u00e1llami mobilgy\u00e1rt\u00e1st t\u00e1mogat\u00f3 <a href=\"https:\/\/www.pib.gov.in\/Pressreleaseshare.aspx?PRID=1642823&amp;lang=2&amp;reg=48&amp;utm\">PLI<\/a> \u00e9s <a href=\"https:\/\/www.pib.gov.in\/PressReleasePage.aspx?PRID=2221522&amp;lang=1&amp;reg=6&amp;utm\">ECMS 2.0<\/a> programokba, melyek keretein bel\u00fcl k\u00f6zel 10 milli\u00e1rd doll\u00e1rral tolja meg a korm\u00e1ny az ipar\u00e1gi szerepl\u0151ket.<\/p>\n<p>A programok kiemelt c\u00e9lja az volt, hogy India a j\u00f6v\u0151ben ne els\u0151sorban olcs\u00f3 \u00f6sszeszerel\u0151 \u00e1llom\u00e1sk\u00e9nt vegyen r\u00e9szt a glob\u00e1lis telefonos ipar\u00e1gban, hanem \u00f6n\u00e1ll\u00f3 szerepl\u0151k\u00e9nt is.<\/p>\n<blockquote class=\"wp-block-quote is-layout-flow wp-block-quote-is-layout-flow\">\n<p>R\u00f6viden \u00e9s vel\u0151sen: az \u00e1llam biztos\u00edtja a terjeszked\u00e9shez sz\u00fcks\u00e9ges t\u0151ke egy r\u00e9sz\u00e9t.<\/p>\n<\/blockquote>\n<h2 class=\"wp-block-heading\"><strong>Van es\u00e9ly?<\/strong><\/h2>\n<p>A c\u00e9gt\u0151l <a href=\"https:\/\/www.communicationstoday.co.in\/lava-to-enter-uk-market-in-2026-aiming-to-build-a-global-made-in-india-smartphone-brand\">sz\u00e1rmaz\u00f3 inform\u00e1ci\u00f3k<\/a> \u00e9rtelm\u00e9ben a Lava rendelkezik saj\u00e1t gy\u00e1rt\u00f3i kapacit\u00e1ssal, ami \u00e9ves szinten mintegy 42 milli\u00f3 k\u00e9sz\u00fcl\u00e9k el\u0151\u00e1ll\u00edt\u00e1s\u00e1t biztos\u00edtja. Ez els\u0151 hall\u00e1sra nem t\u0171nik rossznak, de ha azt n\u00e9zz\u00fck, hogy \u00e9vente durv\u00e1n 1,2 milli\u00e1rd darab k\u00e9sz\u00fcl\u00e9k fogy glob\u00e1lisan, nem t\u00fal nagy sz\u00e1m.<\/p>\n<figure class=\"wp-block-image size-full\">\n<div class=\"photo-credit-wrapper\"><img decoding=\"async\" width=\"1748\" height=\"871\" loading=\"lazy\" src=\"https:\/\/cdn.forbes.hu\/uploads\/2026\/09\/Lava-ny.jpg\" alt=\"Lava telefon \" class=\"wp-image-798998\" \/>\n<div class=\"photo-credit\">\n            <img decoding=\"async\" loading=\"lazy\" class=\"photo-credit__icon\" src=\"https:\/\/www.forbes.hu\/wp-content\/themes\/frontend\/atoms\/photo-credit\/icon-info.svg\" alt=\"info\" \/><br \/>\n            <span class=\"photo-credit__label\">K\u00e9p: Lava<\/span>\n        <\/div>\n<\/div><figcaption class=\"wp-element-caption\">Magyarorsz\u00e1gon sok szeretettel fogadn\u00e1k az olcs\u00f3 indiai telefonokat. K\u00e9p: Lava<\/figcaption><\/figure>\n<p>Amennyiben a v\u00e1llalat komolyan gondolja a nemzetk\u00f6zi terjeszked\u00e9st, akkor m\u00e1r a k\u00f6zelj\u00f6v\u0151ben fel kell p\u00f6rgetnie a gy\u00e1rt\u00e1st. Mindenesetre Sanil Raina szerint az a c\u00e9ljuk, hogy<\/p>\n<blockquote class=\"wp-block-quote is-layout-flow wp-block-quote-is-layout-flow\">\n<p>az olcs\u00f3bb, azaz 100 ezer forint alatti kateg\u00f3ri\u00e1ban Eur\u00f3p\u00e1ban 2030-ra el\u00e9rj\u00e9k a k\u00f6zel 10 sz\u00e1zal\u00e9kos r\u00e9szesed\u00e9st. Ami azt felt\u00e9telezi, hogy m\u00e1r a k\u00f6zelj\u00f6v\u0151ben \u00fajabb gy\u00e1rt\u00f3sorok garmad\u00e1j\u00e1t kell \u00fczembe \u00e1ll\u00edtaniuk.<\/p>\n<\/blockquote>\n<p>A Lava mer nagyot \u00e1lmodni, \u00e9s persze jelent\u0151snek t\u0171nik a d\u00f6bbenetes m\u00e9rt\u00e9k\u0171 \u00e1llami h\u00e1tsz\u00e9l is, azonban a <a href=\"https:\/\/economictimes.indiatimes.com\/industry\/cons-products\/electronics\/india-aims-homegrown-smartphone-brand-samsung-vivo-xiaomi\/articleshow\/133562129.cm\">projektnek<\/a> csak akkor lehet es\u00e9lye a sikerre, ha hossz\u00fa t\u00e1von k\u00e9pesek komoly akci\u00f3kkal megt\u00e1mogatni az \u00e9rt\u00e9kes\u00edt\u00e9st. Ha ezt siker\u00fcl tartani, akkor lehet es\u00e9ly a nemzetk\u00f6zi \u00e1tt\u00f6r\u00e9sre. Az biztos, hogy ezzel a strat\u00e9gi\u00e1val a rendk\u00edv\u00fcl \u00e1r\u00e9rz\u00e9keny piacnak sz\u00e1m\u00edt\u00f3 Magyarorsz\u00e1gon aratna a v\u00e1llalat.<\/p>\n<\/div>\n<div><\/div>\n<div class=\"premium-blocker premium-blocker--hu\" data-needed=\"authenticated\" data-current=\"[&quot;free&quot;]\">\n<div data-needed=\"authenticated\"><\/div>\n<\/div>\n<p>\t\t<!-- No email blocks found --><\/p>\n<p>The post <a href=\"https:\/\/www.forbes.hu\/uzlet\/lava-telefon-india-europa-magyarorszag\/\">Olcs\u00f3 indiai telefonok taroln\u00e1k le Magyarorsz\u00e1got is<\/a> appeared first on <a href=\"https:\/\/www.forbes.hu\/\">Forbes.hu<\/a>.<\/p><div id=\"friss-3355949089\" class=\"friss-etarget-cikk-vege friss-entity-placement\"><script type=\"text\/javascript\" id=\"etargetScript7a9b589f63cb072bef80df221f46a22b\">function etargetPostloadFunction7a9b589f63cb072bef80df221f46a22b(){var e=\"etargetPostload7a9b589f63cb072bef80df221f46a22b\",t=\"etargetScript7a9b589f63cb072bef80df221f46a22b\",o=document.getElementById(e);if(o){for(var n=o.offsetTop,d=o.offsetLeft,r=o.offsetWidth,a=o.offsetHeight;o.offsetParent;)o=o.offsetParent,n+=o.offsetTop,d+=o.offsetLeft;var i=(n<=window.pageYOffset+window.innerHeight&&d<window.pageXOffset+window.innerWidth&&n+a>window.pageYOffset&&d+r>window.pageXOffset);if(i&&etargetAllowOtherCheck){allowed=!1;var c=document.createElement(\"script\");return c.src=\"\/\/hu.search.etargetnet.com\/generic\/uni.php?g=ref:58661,area:700x210\",void(document.getElementById(t)&&document.getElementById(e)&&(document.getElementById(t).parentNode.appendChild(c),document.getElementById(t).parentNode.removeChild(document.getElementById(t)),document.getElementById(e).parentNode.removeChild(document.getElementById(e)),document.removeEventListener(\"scroll\",etargetPostloadFunction7a9b589f63cb072bef80df221f46a22b),document.removeEventListener(\"resize\",etargetPostloadFunction7a9b589f63cb072bef80df221f46a22b),document.removeEventListener(\"DOMContentLoaded\",etargetPostloadFunction7a9b589f63cb072bef80df221f46a22b)))}}}var etargetDivID=\"etargetPostload7a9b589f63cb072bef80df221f46a22b\",etargetScriptID=\"etargetScript7a9b589f63cb072bef80df221f46a22b\",etargetPostloadPoint=document.createElement(\"div\");etargetPostloadPoint.id=etargetDivID;var etargetCurScript=document.getElementById(etargetScriptID);etargetCurScript.parentNode.appendChild(etargetPostloadPoint),document.addEventListener(\"scroll\",etargetPostloadFunction7a9b589f63cb072bef80df221f46a22b),document.addEventListener(\"resize\",etargetPostloadFunction7a9b589f63cb072bef80df221f46a22b),document.addEventListener(\"DOMContentLoaded\",etargetPostloadFunction7a9b589f63cb072bef80df221f46a22b);var etargetAllowOtherCheck=!0;if(typeof(\"forceRunPostload\")==\"string\"){etargetPostloadFunction7a9b589f63cb072bef80df221f46a22b()}<\/script><\/div><div id=\"friss-974791284\" class=\"friss-after-content friss-entity-placement\"><script type=\"text\/javascript\" id=\"etargetScript7a9b589f63cb072bef80df221f46a22b\">function etargetPostloadFunction7a9b589f63cb072bef80df221f46a22b(){var e=\"etargetPostload7a9b589f63cb072bef80df221f46a22b\",t=\"etargetScript7a9b589f63cb072bef80df221f46a22b\",o=document.getElementById(e);if(o){for(var n=o.offsetTop,d=o.offsetLeft,r=o.offsetWidth,a=o.offsetHeight;o.offsetParent;)o=o.offsetParent,n+=o.offsetTop,d+=o.offsetLeft;var i=(n<=window.pageYOffset+window.innerHeight&&d<window.pageXOffset+window.innerWidth&&n+a>window.pageYOffset&&d+r>window.pageXOffset);if(i&&etargetAllowOtherCheck){allowed=!1;var c=document.createElement(\"script\");return c.src=\"\/\/hu.search.etargetnet.com\/generic\/uni.php?g=ref:58661,area:700x210\",void(document.getElementById(t)&&document.getElementById(e)&&(document.getElementById(t).parentNode.appendChild(c),document.getElementById(t).parentNode.removeChild(document.getElementById(t)),document.getElementById(e).parentNode.removeChild(document.getElementById(e)),document.removeEventListener(\"scroll\",etargetPostloadFunction7a9b589f63cb072bef80df221f46a22b),document.removeEventListener(\"resize\",etargetPostloadFunction7a9b589f63cb072bef80df221f46a22b),document.removeEventListener(\"DOMContentLoaded\",etargetPostloadFunction7a9b589f63cb072bef80df221f46a22b)))}}}var etargetDivID=\"etargetPostload7a9b589f63cb072bef80df221f46a22b\",etargetScriptID=\"etargetScript7a9b589f63cb072bef80df221f46a22b\",etargetPostloadPoint=document.createElement(\"div\");etargetPostloadPoint.id=etargetDivID;var etargetCurScript=document.getElementById(etargetScriptID);etargetCurScript.parentNode.appendChild(etargetPostloadPoint),document.addEventListener(\"scroll\",etargetPostloadFunction7a9b589f63cb072bef80df221f46a22b),document.addEventListener(\"resize\",etargetPostloadFunction7a9b589f63cb072bef80df221f46a22b),document.addEventListener(\"DOMContentLoaded\",etargetPostloadFunction7a9b589f63cb072bef80df221f46a22b);var etargetAllowOtherCheck=!0;if(typeof(\"forceRunPostload\")==\"string\"){etargetPostloadFunction7a9b589f63cb072bef80df221f46a22b()}<\/script><\/div><div id=\"friss-1496371257\" class=\"friss-after-content_2 friss-entity-placement\" style=\"clear: both;\"><div class=\"wprss_ajax\" data-id=\"rss13c9b1921e\"><img loading=\"lazy\" decoding=\"async\" src=\"https:\/\/friss-hirek.hu\/wp-content\/plugins\/wp-rss-retriever\/inc\/imgs\/ajax-loader.gif\" alt=\"Loading RSS Feed\" width=\"16\" height=\"16\"><\/div><\/div><br style=\"clear: both; display: block; float: none;\"\/><div id=\"friss-2007301470\" class=\"friss-after-content_3 friss-entity-placement\">https:\/\/www.youtube.com\/watch?v=Pdnw4KiUWp0<\/div>","protected":false},"excerpt":{"rendered":"<p>A komoly \u00e1llami h\u00e1tsz\u00e9llel megt\u00e1mogatott Lava bel\u00e9p az eur\u00f3pai piacra. A c\u00e9l az olcs\u00f3 szegmens megh\u00f3d\u00edt\u00e1sa \u2013\u00a0haz\u00e1nkban biztos lenne \u00e9rdekl\u0151d\u00e9s a koncepci\u00f3 ir\u00e1nt. R\u00e9g nem l\u00e1tott sz\u00f6rny\u0171 napokat \u00e9l \u00e1t mostan\u00e1ban az okostelefon-piac, olyan nagy szerepl\u0151ket is megz\u00fazott, mint a Xiaomi vagy a BBK Electronics. Ilyenkor \u00e1ltal\u00e1nos taktika a h\u00e1tral\u00e9p\u00e9s, a nagyobb projektek elhalaszt\u00e1sa, a [&hellip;]<\/p>\n","protected":false},"author":1,"featured_media":0,"comment_status":"open","ping_status":"open","sticky":false,"template":"","format":"standard","meta":{"footnotes":""},"categories":[7],"tags":[],"class_list":["post-171061","post","type-post","status-publish","format-standard","hentry","category-uzlet"],"amp_enabled":true,"_links":{"self":[{"href":"https:\/\/friss-hirek.hu\/index.php\/wp-json\/wp\/v2\/posts\/171061","targetHints":{"allow":["GET"]}}],"collection":[{"href":"https:\/\/friss-hirek.hu\/index.php\/wp-json\/wp\/v2\/posts"}],"about":[{"href":"https:\/\/friss-hirek.hu\/index.php\/wp-json\/wp\/v2\/types\/post"}],"author":[{"embeddable":true,"href":"https:\/\/friss-hirek.hu\/index.php\/wp-json\/wp\/v2\/users\/1"}],"replies":[{"embeddable":true,"href":"https:\/\/friss-hirek.hu\/index.php\/wp-json\/wp\/v2\/comments?post=171061"}],"version-history":[{"count":0,"href":"https:\/\/friss-hirek.hu\/index.php\/wp-json\/wp\/v2\/posts\/171061\/revisions"}],"wp:attachment":[{"href":"https:\/\/friss-hirek.hu\/index.php\/wp-json\/wp\/v2\/media?parent=171061"}],"wp:term":[{"taxonomy":"category","embeddable":true,"href":"https:\/\/friss-hirek.hu\/index.php\/wp-json\/wp\/v2\/categories?post=171061"},{"taxonomy":"post_tag","embeddable":true,"href":"https:\/\/friss-hirek.hu\/index.php\/wp-json\/wp\/v2\/tags?post=171061"}],"curies":[{"name":"wp","href":"https:\/\/api.w.org\/{rel}","templated":true}]}}