{"id":171062,"date":"2026-09-01T17:32:13","date_gmt":"2026-09-01T17:32:13","guid":{"rendered":"https:\/\/friss-hirek.hu\/index.php\/egy-eltunt-kozepkori-falu-maradvanyait-talaltak-meg-szolnoknal\/friss-hirek\/"},"modified":"2026-09-01T17:32:13","modified_gmt":"2026-09-01T17:32:13","slug":"egy-eltunt-kozepkori-falu-maradvanyait-talaltak-meg-szolnoknal","status":"publish","type":"post","link":"https:\/\/friss-hirek.hu\/index.php\/egy-eltunt-kozepkori-falu-maradvanyait-talaltak-meg-szolnoknal\/videk\/","title":{"rendered":"Egy elt\u0171nt k\u00f6z\u00e9pkori falu maradv\u00e1nyait tal\u00e1lt\u00e1k meg Szolnokn\u00e1l"},"content":{"rendered":"<p>Egy r\u00e9g elfeledett k\u00f6z\u00e9pkori telep\u00fcl\u00e9s nyomaira bukkantak Szandasz\u0151l\u0151s hat\u00e1r\u00e1ban a r\u00e9g\u00e9szek. A felt\u00e1r\u00e1s sor\u00e1n az egykori falu nyomain k\u00edv\u00fcl egy temetkez\u00e9si hely \u00e9s egy templom maradv\u00e1nyai is el\u0151ker\u00fcltek.<\/p><div id=\"friss-3815012509\" class=\"friss-etarget friss-entity-placement\"><script type=\"text\/javascript\" id=\"etargetScript7a9b589f63cb072bef80df221f46a22b\">function etargetPostloadFunction7a9b589f63cb072bef80df221f46a22b(){var e=\"etargetPostload7a9b589f63cb072bef80df221f46a22b\",t=\"etargetScript7a9b589f63cb072bef80df221f46a22b\",o=document.getElementById(e);if(o){for(var n=o.offsetTop,d=o.offsetLeft,r=o.offsetWidth,a=o.offsetHeight;o.offsetParent;)o=o.offsetParent,n+=o.offsetTop,d+=o.offsetLeft;var i=(n<=window.pageYOffset+window.innerHeight&&d<window.pageXOffset+window.innerWidth&&n+a>window.pageYOffset&&d+r>window.pageXOffset);if(i&&etargetAllowOtherCheck){allowed=!1;var c=document.createElement(\"script\");return c.src=\"\/\/hu.search.etargetnet.com\/generic\/uni.php?g=ref:58661,area:700x210\",void(document.getElementById(t)&&document.getElementById(e)&&(document.getElementById(t).parentNode.appendChild(c),document.getElementById(t).parentNode.removeChild(document.getElementById(t)),document.getElementById(e).parentNode.removeChild(document.getElementById(e)),document.removeEventListener(\"scroll\",etargetPostloadFunction7a9b589f63cb072bef80df221f46a22b),document.removeEventListener(\"resize\",etargetPostloadFunction7a9b589f63cb072bef80df221f46a22b),document.removeEventListener(\"DOMContentLoaded\",etargetPostloadFunction7a9b589f63cb072bef80df221f46a22b)))}}}var etargetDivID=\"etargetPostload7a9b589f63cb072bef80df221f46a22b\",etargetScriptID=\"etargetScript7a9b589f63cb072bef80df221f46a22b\",etargetPostloadPoint=document.createElement(\"div\");etargetPostloadPoint.id=etargetDivID;var etargetCurScript=document.getElementById(etargetScriptID);etargetCurScript.parentNode.appendChild(etargetPostloadPoint),document.addEventListener(\"scroll\",etargetPostloadFunction7a9b589f63cb072bef80df221f46a22b),document.addEventListener(\"resize\",etargetPostloadFunction7a9b589f63cb072bef80df221f46a22b),document.addEventListener(\"DOMContentLoaded\",etargetPostloadFunction7a9b589f63cb072bef80df221f46a22b);var etargetAllowOtherCheck=!0;if(typeof(\"forceRunPostload\")==\"string\"){etargetPostloadFunction7a9b589f63cb072bef80df221f46a22b()}<\/script><\/div>\n<p>A kutat\u00e1st a szolnoki Damjanich J\u00e1nos M\u00fazeum munkat\u00e1rsai v\u00e9gezt\u00e9k a Nemzeti R\u00e9g\u00e9szeti Int\u00e9zet megb\u00edz\u00e1s\u00e1b\u00f3l \u2013 <a href=\"https:\/\/www.facebook.com\/djmszolnok\/posts\/pfbid026TmkenXEX8opQubKbMwGsJBMJcU6SDm859UoZaULZWwVjRyxUazyiB9Jy5yRYyial\" target=\"_blank\" rel=\"noopener\">sz\u00e1molt be r\u00f3la<\/a> a m\u00fazeum. A ter\u00fcleten n\u00e9gy kutat\u00f3\u00e1rokban dolgoztak, a felsz\u00ednen pedig m\u00e1r kor\u00e1bban nagyobb mennyis\u00e9g\u0171 ker\u00e1miat\u00f6red\u00e9ket tal\u00e1ltak. Ezek alapj\u00e1n arra k\u00f6vetkeztetnek, hogy egy 15-16. sz\u00e1zadi telep\u00fcl\u00e9sr\u0151l van sz\u00f3.<\/p>\n<p>Az \u00e1sat\u00e1s sor\u00e1n t\u00f6bb \u00e1rok \u00e9s g\u00f6d\u00f6r ker\u00fclt el\u0151, majd nyugat-keleti t\u00e1jol\u00e1s\u00fa s\u00edrokra is r\u00e1bukkantak. A temetkez\u00e9sekb\u0151l a r\u00e9g\u00e9szek arra k\u00f6vetkeztettek, hogy a k\u00f6zelben egy templomnak is \u00e1llnia kellett.<\/p>\n<p>A korabeli okleveleket megvizsg\u00e1lva bukkantak egy Ny\u00e9nye nev\u0171 telep\u00fcl\u00e9sre, amelynek a le\u00edr\u00e1sok szerint a kutatott ter\u00fclet k\u00f6zel\u00e9ben kellett elhelyezkednie. A faluval kapcsolatos birtokjogi vit\u00e1kban szerepl\u0151 szomsz\u00e9dos telep\u00fcl\u00e9sek alapj\u00e1n a megtal\u00e1lt lel\u0151hely egy\u00e9rtelm\u0171en azonos ezzel a k\u00f6z\u00e9pkori faluval.<\/p>\n<p>A telep\u00fcl\u00e9st az \u00edrott forr\u00e1sok utolj\u00e1ra 1548-ban eml\u00edtik.<\/p>\n\n<p>Kor\u00e1bban meg\u00edrtuk, hogy <a href=\"https:\/\/sokszinuvidek.24.hu\/viragzo-videkunk\/2023\/11\/06\/miklapuszta-feltaras-regeszeti-feltaras-regeszek-kozepkori-templomrom\/\" target=\"_blank\" rel=\"noopener\">k\u00f6z\u00e9pkori templomot t\u00e1rtak fel a hartai sz\u00e1nt\u00f3f\u00f6ld\u00f6n<\/a> \u00e9s <a href=\"https:\/\/sokszinuvidek.24.hu\/mozaik\/2023\/12\/22\/ekszer-regesz-regeszet-feltaras-visegrad\/\" target=\"_blank\" rel=\"noopener\">k\u00fcl\u00f6nleges \u00e9kszert tal\u00e1ltak a visegr\u00e1di palot\u00e1n\u00e1l<\/a>.<\/p>\n<div class=\"o-post__articRecommend m-articRecommend -hasImg cf article-recommendation-container cf _ce_measure_widget\" data-ce-measure-widget=\"Cikkaj\u00e1nl\u00f3 widget\">\n<div class=\"m-articRecommend__widgetTitle\">Kapcsol\u00f3d\u00f3<\/div>\n<div class=\"m-articRecommend__imgWrap image-container\"><a href=\"https:\/\/sokszinuvidek.24.hu\/mozaik\/2024\/08\/15\/regeszet-regesz-tapolca-csontvaz\/\" target=\"_self\"><img loading=\"lazy\" decoding=\"async\" width=\"480\" height=\"270\" src=\"https:\/\/s.24.hu\/app\/uploads\/sites\/11\/2024\/08\/454315875_1006685548134354_6636446776052900773_n-e1723277885279-480x270.jpg\" class=\"img-responsive wp-post-image\" alt=\"\" \/><\/a><\/div>\n<div class=\"m-articRecommend__cntWrap content-container \">\n\t\t\t<a href=\"https:\/\/sokszinuvidek.24.hu\/mozaik\/2024\/08\/15\/regeszet-regesz-tapolca-csontvaz\/\" target=\"_self\" class=\"m-articRecommend__title ar-title\">K\u00f6z\u00e9pkori csontv\u00e1zakra bukkantak egy tapolcai \u00e9p\u00edtkez\u00e9sen<\/a>\n<div class=\"m-articRecommend__lead ar-lead\">Ez\u00fcst\u00f6z\u00f6tt p\u00e9nz\u00e9rm\u00e9ket is tal\u00e1ltak.<\/div>\n<\/div>\n<\/div>\n<p>The post <a href=\"https:\/\/sokszinuvidek.24.hu\/viragzo-videkunk\/2026\/09\/01\/kozepkori-falu-maradvanyait-talaltak-meg-szolnok-nyenye\/\" target=\"_blank\">Egy elt\u0171nt k\u00f6z\u00e9pkori falu maradv\u00e1nyait tal\u00e1lt\u00e1k meg Szolnokn\u00e1l<\/a> first appeared on <a href=\"https:\/\/sokszinuvidek.24.hu\/\" target=\"_blank\">Soksz\u00edn\u0171 vid\u00e9k<\/a>.<\/p><div id=\"friss-1664395085\" class=\"friss-etarget-cikk-vege friss-entity-placement\"><script type=\"text\/javascript\" id=\"etargetScript7a9b589f63cb072bef80df221f46a22b\">function etargetPostloadFunction7a9b589f63cb072bef80df221f46a22b(){var e=\"etargetPostload7a9b589f63cb072bef80df221f46a22b\",t=\"etargetScript7a9b589f63cb072bef80df221f46a22b\",o=document.getElementById(e);if(o){for(var n=o.offsetTop,d=o.offsetLeft,r=o.offsetWidth,a=o.offsetHeight;o.offsetParent;)o=o.offsetParent,n+=o.offsetTop,d+=o.offsetLeft;var i=(n<=window.pageYOffset+window.innerHeight&&d<window.pageXOffset+window.innerWidth&&n+a>window.pageYOffset&&d+r>window.pageXOffset);if(i&&etargetAllowOtherCheck){allowed=!1;var c=document.createElement(\"script\");return c.src=\"\/\/hu.search.etargetnet.com\/generic\/uni.php?g=ref:58661,area:700x210\",void(document.getElementById(t)&&document.getElementById(e)&&(document.getElementById(t).parentNode.appendChild(c),document.getElementById(t).parentNode.removeChild(document.getElementById(t)),document.getElementById(e).parentNode.removeChild(document.getElementById(e)),document.removeEventListener(\"scroll\",etargetPostloadFunction7a9b589f63cb072bef80df221f46a22b),document.removeEventListener(\"resize\",etargetPostloadFunction7a9b589f63cb072bef80df221f46a22b),document.removeEventListener(\"DOMContentLoaded\",etargetPostloadFunction7a9b589f63cb072bef80df221f46a22b)))}}}var etargetDivID=\"etargetPostload7a9b589f63cb072bef80df221f46a22b\",etargetScriptID=\"etargetScript7a9b589f63cb072bef80df221f46a22b\",etargetPostloadPoint=document.createElement(\"div\");etargetPostloadPoint.id=etargetDivID;var etargetCurScript=document.getElementById(etargetScriptID);etargetCurScript.parentNode.appendChild(etargetPostloadPoint),document.addEventListener(\"scroll\",etargetPostloadFunction7a9b589f63cb072bef80df221f46a22b),document.addEventListener(\"resize\",etargetPostloadFunction7a9b589f63cb072bef80df221f46a22b),document.addEventListener(\"DOMContentLoaded\",etargetPostloadFunction7a9b589f63cb072bef80df221f46a22b);var etargetAllowOtherCheck=!0;if(typeof(\"forceRunPostload\")==\"string\"){etargetPostloadFunction7a9b589f63cb072bef80df221f46a22b()}<\/script><\/div><div id=\"friss-515794263\" class=\"friss-after-content friss-entity-placement\"><script type=\"text\/javascript\" id=\"etargetScript7a9b589f63cb072bef80df221f46a22b\">function etargetPostloadFunction7a9b589f63cb072bef80df221f46a22b(){var e=\"etargetPostload7a9b589f63cb072bef80df221f46a22b\",t=\"etargetScript7a9b589f63cb072bef80df221f46a22b\",o=document.getElementById(e);if(o){for(var n=o.offsetTop,d=o.offsetLeft,r=o.offsetWidth,a=o.offsetHeight;o.offsetParent;)o=o.offsetParent,n+=o.offsetTop,d+=o.offsetLeft;var i=(n<=window.pageYOffset+window.innerHeight&&d<window.pageXOffset+window.innerWidth&&n+a>window.pageYOffset&&d+r>window.pageXOffset);if(i&&etargetAllowOtherCheck){allowed=!1;var c=document.createElement(\"script\");return c.src=\"\/\/hu.search.etargetnet.com\/generic\/uni.php?g=ref:58661,area:700x210\",void(document.getElementById(t)&&document.getElementById(e)&&(document.getElementById(t).parentNode.appendChild(c),document.getElementById(t).parentNode.removeChild(document.getElementById(t)),document.getElementById(e).parentNode.removeChild(document.getElementById(e)),document.removeEventListener(\"scroll\",etargetPostloadFunction7a9b589f63cb072bef80df221f46a22b),document.removeEventListener(\"resize\",etargetPostloadFunction7a9b589f63cb072bef80df221f46a22b),document.removeEventListener(\"DOMContentLoaded\",etargetPostloadFunction7a9b589f63cb072bef80df221f46a22b)))}}}var etargetDivID=\"etargetPostload7a9b589f63cb072bef80df221f46a22b\",etargetScriptID=\"etargetScript7a9b589f63cb072bef80df221f46a22b\",etargetPostloadPoint=document.createElement(\"div\");etargetPostloadPoint.id=etargetDivID;var etargetCurScript=document.getElementById(etargetScriptID);etargetCurScript.parentNode.appendChild(etargetPostloadPoint),document.addEventListener(\"scroll\",etargetPostloadFunction7a9b589f63cb072bef80df221f46a22b),document.addEventListener(\"resize\",etargetPostloadFunction7a9b589f63cb072bef80df221f46a22b),document.addEventListener(\"DOMContentLoaded\",etargetPostloadFunction7a9b589f63cb072bef80df221f46a22b);var etargetAllowOtherCheck=!0;if(typeof(\"forceRunPostload\")==\"string\"){etargetPostloadFunction7a9b589f63cb072bef80df221f46a22b()}<\/script><\/div><div id=\"friss-870577669\" class=\"friss-after-content_2 friss-entity-placement\" style=\"clear: both;\"><div class=\"wprss_ajax\" data-id=\"rss753f393db9\"><img loading=\"lazy\" decoding=\"async\" src=\"https:\/\/friss-hirek.hu\/wp-content\/plugins\/wp-rss-retriever\/inc\/imgs\/ajax-loader.gif\" alt=\"Loading RSS Feed\" width=\"16\" height=\"16\"><\/div><\/div><br style=\"clear: both; display: block; float: none;\"\/><div id=\"friss-2256211150\" class=\"friss-after-content_3 friss-entity-placement\">https:\/\/www.youtube.com\/watch?v=Pdnw4KiUWp0<\/div>","protected":false},"excerpt":{"rendered":"<p>Egy r\u00e9g elfeledett k\u00f6z\u00e9pkori telep\u00fcl\u00e9s nyomaira bukkantak Szandasz\u0151l\u0151s hat\u00e1r\u00e1ban a r\u00e9g\u00e9szek. A felt\u00e1r\u00e1s sor\u00e1n az egykori falu nyomain k\u00edv\u00fcl egy temetkez\u00e9si hely \u00e9s egy templom maradv\u00e1nyai is el\u0151ker\u00fcltek. A kutat\u00e1st a szolnoki Damjanich J\u00e1nos M\u00fazeum munkat\u00e1rsai v\u00e9gezt\u00e9k a Nemzeti R\u00e9g\u00e9szeti Int\u00e9zet megb\u00edz\u00e1s\u00e1b\u00f3l \u2013 sz\u00e1molt be r\u00f3la a m\u00fazeum. A ter\u00fcleten n\u00e9gy kutat\u00f3\u00e1rokban dolgoztak, a felsz\u00ednen [&hellip;]<\/p>\n","protected":false},"author":1,"featured_media":0,"comment_status":"open","ping_status":"open","sticky":false,"template":"","format":"standard","meta":{"footnotes":""},"categories":[6],"tags":[],"class_list":["post-171062","post","type-post","status-publish","format-standard","hentry","category-videk"],"amp_enabled":true,"_links":{"self":[{"href":"https:\/\/friss-hirek.hu\/index.php\/wp-json\/wp\/v2\/posts\/171062","targetHints":{"allow":["GET"]}}],"collection":[{"href":"https:\/\/friss-hirek.hu\/index.php\/wp-json\/wp\/v2\/posts"}],"about":[{"href":"https:\/\/friss-hirek.hu\/index.php\/wp-json\/wp\/v2\/types\/post"}],"author":[{"embeddable":true,"href":"https:\/\/friss-hirek.hu\/index.php\/wp-json\/wp\/v2\/users\/1"}],"replies":[{"embeddable":true,"href":"https:\/\/friss-hirek.hu\/index.php\/wp-json\/wp\/v2\/comments?post=171062"}],"version-history":[{"count":0,"href":"https:\/\/friss-hirek.hu\/index.php\/wp-json\/wp\/v2\/posts\/171062\/revisions"}],"wp:attachment":[{"href":"https:\/\/friss-hirek.hu\/index.php\/wp-json\/wp\/v2\/media?parent=171062"}],"wp:term":[{"taxonomy":"category","embeddable":true,"href":"https:\/\/friss-hirek.hu\/index.php\/wp-json\/wp\/v2\/categories?post=171062"},{"taxonomy":"post_tag","embeddable":true,"href":"https:\/\/friss-hirek.hu\/index.php\/wp-json\/wp\/v2\/tags?post=171062"}],"curies":[{"name":"wp","href":"https:\/\/api.w.org\/{rel}","templated":true}]}}