{"id":171066,"date":"2026-09-02T03:37:05","date_gmt":"2026-09-02T03:37:05","guid":{"rendered":"https:\/\/friss-hirek.hu\/index.php\/erdo-novekszik-a-kiszaradt-tengelici-to-helyen\/friss-hirek\/"},"modified":"2026-09-02T03:37:05","modified_gmt":"2026-09-02T03:37:05","slug":"erdo-novekszik-a-kiszaradt-tengelici-to-helyen","status":"publish","type":"post","link":"https:\/\/friss-hirek.hu\/index.php\/erdo-novekszik-a-kiszaradt-tengelici-to-helyen\/videk\/","title":{"rendered":"Erd\u0151 n\u00f6vekszik a kisz\u00e1radt tengelici t\u00f3 hely\u00e9n"},"content":{"rendered":"<p>Egy \u00e9vtized alatt szinte hihetetlen \u00e1talakul\u00e1son ment kereszt\u00fcl az egykor v\u00edzzel bor\u00edtott ter\u00fclet. A tengelici t\u00f3 teljesen kisz\u00e1radt, medr\u00e9ben ma m\u00e1r fiatal erd\u0151 n\u00f6vekszik, \u00edrta a <a href=\"https:\/\/www.teol.hu\/helyi-idojaras\/2026\/08\/tengelici-to-kiszaradt-bogarzo-to-eri-patak\" target=\"_blank\" rel=\"noopener\">teol.hu<\/a>.<\/p><div id=\"friss-2748317656\" class=\"friss-etarget friss-entity-placement\"><script type=\"text\/javascript\" id=\"etargetScript7a9b589f63cb072bef80df221f46a22b\">function etargetPostloadFunction7a9b589f63cb072bef80df221f46a22b(){var e=\"etargetPostload7a9b589f63cb072bef80df221f46a22b\",t=\"etargetScript7a9b589f63cb072bef80df221f46a22b\",o=document.getElementById(e);if(o){for(var n=o.offsetTop,d=o.offsetLeft,r=o.offsetWidth,a=o.offsetHeight;o.offsetParent;)o=o.offsetParent,n+=o.offsetTop,d+=o.offsetLeft;var i=(n<=window.pageYOffset+window.innerHeight&&d<window.pageXOffset+window.innerWidth&&n+a>window.pageYOffset&&d+r>window.pageXOffset);if(i&&etargetAllowOtherCheck){allowed=!1;var c=document.createElement(\"script\");return c.src=\"\/\/hu.search.etargetnet.com\/generic\/uni.php?g=ref:58661,area:700x210\",void(document.getElementById(t)&&document.getElementById(e)&&(document.getElementById(t).parentNode.appendChild(c),document.getElementById(t).parentNode.removeChild(document.getElementById(t)),document.getElementById(e).parentNode.removeChild(document.getElementById(e)),document.removeEventListener(\"scroll\",etargetPostloadFunction7a9b589f63cb072bef80df221f46a22b),document.removeEventListener(\"resize\",etargetPostloadFunction7a9b589f63cb072bef80df221f46a22b),document.removeEventListener(\"DOMContentLoaded\",etargetPostloadFunction7a9b589f63cb072bef80df221f46a22b)))}}}var etargetDivID=\"etargetPostload7a9b589f63cb072bef80df221f46a22b\",etargetScriptID=\"etargetScript7a9b589f63cb072bef80df221f46a22b\",etargetPostloadPoint=document.createElement(\"div\");etargetPostloadPoint.id=etargetDivID;var etargetCurScript=document.getElementById(etargetScriptID);etargetCurScript.parentNode.appendChild(etargetPostloadPoint),document.addEventListener(\"scroll\",etargetPostloadFunction7a9b589f63cb072bef80df221f46a22b),document.addEventListener(\"resize\",etargetPostloadFunction7a9b589f63cb072bef80df221f46a22b),document.addEventListener(\"DOMContentLoaded\",etargetPostloadFunction7a9b589f63cb072bef80df221f46a22b);var etargetAllowOtherCheck=!0;if(typeof(\"forceRunPostload\")==\"string\"){etargetPostloadFunction7a9b589f63cb072bef80df221f46a22b()}<\/script><\/div>\n<p>A tengelici t\u00f3 pusztul\u00e1s\u00e1t kor\u00e1bban k\u00e9sz\u00fclt felv\u00e9teleken mutatta be a <a href=\"https:\/\/www.facebook.com\/GyulajZrt.GyulajHuntingHungary\/posts\/pfbid037Y2CpKTi6rm3TRFmjv2H8VjDMBzSuobxt4szskSrrJFFBhYZcZjPX9fDXYnEkPJ1l\" target=\"_blank\" rel=\"noopener\">Gyulaj Erd\u00e9szeti \u00e9s Vad\u00e1szati \u200b\u200bZrt.<\/a> A t\u00e1rsas\u00e1g \u00e1ltal a napokban ism\u00e9t megosztott k\u00e9pek 2014 augusztus\u00e1ban, 2020 okt\u00f3ber\u00e9ben \u00e9s 2024 m\u00e1jus\u00e1ban k\u00e9sz\u00fcltek. A fot\u00f3sorozaton j\u00f3l l\u00e1that\u00f3, hogyan h\u00faz\u00f3dott vissza a v\u00edz, m\u00edg v\u00e9g\u00fcl teljesen elt\u0171nt.<\/p>\n<p><a class=\"m-nextGallery _ce_measure_widget _ce_measure_link\" href=\"https:\/\/sokszinuvidek.24.hu\/viragzo-videkunk\/2026\/09\/02\/erdo-novekszik-a-kiszaradt-tengelici-to-helyen\/?gallery=1\/1\/tengelic2014.jpg\" data-ce-measure-widget=\"gallery-open\"><\/a><\/p>\n<div class=\"m-nextGallery__featureImageCnt\">\n\t\t<img loading=\"lazy\" decoding=\"async\" width=\"1365\" height=\"2048\" src=\"https:\/\/s.24.hu\/app\/uploads\/sites\/11\/2026\/08\/tengelic2014.jpg\" class=\"m-nextGallery__featureImage wp-image-379383\" alt=\"\" \/>\t<\/div>\n<div class=\"m-nextGallery__thumbnailCnt\">\n<div class=\"m-nextGallery__thumbnail\">\n<div class=\"m-nextGallery__thumbnailAspectRatio\"><img loading=\"lazy\" decoding=\"async\" width=\"1365\" height=\"2048\" src=\"https:\/\/s.24.hu\/app\/uploads\/sites\/11\/2026\/08\/tengelic2020.jpg\" class=\"m-nextGallery__thumbnailImage wp-image-379382\" alt=\"\" \/><\/div>\n<\/div>\n<div class=\"m-nextGallery__thumbnail -last\">\n<div class=\"m-nextGallery__thumbnailAspectRatio\"><img loading=\"lazy\" decoding=\"async\" width=\"1365\" height=\"2048\" src=\"https:\/\/s.24.hu\/app\/uploads\/sites\/11\/2026\/08\/tengelic2024.jpg\" class=\"m-nextGallery__thumbnailImage wp-image-379381\" alt=\"\" \/><\/div>\n<div class=\"m-nextGallery__summary\">\n\t\t\t\t<span class=\"m-nextGallery__summaryIcon\">\n<p>\t\t\t\t<\/p><\/span><br \/>\n\t\t\t\t<span class=\"m-nextGallery__summaryText\"><b>3<\/b> fot\u00f3<\/span>\n\t\t\t<\/div>\n<\/div>\n<\/div>\n<p><\/p>\n<p>A helyben Benyovszky-t\u00f3k\u00e9nt is ismert \u00e1ll\u00f3v\u00edz f\u0151 ut\u00e1np\u00f3tl\u00e1s\u00e1t az \u00c9ri-patak, valamint annak v\u00edzgy\u0171jt\u0151j\u00e9re hull\u00f3 csapad\u00e9k biztos\u00edtotta. A v\u00edz a szomsz\u00e9dos Bog\u00e1rz\u00f3-t\u00f3 viz\u00e9n kereszt\u00fcl \u00e9rkezett a mederbe. A k\u00e9t t\u00f3 k\u00f6z\u00f6tti \u00e1tk\u00f6t\u0151 csatorn\u00e1t 1978-ban rendezt\u00e9k, hogy a befoly\u00f3 vizet szab\u00e1lyozni lehessen. A Benyovszky-t\u00f3 k\u00e9s\u0151bbi form\u00e1j\u00e1t 1982-ben alak\u00edtott\u00e1k ki.<\/p>\n<blockquote class=\"_ce_measure_widget\" data-ce-measure-widget=\"Id\u00e9zet\">\n<p>A t\u00f3 m\u00e1r t\u00edz-tizen\u00f6t \u00e9ve nem tud teljesen felt\u00f6lt\u0151dni. Kor\u00e1bban a magasabban fekv\u0151 ter\u00fcletekr\u0151l \u00e9rkez\u0151 v\u00edz t\u00e1pl\u00e1lta, ez az ut\u00e1np\u00f3tl\u00e1s azonban megsz\u0171nt, a v\u00edz \u00fatja pedig teljesen kisz\u00e1radt. A medret ma m\u00e1r s\u0171r\u0171 n\u00f6v\u00e9nyzet \u00e9s fiatal f\u00e1k bor\u00edtj\u00e1k<\/p>\n<\/blockquote>\n<p>\u2013 mondta a port\u00e1lnak Mal\u00e1ti Istv\u00e1n, a helyi horg\u00e1szegyes\u00fclet eln\u00f6ke, aki a ter\u00fcletet \u201erudas erd\u0151nek\u201d nevezte, ami nem n\u00e9v, hanem a fiatal fa\u00e1llom\u00e1ny fejletts\u00e9gi \u00e1llapot\u00e1ra utal.<\/p>\n<p>A t\u00f3 nem azonos a Homol\u00f3gia Kft. \u00dczemi Horg\u00e1sz Egyes\u00fclet \u00e1ltal kezelt tengelici Park-t\u00f3val. Abban tov\u00e1bbra is van v\u00edz, b\u00e1r ott is komoly gondot okoz az alacsony v\u00edzszint.<\/p>\n<p>Az <a href=\"https:\/\/sokszinuvidek.24.hu\/viragzo-videkunk\/2026\/08\/29\/tisza-to-aszaly-vizhiany\/\" target=\"_blank\" rel=\"noopener\">asz\u00e1ly miatt s\u00e9t\u00e1lni is lehet<\/a> a Tisza-t\u00f3 medr\u00e9ben, a <a href=\"https:\/\/sokszinuvidek.24.hu\/viragzo-videkunk\/2026\/08\/19\/aszaly-drama-a-bukkben-kiszaradt-a-tarna-patak\/\" target=\"_blank\" rel=\"noopener\">Tarna patak pedig teljesen kisz\u00e1radt<\/a>, n\u00e9h\u00e1ny pocsoly\u00e1n osztozik az \u00e9l\u0151vil\u00e1g. A nagy sz\u00e1razs\u00e1gban <a href=\"https:\/\/sokszinuvidek.24.hu\/viragzo-videkunk\/2026\/08\/18\/duna-aszaly-vizhiany-dunakanyar\/\">titokzatos z\u00e1tonyok \u00e9s szigetek bukkantak el\u0151<\/a> a Dunakanyarban.<\/p>\n<div class=\"o-post__articRecommend m-articRecommend -hasImg cf article-recommendation-container cf _ce_measure_widget\" data-ce-measure-widget=\"Cikkaj\u00e1nl\u00f3 widget\">\n<div class=\"m-articRecommend__widgetTitle\">Kapcsol\u00f3d\u00f3<\/div>\n<div class=\"m-articRecommend__imgWrap image-container\"><a href=\"https:\/\/sokszinuvidek.24.hu\/viragzo-videkunk\/2026\/08\/31\/aszaly-vizhiany-dobozi-to-fotok\/\" target=\"_self\"><img decoding=\"async\" loading=\"lazy\" width=\"480\" height=\"270\" src=\"https:\/\/s.24.hu\/app\/uploads\/sites\/11\/2026\/08\/2-1-480x270.jpg\" class=\"img-responsive wp-post-image\" alt=\"\" \/><\/a><\/div>\n<div class=\"m-articRecommend__cntWrap content-container \">\n\t\t\t<a href=\"https:\/\/sokszinuvidek.24.hu\/viragzo-videkunk\/2026\/08\/31\/aszaly-vizhiany-dobozi-to-fotok\/\" target=\"_self\" class=\"m-articRecommend__title ar-title\">Tusk\u00f3k vir\u00edtanak az egykori dobozi halast\u00f3 kisz\u00e1radt medr\u00e9ben<\/a>\n<div class=\"m-articRecommend__lead ar-lead\">Valamikor a hely kedvelt horg\u00e1szt\u00f3 volt, most csak a st\u00e9gek \u00e9s egy kis h\u00e1zik\u00f3 \u00e1rulkodik arr\u00f3l, hogy itt horg\u00e1szni lehetett.<\/div>\n<\/div>\n<\/div>\n<p>The post <a href=\"https:\/\/sokszinuvidek.24.hu\/viragzo-videkunk\/2026\/09\/02\/erdo-novekszik-a-kiszaradt-tengelici-to-helyen\/\" target=\"_blank\">Erd\u0151 n\u00f6vekszik a kisz\u00e1radt tengelici t\u00f3 hely\u00e9n<\/a> first appeared on <a href=\"https:\/\/sokszinuvidek.24.hu\/\" target=\"_blank\">Soksz\u00edn\u0171 vid\u00e9k<\/a>.<\/p><div id=\"friss-2275673548\" class=\"friss-etarget-cikk-vege friss-entity-placement\"><script type=\"text\/javascript\" id=\"etargetScript7a9b589f63cb072bef80df221f46a22b\">function etargetPostloadFunction7a9b589f63cb072bef80df221f46a22b(){var e=\"etargetPostload7a9b589f63cb072bef80df221f46a22b\",t=\"etargetScript7a9b589f63cb072bef80df221f46a22b\",o=document.getElementById(e);if(o){for(var n=o.offsetTop,d=o.offsetLeft,r=o.offsetWidth,a=o.offsetHeight;o.offsetParent;)o=o.offsetParent,n+=o.offsetTop,d+=o.offsetLeft;var i=(n<=window.pageYOffset+window.innerHeight&&d<window.pageXOffset+window.innerWidth&&n+a>window.pageYOffset&&d+r>window.pageXOffset);if(i&&etargetAllowOtherCheck){allowed=!1;var c=document.createElement(\"script\");return c.src=\"\/\/hu.search.etargetnet.com\/generic\/uni.php?g=ref:58661,area:700x210\",void(document.getElementById(t)&&document.getElementById(e)&&(document.getElementById(t).parentNode.appendChild(c),document.getElementById(t).parentNode.removeChild(document.getElementById(t)),document.getElementById(e).parentNode.removeChild(document.getElementById(e)),document.removeEventListener(\"scroll\",etargetPostloadFunction7a9b589f63cb072bef80df221f46a22b),document.removeEventListener(\"resize\",etargetPostloadFunction7a9b589f63cb072bef80df221f46a22b),document.removeEventListener(\"DOMContentLoaded\",etargetPostloadFunction7a9b589f63cb072bef80df221f46a22b)))}}}var etargetDivID=\"etargetPostload7a9b589f63cb072bef80df221f46a22b\",etargetScriptID=\"etargetScript7a9b589f63cb072bef80df221f46a22b\",etargetPostloadPoint=document.createElement(\"div\");etargetPostloadPoint.id=etargetDivID;var etargetCurScript=document.getElementById(etargetScriptID);etargetCurScript.parentNode.appendChild(etargetPostloadPoint),document.addEventListener(\"scroll\",etargetPostloadFunction7a9b589f63cb072bef80df221f46a22b),document.addEventListener(\"resize\",etargetPostloadFunction7a9b589f63cb072bef80df221f46a22b),document.addEventListener(\"DOMContentLoaded\",etargetPostloadFunction7a9b589f63cb072bef80df221f46a22b);var etargetAllowOtherCheck=!0;if(typeof(\"forceRunPostload\")==\"string\"){etargetPostloadFunction7a9b589f63cb072bef80df221f46a22b()}<\/script><\/div><div id=\"friss-4055132970\" class=\"friss-after-content friss-entity-placement\"><script type=\"text\/javascript\" id=\"etargetScript7a9b589f63cb072bef80df221f46a22b\">function etargetPostloadFunction7a9b589f63cb072bef80df221f46a22b(){var e=\"etargetPostload7a9b589f63cb072bef80df221f46a22b\",t=\"etargetScript7a9b589f63cb072bef80df221f46a22b\",o=document.getElementById(e);if(o){for(var n=o.offsetTop,d=o.offsetLeft,r=o.offsetWidth,a=o.offsetHeight;o.offsetParent;)o=o.offsetParent,n+=o.offsetTop,d+=o.offsetLeft;var i=(n<=window.pageYOffset+window.innerHeight&&d<window.pageXOffset+window.innerWidth&&n+a>window.pageYOffset&&d+r>window.pageXOffset);if(i&&etargetAllowOtherCheck){allowed=!1;var c=document.createElement(\"script\");return c.src=\"\/\/hu.search.etargetnet.com\/generic\/uni.php?g=ref:58661,area:700x210\",void(document.getElementById(t)&&document.getElementById(e)&&(document.getElementById(t).parentNode.appendChild(c),document.getElementById(t).parentNode.removeChild(document.getElementById(t)),document.getElementById(e).parentNode.removeChild(document.getElementById(e)),document.removeEventListener(\"scroll\",etargetPostloadFunction7a9b589f63cb072bef80df221f46a22b),document.removeEventListener(\"resize\",etargetPostloadFunction7a9b589f63cb072bef80df221f46a22b),document.removeEventListener(\"DOMContentLoaded\",etargetPostloadFunction7a9b589f63cb072bef80df221f46a22b)))}}}var etargetDivID=\"etargetPostload7a9b589f63cb072bef80df221f46a22b\",etargetScriptID=\"etargetScript7a9b589f63cb072bef80df221f46a22b\",etargetPostloadPoint=document.createElement(\"div\");etargetPostloadPoint.id=etargetDivID;var etargetCurScript=document.getElementById(etargetScriptID);etargetCurScript.parentNode.appendChild(etargetPostloadPoint),document.addEventListener(\"scroll\",etargetPostloadFunction7a9b589f63cb072bef80df221f46a22b),document.addEventListener(\"resize\",etargetPostloadFunction7a9b589f63cb072bef80df221f46a22b),document.addEventListener(\"DOMContentLoaded\",etargetPostloadFunction7a9b589f63cb072bef80df221f46a22b);var etargetAllowOtherCheck=!0;if(typeof(\"forceRunPostload\")==\"string\"){etargetPostloadFunction7a9b589f63cb072bef80df221f46a22b()}<\/script><\/div><div id=\"friss-2379460104\" class=\"friss-after-content_2 friss-entity-placement\" style=\"clear: both;\"><div class=\"wprss_ajax\" data-id=\"rss1853581d79\"><img loading=\"lazy\" decoding=\"async\" src=\"https:\/\/friss-hirek.hu\/wp-content\/plugins\/wp-rss-retriever\/inc\/imgs\/ajax-loader.gif\" alt=\"Loading RSS Feed\" width=\"16\" height=\"16\"><\/div><\/div><br style=\"clear: both; display: block; float: none;\"\/><div id=\"friss-2449820040\" class=\"friss-after-content_3 friss-entity-placement\">https:\/\/www.youtube.com\/watch?v=Pdnw4KiUWp0<\/div>","protected":false},"excerpt":{"rendered":"<p>Egy \u00e9vtized alatt szinte hihetetlen \u00e1talakul\u00e1son ment kereszt\u00fcl az egykor v\u00edzzel bor\u00edtott ter\u00fclet. A tengelici t\u00f3 teljesen kisz\u00e1radt, medr\u00e9ben ma m\u00e1r fiatal erd\u0151 n\u00f6vekszik, \u00edrta a teol.hu. A tengelici t\u00f3 pusztul\u00e1s\u00e1t kor\u00e1bban k\u00e9sz\u00fclt felv\u00e9teleken mutatta be a Gyulaj Erd\u00e9szeti \u00e9s Vad\u00e1szati \u200b\u200bZrt. A t\u00e1rsas\u00e1g \u00e1ltal a napokban ism\u00e9t megosztott k\u00e9pek 2014 augusztus\u00e1ban, 2020 okt\u00f3ber\u00e9ben \u00e9s [&hellip;]<\/p>\n","protected":false},"author":1,"featured_media":0,"comment_status":"open","ping_status":"open","sticky":false,"template":"","format":"standard","meta":{"footnotes":""},"categories":[6],"tags":[],"class_list":["post-171066","post","type-post","status-publish","format-standard","hentry","category-videk"],"amp_enabled":true,"_links":{"self":[{"href":"https:\/\/friss-hirek.hu\/index.php\/wp-json\/wp\/v2\/posts\/171066","targetHints":{"allow":["GET"]}}],"collection":[{"href":"https:\/\/friss-hirek.hu\/index.php\/wp-json\/wp\/v2\/posts"}],"about":[{"href":"https:\/\/friss-hirek.hu\/index.php\/wp-json\/wp\/v2\/types\/post"}],"author":[{"embeddable":true,"href":"https:\/\/friss-hirek.hu\/index.php\/wp-json\/wp\/v2\/users\/1"}],"replies":[{"embeddable":true,"href":"https:\/\/friss-hirek.hu\/index.php\/wp-json\/wp\/v2\/comments?post=171066"}],"version-history":[{"count":0,"href":"https:\/\/friss-hirek.hu\/index.php\/wp-json\/wp\/v2\/posts\/171066\/revisions"}],"wp:attachment":[{"href":"https:\/\/friss-hirek.hu\/index.php\/wp-json\/wp\/v2\/media?parent=171066"}],"wp:term":[{"taxonomy":"category","embeddable":true,"href":"https:\/\/friss-hirek.hu\/index.php\/wp-json\/wp\/v2\/categories?post=171066"},{"taxonomy":"post_tag","embeddable":true,"href":"https:\/\/friss-hirek.hu\/index.php\/wp-json\/wp\/v2\/tags?post=171066"}],"curies":[{"name":"wp","href":"https:\/\/api.w.org\/{rel}","templated":true}]}}