{"id":171069,"date":"2026-09-02T05:39:05","date_gmt":"2026-09-02T05:39:05","guid":{"rendered":"https:\/\/friss-hirek.hu\/index.php\/itt-az-uj-forbes-lista-kozel-otbillio-forintot-er-a-top-40-csaladi-ceg-tobb-mint-a-negyedet-egyetlen-szereplo-hozta-ossze\/friss-hirek\/"},"modified":"2026-09-02T05:39:05","modified_gmt":"2026-09-02T05:39:05","slug":"itt-az-uj-forbes-lista-kozel-otbillio-forintot-er-a-top-40-csaladi-ceg-tobb-mint-a-negyedet-egyetlen-szereplo-hozta-ossze","status":"publish","type":"post","link":"https:\/\/friss-hirek.hu\/index.php\/itt-az-uj-forbes-lista-kozel-otbillio-forintot-er-a-top-40-csaladi-ceg-tobb-mint-a-negyedet-egyetlen-szereplo-hozta-ossze\/uzlet\/","title":{"rendered":"Itt az \u00faj Forbes-lista: k\u00f6zel \u00f6tbilli\u00f3 forintot \u00e9r a top 40 csal\u00e1di c\u00e9g, t\u00f6bb mint a negyed\u00e9t egyetlen szerepl\u0151 hozta \u00f6ssze"},"content":{"rendered":"<p><strong>Nemcsak a korm\u00e1ny \u00faj a Forbes idei csal\u00e1di list\u00e1j\u00e1nak megjelen\u00e9sekor, de a szerepl\u0151k sz\u00e1ma is v\u00e1ltozott: el\u0151sz\u00f6r b\u0151v\u00edtett\u00fck a leg\u00e9rt\u00e9kesebb magyar csal\u00e1di v\u00e1llalkoz\u00e1sokat felsorakoztat\u00f3 rangsorunkat. \u00cdgy alakult \u00e1t a dobog\u00f3.<\/strong><\/p><div id=\"friss-1501748609\" class=\"friss-etarget friss-entity-placement\"><script type=\"text\/javascript\" id=\"etargetScript7a9b589f63cb072bef80df221f46a22b\">function etargetPostloadFunction7a9b589f63cb072bef80df221f46a22b(){var e=\"etargetPostload7a9b589f63cb072bef80df221f46a22b\",t=\"etargetScript7a9b589f63cb072bef80df221f46a22b\",o=document.getElementById(e);if(o){for(var n=o.offsetTop,d=o.offsetLeft,r=o.offsetWidth,a=o.offsetHeight;o.offsetParent;)o=o.offsetParent,n+=o.offsetTop,d+=o.offsetLeft;var i=(n<=window.pageYOffset+window.innerHeight&&d<window.pageXOffset+window.innerWidth&&n+a>window.pageYOffset&&d+r>window.pageXOffset);if(i&&etargetAllowOtherCheck){allowed=!1;var c=document.createElement(\"script\");return c.src=\"\/\/hu.search.etargetnet.com\/generic\/uni.php?g=ref:58661,area:700x210\",void(document.getElementById(t)&&document.getElementById(e)&&(document.getElementById(t).parentNode.appendChild(c),document.getElementById(t).parentNode.removeChild(document.getElementById(t)),document.getElementById(e).parentNode.removeChild(document.getElementById(e)),document.removeEventListener(\"scroll\",etargetPostloadFunction7a9b589f63cb072bef80df221f46a22b),document.removeEventListener(\"resize\",etargetPostloadFunction7a9b589f63cb072bef80df221f46a22b),document.removeEventListener(\"DOMContentLoaded\",etargetPostloadFunction7a9b589f63cb072bef80df221f46a22b)))}}}var etargetDivID=\"etargetPostload7a9b589f63cb072bef80df221f46a22b\",etargetScriptID=\"etargetScript7a9b589f63cb072bef80df221f46a22b\",etargetPostloadPoint=document.createElement(\"div\");etargetPostloadPoint.id=etargetDivID;var etargetCurScript=document.getElementById(etargetScriptID);etargetCurScript.parentNode.appendChild(etargetPostloadPoint),document.addEventListener(\"scroll\",etargetPostloadFunction7a9b589f63cb072bef80df221f46a22b),document.addEventListener(\"resize\",etargetPostloadFunction7a9b589f63cb072bef80df221f46a22b),document.addEventListener(\"DOMContentLoaded\",etargetPostloadFunction7a9b589f63cb072bef80df221f46a22b);var etargetAllowOtherCheck=!0;if(typeof(\"forceRunPostload\")==\"string\"){etargetPostloadFunction7a9b589f63cb072bef80df221f46a22b()}<\/script><\/div>\n<p><em>Vezet\u0151 szerkeszt\u0151: G\u00f3lya \u00c1gi. Szakmai vezet\u0151: Golovics Mil\u00e1n. Sz\u00e1molta: Golovics Mil\u00e1n, Heged\u00fcs T\u00edmea, J\u00f3svai \u00c1d\u00e1m, Maurer Krist\u00f3f, Tornyos Kata<\/em><\/p>\n<hr class=\"wp-block-separator has-alpha-channel-opacity\" \/>\n<p class=\"has-drop-cap\">A Nemzeti Vagyonvisszaszerz\u00e9si \u00e9s Vagyonv\u00e9delmi Hivatal (NVVH) <a href=\"https:\/\/www.forbes.hu\/uzlet\/unger-anna-elarulta-mikor-indulhat-az-elso-nyomozas-az-nvvh-ban\/\">elindul\u00e1sa<\/a>, az \u00e1llami szerz\u0151d\u00e9sek fel\u00fclvizsg\u00e1lata \u00e9s a befektet\u0151i hangulat v\u00e1ltoz\u00e1sa is bor\u00edt\u00e9kolja, hogy id\u00e9n utolj\u00e1ra mutatja \u00e9vek \u00f3ta megszokott k\u00e9p\u00e9t ez a t\u00f6bbgener\u00e1ci\u00f3s \u00f6ssze\u00e1ll\u00edt\u00e1s.<\/p>\n<p>A m\u00e9g v\u00e1ltozatlan \u00e9lvonal \u00e9s n\u00e9h\u00e1ny felt\u00f6rekv\u0151 ellen\u00e9re az idei list\u00e1t ink\u00e1bb a cs\u00f6kken\u0151 c\u00e9g\u00e9rt\u00e9kek jellemzik. Az export\u00ader\u0151s v\u00e1llalatok az \u00e1rfolyamhat\u00e1ssal k\u00fczdenek, az \u00e9lelmiszeripari c\u00e9gek az \u00e1lland\u00f3an n\u00f6vekv\u0151 k\u00f6lts\u00e9gekkel, egyes \u00e9p\u00edt\u0151iparosok pedig a rendszerv\u00e1lt\u00e1ssal.<\/p>\n<p>Tizen\u00f6t \u00faj v\u00e1llalat viszont el\u0151sz\u00f6r mutatkozik be negyven elem\u0171re b\u0151v\u00edtett csal\u00e1di list\u00e1nkon, k\u00f6zt\u00fck nemzetk\u00f6zi innov\u00e1torok, sz\u00e1z\u00e9ves dinaszti\u00e1k \u00e9s szuperlok\u00e1lis technol\u00f3gusok.<\/p>\n<blockquote class=\"wp-block-quote is-layout-flow wp-block-quote-is-layout-flow\">\n<p>A negyven c\u00e9g \u00f6sszvagyona 4710 milli\u00e1rd forintra r\u00fag, ennek t\u00f6bb mint negyed\u00e9t egyetlen szerepl\u0151 hozta \u00f6ssze.<\/p>\n<\/blockquote>\n<p>\u00d6sszehasonl\u00edt\u00e1sk\u00e9pp: a 2025-\u00f6s magyar GDP 86 893 milli\u00e1rd forint volt , \u00edgy a 4710 milli\u00e1rd ennek k\u00f6r\u00fclbel\u00fcl 5,4 sz\u00e1zal\u00e9ka. Enn\u00e9l is l\u00e1tv\u00e1nyosabb, hogy a list\u00e1n szerepl\u0151k c\u00e9g\u00e9rt\u00e9ke majdnem fedezn\u00e9 a korm\u00e1ny teljes, 2026-ra tervezett gazdas\u00e1gfejleszt\u00e9si kiad\u00e1s\u00e1t, 5050 milli\u00e1rd forintot.<\/p>\n<p>A nagy sz\u00e1mok ellen\u00e9re: mi\u00e9rt cs\u00f6kkent 12 sz\u00e1zal\u00e9kkal az els\u0151 helyezett c\u00e9g\u00e9rt\u00e9ke? Kik a legnagyobb nyertesek? Milyen \u00e9vet z\u00e1rt a NER holdudvara? Ideje ler\u00e1ntani a leplet a 40-es list\u00e1r\u00f3l \u00e9s annak 15 \u00faj szerepl\u0151j\u00e9r\u0151l!<\/p>\n<div class=\"highlighted-text\">\n<p>\t\t<span class=\"highlighted-text__title minititle\">Mir\u0151l sz\u00f3l m\u00e9g a cikk?<\/span><\/p>\n<div class=\"highlighted-text__content\">\n<ul>\n<li>A teljes, negyven szerepl\u0151s rangsor<\/li>\n<li>Bemutatjuk az \u00e9v legnagyobb v\u00e1ltoz\u00e1sait<\/li>\n<li>\u00cdgy k\u00e9sz\u00fclt az idei lista<\/li>\n<\/ul><\/div>\n<\/div>\n<div class=\"post-content-soft-paywall\">\n<p><strong><a href=\"http:\/\/forbes.hu\/lista-csaladi-vallalkozasok-2026\">&gt;&gt; KATTINTS IDE A TELJES, NEGYVEN SZEREPL\u0150S RANGSOR\u00c9RT!<\/a><\/strong><\/p>\n<h2 class=\"wp-block-heading\">A legnagyobb v\u00e1ltoz\u00e1sok<\/h2>\n<div class=\"wp-block-media-text is-stacked-on-mobile\">\n<figure class=\"wp-block-media-text__media\"><img decoding=\"async\" width=\"849\" height=\"849\" loading=\"lazy\" src=\"https:\/\/cdn.forbes.hu\/uploads\/2026\/08\/Duna.png\" alt=\"\" class=\"wp-image-798440 size-full\" \/><\/figure>\n<div class=\"wp-block-media-text__content\">\n<p class=\"has-text-align-left\">A cs\u00facs t\u00f6retlen, de nem mindenki tudott ugyan\u00fagy sz\u00e1rnyalni a turbulens gazdas\u00e1gi helyzetben. R\u00f6gt\u00f6n a dobog\u00f3 harmadik hely\u00e9n v\u00e1ltoz\u00e1s t\u00f6rt\u00e9nt: a tavaly m\u00e9g harmadik helyen szerepl\u0151 Bonafarm Csoportot megel\u0151zte a Sz\u00edjj L\u00e1szl\u00f3 \u00e9rdekelts\u00e9g\u00e9be tartoz\u00f3 Duna Aszfalt Zrt., ut\u00f3bbi el\u0151sz\u00f6r szerepel dobog\u00f3n.<\/p>\n<\/div>\n<\/div>\n<div class=\"wp-block-media-text has-media-on-the-right is-stacked-on-mobile\">\n<div class=\"wp-block-media-text__content\">\n<p class=\"has-text-align-left\">Olyan szerepl\u0151 is akad, aki nem egy, hanem r\u00f6gt\u00f6n n\u00e9gy helyet esett vissza tavalyhoz k\u00e9pest. A Schmidt M\u00e1ria \u00e9s csal\u00e1dja t\u00f6bbs\u00e9gi tulajdon\u00e1ban \u00e1ll\u00f3 Budapesti Ingatlan (BIF) Nyrt. \u00e1rbev\u00e9tel\u00e9t ugyan n\u00f6velni tudta, r\u00e9szv\u00e9ny\u00e1rfolyama meg\u00e9rezte a politikai \u00e1trendez\u0151d\u00e9st. A c\u00e9g \u00e9rt\u00e9ke 35 sz\u00e1zal\u00e9kot cs\u00f6kkent tavalyhoz k\u00e9pest.<\/p>\n<\/div>\n<figure class=\"wp-block-media-text__media\"><img decoding=\"async\" width=\"849\" height=\"849\" loading=\"lazy\" src=\"https:\/\/cdn.forbes.hu\/uploads\/2026\/08\/BIF.png\" alt=\"\" class=\"wp-image-798433 size-full\" \/><\/figure>\n<\/div>\n<div class=\"wp-block-media-text is-stacked-on-mobile\">\n<figure class=\"wp-block-media-text__media\"><img decoding=\"async\" width=\"849\" height=\"849\" loading=\"lazy\" src=\"https:\/\/cdn.forbes.hu\/uploads\/2026\/08\/Baromfi.png\" alt=\"\" class=\"wp-image-798434 size-full\" \/><\/figure>\n<div class=\"wp-block-media-text__content\">\n<p class=\"has-text-align-left\">A ny\u00e1ron az \u00faj magyar korm\u00e1nnyal vit\u00e1ba kevered\u0151 Master Good ellen tudott evezni a negat\u00edv trendeknek. \u00c1rbev\u00e9tel\u00fck az \u00e9lelmiszeripart s\u00fajt\u00f3 neh\u00e9zs\u00e9gek ellen\u00e9re 245 milli\u00e1rd forintr\u00f3l 291 milli\u00e1rd forintra n\u0151tt. K\u00e9t helyet jav\u00edtottak a list\u00e1n. (Ifj.<a href=\"https:\/\/www.forbes.hu\/uzlet\/master-good-barany-csalad-integracio-baromfi-tamogatas-beruhazas-multi-kisvarda\/\"> B\u00e1r\u00e1ny L\u00e1szl\u00f3val nemr\u00e9g interj\u00faztunk<\/a>.)<\/p>\n<\/div>\n<\/div>\n<div class=\"wp-block-media-text has-media-on-the-right is-stacked-on-mobile\">\n<div class=\"wp-block-media-text__content\">\n<p class=\"has-text-align-left\">A M\u00e9sz\u00e1ros csoportot tov\u00e1bbra sem siker\u00fclt letasz\u00edtani a cs\u00facsr\u00f3l, ahova 1361,5 milli\u00e1rd forintos vagyonnal ker\u00fcltek fel id\u00e9n. \u00cdgy is jelent\u0151s visszaes\u00e9s l\u00e1that\u00f3 a leggazdagabb magyar csal\u00e1di \u00e9rdekelts\u00e9g\u00e9be tartoz\u00f3 c\u00e9gek becs\u00fclt \u00e9rt\u00e9k\u00e9ben, egy \u00e9v alatt tizenk\u00e9t sz\u00e1zal\u00e9kkal cs\u00f6kkent.<\/p>\n<\/div>\n<figure class=\"wp-block-media-text__media\"><img decoding=\"async\" width=\"849\" height=\"849\" loading=\"lazy\" src=\"https:\/\/cdn.forbes.hu\/uploads\/2026\/08\/Meszaros.png\" alt=\"\" class=\"wp-image-798385 size-full\" \/><\/figure>\n<\/div>\n<p>A teljes list\u00e1t <a href=\"http:\/\/forbes.hu\/lista-csaladi-vallalkozasok-2026\">ide kattintva<\/a> lehet b\u00f6ng\u00e9szni.<\/p>\n<hr class=\"wp-block-separator has-alpha-channel-opacity\" \/>\n<h2 class=\"wp-block-heading\">M\u00f3dszertan: \u00edgy \u00e1llt \u00f6ssze a lista<\/h2>\n<p><strong>Hogyan sz\u00e1moltunk?<\/strong><\/p>\n<p>A t\u00e1rsas\u00e1gokat az amerikai Forbes m\u00f3dszertan\u00e1t alapul v\u00e9ve \u00e9rt\u00e9kelt\u00fck.<\/p>\n<p>Ahol lehetett, EBITDA-alapon sz\u00e1moltunk \u2013 legink\u00e1bb ez alkalmas arra, hogy megmutassa a c\u00e9gek p\u00e9nztermel\u0151 k\u00e9pess\u00e9g\u00e9t. A nemzetk\u00f6zi v\u00e1llalat\u00e9rt\u00e9kel\u00e9si gyakorlat szerint az ut\u00f3bbi h\u00e1rom p\u00e9nz\u00fcgyi \u00e9v EBITDA-\u00e1tlag\u00e1t felszoroztuk egy ipar\u00e1gi szorz\u00f3val, amit hazai c\u00e9g\u00e9rt\u00e9kel\u00e9si szakemberekkel \u00e9s r\u00e9gi\u00f3s testv\u00e9rlapjainkkal egy\u00fctt a r\u00e9gi\u00f3ra, illetve a magyar piacra igaz\u00edtottunk. Az \u00edgy kapott \u00e9rt\u00e9kb\u0151l levontuk a v\u00e1llalat hossz\u00fa lej\u00e1rat\u00fa \u00e9s kapcsolt felekkel szembeni k\u00f6telezetts\u00e9geit, \u00e9s hozz\u00e1adtuk a k\u00e9szp\u00e9nz\u00e1llom\u00e1ny\u00e1t.<\/p>\n<p>Nem termel\u0151 c\u00e9gekn\u00e9l (p\u00e9ld\u00e1ul p\u00e9nz\u00fcgyi szolg\u00e1ltat\u00f3kn\u00e1l, ingatlanfejleszt\u0151kn\u00e9l) is az amerikai anyalap \u00fatmutat\u00e1sa alapj\u00e1n j\u00e1rtunk el. Itt a v\u00e1llalkoz\u00e1sban felhalmozott \u00e9rt\u00e9kb\u0151l \u2013 legink\u00e1bb az eszk\u00f6z\u00f6kb\u0151l \u2013 indultunk ki, \u00e9s az \u00f6sszes k\u00f6telezetts\u00e9get levontuk. Szint\u00e9n az amerikai Forbes m\u00f3dszertan\u00e1t k\u00f6vetve, valamint egyeztetve magyar M&amp;A tan\u00e1csad\u00f3kkal egys\u00e9gesen t\u00edzsz\u00e1zal\u00e9kos likvidit\u00e1si diszkontot alkalmaztunk a priv\u00e1t c\u00e9gekre. <\/p>\n<blockquote class=\"wp-block-quote is-layout-flow wp-block-quote-is-layout-flow\">\n<p>Ennek az az oka, hogy ezek a t\u00e1rsas\u00e1gok kev\u00e9sb\u00e9 likvidek, mint a t\u0151zsdei c\u00e9gek, elad\u00e1suk az egyre jellemz\u0151bb hat\u00f3s\u00e1gi enged\u00e9lyeztet\u00e9si elj\u00e1r\u00e1sok miatt k\u00f6lts\u00e9gesebb is.<\/p>\n<\/blockquote>\n<p>Az \u00e1llami megrendel\u00e9seknek nagy m\u00e9rt\u00e9kben kitett vagy \u00e1llami koncesszi\u00f3kat tulajdonl\u00f3 c\u00e9geket eszk\u00f6zalapon, teh\u00e1t jelent\u0151sen diszkont\u00e1lt \u00e1raz\u00e1s mellett \u00e9rt\u00e9kelt\u00fck. Az \u00e1llami kitetts\u00e9get az ut\u00f3bbi h\u00e1rom \u00e9v k\u00f6zbeszerz\u00e9sen elnyert megb\u00edz\u00e1sainak \u00f6sszege alapj\u00e1n vizsg\u00e1ltuk. Ahol ez a legfrissebb \u00e9ves \u00e1rbev\u00e9tel legal\u00e1bb \u00f6tven sz\u00e1zal\u00e9k\u00e1t el\u00e9rte, ott nem tartottuk indokoltnak a piaci, EBITDA-alap\u00fa megk\u00f6zel\u00edt\u00e9st, mivel a p\u00e9nztermel\u0151 k\u00e9pess\u00e9g nagyban f\u00fcgg az \u00e1llammal k\u00f6t\u00f6tt szerz\u0151d\u00e9sekt\u0151l. Ezekben az esetekben az \u00e9rt\u00e9kel\u00e9s alapja, hogy a c\u00e9gben megl\u00e9v\u0151 eszk\u00f6z\u00f6kb\u0151l kivonjuk az \u00f6sszes k\u00f6telezetts\u00e9get.<\/p>\n<p><strong>Milyen adatokat haszn\u00e1ltunk?<\/strong><\/p>\n<p>A munk\u00e1nkat az Opten \u00e9s a Dun &amp; Bradstreet c\u00e9ginform\u00e1ci\u00f3-szolg\u00e1ltat\u00f3k, az E-besz\u00e1mol\u00f3, az Imedia sajt\u00f3figyel\u0151, sajt\u00f3h\u00edrek \u00e9s a szerkeszt\u0151s\u00e9gnek k\u00fcld\u00f6tt k\u00f6zlem\u00e9nyek, valamint az Ingatlan.com adatai \u00e9s kimutat\u00e1sai seg\u00edtett\u00e9k. A c\u00e9g\u00e9rt\u00e9kel\u00e9sben a Concorde MB Partners munkat\u00e1rsai adtak tan\u00e1csot. A c\u00e9gek \u00e9rt\u00e9kel\u00e9s\u00e9hez a legfrissebb nyilv\u00e1nosan el\u00e9rhet\u0151 adatokb\u00f3l (2025-\u00f6s lez\u00e1rt \u00fczleti \u00e9v) indultunk ki.<\/p>\n<p>Jogi \u00fcgyekben a HMP Legal T\u00e1rsul\u00e1s munkat\u00e1rsai adnak tan\u00e1csot.<\/p>\n<h2 class=\"wp-block-heading\">Forbes Csal\u00e1di Lista 2025<\/h2>\n<p><a href=\"https:\/\/www.forbes.hu\/extra\/a-25-legertekesebb-csaladi-vallalkozas-2025\/\">Kattints ide<\/a>, ha \u00e9rdekel a hazai csal\u00e1di v\u00e1llalkoz\u00e1sok tavalyi pillanatk\u00e9pe is!<\/p>\n<\/div>\n<div><\/div>\n<div class=\"premium-blocker premium-blocker--hu\" data-needed=\"authenticated\" data-current=\"[&quot;free&quot;]\">\n<div data-needed=\"authenticated\"><\/div>\n<\/div>\n<p>\t\t<!-- No email blocks found --><\/p>\n<p>The post <a href=\"https:\/\/www.forbes.hu\/uzlet\/megjelent-csaladi-lista-2026\/\">Itt az \u00faj Forbes-lista: k\u00f6zel \u00f6tbilli\u00f3 forintot \u00e9r a top 40 csal\u00e1di c\u00e9g, t\u00f6bb mint a negyed\u00e9t egyetlen szerepl\u0151 hozta \u00f6ssze<\/a> appeared first on <a href=\"https:\/\/www.forbes.hu\/\">Forbes.hu<\/a>.<\/p><div id=\"friss-2600053339\" class=\"friss-etarget-cikk-vege friss-entity-placement\"><script type=\"text\/javascript\" id=\"etargetScript7a9b589f63cb072bef80df221f46a22b\">function etargetPostloadFunction7a9b589f63cb072bef80df221f46a22b(){var e=\"etargetPostload7a9b589f63cb072bef80df221f46a22b\",t=\"etargetScript7a9b589f63cb072bef80df221f46a22b\",o=document.getElementById(e);if(o){for(var n=o.offsetTop,d=o.offsetLeft,r=o.offsetWidth,a=o.offsetHeight;o.offsetParent;)o=o.offsetParent,n+=o.offsetTop,d+=o.offsetLeft;var i=(n<=window.pageYOffset+window.innerHeight&&d<window.pageXOffset+window.innerWidth&&n+a>window.pageYOffset&&d+r>window.pageXOffset);if(i&&etargetAllowOtherCheck){allowed=!1;var c=document.createElement(\"script\");return c.src=\"\/\/hu.search.etargetnet.com\/generic\/uni.php?g=ref:58661,area:700x210\",void(document.getElementById(t)&&document.getElementById(e)&&(document.getElementById(t).parentNode.appendChild(c),document.getElementById(t).parentNode.removeChild(document.getElementById(t)),document.getElementById(e).parentNode.removeChild(document.getElementById(e)),document.removeEventListener(\"scroll\",etargetPostloadFunction7a9b589f63cb072bef80df221f46a22b),document.removeEventListener(\"resize\",etargetPostloadFunction7a9b589f63cb072bef80df221f46a22b),document.removeEventListener(\"DOMContentLoaded\",etargetPostloadFunction7a9b589f63cb072bef80df221f46a22b)))}}}var etargetDivID=\"etargetPostload7a9b589f63cb072bef80df221f46a22b\",etargetScriptID=\"etargetScript7a9b589f63cb072bef80df221f46a22b\",etargetPostloadPoint=document.createElement(\"div\");etargetPostloadPoint.id=etargetDivID;var etargetCurScript=document.getElementById(etargetScriptID);etargetCurScript.parentNode.appendChild(etargetPostloadPoint),document.addEventListener(\"scroll\",etargetPostloadFunction7a9b589f63cb072bef80df221f46a22b),document.addEventListener(\"resize\",etargetPostloadFunction7a9b589f63cb072bef80df221f46a22b),document.addEventListener(\"DOMContentLoaded\",etargetPostloadFunction7a9b589f63cb072bef80df221f46a22b);var etargetAllowOtherCheck=!0;if(typeof(\"forceRunPostload\")==\"string\"){etargetPostloadFunction7a9b589f63cb072bef80df221f46a22b()}<\/script><\/div><div id=\"friss-2672002704\" class=\"friss-after-content friss-entity-placement\"><script type=\"text\/javascript\" id=\"etargetScript7a9b589f63cb072bef80df221f46a22b\">function etargetPostloadFunction7a9b589f63cb072bef80df221f46a22b(){var e=\"etargetPostload7a9b589f63cb072bef80df221f46a22b\",t=\"etargetScript7a9b589f63cb072bef80df221f46a22b\",o=document.getElementById(e);if(o){for(var n=o.offsetTop,d=o.offsetLeft,r=o.offsetWidth,a=o.offsetHeight;o.offsetParent;)o=o.offsetParent,n+=o.offsetTop,d+=o.offsetLeft;var i=(n<=window.pageYOffset+window.innerHeight&&d<window.pageXOffset+window.innerWidth&&n+a>window.pageYOffset&&d+r>window.pageXOffset);if(i&&etargetAllowOtherCheck){allowed=!1;var c=document.createElement(\"script\");return c.src=\"\/\/hu.search.etargetnet.com\/generic\/uni.php?g=ref:58661,area:700x210\",void(document.getElementById(t)&&document.getElementById(e)&&(document.getElementById(t).parentNode.appendChild(c),document.getElementById(t).parentNode.removeChild(document.getElementById(t)),document.getElementById(e).parentNode.removeChild(document.getElementById(e)),document.removeEventListener(\"scroll\",etargetPostloadFunction7a9b589f63cb072bef80df221f46a22b),document.removeEventListener(\"resize\",etargetPostloadFunction7a9b589f63cb072bef80df221f46a22b),document.removeEventListener(\"DOMContentLoaded\",etargetPostloadFunction7a9b589f63cb072bef80df221f46a22b)))}}}var etargetDivID=\"etargetPostload7a9b589f63cb072bef80df221f46a22b\",etargetScriptID=\"etargetScript7a9b589f63cb072bef80df221f46a22b\",etargetPostloadPoint=document.createElement(\"div\");etargetPostloadPoint.id=etargetDivID;var etargetCurScript=document.getElementById(etargetScriptID);etargetCurScript.parentNode.appendChild(etargetPostloadPoint),document.addEventListener(\"scroll\",etargetPostloadFunction7a9b589f63cb072bef80df221f46a22b),document.addEventListener(\"resize\",etargetPostloadFunction7a9b589f63cb072bef80df221f46a22b),document.addEventListener(\"DOMContentLoaded\",etargetPostloadFunction7a9b589f63cb072bef80df221f46a22b);var etargetAllowOtherCheck=!0;if(typeof(\"forceRunPostload\")==\"string\"){etargetPostloadFunction7a9b589f63cb072bef80df221f46a22b()}<\/script><\/div><div id=\"friss-1763986553\" class=\"friss-after-content_2 friss-entity-placement\" style=\"clear: both;\"><div class=\"wprss_ajax\" data-id=\"rssccacd0d87c\"><img loading=\"lazy\" decoding=\"async\" src=\"https:\/\/friss-hirek.hu\/wp-content\/plugins\/wp-rss-retriever\/inc\/imgs\/ajax-loader.gif\" alt=\"Loading RSS Feed\" width=\"16\" height=\"16\"><\/div><\/div><br style=\"clear: both; display: block; float: none;\"\/><div id=\"friss-3712773660\" class=\"friss-after-content_3 friss-entity-placement\">https:\/\/www.youtube.com\/watch?v=Pdnw4KiUWp0<\/div>","protected":false},"excerpt":{"rendered":"<p>Nemcsak a korm\u00e1ny \u00faj a Forbes idei csal\u00e1di list\u00e1j\u00e1nak megjelen\u00e9sekor, de a szerepl\u0151k sz\u00e1ma is v\u00e1ltozott: el\u0151sz\u00f6r b\u0151v\u00edtett\u00fck a leg\u00e9rt\u00e9kesebb magyar csal\u00e1di v\u00e1llalkoz\u00e1sokat felsorakoztat\u00f3 rangsorunkat. \u00cdgy alakult \u00e1t a dobog\u00f3. Vezet\u0151 szerkeszt\u0151: G\u00f3lya \u00c1gi. Szakmai vezet\u0151: Golovics Mil\u00e1n. Sz\u00e1molta: Golovics Mil\u00e1n, Heged\u00fcs T\u00edmea, J\u00f3svai \u00c1d\u00e1m, Maurer Krist\u00f3f, Tornyos Kata A Nemzeti Vagyonvisszaszerz\u00e9si \u00e9s Vagyonv\u00e9delmi Hivatal [&hellip;]<\/p>\n","protected":false},"author":1,"featured_media":0,"comment_status":"open","ping_status":"open","sticky":false,"template":"","format":"standard","meta":{"footnotes":""},"categories":[7],"tags":[],"class_list":["post-171069","post","type-post","status-publish","format-standard","hentry","category-uzlet"],"amp_enabled":true,"_links":{"self":[{"href":"https:\/\/friss-hirek.hu\/index.php\/wp-json\/wp\/v2\/posts\/171069","targetHints":{"allow":["GET"]}}],"collection":[{"href":"https:\/\/friss-hirek.hu\/index.php\/wp-json\/wp\/v2\/posts"}],"about":[{"href":"https:\/\/friss-hirek.hu\/index.php\/wp-json\/wp\/v2\/types\/post"}],"author":[{"embeddable":true,"href":"https:\/\/friss-hirek.hu\/index.php\/wp-json\/wp\/v2\/users\/1"}],"replies":[{"embeddable":true,"href":"https:\/\/friss-hirek.hu\/index.php\/wp-json\/wp\/v2\/comments?post=171069"}],"version-history":[{"count":0,"href":"https:\/\/friss-hirek.hu\/index.php\/wp-json\/wp\/v2\/posts\/171069\/revisions"}],"wp:attachment":[{"href":"https:\/\/friss-hirek.hu\/index.php\/wp-json\/wp\/v2\/media?parent=171069"}],"wp:term":[{"taxonomy":"category","embeddable":true,"href":"https:\/\/friss-hirek.hu\/index.php\/wp-json\/wp\/v2\/categories?post=171069"},{"taxonomy":"post_tag","embeddable":true,"href":"https:\/\/friss-hirek.hu\/index.php\/wp-json\/wp\/v2\/tags?post=171069"}],"curies":[{"name":"wp","href":"https:\/\/api.w.org\/{rel}","templated":true}]}}