{"id":171085,"date":"2026-09-02T09:41:03","date_gmt":"2026-09-02T09:41:03","guid":{"rendered":"https:\/\/friss-hirek.hu\/index.php\/szijjarto-tagadta-megis-keszul-a-nyolcadik-akkumulatoripari-beruhazas-debrecenben\/friss-hirek\/"},"modified":"2026-09-02T09:41:03","modified_gmt":"2026-09-02T09:41:03","slug":"szijjarto-tagadta-megis-keszul-a-nyolcadik-akkumulatoripari-beruhazas-debrecenben","status":"publish","type":"post","link":"https:\/\/friss-hirek.hu\/index.php\/szijjarto-tagadta-megis-keszul-a-nyolcadik-akkumulatoripari-beruhazas-debrecenben\/uzlet\/","title":{"rendered":"Szijj\u00e1rt\u00f3 tagadta, m\u00e9gis k\u00e9sz\u00fcl a nyolcadik akkumul\u00e1toripari beruh\u00e1z\u00e1s Debrecenben"},"content":{"rendered":"<p><strong>Id\u00e9n febru\u00e1rban a volt k\u00fcl\u00fcgyminiszter hazugs\u00e1ggal v\u00e1dolta a lapot, mely el\u0151sz\u00f6r meg\u00edrta az \u00faj gy\u00e1r l\u00e9tes\u00edt\u00e9s\u00e9nek h\u00edr\u00e9t.<\/strong><\/p><div id=\"friss-3664654415\" class=\"friss-etarget friss-entity-placement\"><script type=\"text\/javascript\" id=\"etargetScript7a9b589f63cb072bef80df221f46a22b\">function etargetPostloadFunction7a9b589f63cb072bef80df221f46a22b(){var e=\"etargetPostload7a9b589f63cb072bef80df221f46a22b\",t=\"etargetScript7a9b589f63cb072bef80df221f46a22b\",o=document.getElementById(e);if(o){for(var n=o.offsetTop,d=o.offsetLeft,r=o.offsetWidth,a=o.offsetHeight;o.offsetParent;)o=o.offsetParent,n+=o.offsetTop,d+=o.offsetLeft;var i=(n<=window.pageYOffset+window.innerHeight&&d<window.pageXOffset+window.innerWidth&&n+a>window.pageYOffset&&d+r>window.pageXOffset);if(i&&etargetAllowOtherCheck){allowed=!1;var c=document.createElement(\"script\");return c.src=\"\/\/hu.search.etargetnet.com\/generic\/uni.php?g=ref:58661,area:700x210\",void(document.getElementById(t)&&document.getElementById(e)&&(document.getElementById(t).parentNode.appendChild(c),document.getElementById(t).parentNode.removeChild(document.getElementById(t)),document.getElementById(e).parentNode.removeChild(document.getElementById(e)),document.removeEventListener(\"scroll\",etargetPostloadFunction7a9b589f63cb072bef80df221f46a22b),document.removeEventListener(\"resize\",etargetPostloadFunction7a9b589f63cb072bef80df221f46a22b),document.removeEventListener(\"DOMContentLoaded\",etargetPostloadFunction7a9b589f63cb072bef80df221f46a22b)))}}}var etargetDivID=\"etargetPostload7a9b589f63cb072bef80df221f46a22b\",etargetScriptID=\"etargetScript7a9b589f63cb072bef80df221f46a22b\",etargetPostloadPoint=document.createElement(\"div\");etargetPostloadPoint.id=etargetDivID;var etargetCurScript=document.getElementById(etargetScriptID);etargetCurScript.parentNode.appendChild(etargetPostloadPoint),document.addEventListener(\"scroll\",etargetPostloadFunction7a9b589f63cb072bef80df221f46a22b),document.addEventListener(\"resize\",etargetPostloadFunction7a9b589f63cb072bef80df221f46a22b),document.addEventListener(\"DOMContentLoaded\",etargetPostloadFunction7a9b589f63cb072bef80df221f46a22b);var etargetAllowOtherCheck=!0;if(typeof(\"forceRunPostload\")==\"string\"){etargetPostloadFunction7a9b589f63cb072bef80df221f46a22b()}<\/script><\/div>\n<p><em>K\u00f6zel \u00f6tbilli\u00f3 forintot \u00e9r a top 40 csal\u00e1di c\u00e9g, t\u00f6bb mint a negyed\u00e9t egyetlen szerepl\u0151 hozta \u00f6ssze \u2013 megjelent a Forbes 2026-os csal\u00e1di list\u00e1ja, <a href=\"https:\/\/www.forbes.hu\/lista-csaladi-vallalkozasok-2026\/\">ide kattintva<\/a> tudod b\u00f6ng\u00e9szni!<\/em><\/p>\n<hr class=\"wp-block-separator has-alpha-channel-opacity\" \/>\n<p><strong>Mi t\u00f6rt\u00e9nt?<\/strong> \u00daj \u00fczemet l\u00e9tes\u00edtene a k\u00ednai CATL Debrecenben \u2013 a gy\u00e1r csarnok\u00e1nak \u00e9p\u00edt\u00e9se pedig m\u00e1r 2025. december\u00e9ben elkezd\u0151d\u00f6tt, tudta meg a <a href=\"https:\/\/debreciner.hu\/cikk\/megvan-a-nyolcadik-ujabb-akkuipari-uzem-debrecenben\">Debreciner.<\/a> Ha megval\u00f3sul, ez lesz az orsz\u00e1g m\u00e1sodik legnagyobb v\u00e1ros\u00e1nak nyolcadik akkumul\u00e1toripari beruh\u00e1z\u00e1sa. A lap szerint a ter\u00fcleten a CATL magyar le\u00e1nyv\u00e1llalata, a GreenPower Energy Debrecen Kft.\u00a0\u00e9p\u00edtkezik: akkumul\u00e1tor-\u00fajracsomagol\u00f3 \u00e9s -\u00fajra\u00f6sszeszerel\u0151 \u00fczemet hozn\u00e1nak l\u00e9tre a d\u00e9li gazdas\u00e1gi \u00f6vezetben, az \u00e1llami Inpark 44 ezer n\u00e9gyzetm\u00e9teres csarnok\u00e1ban.<\/p>\n<div class=\"related-post-links\">\n<p>\t\t<span class=\"related-post-links__title minititle\">T\u00f6bb ebb\u0151l<\/span><\/p>\n<div class=\"related-post-links__link-wrapper\">\n\t\t\t\t<a href=\"https:\/\/www.forbes.hu\/uzlet\/megjelent-csaladi-lista-2026\/\" class=\"related-post-links__link\">Itt az \u00faj Forbes-lista: k\u00f6zel \u00f6tbilli\u00f3 forintot \u00e9r a top 40 csal\u00e1di c\u00e9g, t\u00f6bb mint a negyed\u00e9t egyetlen szerepl\u0151 hozta \u00f6ssze<\/a>\n\t\t\t<\/div>\n<div class=\"related-post-links__link-wrapper\">\n\t\t\t\t<a href=\"https:\/\/www.forbes.hu\/uzlet\/guller-zoltan-orban-rahel-magyarorszag-tavozas\/\" class=\"related-post-links__link\">HVG: K\u00fclf\u00f6ldre k\u00f6lt\u00f6zhet Orb\u00e1n R\u00e1hel bizalmasa, miut\u00e1n t\u00f6bb NER-es poz\u00edci\u00f3j\u00e1t is elvesztette<\/a>\n\t\t\t<\/div>\n<\/div>\n<p><strong>Mit kell m\u00e9g tudni?<\/strong> A tervezett beruh\u00e1z\u00e1s miatt j\u00fanius v\u00e9ge \u00f3ta k\u00f6rnyezeti hat\u00e1svizsg\u00e1lati elj\u00e1r\u00e1s folyik, err\u0151l azonban a korm\u00e1nyhivatal csak augusztus 31-\u00e9n tett k\u00f6zz\u00e9 hirdetm\u00e9nyt. A Debreciner azt \u00edrja, a munk\u00e1latok m\u00e1r a Fidesz-korm\u00e1ny alatt, 2025 december\u00e9ben elkezd\u0151dtek a csarnok \u00e9p\u00edt\u00e9s\u00e9vel. Az Inpark eg\u00e9sz egyszer\u0171en csak nem k\u00f6z\u00f6lte, hogy akkumul\u00e1toripari beruh\u00e1z\u00e1sr\u00f3l van sz\u00f3. A helyzetet fokozza, hogy<\/p>\n<blockquote class=\"wp-block-quote is-layout-flow wp-block-quote-is-layout-flow\">\n<p>Szijj\u00e1rt\u00f3 P\u00e9ter volt k\u00fcl\u00fcgyminiszter febru\u00e1rban azt \u00e1ll\u00edtotta, hogy nem \u00e9rkezik a r\u00e9gi\u00f3ba olyan \u00faj akkumul\u00e1torgy\u00e1rt\u00e1shoz kapcsol\u00f3d\u00f3 beruh\u00e1z\u00e1s, amelyet kor\u00e1bban ne jelentettek volna be.<\/p>\n<\/blockquote>\n<p><strong>Kontextus.<\/strong> A m\u0171k\u00f6d\u00e9s jelent\u0151s mennyis\u00e9g\u0171 hullad\u00e9kkal \u00e9s teherforgalommal j\u00e1rna. \u00c9vente 2000-2200 tonna nem vesz\u00e9lyes \u00e9s 80-85 tonna vesz\u00e9lyes hullad\u00e9kkal sz\u00e1molnak, a k\u00f6zleked\u00e9si hat\u00e1st napi plusz 124 nyerges szerelv\u00e9nnyel, 52 szem\u00e9ly- \u00e9s kisteheraut\u00f3val, valamint 12 busszal kalkul\u00e1lt\u00e1k. A telephelyhez vezet\u0151 utakon a neh\u00e9zteherg\u00e9pj\u00e1rm\u0171-forgalom nagyj\u00e1b\u00f3l megdupl\u00e1z\u00f3dhat. A hat\u00f3s\u00e1g a k\u00f6zelj\u00f6v\u0151ben k\u00f6zmeghallgat\u00e1st tart az \u00fcgyben, ennek id\u0151pontj\u00e1r\u00f3l \u00e9s m\u00f3dj\u00e1r\u00f3l k\u00e9s\u0151bb adnak t\u00e1j\u00e9koztat\u00e1st.<\/p>\n<p><!-- No email blocks found --><\/p>\n<p>The post <a href=\"https:\/\/www.forbes.hu\/uzlet\/catl-debrecen-uj-akkumulatorgyar-magyarorszag\/\">Szijj\u00e1rt\u00f3 tagadta, m\u00e9gis k\u00e9sz\u00fcl a nyolcadik akkumul\u00e1toripari beruh\u00e1z\u00e1s Debrecenben<\/a> appeared first on <a href=\"https:\/\/www.forbes.hu\/\">Forbes.hu<\/a>.<\/p><div id=\"friss-182426473\" class=\"friss-etarget-cikk-vege friss-entity-placement\"><script type=\"text\/javascript\" id=\"etargetScript7a9b589f63cb072bef80df221f46a22b\">function etargetPostloadFunction7a9b589f63cb072bef80df221f46a22b(){var e=\"etargetPostload7a9b589f63cb072bef80df221f46a22b\",t=\"etargetScript7a9b589f63cb072bef80df221f46a22b\",o=document.getElementById(e);if(o){for(var n=o.offsetTop,d=o.offsetLeft,r=o.offsetWidth,a=o.offsetHeight;o.offsetParent;)o=o.offsetParent,n+=o.offsetTop,d+=o.offsetLeft;var i=(n<=window.pageYOffset+window.innerHeight&&d<window.pageXOffset+window.innerWidth&&n+a>window.pageYOffset&&d+r>window.pageXOffset);if(i&&etargetAllowOtherCheck){allowed=!1;var c=document.createElement(\"script\");return c.src=\"\/\/hu.search.etargetnet.com\/generic\/uni.php?g=ref:58661,area:700x210\",void(document.getElementById(t)&&document.getElementById(e)&&(document.getElementById(t).parentNode.appendChild(c),document.getElementById(t).parentNode.removeChild(document.getElementById(t)),document.getElementById(e).parentNode.removeChild(document.getElementById(e)),document.removeEventListener(\"scroll\",etargetPostloadFunction7a9b589f63cb072bef80df221f46a22b),document.removeEventListener(\"resize\",etargetPostloadFunction7a9b589f63cb072bef80df221f46a22b),document.removeEventListener(\"DOMContentLoaded\",etargetPostloadFunction7a9b589f63cb072bef80df221f46a22b)))}}}var etargetDivID=\"etargetPostload7a9b589f63cb072bef80df221f46a22b\",etargetScriptID=\"etargetScript7a9b589f63cb072bef80df221f46a22b\",etargetPostloadPoint=document.createElement(\"div\");etargetPostloadPoint.id=etargetDivID;var etargetCurScript=document.getElementById(etargetScriptID);etargetCurScript.parentNode.appendChild(etargetPostloadPoint),document.addEventListener(\"scroll\",etargetPostloadFunction7a9b589f63cb072bef80df221f46a22b),document.addEventListener(\"resize\",etargetPostloadFunction7a9b589f63cb072bef80df221f46a22b),document.addEventListener(\"DOMContentLoaded\",etargetPostloadFunction7a9b589f63cb072bef80df221f46a22b);var etargetAllowOtherCheck=!0;if(typeof(\"forceRunPostload\")==\"string\"){etargetPostloadFunction7a9b589f63cb072bef80df221f46a22b()}<\/script><\/div><div id=\"friss-4112984484\" class=\"friss-after-content friss-entity-placement\"><script type=\"text\/javascript\" id=\"etargetScript7a9b589f63cb072bef80df221f46a22b\">function etargetPostloadFunction7a9b589f63cb072bef80df221f46a22b(){var e=\"etargetPostload7a9b589f63cb072bef80df221f46a22b\",t=\"etargetScript7a9b589f63cb072bef80df221f46a22b\",o=document.getElementById(e);if(o){for(var n=o.offsetTop,d=o.offsetLeft,r=o.offsetWidth,a=o.offsetHeight;o.offsetParent;)o=o.offsetParent,n+=o.offsetTop,d+=o.offsetLeft;var i=(n<=window.pageYOffset+window.innerHeight&&d<window.pageXOffset+window.innerWidth&&n+a>window.pageYOffset&&d+r>window.pageXOffset);if(i&&etargetAllowOtherCheck){allowed=!1;var c=document.createElement(\"script\");return c.src=\"\/\/hu.search.etargetnet.com\/generic\/uni.php?g=ref:58661,area:700x210\",void(document.getElementById(t)&&document.getElementById(e)&&(document.getElementById(t).parentNode.appendChild(c),document.getElementById(t).parentNode.removeChild(document.getElementById(t)),document.getElementById(e).parentNode.removeChild(document.getElementById(e)),document.removeEventListener(\"scroll\",etargetPostloadFunction7a9b589f63cb072bef80df221f46a22b),document.removeEventListener(\"resize\",etargetPostloadFunction7a9b589f63cb072bef80df221f46a22b),document.removeEventListener(\"DOMContentLoaded\",etargetPostloadFunction7a9b589f63cb072bef80df221f46a22b)))}}}var etargetDivID=\"etargetPostload7a9b589f63cb072bef80df221f46a22b\",etargetScriptID=\"etargetScript7a9b589f63cb072bef80df221f46a22b\",etargetPostloadPoint=document.createElement(\"div\");etargetPostloadPoint.id=etargetDivID;var etargetCurScript=document.getElementById(etargetScriptID);etargetCurScript.parentNode.appendChild(etargetPostloadPoint),document.addEventListener(\"scroll\",etargetPostloadFunction7a9b589f63cb072bef80df221f46a22b),document.addEventListener(\"resize\",etargetPostloadFunction7a9b589f63cb072bef80df221f46a22b),document.addEventListener(\"DOMContentLoaded\",etargetPostloadFunction7a9b589f63cb072bef80df221f46a22b);var etargetAllowOtherCheck=!0;if(typeof(\"forceRunPostload\")==\"string\"){etargetPostloadFunction7a9b589f63cb072bef80df221f46a22b()}<\/script><\/div><div id=\"friss-3035393626\" class=\"friss-after-content_2 friss-entity-placement\" style=\"clear: both;\"><div class=\"wprss_ajax\" data-id=\"rss2eca19f8f1\"><img loading=\"lazy\" decoding=\"async\" src=\"https:\/\/friss-hirek.hu\/wp-content\/plugins\/wp-rss-retriever\/inc\/imgs\/ajax-loader.gif\" alt=\"Loading RSS Feed\" width=\"16\" height=\"16\"><\/div><\/div><br style=\"clear: both; display: block; float: none;\"\/><div id=\"friss-2378438143\" class=\"friss-after-content_3 friss-entity-placement\">https:\/\/www.youtube.com\/watch?v=Pdnw4KiUWp0<\/div>","protected":false},"excerpt":{"rendered":"<p>Id\u00e9n febru\u00e1rban a volt k\u00fcl\u00fcgyminiszter hazugs\u00e1ggal v\u00e1dolta a lapot, mely el\u0151sz\u00f6r meg\u00edrta az \u00faj gy\u00e1r l\u00e9tes\u00edt\u00e9s\u00e9nek h\u00edr\u00e9t. K\u00f6zel \u00f6tbilli\u00f3 forintot \u00e9r a top 40 csal\u00e1di c\u00e9g, t\u00f6bb mint a negyed\u00e9t egyetlen szerepl\u0151 hozta \u00f6ssze \u2013 megjelent a Forbes 2026-os csal\u00e1di list\u00e1ja, ide kattintva tudod b\u00f6ng\u00e9szni! Mi t\u00f6rt\u00e9nt? \u00daj \u00fczemet l\u00e9tes\u00edtene a k\u00ednai CATL Debrecenben \u2013 [&hellip;]<\/p>\n","protected":false},"author":1,"featured_media":0,"comment_status":"open","ping_status":"open","sticky":false,"template":"","format":"standard","meta":{"footnotes":""},"categories":[7],"tags":[],"class_list":["post-171085","post","type-post","status-publish","format-standard","hentry","category-uzlet"],"amp_enabled":true,"_links":{"self":[{"href":"https:\/\/friss-hirek.hu\/index.php\/wp-json\/wp\/v2\/posts\/171085","targetHints":{"allow":["GET"]}}],"collection":[{"href":"https:\/\/friss-hirek.hu\/index.php\/wp-json\/wp\/v2\/posts"}],"about":[{"href":"https:\/\/friss-hirek.hu\/index.php\/wp-json\/wp\/v2\/types\/post"}],"author":[{"embeddable":true,"href":"https:\/\/friss-hirek.hu\/index.php\/wp-json\/wp\/v2\/users\/1"}],"replies":[{"embeddable":true,"href":"https:\/\/friss-hirek.hu\/index.php\/wp-json\/wp\/v2\/comments?post=171085"}],"version-history":[{"count":0,"href":"https:\/\/friss-hirek.hu\/index.php\/wp-json\/wp\/v2\/posts\/171085\/revisions"}],"wp:attachment":[{"href":"https:\/\/friss-hirek.hu\/index.php\/wp-json\/wp\/v2\/media?parent=171085"}],"wp:term":[{"taxonomy":"category","embeddable":true,"href":"https:\/\/friss-hirek.hu\/index.php\/wp-json\/wp\/v2\/categories?post=171085"},{"taxonomy":"post_tag","embeddable":true,"href":"https:\/\/friss-hirek.hu\/index.php\/wp-json\/wp\/v2\/tags?post=171085"}],"curies":[{"name":"wp","href":"https:\/\/api.w.org\/{rel}","templated":true}]}}