{"id":171086,"date":"2026-09-02T09:41:03","date_gmt":"2026-09-02T09:41:03","guid":{"rendered":"https:\/\/friss-hirek.hu\/index.php\/hvg-kulfoldre-koltozhet-orban-rahel-bizalmasa-miutan-tobb-ner-es-poziciojat-is-elvesztette\/friss-hirek\/"},"modified":"2026-09-02T09:41:03","modified_gmt":"2026-09-02T09:41:03","slug":"hvg-kulfoldre-koltozhet-orban-rahel-bizalmasa-miutan-tobb-ner-es-poziciojat-is-elvesztette","status":"publish","type":"post","link":"https:\/\/friss-hirek.hu\/index.php\/hvg-kulfoldre-koltozhet-orban-rahel-bizalmasa-miutan-tobb-ner-es-poziciojat-is-elvesztette\/uzlet\/","title":{"rendered":"HVG: K\u00fclf\u00f6ldre k\u00f6lt\u00f6zhet Orb\u00e1n R\u00e1hel bizalmasa, miut\u00e1n t\u00f6bb NER-es poz\u00edci\u00f3j\u00e1t is elvesztette"},"content":{"rendered":"<p><strong>Guller Zolt\u00e1n dolgozott miniszt\u00e9riumban, ir\u00e1ny\u00edtotta a Magyar Turisztikai \u00dcgyn\u00f6ks\u00e9gen, \u00e9s \u00fclt NER-k\u00f6zeli c\u00e9gek fel\u00fcgyel\u0151bizotts\u00e1g\u00e1ban.<\/strong><\/p><div id=\"friss-1566717639\" class=\"friss-etarget friss-entity-placement\"><script type=\"text\/javascript\" id=\"etargetScript7a9b589f63cb072bef80df221f46a22b\">function etargetPostloadFunction7a9b589f63cb072bef80df221f46a22b(){var e=\"etargetPostload7a9b589f63cb072bef80df221f46a22b\",t=\"etargetScript7a9b589f63cb072bef80df221f46a22b\",o=document.getElementById(e);if(o){for(var n=o.offsetTop,d=o.offsetLeft,r=o.offsetWidth,a=o.offsetHeight;o.offsetParent;)o=o.offsetParent,n+=o.offsetTop,d+=o.offsetLeft;var i=(n<=window.pageYOffset+window.innerHeight&&d<window.pageXOffset+window.innerWidth&&n+a>window.pageYOffset&&d+r>window.pageXOffset);if(i&&etargetAllowOtherCheck){allowed=!1;var c=document.createElement(\"script\");return c.src=\"\/\/hu.search.etargetnet.com\/generic\/uni.php?g=ref:58661,area:700x210\",void(document.getElementById(t)&&document.getElementById(e)&&(document.getElementById(t).parentNode.appendChild(c),document.getElementById(t).parentNode.removeChild(document.getElementById(t)),document.getElementById(e).parentNode.removeChild(document.getElementById(e)),document.removeEventListener(\"scroll\",etargetPostloadFunction7a9b589f63cb072bef80df221f46a22b),document.removeEventListener(\"resize\",etargetPostloadFunction7a9b589f63cb072bef80df221f46a22b),document.removeEventListener(\"DOMContentLoaded\",etargetPostloadFunction7a9b589f63cb072bef80df221f46a22b)))}}}var etargetDivID=\"etargetPostload7a9b589f63cb072bef80df221f46a22b\",etargetScriptID=\"etargetScript7a9b589f63cb072bef80df221f46a22b\",etargetPostloadPoint=document.createElement(\"div\");etargetPostloadPoint.id=etargetDivID;var etargetCurScript=document.getElementById(etargetScriptID);etargetCurScript.parentNode.appendChild(etargetPostloadPoint),document.addEventListener(\"scroll\",etargetPostloadFunction7a9b589f63cb072bef80df221f46a22b),document.addEventListener(\"resize\",etargetPostloadFunction7a9b589f63cb072bef80df221f46a22b),document.addEventListener(\"DOMContentLoaded\",etargetPostloadFunction7a9b589f63cb072bef80df221f46a22b);var etargetAllowOtherCheck=!0;if(typeof(\"forceRunPostload\")==\"string\"){etargetPostloadFunction7a9b589f63cb072bef80df221f46a22b()}<\/script><\/div>\n<p><em>K\u00f6zel \u00f6tbilli\u00f3 forintot \u00e9r a top 40 csal\u00e1di c\u00e9g, t\u00f6bb mint a negyed\u00e9t egyetlen szerepl\u0151 hozta \u00f6ssze \u2013 megjelent a Forbes 2026-os csal\u00e1di list\u00e1ja, <a href=\"https:\/\/www.forbes.hu\/lista-csaladi-vallalkozasok-2026\/\">ide kattintva<\/a> tudod b\u00f6ng\u00e9szni!<\/em><\/p>\n<hr class=\"wp-block-separator has-alpha-channel-opacity\" \/>\n<p><strong>Mi t\u00f6rt\u00e9nt?<\/strong> T\u00e1vozhat Magyarorsz\u00e1gr\u00f3l a Fidesz-korm\u00e1ny alatt t\u00f6bb NER-kedvenc poz\u00edci\u00f3t is bet\u00f6lt\u0151 Guller Zolt\u00e1n, \u00e9rtes\u00fclt a <a href=\"https:\/\/hvg.hu\/gazdasag\/20260902_magyar-turisztikai-ugynokseg-guller-zoltan-szerencsejatek-zrt-volt-csucsvezetoje-tavozhat-magyarorszagrol-ebx\">HVG.<\/a> Gullert a v\u00e1laszt\u00e1sok ut\u00e1n egy h\u00e9ten bel\u00fcl t\u00e1vol\u00edtotta el K\u00e1rm\u00e1n Andr\u00e1s p\u00e9nz\u00fcgyminiszter\u00a0<a href=\"https:\/\/www.forbes.hu\/uzlet\/tisztogatas-szerencsejatek-zrt-nel-karman-tisza\/\">a Szerencsej\u00e1t\u00e9k Zrt. \u00e9l\u00e9r\u0151l<\/a>, majd h\u00edvta vissza Kapit\u00e1ny Istv\u00e1n <a href=\"https:\/\/www.forbes.hu\/penz\/tanulmany-borvidek-tokaj-mtu-turizmus-kozpenz-hutlen-kezeles\/\">a Magyar Turisztikai \u00dcgyn\u00f6ks\u00e9g Zrt.-n\u00e9<\/a><a href=\"https:\/\/hvg.hu\/itthon\/20260703_guller-zoltan-kirugas-kapitany-istvan-magyar-turisztikai-ugynokseg\">l<\/a>\u00a0bet\u00f6lt\u00f6tt igazgat\u00f3s\u00e1g eln\u00f6ki, egyben tagi tiszts\u00e9g\u00e9b\u0151l. A port\u00e1l azt \u00edrja: \u201elehets\u00e9ges, hogy a kedvez\u0151tlen politikai-gazdas\u00e1gi v\u00e1ltoz\u00e1sok is k\u00f6zrej\u00e1tszottak abban, hogy Guller csal\u00e1dj\u00e1val egy\u00fctt elhagyhatja Magyarorsz\u00e1got, \u00e9s N\u00e9metorsz\u00e1gba k\u00f6lt\u00f6zhet.\u201d<\/p>\n<div class=\"related-post-links\">\n<p>\t\t<span class=\"related-post-links__title minititle\">T\u00f6bb ebb\u0151l<\/span><\/p>\n<div class=\"related-post-links__link-wrapper\">\n\t\t\t\t<a href=\"https:\/\/www.forbes.hu\/uzlet\/megjelent-csaladi-lista-2026\/\" class=\"related-post-links__link\">Itt az \u00faj Forbes-lista: k\u00f6zel \u00f6tbilli\u00f3 forintot \u00e9r a top 40 csal\u00e1di c\u00e9g, t\u00f6bb mint a negyed\u00e9t egyetlen szerepl\u0151 hozta \u00f6ssze<\/a>\n\t\t\t<\/div>\n<div class=\"related-post-links__link-wrapper\">\n\t\t\t\t<a href=\"https:\/\/www.forbes.hu\/penz\/szijjarto-peter-kulugyminiszterium-257-millio-utazas\/\" class=\"related-post-links__link\">H\u00e1rom napig utaztak luxusrep\u00fcl\u0151vel Szijj\u00e1rt\u00f3\u00e9k, most az is kider\u00fclt, mennyi\u00e9rt<\/a>\n\t\t\t<\/div>\n<\/div>\n<p><strong>Mit kell m\u00e9g tudni?<\/strong> A HVG megkereste az \u00fcgyben Guller Zolt\u00e1nt is, aki az orsz\u00e1gv\u00e1lt\u00e1sra vonatkoz\u00f3 inform\u00e1ci\u00f3t sem meger\u0151s\u00edteni, sem c\u00e1folni nem k\u00edv\u00e1nta. A port\u00e1l h\u00edv\u00e1sakor arra hivatkozott, hogy \u0151 csak volt k\u00f6zszerepl\u0151, \u00edgy a telefonsz\u00e1m amin el\u00e9rt\u00e9k, mag\u00e1ntelefonsz\u00e1m, \u00e9s kik\u00e9rte mag\u00e1nak, hogy \u201ezaklatj\u00e1k\u201d. A HVG munkat\u00e1rs\u00e1nak nem maradt lehet\u0151s\u00e9ge megk\u00e9rdezni, hogy a k\u00f6lt\u00f6z\u00e9snek k\u00f6ze van-e a form\u00e1l\u00f3d\u00f3 <a href=\"https:\/\/www.forbes.hu\/penz\/nvvh-unger-anna-elso-napok\/?_gl=1*z55ipg*_up*MQ..*_ga*MTkxODcyMjY0Ny4xNzg4MzM5MDU1*_ga_F73R2FJYMR*czE3ODgzMzkwNTUkbzEkZzEkdDE3ODgzMzkwNTUkajYwJGwwJGgyMTQxOTU2ODkx\">vagyonvisszaszerz\u00e9si folyamathoz.<\/a><\/p>\n<p>Az Orb\u00e1n R\u00e1hellel j\u00f3 viszonyt \u00e1pol\u00f3 Guller Zolt\u00e1nr\u00f3l t\u00f6bb cikk\u00fcnkben, k\u00f6zt\u00fck <a href=\"https:\/\/www.forbes.hu\/uzlet\/dol-a-penz-a-budapest-airportbol-a-ner-emberei-meg-mindig-ott-ulnek-a-vezetesben\/\">ebben<\/a> \u00e9s <a href=\"https:\/\/www.forbes.hu\/penz\/huvosvolgyi-luxusvillahoz-jutott-az-egyik-orban-lany\/\">ebben<\/a> \u00edrtunk a Forbes.hu-n.<\/p>\n<p><!-- No email blocks found --><\/p>\n<p>The post <a href=\"https:\/\/www.forbes.hu\/uzlet\/guller-zoltan-orban-rahel-magyarorszag-tavozas\/\">HVG: K\u00fclf\u00f6ldre k\u00f6lt\u00f6zhet Orb\u00e1n R\u00e1hel bizalmasa, miut\u00e1n t\u00f6bb NER-es poz\u00edci\u00f3j\u00e1t is elvesztette<\/a> appeared first on <a href=\"https:\/\/www.forbes.hu\/\">Forbes.hu<\/a>.<\/p><div id=\"friss-3764943601\" class=\"friss-etarget-cikk-vege friss-entity-placement\"><script type=\"text\/javascript\" id=\"etargetScript7a9b589f63cb072bef80df221f46a22b\">function etargetPostloadFunction7a9b589f63cb072bef80df221f46a22b(){var e=\"etargetPostload7a9b589f63cb072bef80df221f46a22b\",t=\"etargetScript7a9b589f63cb072bef80df221f46a22b\",o=document.getElementById(e);if(o){for(var n=o.offsetTop,d=o.offsetLeft,r=o.offsetWidth,a=o.offsetHeight;o.offsetParent;)o=o.offsetParent,n+=o.offsetTop,d+=o.offsetLeft;var i=(n<=window.pageYOffset+window.innerHeight&&d<window.pageXOffset+window.innerWidth&&n+a>window.pageYOffset&&d+r>window.pageXOffset);if(i&&etargetAllowOtherCheck){allowed=!1;var c=document.createElement(\"script\");return c.src=\"\/\/hu.search.etargetnet.com\/generic\/uni.php?g=ref:58661,area:700x210\",void(document.getElementById(t)&&document.getElementById(e)&&(document.getElementById(t).parentNode.appendChild(c),document.getElementById(t).parentNode.removeChild(document.getElementById(t)),document.getElementById(e).parentNode.removeChild(document.getElementById(e)),document.removeEventListener(\"scroll\",etargetPostloadFunction7a9b589f63cb072bef80df221f46a22b),document.removeEventListener(\"resize\",etargetPostloadFunction7a9b589f63cb072bef80df221f46a22b),document.removeEventListener(\"DOMContentLoaded\",etargetPostloadFunction7a9b589f63cb072bef80df221f46a22b)))}}}var etargetDivID=\"etargetPostload7a9b589f63cb072bef80df221f46a22b\",etargetScriptID=\"etargetScript7a9b589f63cb072bef80df221f46a22b\",etargetPostloadPoint=document.createElement(\"div\");etargetPostloadPoint.id=etargetDivID;var etargetCurScript=document.getElementById(etargetScriptID);etargetCurScript.parentNode.appendChild(etargetPostloadPoint),document.addEventListener(\"scroll\",etargetPostloadFunction7a9b589f63cb072bef80df221f46a22b),document.addEventListener(\"resize\",etargetPostloadFunction7a9b589f63cb072bef80df221f46a22b),document.addEventListener(\"DOMContentLoaded\",etargetPostloadFunction7a9b589f63cb072bef80df221f46a22b);var etargetAllowOtherCheck=!0;if(typeof(\"forceRunPostload\")==\"string\"){etargetPostloadFunction7a9b589f63cb072bef80df221f46a22b()}<\/script><\/div><div id=\"friss-1740705067\" class=\"friss-after-content friss-entity-placement\"><script type=\"text\/javascript\" id=\"etargetScript7a9b589f63cb072bef80df221f46a22b\">function etargetPostloadFunction7a9b589f63cb072bef80df221f46a22b(){var e=\"etargetPostload7a9b589f63cb072bef80df221f46a22b\",t=\"etargetScript7a9b589f63cb072bef80df221f46a22b\",o=document.getElementById(e);if(o){for(var n=o.offsetTop,d=o.offsetLeft,r=o.offsetWidth,a=o.offsetHeight;o.offsetParent;)o=o.offsetParent,n+=o.offsetTop,d+=o.offsetLeft;var i=(n<=window.pageYOffset+window.innerHeight&&d<window.pageXOffset+window.innerWidth&&n+a>window.pageYOffset&&d+r>window.pageXOffset);if(i&&etargetAllowOtherCheck){allowed=!1;var c=document.createElement(\"script\");return c.src=\"\/\/hu.search.etargetnet.com\/generic\/uni.php?g=ref:58661,area:700x210\",void(document.getElementById(t)&&document.getElementById(e)&&(document.getElementById(t).parentNode.appendChild(c),document.getElementById(t).parentNode.removeChild(document.getElementById(t)),document.getElementById(e).parentNode.removeChild(document.getElementById(e)),document.removeEventListener(\"scroll\",etargetPostloadFunction7a9b589f63cb072bef80df221f46a22b),document.removeEventListener(\"resize\",etargetPostloadFunction7a9b589f63cb072bef80df221f46a22b),document.removeEventListener(\"DOMContentLoaded\",etargetPostloadFunction7a9b589f63cb072bef80df221f46a22b)))}}}var etargetDivID=\"etargetPostload7a9b589f63cb072bef80df221f46a22b\",etargetScriptID=\"etargetScript7a9b589f63cb072bef80df221f46a22b\",etargetPostloadPoint=document.createElement(\"div\");etargetPostloadPoint.id=etargetDivID;var etargetCurScript=document.getElementById(etargetScriptID);etargetCurScript.parentNode.appendChild(etargetPostloadPoint),document.addEventListener(\"scroll\",etargetPostloadFunction7a9b589f63cb072bef80df221f46a22b),document.addEventListener(\"resize\",etargetPostloadFunction7a9b589f63cb072bef80df221f46a22b),document.addEventListener(\"DOMContentLoaded\",etargetPostloadFunction7a9b589f63cb072bef80df221f46a22b);var etargetAllowOtherCheck=!0;if(typeof(\"forceRunPostload\")==\"string\"){etargetPostloadFunction7a9b589f63cb072bef80df221f46a22b()}<\/script><\/div><div id=\"friss-3374435738\" class=\"friss-after-content_2 friss-entity-placement\" style=\"clear: both;\"><div class=\"wprss_ajax\" data-id=\"rsseb213a8090\"><img loading=\"lazy\" decoding=\"async\" src=\"https:\/\/friss-hirek.hu\/wp-content\/plugins\/wp-rss-retriever\/inc\/imgs\/ajax-loader.gif\" alt=\"Loading RSS Feed\" width=\"16\" height=\"16\"><\/div><\/div><br style=\"clear: both; display: block; float: none;\"\/><div id=\"friss-3161371272\" class=\"friss-after-content_3 friss-entity-placement\">https:\/\/www.youtube.com\/watch?v=Pdnw4KiUWp0<\/div>","protected":false},"excerpt":{"rendered":"<p>Guller Zolt\u00e1n dolgozott miniszt\u00e9riumban, ir\u00e1ny\u00edtotta a Magyar Turisztikai \u00dcgyn\u00f6ks\u00e9gen, \u00e9s \u00fclt NER-k\u00f6zeli c\u00e9gek fel\u00fcgyel\u0151bizotts\u00e1g\u00e1ban. K\u00f6zel \u00f6tbilli\u00f3 forintot \u00e9r a top 40 csal\u00e1di c\u00e9g, t\u00f6bb mint a negyed\u00e9t egyetlen szerepl\u0151 hozta \u00f6ssze \u2013 megjelent a Forbes 2026-os csal\u00e1di list\u00e1ja, ide kattintva tudod b\u00f6ng\u00e9szni! Mi t\u00f6rt\u00e9nt? T\u00e1vozhat Magyarorsz\u00e1gr\u00f3l a Fidesz-korm\u00e1ny alatt t\u00f6bb NER-kedvenc poz\u00edci\u00f3t is bet\u00f6lt\u0151 Guller [&hellip;]<\/p>\n","protected":false},"author":1,"featured_media":0,"comment_status":"open","ping_status":"open","sticky":false,"template":"","format":"standard","meta":{"footnotes":""},"categories":[7],"tags":[],"class_list":["post-171086","post","type-post","status-publish","format-standard","hentry","category-uzlet"],"amp_enabled":true,"_links":{"self":[{"href":"https:\/\/friss-hirek.hu\/index.php\/wp-json\/wp\/v2\/posts\/171086","targetHints":{"allow":["GET"]}}],"collection":[{"href":"https:\/\/friss-hirek.hu\/index.php\/wp-json\/wp\/v2\/posts"}],"about":[{"href":"https:\/\/friss-hirek.hu\/index.php\/wp-json\/wp\/v2\/types\/post"}],"author":[{"embeddable":true,"href":"https:\/\/friss-hirek.hu\/index.php\/wp-json\/wp\/v2\/users\/1"}],"replies":[{"embeddable":true,"href":"https:\/\/friss-hirek.hu\/index.php\/wp-json\/wp\/v2\/comments?post=171086"}],"version-history":[{"count":0,"href":"https:\/\/friss-hirek.hu\/index.php\/wp-json\/wp\/v2\/posts\/171086\/revisions"}],"wp:attachment":[{"href":"https:\/\/friss-hirek.hu\/index.php\/wp-json\/wp\/v2\/media?parent=171086"}],"wp:term":[{"taxonomy":"category","embeddable":true,"href":"https:\/\/friss-hirek.hu\/index.php\/wp-json\/wp\/v2\/categories?post=171086"},{"taxonomy":"post_tag","embeddable":true,"href":"https:\/\/friss-hirek.hu\/index.php\/wp-json\/wp\/v2\/tags?post=171086"}],"curies":[{"name":"wp","href":"https:\/\/api.w.org\/{rel}","templated":true}]}}