{"id":171089,"date":"2026-09-02T10:42:02","date_gmt":"2026-09-02T10:42:02","guid":{"rendered":"https:\/\/friss-hirek.hu\/index.php\/nyolcezer-kisreszvenyes-es-egy-tiborcz-istvan-nevvaltasra-es-felvasarlasi-dompingre-keszul-a-waberers\/friss-hirek\/"},"modified":"2026-09-02T10:42:02","modified_gmt":"2026-09-02T10:42:02","slug":"nyolcezer-kisreszvenyes-es-egy-tiborcz-istvan-nevvaltasra-es-felvasarlasi-dompingre-keszul-a-waberers","status":"publish","type":"post","link":"https:\/\/friss-hirek.hu\/index.php\/nyolcezer-kisreszvenyes-es-egy-tiborcz-istvan-nevvaltasra-es-felvasarlasi-dompingre-keszul-a-waberers\/uzlet\/","title":{"rendered":"Nyolcezer kisr\u00e9szv\u00e9nyes \u00e9s egy Tiborcz Istv\u00e1n: n\u00e9vv\u00e1lt\u00e1sra \u00e9s felv\u00e1s\u00e1rl\u00e1si d\u00f6mpingre k\u00e9sz\u00fcl a Waberer\u2019s"},"content":{"rendered":"<p><strong>Vit\u00e9zy D\u00e1vid miniszteri kinevez\u00e9s\u00e9n t\u00fal is b\u0151ven van oka az optimizmusra a hazai logisztika legismertebb szerepl\u0151j\u00e9nek: a Waberer\u2019s m\u00e1r r\u00e9g nem csak a kamionokr\u00f3l sz\u00f3l, \u00e9ppen ez\u00e9rt ker\u00fcltek most ziccerbe. Barna Zsolt eln\u00f6k-vez\u00e9rigazgat\u00f3val a lejt\u0151re ker\u00fcl\u0151 r\u00e9szv\u00e9nyr\u0151l, Vit\u00e9zyr\u0151l \u00e9s Tiborczr\u00f3l, valamint arr\u00f3l is besz\u00e9lgett\u00fcnk, mi\u00e9rt hagyta ott a M\u00c1V igazgat\u00f3s\u00e1g\u00e1t a v\u00e1laszt\u00e1s ut\u00e1n.<\/strong><\/p><div id=\"friss-663752500\" class=\"friss-etarget friss-entity-placement\"><script type=\"text\/javascript\" id=\"etargetScript7a9b589f63cb072bef80df221f46a22b\">function etargetPostloadFunction7a9b589f63cb072bef80df221f46a22b(){var e=\"etargetPostload7a9b589f63cb072bef80df221f46a22b\",t=\"etargetScript7a9b589f63cb072bef80df221f46a22b\",o=document.getElementById(e);if(o){for(var n=o.offsetTop,d=o.offsetLeft,r=o.offsetWidth,a=o.offsetHeight;o.offsetParent;)o=o.offsetParent,n+=o.offsetTop,d+=o.offsetLeft;var i=(n<=window.pageYOffset+window.innerHeight&&d<window.pageXOffset+window.innerWidth&&n+a>window.pageYOffset&&d+r>window.pageXOffset);if(i&&etargetAllowOtherCheck){allowed=!1;var c=document.createElement(\"script\");return c.src=\"\/\/hu.search.etargetnet.com\/generic\/uni.php?g=ref:58661,area:700x210\",void(document.getElementById(t)&&document.getElementById(e)&&(document.getElementById(t).parentNode.appendChild(c),document.getElementById(t).parentNode.removeChild(document.getElementById(t)),document.getElementById(e).parentNode.removeChild(document.getElementById(e)),document.removeEventListener(\"scroll\",etargetPostloadFunction7a9b589f63cb072bef80df221f46a22b),document.removeEventListener(\"resize\",etargetPostloadFunction7a9b589f63cb072bef80df221f46a22b),document.removeEventListener(\"DOMContentLoaded\",etargetPostloadFunction7a9b589f63cb072bef80df221f46a22b)))}}}var etargetDivID=\"etargetPostload7a9b589f63cb072bef80df221f46a22b\",etargetScriptID=\"etargetScript7a9b589f63cb072bef80df221f46a22b\",etargetPostloadPoint=document.createElement(\"div\");etargetPostloadPoint.id=etargetDivID;var etargetCurScript=document.getElementById(etargetScriptID);etargetCurScript.parentNode.appendChild(etargetPostloadPoint),document.addEventListener(\"scroll\",etargetPostloadFunction7a9b589f63cb072bef80df221f46a22b),document.addEventListener(\"resize\",etargetPostloadFunction7a9b589f63cb072bef80df221f46a22b),document.addEventListener(\"DOMContentLoaded\",etargetPostloadFunction7a9b589f63cb072bef80df221f46a22b);var etargetAllowOtherCheck=!0;if(typeof(\"forceRunPostload\")==\"string\"){etargetPostloadFunction7a9b589f63cb072bef80df221f46a22b()}<\/script><\/div>\n<p><em>Az interj\u00fat a Forbes Money h\u00edrlev\u00e9l feliratkoz\u00f3i m\u00e1r h\u00e9tf\u0151n olvashatt\u00e1k.\u00a0<a href=\"https:\/\/forbes.us14.list-manage.com\/subscribe?u=20fc2946df0b39d3d845208f3&amp;id=15a487a7cb\" target=\"_blank\" rel=\"noreferrer noopener\">Iratkozz fel, ha te is szeretn\u00e9l el\u0151bb \u00e9rtes\u00fclni exkluz\u00edv tartalmainkr\u00f3l<\/a>!<\/em><\/p>\n<p><strong>Forbes.hu: Vit\u00e9zy D\u00e1vid miniszteri bejelent\u00e9sekor volt egy <a href=\"https:\/\/www.linkedin.com\/posts\/activity-7453507892307218432-KkBo?utm_source=share&amp;utm_medium=member_desktop&amp;rcm=ACoAACl0NowBxRcTUke9bsN2Y53xTbOpsgWyQd4\">posztod<\/a>, miszerint nagy \u00f6r\u00f6m sz\u00e1modra, hogy ism\u00e9t szakmai ir\u00e1ny\u00edt\u00e1sa lesz a k\u00f6zleked\u00e9spolitik\u00e1nak. L\u00e1tszik m\u00e1r az a szakmai fordulat, amit akkor rem\u00e9lt\u00e9l?<\/strong><\/p>\n<p><strong>Barna Zsolt<\/strong>: Szerintem nagyon sok minden v\u00e1ltozott az elm\u00falt id\u0151szakhoz k\u00e9pest. Ezzel nem az el\u0151z\u0151 miniszt\u00e9riumot szeretn\u00e9m min\u0151s\u00edteni, de alapvet\u0151en egy nyitottabb egy\u00fcttm\u0171k\u00f6d\u00e9s kialakul\u00e1s\u00e1nak lehet\u0151s\u00e9ge l\u00e1tszik az \u00e9rdekk\u00e9pviseletek, illetve a miniszt\u00e9rium k\u00f6z\u00f6tt.<\/p>\n<p>Sokkal k\u00f6zvetlenebb a kommunik\u00e1ci\u00f3 a jelenlegi miniszterrel, akinek szerintem ez a habitus\u00e1b\u00f3l is ad\u00f3dik. \u00c9s szakmais\u00e1g tekintet\u00e9ben is azt gondolom, hogy k\u00f6zelebb van a k\u00f6zleked\u00e9si szakpolitik\u00e1hoz a jelenlegi miniszter, mint a kor\u00e1bbi id\u0151szakban ez jellemz\u0151 volt.<\/p>\n<div class=\"related-post-links\">\n<p>\t\t<span class=\"related-post-links__title minititle\">T\u00f6bb ebb\u0151l<\/span><\/p>\n<div class=\"related-post-links__link-wrapper\">\n\t\t\t\t<a href=\"https:\/\/www.forbes.hu\/uzlet\/hirtelen-elmult-a-strategiai-nyugalom-piacrombolo-lehet-ahogyan-hernadi-zsoltek-logisztikai-szolgaltatoja-dontott-a-kormanyvaltas-es-kozel-tizmilliard-forint-veszteseg-ut\/\" class=\"related-post-links__link\">Piacrombol\u00f3 lehet, ahogyan Hern\u00e1di Zsolt\u00e9k\u00a0logisztikai szolg\u00e1ltat\u00f3ja d\u00f6nt\u00f6tt a korm\u00e1nyv\u00e1lt\u00e1s \u00e9s k\u00f6zel t\u00edzmilli\u00e1rd forint\u00a0vesztes\u00e9g ut\u00e1n<\/a>\n\t\t\t<\/div>\n<\/div>\n<p><strong>Mennyire k\u00f6zvetlen ez a kapcsolat?<\/strong><\/p>\n<p>A lehet\u0151 legk\u00f6zvetlenebbet kell elk\u00e9pzelni. A jelenlegi k\u00f6zleked\u00e9si miniszter, hogyha sz\u00fcks\u00e9ges, nem rest be\u00fclni a mozdonyvezet\u0151 mell\u00e9, de k\u00f6t\u00f6ttebb keretek k\u00f6z\u00f6tt is tal\u00e1lkozik az \u00e9rdekk\u00e9pviseletekkel, a legnagyobb hazai szerepl\u0151kkel, v\u00e1llalatvezet\u0151kkel \u00e9s munkav\u00e1llal\u00f3kkal. Kik\u00e9ri a v\u00e9lem\u00e9ny\u00fcket, akt\u00edv besz\u00e9lget\u00e9s folyik nemcsak k\u00f6zleked\u00e9spolitikai k\u00e9rd\u00e9sekr\u0151l, hanem a gazdas\u00e1g, a hazai versenyk\u00e9pess\u00e9g \u00e9s a logisztika k\u00e9rd\u00e9seir\u0151l is.<\/p>\n<blockquote class=\"wp-block-quote is-layout-flow wp-block-quote-is-layout-flow\">\n<p>Sokan miniszter urat a k\u00f6z\u00f6ss\u00e9gi k\u00f6zleked\u00e9s rajong\u00f3jak\u00e9nt l\u00e1tj\u00e1k, de enn\u00e9l sokkal sz\u00e9lesebb k\u00f6rben konzult\u00e1l a szakm\u00e1val.<\/p>\n<\/blockquote>\n<div class=\"highlighted-text\">\n<p>\t\t<span class=\"highlighted-text__title minititle\">Err\u0151l sz\u00f3l m\u00e9g a cikk<\/span><\/p>\n<div class=\"highlighted-text__content\">\n<ul>\n<li>Mi\u00e9rt t\u00e1vozott a M\u00c1V igazgat\u00f3s\u00e1g\u00e1b\u00f3l Barna Zsolt?<\/li>\n<li>Mennyire hat ki az \u00fczletmenetre Tiborcz Isv\u00e1n t\u00f6bbs\u00e9gi tulajdona?<\/li>\n<li>Mikor hagyja maga m\u00f6g\u00f6tt r\u00e9gi nev\u00e9t a Waberer\u2019s?<\/li>\n<li>Hogy lehetne egy mozdulattal megoldani az elektromos kamionok legnagyobb gondj\u00e1t?<\/li>\n<\/ul><\/div>\n<\/div>\n<div class=\"post-content-soft-paywall\">\n<p><strong>Vannak m\u00e1r k\u00e9zzelfoghat\u00f3 eredm\u00e9nyei is ennek a fordulatnak?\u00a0<\/strong><\/p>\n<p>Kor\u00e1bban az \u00e9rdekk\u00e9pviseletek versengtek egym\u00e1ssal, hogy k\u00fcl\u00f6nb\u00f6z\u0151 koncepci\u00f3kkal ki tud min\u00e9l gyorsabban bejutni az adott miniszterhez vagy \u00e1llamtitk\u00e1rhoz, \u00e9s sokszor nem mutatott egy egys\u00e9ges arculatot az \u00e9rdekk\u00e9pviseleti m\u0171k\u00f6d\u00e9s. Az elm\u00falt \u00e9vekben ebben nagyon komoly fordulat j\u00f6tt l\u00e9tre. L\u00e9trej\u00f6tt a logisztikai egyeztet\u0151 f\u00f3rum, ami gyakorlatilag \u00f6sszefogja az \u00e9rdekk\u00e9pviseletek javaslatait.<\/p>\n<p>Azt gondolom, a k\u00f6zleked\u00e9si szakma ma egys\u00e9gesen \u00fagy l\u00e1tja, hogy a j\u00f6v\u0151 legnehezebb feladata a k\u00f6rnyezettudatoss\u00e1gon, illetve a digitaliz\u00e1ci\u00f3n t\u00fal, hogy a k\u00fcl\u00f6nb\u00f6z\u0151 k\u00f6zleked\u00e9si al\u00e1gazatokat hogy lehet \u00f6sszehangolni egy hat\u00e9kony logisztikai l\u00e1nc kialak\u00edt\u00e1sa \u00e9rdek\u00e9ben.<\/p>\n<p>Ez Magyarorsz\u00e1gon most a legink\u00e1bb intermod\u00e1lis sz\u00e1ll\u00edt\u00e1sok ter\u00e9n mutatkozik meg, termin\u00e1lfejleszt\u00e9sek, kont\u00e9neres, illetve f\u00e9lp\u00f3tkocsis sz\u00e1ll\u00edt\u00e1sok vas\u00fatra t\u00f6rt\u00e9n\u0151 terel\u00e9s\u00e9ben. Ebben a k\u00e9rd\u00e9sben p\u00e9ld\u00e1ul sokkal nagyobb a nyitotts\u00e1g a javaslatokra \u00e9s az egy\u00fcttm\u0171k\u00f6d\u00e9sre a jelenlegi miniszt\u00e9rium r\u00e9sz\u00e9r\u0151l.<\/p>\n<p>Nyilv\u00e1n ebben van egy vas\u00fati al\u00e1gazati k\u00e9rd\u00e9s is, de alapvet\u0151en azt el lehet mondani, \u00e9s az is egy nagy el\u0151rel\u00e9p\u00e9s, hogy most m\u00e1r a vas\u00fat \u00e9s a szakma sem vet\u00e9lyt\u00e1rsk\u00e9nt n\u00e9z a k\u00f6z\u00fatra. Hanem mindenki azt l\u00e1tja, hogy a k\u00f6z\u00fati \u00e9s vas\u00fati szakm\u00e1nak a fejl\u0151d\u00e9si, illetve t\u00fal\u00e9l\u00e9si es\u00e9lyei jelent\u0151sen javulnak, hogyha egy \u00f6sszefog\u00e1s van a k\u00e9t al\u00e1gazat k\u00f6z\u00f6tt.<\/p>\n<p><strong>R\u00e1j\u00f6tt\u00fcnk, hogy nem nulla \u00f6sszeg\u0171 a j\u00e1t\u00e9k.<\/strong><\/p>\n<p>Igen. Ez most lehet, hogy megmosolyogtat\u00f3an hangzik, de nem volt mindig jellemz\u0151, f\u0151leg nem a karrierem kezdet\u00e9n.<\/p>\n<p><strong>Sok sz\u00f3 esett a vas\u00fatr\u00f3l, t\u00e9ged szem\u00e9lyesen is \u00e9rint, k\u00e9t \u00e9vig igazgat\u00f3s\u00e1gi tag volt\u00e1l a M\u00c1V-n\u00e1l. K\u00e9t h\u00f3napja lemondt\u00e1l err\u0151l a tiszts\u00e9gedr\u0151l, mi\u00e9rt?<\/strong><\/p>\n<p>A \u2013 most m\u00e1r nyilv\u00e1nos \u2013\u00a0Baross G\u00e1bor Terv sokkal szorosabb kooper\u00e1ci\u00f3t \u00e9s koordin\u00e1ci\u00f3t ig\u00e9nyel a miniszt\u00e9rium \u00e9s a jelenlegi legnagyobb hazai vas\u00fatt\u00e1rsas\u00e1g k\u00f6z\u00f6tt, mint ez a kor\u00e1bbi id\u0151szakban sz\u00fcks\u00e9ges volt. Ez azt is jelenti, hogy a k\u00f6vetkez\u0151 \u00e9vekben a legfontosabb nemcsak annak a megold\u00e1sa lesz, hogy piaci alapon tudjon m\u0171k\u00f6dni Magyarorsz\u00e1g egyik legjelent\u0151sebb vas\u00fatv\u00e1llalata, hanem hogy ezt a meg\u00fajul\u00e1st a rendelkez\u00e9sre \u00e1ll\u00f3 EU-s forr\u00e1sok lehet\u0151 leghat\u00e9konyabb felhaszn\u00e1l\u00e1s\u00e1val tudja v\u00e9grehajtani.<\/p>\n<p>Ez azt ig\u00e9nyli, hogy a miniszt\u00e9rium \u00e9s a M\u00c1V k\u00f6z\u00f6tti kapcsolat szorosabb\u00e1 v\u00e1ljon a kor\u00e1bbi id\u0151szakhoz k\u00e9pest. \u00dagy gondolom, ebben nincs sz\u00fcks\u00e9g egy k\u00f6ztes, ak\u00e1r m\u00e1s szeml\u00e9lettel is rendelkez\u0151 igazgat\u00f3s\u00e1gra, ez volt a f\u0151 oka a t\u00e1voz\u00e1somnak.<\/p>\n<blockquote class=\"wp-block-quote is-layout-flow wp-block-quote-is-layout-flow\">\n<p>Mondhatn\u00e1nk persze, hogy ez most egy kicsit k\u00e9zi vez\u00e9rl\u00e9st tesz lehet\u0151v\u00e9 a m\u00e1sik oldalnak, de szerintem mikor egy ekkora beruh\u00e1z\u00e1s el\u0151tt \u00e1ll a hazai vas\u00fati infrastrukt\u00fara, akkor erre sz\u00fcks\u00e9g is van.<\/p>\n<\/blockquote>\n<figure class=\"wp-block-image size-full\">\n<div class=\"photo-credit-wrapper\"><img decoding=\"async\" width=\"2560\" height=\"1707\" loading=\"lazy\" src=\"https:\/\/cdn.forbes.hu\/uploads\/2026\/09\/Barna_Zsolt_Waberers_260826_RD_012-scaled.jpg\" alt=\"Barna Zsolt, a Waberer&apos;s eln\u00f6k-vez\u00e9rigazgat\u00f3ja\" class=\"wp-image-798666\" \/>\n<div class=\"photo-credit\">\n            <img decoding=\"async\" loading=\"lazy\" class=\"photo-credit__icon\" src=\"https:\/\/www.forbes.hu\/wp-content\/themes\/frontend\/atoms\/photo-credit\/icon-info.svg\" alt=\"info\" \/><br \/>\n            <span class=\"photo-credit__label\">R\u00e1nki D\u00e1niel \/ Forbes<\/span>\n        <\/div>\n<\/div><figcaption class=\"wp-element-caption\">Barna Zsolt, a Waberer\u2019s eln\u00f6k-vez\u00e9rigazgat\u00f3ja. Fot\u00f3: R\u00e1nki D\u00e1niel\/Forbes<\/figcaption><\/figure>\n<p><strong>Besz\u00e9lj\u00fcnk a Waberer\u2019sr\u0151l. Az idei els\u0151 f\u00e9l\u00e9vben az er\u0151s forint \u00e9s a magas \u00fczemanyag\u00e1rak is szembesz\u00e9l voltak nektek, de az eredm\u00e9nyen nem is igaz\u00e1n l\u00e1tszik meg. Mir\u0151l sz\u00f3lt neked a c\u00e9g els\u0151 f\u00e9l\u00e9ve?<\/strong><\/p>\n<p>Nagyon b\u00fcszk\u00e9k vagyunk r\u00e1, \u00e9s persze eredm\u00e9nytermel\u00e9s szempontj\u00e1b\u00f3l sem utols\u00f3, hogy befejez\u0151d\u00f6tt a Posta Biztos\u00edt\u00f3k integr\u00e1l\u00e1sa a c\u00e9gcsoportba. A Magyar Posta Biztos\u00edt\u00f3 Zrt. 100 sz\u00e1zal\u00e9kos tulajdonszerz\u00e9s\u00e9vel a nem-\u00e9letbiztos\u00edt\u00e1si v\u00e1llalat gyakorlatilag teljes tulajdonba ker\u00fclt, ezzel jelent\u0151s hat\u00e9konys\u00e1gjavul\u00e1st \u00e9rt\u00fcnk el. Hasonl\u00f3 fejl\u0151d\u00e9st \u00e9rt\u00fcnk el a k\u00f6zel 70 sz\u00e1zal\u00e9kos tulajdonunkban l\u00e9v\u0151 Magyar Posta \u00c9letbiztos\u00edt\u00f3 Zrt. eredm\u00e9nyeiben is.<\/p>\n<p>M\u00e1sr\u00e9szr\u0151l b\u00fcszke vagyok azokra a term\u00e9kfejleszt\u00e9si l\u00e9peseinkre is, amik egyel\u0151re csak a boszork\u00e1nykonyh\u00e1ban k\u00e9sz\u00fclnek, \u00e9s megalapozz\u00e1k majd a k\u00f6vetkez\u0151 \u00e9vek n\u00f6veked\u00e9s\u00e9t.\u00a0<\/p>\n<p>Amellett a t\u00e9ny mellett sem menn\u00e9k el, hogy logisztika ter\u00e9n nemcsak a k\u00f6lts\u00e9gnyom\u00e1s, hanem a digitaliz\u00e1ci\u00f3 \u00e9s az eur\u00f3pai ell\u00e1t\u00e1si l\u00e1ncok \u00e1talakul\u00e1sa is nagyon nagy hull\u00e1mokat vet, ez\u00e9rt kiemelten fontoss\u00e1 v\u00e1lt a reziliens magatart\u00e1ssal rendelkez\u00e9s, ami egy ekkora v\u00e1llalat eset\u00e9ben nem egyszer\u0171. Ez\u00e9rt \u00faj szervezeti strukt\u00far\u00e1val indultunk neki az \u00e9vnek, javult az \u00fcgyf\u00e9lkiszolg\u00e1l\u00e1si \u00e9s kapcsolattart\u00e1si k\u00e9pess\u00e9g\u00fcnk, ezzel olyan digit\u00e1lis \u00e1talakul\u00e1s indult el v\u00e1llalatcsoporton bel\u00fcl, ami azt gondolom, a j\u00f6v\u0151ben m\u00e1r meg tudja mutatni a hat\u00e1s\u00e1t.\u00a0<\/p>\n<p><strong>A gyorsjelent\u00e9s ut\u00e1n besz\u00e9ltetek r\u00f3la, hogy a korm\u00e1ny gazdas\u00e1gpolitik\u00e1j\u00e1nak egyel\u0151re nem ismert elemei \u00e9s hat\u00e1sai, a vend\u00e9gmunk\u00e1sokra vonatkoz\u00f3 szab\u00e1lytervezetek, illetve a r\u00e9gi\u00f3s ipari teljes\u00edtm\u00e9ny visszaes\u00e9se miatt \u00fajragondolj\u00e1tok valamelyest az el\u0151ttetek \u00e1ll\u00f3 id\u0151szakot. Mit jelent ez a gyakorlatban?<\/strong><\/p>\n<p>Az egyik legfontosabb k\u00e9rd\u00e9s, hogy az el\u0151z\u0151 id\u0151szak FDI-beruh\u00e1z\u00e1sai mikor v\u00e1lnak Magyarorsz\u00e1gon olyan fejletts\u00e9gi szint\u0171v\u00e9, amelyek m\u00e1r sz\u00e1mottev\u0151 logisztikai ig\u00e9nyeket gener\u00e1lnak. E tekintetben azt l\u00e1tjuk, hogy mindegyik beruh\u00e1z\u00e1s halad, de sokkal lassabb \u00fctemben, mint ahogyan ezeket kor\u00e1bban beharangozt\u00e1k.<\/p>\n<p>Itt els\u0151sorban gondolhatunk a szegedi fejleszt\u00e9sekre, illetve a debreceni beruh\u00e1z\u00e1sokra is, ahol egyel\u0151re azt l\u00e1tjuk, hogy ezen FDI-beruh\u00e1z\u00e1sok j\u00f3val kisebb kapacit\u00e1ssal m\u0171k\u00f6dnek, mint amire eleinte sz\u00e1m\u00edtani lehetett. E tekintetben van egy \u00fajratervez\u00e9s, hogy azokat a beruh\u00e1z\u00e1sokat, amelyeket Szegedre, illetve Debrecenre tervezt\u00fcnk, azokat k\u00e9s\u0151bb vagy lassabb \u00fctemben val\u00f3s\u00edtjuk meg, de m\u00e9g v\u00e9letlen\u00fcl sem mondunk r\u00f3luk.<\/p>\n<blockquote class=\"wp-block-quote is-layout-flow wp-block-quote-is-layout-flow\">\n<p>A v\u00e1laszt\u00e1si eredm\u00e9nyeket k\u00f6vet\u0151en a Magyarorsz\u00e1g ir\u00e1nti \u00e9rdekl\u0151d\u00e9s jelent\u0151s m\u00e9rt\u00e9kben megn\u0151tt, ezzel p\u00e1rhuzamosan pedig azt is l\u00e1tjuk, hogy a k\u00f6rnyez\u0151 orsz\u00e1gokban t\u00f6bb lehet\u0151s\u00e9g mutatkozik ak\u00e1r akviz\u00edci\u00f3s, ak\u00e1r fejleszt\u00e9si lehet\u0151s\u00e9gekre is.<\/p>\n<\/blockquote>\n<p>Nek\u00fcnk most fel kell \u00e1ll\u00edtanunk ezek k\u00f6zt egy preferenciasorrendet, hiszen a v\u00e1llalatnak a beruh\u00e1z\u00f3k\u00e9pess\u00e9ge az\u00e9rt nem v\u00e9gtelen. Azt is \u00e1t kell gondoljuk, hogy f\u00f6ldrajzilag merre szeretn\u00e9nk helyezni a f\u00f3kuszt. Kor\u00e1bban legink\u00e1bb a Balk\u00e1n fel\u00e9 pr\u00f3b\u00e1ltunk beruh\u00e1z\u00e1sokat v\u00e9grehajtani, ez tov\u00e1bbra is ter\u00edt\u00e9ken van, de emellett egyre ink\u00e1bb nyitunk Szlov\u00e1kia, Ausztria vagy a nyugati orsz\u00e1gok ir\u00e1ny\u00e1ba is.<\/p>\n<p><strong>A versenyt\u00e1rsak felv\u00e1s\u00e1rl\u00e1s\u00e1r\u00f3l m\u00e1r a gyorsjelent\u00e9s ut\u00e1n is besz\u00e9ltetek, mekkora c\u00e9geket n\u00e9ztetek ki magatoknak?<\/strong><\/p>\n<p>Rendk\u00edv\u00fcl sz\u00e9les ennek a projektnek a spektruma. Alapvet\u0151en azt vizsg\u00e1ljuk, hogy melyik akviz\u00edci\u00f3 az, ami legink\u00e1bb szolg\u00e1lja a n\u00f6veked\u00e9si terveinket, \u00e9s nem terheli meg a v\u00e1llalatnak az eredm\u00e9nytermel\u0151 k\u00e9pess\u00e9g\u00e9t, ak\u00e1r r\u00f6vid t\u00e1von sem. E tekintetben az\u00e9rt nem olyan egyszer\u0171 d\u00f6nt\u00e9seket hozni, mert \u00e1ltal\u00e1ban ezek a v\u00e1llalatok az\u00e9rt ker\u00fclnek elad\u00f3sorba, mert vagy struktur\u00e1lis, vagy eredm\u00e9nyess\u00e9gi probl\u00e9m\u00e1val k\u00fczdenek.\u00a0<\/p>\n<p>Strat\u00e9giailag ek\u00f6zben azt vizsg\u00e1ljuk, hogyan tudn\u00e1nk az eur\u00f3pai, els\u0151sorban a r\u00e9gi\u00f3s jelenl\u00e9t\u00fcnket n\u00f6velni. Itt lehet ak\u00e1r azokra az orsz\u00e1gokra is gondolni, ahol m\u00e1r jelen vagyunk, s\u0151t, ak\u00e1r Magyarorsz\u00e1gra is, hiszen itthon is l\u00e1tunk olyan logisztikai, vagy ak\u00e1r csal\u00e1di v\u00e1llalkoz\u00e1sok tekintet\u00e9ben is lehets\u00e9ges c\u00e9lpontokat, amelyek jelenleg valamilyen butikjelleg\u0171 szolg\u00e1ltat\u00e1st v\u00e9geznek, \u00e9s n\u00f6velhetn\u00e9k a Waberer\u2019s csoport visszat\u00e9r\u0151 szolg\u00e1ltat\u00e1si ar\u00e1ny\u00e1t, \u00edgy magasabb profitr\u00e1t\u00e1t eredm\u00e9nyezhetnek a jelenlegi szinthez k\u00e9pest.\u00a0<\/p>\n<p>Vannak olyan c\u00e9lpontok, amelyek a Waberer\u2019s jelenlegi m\u00e9ret\u00e9vel \u00f6sszehasonl\u00edthat\u00f3k, 800\u20131000 milli\u00f3 eur\u00f3s \u00e1rbev\u00e9tellel, \u00e9s olyan kisebb v\u00e1llalatok is, amelyek a 30\u201350 milli\u00f3 eur\u00f3s \u00e1rbev\u00e9tel kateg\u00f3ri\u00e1j\u00e1ba esnek.<\/p>\n<p><strong>Id\u0151vonalatok van e t\u00e9ren?<\/strong><\/p>\n<p>Nem szeretn\u00e9k elhamarkodottan erre v\u00e1laszt adni.<\/p>\n<p><strong>Eml\u00edtetted, hogy azok a gy\u00e1rberuh\u00e1z\u00e1sok, amik nektek jelent\u0151s megrendel\u00e9seket eredm\u00e9nyezn\u00e9nek, m\u00e9g nem \u00fczemelnek teljes kapacit\u00e1son. A korm\u00e1ny ek\u00f6zben szigor\u00faan tervez fell\u00e9pni a vend\u00e9gmunk\u00e1sok ellen, akik a munkaer\u0151 magj\u00e1t adhatn\u00e1k ezeken a helyeken. Merre mutat ennek a helyzetnek az ered\u0151je?<\/strong><\/p>\n<p>Nem akarn\u00e9k gazdas\u00e1gpolitik\u00e1ba belemenni, de az \u00e9let alapvet\u0151en mindig a racionalit\u00e1s ir\u00e1ny\u00e1ba mozdul. A jelenlegi korm\u00e1ny alig sz\u00e1z napja van hivatalban, ez\u00e9rt szerintem id\u0151t kell hagyni arra, hogy az egyes k\u00e9rd\u00e9sekre adott v\u00e1laszai kiforrjanak, \u00e9s a v\u00e1laszt\u00e1si id\u0151szak ut\u00e1n a korm\u00e1nyzati munka nyugodtabb mederbe ker\u00fclj\u00f6n.<\/p>\n<p>Mi ugyanakkor optimist\u00e1k vagyunk, f\u0151leg, hogy ezzel p\u00e1rhuzamosan azt is l\u00e1tjuk, hogy \u00edgy is vannak j\u00f3 lehet\u0151s\u00e9gek a piacunkon.<\/p>\n<blockquote class=\"wp-block-quote is-layout-flow wp-block-quote-is-layout-flow\">\n<p>Nemsok\u00e1ra, rem\u00e9lhet\u0151leg n\u00e9h\u00e1ny h\u00e9ten bel\u00fcl be tudunk jelenteni egy nyugat-magyarorsz\u00e1gi projektet, ami egy ausztriai v\u00e1llalat hazai beruh\u00e1z\u00e1s\u00e1t \u00e9rinti.<\/p>\n<\/blockquote>\n<p>Ahogy kor\u00e1bban eml\u00edtettem, \u00fagy l\u00e1tjuk, hogy lassabban, de folyamatosan \u00e9rnek be az elm\u00falt \u00e9vek r\u00e9gi\u00f3s FDI-beruh\u00e1z\u00e1sai, amelyek \u00faj logisztikai ig\u00e9nyeket gener\u00e1lnak. A v\u00e1s\u00e1rl\u00f3er\u0151-parit\u00e1s er\u0151s\u00f6d\u00e9si potenci\u00e1lj\u00e1r\u00f3l nem is besz\u00e9lve.\u00a0<\/p>\n<p><strong>A gy\u00e1rberuh\u00e1z\u00e1sok lassul\u00e1sa mellett a rakt\u00e1rfejleszt\u00e9sek \u00fagy egy\u00e9bk\u00e9nt sem indultak meg, hiszen nincs meg a kell\u0151 ig\u00e9ny az ipar gyeng\u00e9lked\u00e9se miatt. Ezen a fronton milyen v\u00e1rakoz\u00e1said vannak?<\/strong><\/p>\n<p>Komoly fejleszt\u00e9sek el\u0151tt \u00e1llunk, p\u00e9ld\u00e1ul Budapest k\u00f6rny\u00e9k\u00e9n is. Az elm\u00falt hetekben \u00edrtunk al\u00e1 Ecseren egy 44 hekt\u00e1ros f\u00f6ldv\u00e1s\u00e1rl\u00e1si szerz\u0151d\u00e9st, ott egy korszer\u0171 h\u0171t\u0151-fagyaszt\u00f3 rakt\u00e1rfejleszt\u00e9st ind\u00edtunk el, mintegy 18 milli\u00e1rd forint \u00e9rt\u00e9kben. Energiahat\u00e9konys\u00e1g szempontj\u00e1b\u00f3l a jelenlegi megold\u00e1sunkhoz k\u00e9pest jelent\u0151sen er\u0151sebb, ez\u00e1ltal kedvez\u0151bb \u00fczemeltet\u00e9si hat\u00e9konys\u00e1ggal fog rendelkezni.\u00a0<\/p>\n<p>A hagyom\u00e1nyos rakt\u00e1rakn\u00e1l azt kell l\u00e1tni, hogy t\u00falk\u00edn\u00e1lat van Budapest k\u00f6rny\u00e9k\u00e9n. Ez a rakt\u00e1rb\u00e9rleti d\u00edjak es\u00e9s\u00e9hez vezethet, a logisztika pedig ebb\u0151l ak\u00e1r m\u00e9g profit\u00e1lhat is. A cs\u00f6kken\u0151 \u00e1rak n\u00f6vekv\u0151 logisztikai aktivit\u00e1st hozhatnak Magyarorsz\u00e1gra, \u00edgy Budapestre is t\u00f6bb projekt \u00e9rkezhet, hiszen most m\u00e1r nemcsak orsz\u00e1gon bel\u00fcl versenyeznek a logisztikai szolg\u00e1ltat\u00f3k egym\u00e1ssal, hanem r\u00e9gi\u00f3n bel\u00fcl egyes orsz\u00e1gok is versenyeznek egy-egy logisztikai projekt\u00e9rt.<\/p>\n<p>Magyarorsz\u00e1g az elm\u00falt \u00e9vekben sajnos az \u00fatd\u00edj \u00e9s az infl\u00e1ci\u00f3s hat\u00e1sok miatt versenyk\u00e9ptelenebb\u00e9 v\u00e1lt logisztikai t\u00e9ren, ezen n\u00e9mileg most a gyeng\u00fcl\u0151 infl\u00e1ci\u00f3, illetve az alacsonyabb rakt\u00e1rb\u00e9rleti d\u00edjak seg\u00edthetnek.<\/p>\n<p><strong>Hogy \u00e1lltok az elektromos \u00e1t\u00e1ll\u00e1ssal sz\u00e1ll\u00edtm\u00e1nyoz\u00e1s ter\u00e9n? Egy \u00e9ve azt mondt\u00e1tok, hogy alulfejlett a t\u00f6lt\u00e9si infrastrukt\u00fara, \u00e9s ez nagyban korl\u00e1tozza a szektor z\u00f6ld\u00fcl\u00e9s\u00e9t.\u00a0<\/strong><\/p>\n<p>A M\u00c1V-Vol\u00e1n csoport nagyon komoly t\u00f6lt\u0151-infrastrukt\u00far\u00e1t \u00e9p\u00edtett ki az elm\u00falt \u00f6t \u00e9vben. Ez egyel\u0151re az \u00e9n v\u00e9lem\u00e9nyem, de ha ezeknek a publikuss\u00e1 t\u00e9tel\u00e9re megny\u00edlik a lehet\u0151s\u00e9g, azzal minden f\u00e9l j\u00f3l j\u00e1rna. A Vol\u00e1n sz\u00e1m\u00e1ra jelent\u0151s bev\u00e9telt hozna, hiszen ezeknek a t\u00f6lt\u0151knek a kihaszn\u00e1lts\u00e1ga, \u00edgy megt\u00e9r\u00fcl\u00e9se is jelent\u0151sen tudna javulni, a v\u00e1llalkoz\u00e1sok el\u0151tt pedig megny\u00edlna egy olyan, m\u00e1r k\u00e9sz infrastrukt\u00fara, ami a legnagyobb elektrifik\u00e1ci\u00f3s probl\u00e9m\u00e1t jelent\u0151s m\u00e9rt\u00e9kben orvosolni tudja.<\/p>\n<p>A piaci szerepl\u0151k k\u00f6r\u00e9ben ett\u0151l f\u00fcggetlen\u00fcl is zajlik egy komoly egyeztet\u00e9s a megfelel\u0151 infrastrukt\u00fara kialak\u00edt\u00e1s\u00e1r\u00f3l. \u00dagy gondolom, ak\u00e1r az EU-s t\u00e1mogat\u00e1si lehet\u0151s\u00e9gek megny\u00edl\u00e1s\u00e1val, ak\u00e1r b\u00e1rmilyen, c\u00e9lzott korm\u00e1nyzati t\u00e1mogat\u00e1ssal ez gyorsabban fog tudni haladni, ebben optimist\u00e1k vagyunk.\u00a0<\/p>\n<blockquote class=\"wp-block-quote is-layout-flow wp-block-quote-is-layout-flow\">\n<p>Azt ugyanakkor ism\u00e9t kiemeln\u00e9m, hogy itt van el\u0151tt\u00fcnk egy jelent\u0151s ki\u00e9p\u00edtetts\u00e9g\u0171, haszn\u00e1latra teljes m\u00e9rt\u00e9kben alkalmas t\u00f6lt\u0151h\u00e1l\u00f3zat, amit csak meg kellene nyitni a nagyk\u00f6z\u00f6ns\u00e9g ir\u00e1ny\u00e1ba. Ez egy nagyon komoly lehet\u0151s\u00e9g lenne a fuvaros v\u00e1llalkoz\u00e1sok sz\u00e1m\u00e1ra.<\/p>\n<\/blockquote>\n<p><strong>Sokat besz\u00e9lt\u00fcnk m\u00e1r logisztik\u00e1r\u00f3l, de az elm\u00falt \u00e9vekben a biztos\u00edt\u00e1si szegmensben is komoly kapacit\u00e1sokat \u00e9p\u00edtettetek ki. Mennyire van k\u00e9sz ez az \u00e9p\u00edtkez\u00e9s?<\/strong><\/p>\n<p>A biztos\u00edt\u00e1si szegmens alapvet\u0151en m\u00e1r miniholdingk\u00e9nt m\u0171k\u00f6dik. Az volt a c\u00e9lunk, hogy a Gr\u00e1nit Biztos\u00edt\u00f3, a magyar piac egyik legk\u00f6lts\u00e9ghat\u00e9konyabb biztos\u00edt\u00f3j\u00e1nak \u00f6kosziszt\u00e9m\u00e1ja a Posta Biztos\u00edt\u00f3k sz\u00e1m\u00e1ra is el\u00e9rhet\u0151 legyen, ez\u00e1ltal javuljon az eredm\u00e9nytermel\u0151-k\u00e9pess\u00e9ge.<\/p>\n<p>Jelen pillanatban ez a h\u00e1rom biztos\u00edt\u00f3 m\u00e1r lefedi a legfontosabb Magyarorsz\u00e1gon el\u00e9rhet\u0151 biztos\u00edt\u00e1si m\u00f3dozatokat, \u00e9s nagyon komoly lehet\u0151s\u00e9g van a biztos\u00edt\u00e1si term\u00e9kek disztrib\u00faci\u00f3j\u00e1ban is. Hiszen a Gr\u00e1nit Biztos\u00edt\u00f3 els\u0151sorban alkuszokon kereszt\u00fcl vagy elektronikusan \u00e9rt\u00e9kes\u00edt, a Posta Biztos\u00edt\u00f3k pedig a hagyom\u00e1nyos, k\u00f6zvetlen alkusz-vev\u0151 kapcsolatot tartja fenn, els\u0151sorban a postahivatalokon kereszt\u00fcl. Jelent\u0151s fejl\u0151d\u00e9s a tavalyi \u00e9vben \u00e1tadott \u00e9s folyamatosan fejl\u0151d\u0151 applik\u00e1ci\u00f3ink \u00fcgyf\u00e9l\u00e9lm\u00e9nyre, ez\u00e1ltal piacszerz\u00e9sre gyakorolt pozit\u00edv hat\u00e1sa.\u00a0<\/p>\n<p>A h\u00e1rom biztos\u00edt\u00f3val egy\u00fctt annak a lehet\u0151s\u00e9ge is felmer\u00fcl, hogy megpr\u00f3b\u00e1lunk k\u00f6rnyez\u0151 orsz\u00e1gokban hasonl\u00f3 m\u00e9ret\u0171 biztos\u00edt\u00f3kban tulajdont szerezni, az itteni tapasztalatokat ezekben az orsz\u00e1gokban tov\u00e1bb er\u0151s\u00edteni. Els\u0151sorban t\u00e9nyleg a szomsz\u00e9dos orsz\u00e1gokra kell gondolni, ahol k\u00f6nnyebb piacismeretet szerezni, \u00e9s a jelent\u0151s, nagy multibiztos\u00edt\u00f3k mellett van mozg\u00e1stere a kisebb-k\u00f6zepes m\u00e9ret\u0171 biztos\u00edt\u00e1si szolg\u00e1ltat\u00e1soknak is.<\/p>\n<p><strong>Nem lenne c\u00e9lszer\u0171bb a biztos\u00edt\u00f3kat k\u00fcl\u00f6n c\u00e9gbe kiszervezni? Mennyire lehet \u00f6sszehangolni egy logisztikai ter\u00fcletet \u00e9s egy biztos\u00edt\u00f3t egyetlen szervezetben?<\/strong><\/p>\n<p>Van szinergia az egy\u00fcttm\u0171k\u00f6d\u00e9sben, \u00e9s a holdingstrukt\u00far\u00e1n bel\u00fcl, m\u00e1r amennyire ez lehets\u00e9ges, megt\u00f6rt\u00e9nik a k\u00e9t vonal \u00f6sszehangol\u00e1sa. \u00dagy gondolom, a k\u00e9t ter\u00fclet k\u00fcl\u00f6nv\u00e1laszt\u00e1s\u00e1nak m\u00e9g nem j\u00f6tt el az ideje, de folyamatosan vizsg\u00e1ljuk, mikor lesz eredm\u00e9nytermel\u0151 k\u00e9pess\u00e9g szempontj\u00e1b\u00f3l annyira \u00e9rett a logisztikai szegmens\u00fcnk, hogy \u00e9rdemes legyen ezt megl\u00e9pni.<\/p>\n<p><strong>Belf\u00f6ld\u00f6n venn\u00e9tek m\u00e9g biztos\u00edt\u00f3t?<\/strong><\/p>\n<p>Ez lehet\u0151s\u00e9g k\u00e9rd\u00e9se, \u00e9s jelenleg nem ismerek ilyet.<\/p>\n<figure class=\"wp-block-image size-full\">\n<div class=\"photo-credit-wrapper\"><img decoding=\"async\" width=\"2560\" height=\"1707\" loading=\"lazy\" src=\"https:\/\/cdn.forbes.hu\/uploads\/2026\/09\/Barna_Zsolt_Waberers_260826_RD_010-scaled.jpg\" alt=\"Barna Zsolt, a Waberer&apos;s eln\u00f6k-vez\u00e9rigazgat\u00f3ja\" class=\"wp-image-798664\" \/>\n<div class=\"photo-credit\">\n            <img decoding=\"async\" loading=\"lazy\" class=\"photo-credit__icon\" src=\"https:\/\/www.forbes.hu\/wp-content\/themes\/frontend\/atoms\/photo-credit\/icon-info.svg\" alt=\"info\" \/><br \/>\n            <span class=\"photo-credit__label\">R\u00e1nki D\u00e1niel \/ Forbes<\/span>\n        <\/div>\n<\/div><figcaption class=\"wp-element-caption\">Barna Zsolt, a Waberer\u2019s eln\u00f6k-vez\u00e9rigazgat\u00f3ja. Fot\u00f3: R\u00e1nki D\u00e1niel\/Forbes<\/figcaption><\/figure>\n<p><strong>Harminc \u00e9ve kezdt\u00e9l a Waberer\u2019sn\u00e9l, \u00e9s gondolom, hogy a mai c\u00e9g m\u00e1r sok tekintetben nem az a c\u00e9g, ahov\u00e1 te akkor bel\u00e9pt\u00e9l. Mi volt neked a legmeghat\u00e1roz\u00f3bb v\u00e1ltoz\u00e1s az \u00e9vtizedek alatt?<\/strong><\/p>\n<p>Szerintem a mai napig az egyik legnagyobb sikerem a Waberer\u2019s csoportn\u00e1l, hogy anno, az akkori f\u0151 tulajdonossal el tudtam hitetni, hogy a v\u00e1llalat akkori sikerterm\u00e9ke, a nemzetk\u00f6zi fuvaroz\u00e1s mellett van \u00e9rtelme logisztikai szolg\u00e1ltat\u00e1sokat is fel\u00e9p\u00edteni.<\/p>\n<p>Ez egy\u00e9bk\u00e9nt az akkori Vol\u00e1n Tefunak egy szolg\u00e1ltat\u00e1si spektruma volt, de legink\u00e1bb m\u00e9g csak egy rakt\u00e1rb\u00e9rbead\u00e1si tev\u00e9kenys\u00e9gk\u00e9nt m\u0171k\u00f6d\u00f6tt. M\u00e1ra ez a diverzifik\u00e1ci\u00f3 od\u00e1ig jutott, hogy m\u00edg egykoron a Waberer\u2019s \u00e1rbev\u00e9tel\u00e9nek 80 sz\u00e1zal\u00e9ka egy szegmensb\u0151l, a nemzetk\u00f6zi fuvaroz\u00e1sb\u00f3l j\u00f6tt, ez a div\u00edzi\u00f3 ma mind\u00f6ssze 36 sz\u00e1zal\u00e9kot tesz ki. Ez az a diverzifik\u00e1ci\u00f3s hull\u00e1m, amit az elm\u00falt \u00e9vekben fel tudtunk gyors\u00edtani, \u00e9s ami miatt a v\u00e1llalat eredm\u00e9nytermel\u0151-k\u00e9pess\u00e9ge folyamatosan tud javulni.\u00a0<\/p>\n<blockquote class=\"wp-block-quote is-layout-flow wp-block-quote-is-layout-flow\">\n<p>Ennek most l\u00e1tjuk igaz\u00e1n jelent\u0151s\u00e9g\u00e9t, hiszen a nemzetk\u00f6zi fuvaroz\u00e1si szegmensben olyan struktur\u00e1lis v\u00e1ltoz\u00e1sok t\u00f6rt\u00e9ntek az elm\u00falt \u00e9vekben, amelyek a j\u00f6vedelmez\u0151s\u00e9get jelent\u0151sen cs\u00f6kkentett\u00e9k, s\u0151t, az ut\u00f3bbi id\u0151szakban k\u00e9rd\u0151jeless\u00e9 teszik egy\u00e1ltal\u00e1n az eredm\u00e9nytermel\u0151 k\u00e9pess\u00e9g\u00e9t is ennek az \u00fczlet\u00e1gnak.<\/p>\n<\/blockquote>\n<p>Az \u00f6sszes hazai \u00e9s nemzetk\u00f6zi elemz\u0151 arr\u00f3l \u00edr, hogy gyakorlatilag most m\u00e1r kilenc negyed\u00e9ve vesztes\u00e9get termel ez a szegmens szinte eg\u00e9sz Eur\u00f3p\u00e1ban. Ha ezt a diverzifik\u00e1ci\u00f3t nem tudtuk volna megtenni, akkor ma a c\u00e9gcsoport nem \u00edgy \u00e1llna, nem \u00edgy n\u00e9zne ki. Ennek ellen\u00e9re tov\u00e1bbra is nagyon fontos \u00fczlet\u00e1gunk, nem k\u00edv\u00e1nunk lemondani r\u00f3la, mert azt l\u00e1tjuk, hogy tal\u00e1n m\u00e1r el\u00e9rte a g\u00f6d\u00f6r alj\u00e1t a szegmens.<\/p>\n<p>Mikor 1996-ban azt mondtam Waberer \u00farnak, hogy \u00e9n az akkor egy\u00e9bk\u00e9nt sz\u00f3 szerint lesajn\u00e1lt belf\u00f6ldi \u00fczlet\u00e1gban szeretn\u00e9k dolgozni, m\u00e9g r\u00e1 is k\u00e9rdezett, hogy biztos vagyok-e ebben. Azt gondolom, hogy az az\u00f3ta eltelt \u00e9vtizedek maguk\u00e9rt besz\u00e9lnek.<\/p>\n<p><strong>H\u00e1rom \u00e9vtized alatt a r\u00e9szv\u00e9nnyel is sok minden t\u00f6rt\u00e9nt. Mennyire volt n\u00e1lad az \u00e1rfolyam f\u00f3kuszban? Az elemz\u0151k ma m\u00e1r nagyon szeretik a pap\u00edrt, de ez nem volt mindig \u00edgy.<\/strong><\/p>\n<p>L\u00e1ttam a bevezet\u00e9si \u00e1rat, azt\u00e1n a g\u00f6d\u00f6r alj\u00e1t, most pedig a jelenlegi \u00e1rfolyamot is.<strong> <\/strong>Szerintem egy vez\u00e9rigazgat\u00f3 akkor teszi j\u00f3l, ha a strat\u00e9gi\u00e1val \u00e9s napi \u00e9rt\u00e9kn\u00f6vel\u00e9ssel foglalkozik, mert az a r\u00e9szv\u00e9ny\u00e1rfolyamban is el\u0151bb-ut\u00f3bb meg fog mutatkozni.<\/p>\n<p>Vannak nyilv\u00e1n bizonyos gazdas\u00e1gi vagy \u00e9ppen politikai esem\u00e9nyek \u00e1ltal induk\u00e1lt r\u00e9szv\u00e9nymozg\u00e1sok is, de hogyha ezen stresszeln\u00e9nk, vagy ez form\u00e1ln\u00e1 a mindennapi d\u00f6nt\u00e9seit a v\u00e1llalat els\u0151 sz\u00e1m\u00fa vezet\u0151j\u00e9nek, akkor azt gondoln\u00e1m, hogy \u00fagy \u00e1lln\u00e1nk, mint az a kezd\u0151 sof\u0151r, aki nem perspektivikusan n\u00e9z ki a kamionb\u00f3l, hanem k\u00f6zvetlen maga el\u00e9 n\u00e9z, \u00e9s nem veszi \u00e9szre, hogy val\u00f3j\u00e1ban mi is t\u00f6rt\u00e9nik k\u00f6r\u00fcl\u00f6tte.\u00a0<\/p>\n<blockquote class=\"wp-block-quote is-layout-flow wp-block-quote-is-layout-flow\">\n<p>A mi r\u00e9szv\u00e9ny\u00e1rfolyamunkban is voltak a v\u00e1laszt\u00e1sok ut\u00e1n politikai hat\u00e1sok, de \u00e9n nagyon b\u00fcszke vagyok arra, hogy a piac elhitte, hogy ez egy val\u00f3ban piaci alapokon, piaci k\u00f6r\u00fclm\u00e9nyek k\u00f6z\u00f6tt m\u0171k\u00f6d\u0151 v\u00e1llalat, \u00e9s ez a hit v\u00e9g\u00fcl az \u00e1rfolyamba is vissza\u00e9p\u00fcl.<\/p>\n<\/blockquote>\n<p><strong>Akkor az idei, nagyj\u00e1b\u00f3l 20 sz\u00e1zal\u00e9kos \u00e1rfolyames\u00e9st els\u0151sorban a politikai hangulat v\u00e1ltoz\u00e1s\u00e1ra k\u00f6vetitek vissza.<\/strong><\/p>\n<p>A t\u0151zsdei keresked\u00e9sben, a befektet\u00e9si d\u00f6nt\u00e9sekben nagyon nagy szerepe van az \u00e9rzelmeknek \u00e9s a hangulatnak, ezt szerintem egyik\u00fcnk sem vitatja. Az pedig t\u00e9nyk\u00e9rd\u00e9s, hogy ki a Waberer\u2019s jelenlegi f\u0151r\u00e9szv\u00e9nyese, ez eddig sem volt titok.<\/p>\n<p><strong>Mennyire teher nektek ez a napi m\u0171k\u00f6d\u00e9s sor\u00e1n?<\/strong><\/p>\n<p>A nemzetk\u00f6zi partnerekkel val\u00f3 t\u00e1rgyal\u00e1sok sor\u00e1n nemhogy fel sem mer\u00fcl teherk\u00e9nt, de az elm\u00falt h\u00f3napokban m\u00e9g n\u0151tt is a Waberer\u2019s \u00e1zsi\u00f3ja, mert Magyarorsz\u00e1gnak is n\u00f6vekedett a vonzereje. S\u0151t, a tulajdonosi h\u00e1tt\u00e9r m\u00e9g a belf\u00f6ldi t\u00e1rgyal\u00e1sok sor\u00e1n sem mer\u00fcl fel \u00e9rdemben, ez szinte csak a politikai k\u00f6zbesz\u00e9d sz\u00ednter\u00e9n \u00e9rhet\u0151 tetten. Ugyan Tiborcz Istv\u00e1n val\u00f3ban az 55 sz\u00e1zal\u00e9kos tulajdonos, a Waberer\u2019s-nek nyolcezer kisebb r\u00e9szv\u00e9nyese is van. Mi a napi d\u00f6nt\u00e9seink sor\u00e1n minden tulajdonosunk, megb\u00edz\u00f3nk \u00e9s munkav\u00e1llal\u00f3nk \u00e9rdekeit vessz\u00fck figyelembe.<\/p>\n<p><strong>Harminc \u00e9vet m\u00e1r meg\u00e9lt\u00e9l a Waberer\u2019s-n\u00e9l, hol lesz a c\u00e9g \u00fajabb harminc m\u00falva?<\/strong><\/p>\n<p>Nyolcvan\u00e9vesen m\u00e1r az\u00e9rt lehets\u00e9ges, hogy nyugd\u00edjas leszek. Arra nagyon b\u00fcszke vagyok, hogy egy olyan c\u00e9get \u00e9p\u00edt\u00fcnk nap mint nap, ami a vil\u00e1gh\u00e1bor\u00fa romjaib\u00f3l tudott kin\u0151ni. Akkor lenn\u00e9k el\u00e9gedett, ha ez a v\u00e1llalat harminc \u00e9v m\u00falva is magyark\u00e9nt tudna m\u0171k\u00f6dni, nemcsak itthon, de a r\u00e9gi\u00f3 orsz\u00e1gaiban is piacvezet\u0151k\u00e9nt, \u00e9s egy olyan motorja tudna lenni Magyarorsz\u00e1g versenyk\u00e9pess\u00e9g\u00e9nek, amire minden magyar b\u00fcszke lehet. M\u00e9g akkor is, ha nem Waberer\u2019s n\u00e9ven teszi majd meg mindezt.<\/p>\n<p><strong>A n\u00e9vv\u00e1lt\u00e1sr\u00f3l m\u00e1r tavasszal is besz\u00e9ltetek, de sok konkr\u00e9tumot m\u00e9g nem k\u00f6z\u00f6ltetek ennek kapcs\u00e1n.\u00a0<\/strong><\/p>\n<p>\u00c9rzelmileg nem k\u00f6nny\u0171 elengedni ezt a nevet, de az tagadhatatlan, hogy nem t\u00fckr\u00f6zi m\u00e1r h\u0171en azt a diverzifik\u00e1lt m\u0171k\u00f6d\u00e9si modellt \u00e9s tev\u00e9kenys\u00e9gi k\u00f6rt, amiben most m\u00e1r m\u0171k\u00f6d\u00fcnk. A t\u0151zsdei c\u00e9g eset\u00e9ben a n\u00e9v- \u00e9s arculatv\u00e1lt\u00e1sra m\u00e1r id\u00e9n sor ker\u00fcl, a koncepci\u00f3t \u0151sszel, terveink szerint novemberben jelentj\u00fck be, de arra az\u00e9rt lehet sz\u00e1m\u00edtani, hogy nem engedj\u00fck el teljesen a jelenlegi arculati elemeket.<\/p>\n<\/div>\n<div><\/div>\n<div class=\"premium-blocker premium-blocker--hu\" data-needed=\"authenticated\" data-current=\"[&quot;free&quot;]\">\n<div data-needed=\"authenticated\"><\/div>\n<\/div>\n<p>\t\t<!-- No email blocks found --><\/p>\n<p>The post <a href=\"https:\/\/www.forbes.hu\/uzlet\/waberers-barna-zsolt-interju\/\">Nyolcezer kisr\u00e9szv\u00e9nyes \u00e9s egy Tiborcz Istv\u00e1n: n\u00e9vv\u00e1lt\u00e1sra \u00e9s felv\u00e1s\u00e1rl\u00e1si d\u00f6mpingre k\u00e9sz\u00fcl a Waberer\u2019s<\/a> appeared first on <a href=\"https:\/\/www.forbes.hu\/\">Forbes.hu<\/a>.<\/p><div id=\"friss-2404848326\" class=\"friss-etarget-cikk-vege friss-entity-placement\"><script type=\"text\/javascript\" id=\"etargetScript7a9b589f63cb072bef80df221f46a22b\">function etargetPostloadFunction7a9b589f63cb072bef80df221f46a22b(){var e=\"etargetPostload7a9b589f63cb072bef80df221f46a22b\",t=\"etargetScript7a9b589f63cb072bef80df221f46a22b\",o=document.getElementById(e);if(o){for(var n=o.offsetTop,d=o.offsetLeft,r=o.offsetWidth,a=o.offsetHeight;o.offsetParent;)o=o.offsetParent,n+=o.offsetTop,d+=o.offsetLeft;var i=(n<=window.pageYOffset+window.innerHeight&&d<window.pageXOffset+window.innerWidth&&n+a>window.pageYOffset&&d+r>window.pageXOffset);if(i&&etargetAllowOtherCheck){allowed=!1;var c=document.createElement(\"script\");return c.src=\"\/\/hu.search.etargetnet.com\/generic\/uni.php?g=ref:58661,area:700x210\",void(document.getElementById(t)&&document.getElementById(e)&&(document.getElementById(t).parentNode.appendChild(c),document.getElementById(t).parentNode.removeChild(document.getElementById(t)),document.getElementById(e).parentNode.removeChild(document.getElementById(e)),document.removeEventListener(\"scroll\",etargetPostloadFunction7a9b589f63cb072bef80df221f46a22b),document.removeEventListener(\"resize\",etargetPostloadFunction7a9b589f63cb072bef80df221f46a22b),document.removeEventListener(\"DOMContentLoaded\",etargetPostloadFunction7a9b589f63cb072bef80df221f46a22b)))}}}var etargetDivID=\"etargetPostload7a9b589f63cb072bef80df221f46a22b\",etargetScriptID=\"etargetScript7a9b589f63cb072bef80df221f46a22b\",etargetPostloadPoint=document.createElement(\"div\");etargetPostloadPoint.id=etargetDivID;var etargetCurScript=document.getElementById(etargetScriptID);etargetCurScript.parentNode.appendChild(etargetPostloadPoint),document.addEventListener(\"scroll\",etargetPostloadFunction7a9b589f63cb072bef80df221f46a22b),document.addEventListener(\"resize\",etargetPostloadFunction7a9b589f63cb072bef80df221f46a22b),document.addEventListener(\"DOMContentLoaded\",etargetPostloadFunction7a9b589f63cb072bef80df221f46a22b);var etargetAllowOtherCheck=!0;if(typeof(\"forceRunPostload\")==\"string\"){etargetPostloadFunction7a9b589f63cb072bef80df221f46a22b()}<\/script><\/div><div id=\"friss-1800181043\" class=\"friss-after-content friss-entity-placement\"><script type=\"text\/javascript\" id=\"etargetScript7a9b589f63cb072bef80df221f46a22b\">function etargetPostloadFunction7a9b589f63cb072bef80df221f46a22b(){var e=\"etargetPostload7a9b589f63cb072bef80df221f46a22b\",t=\"etargetScript7a9b589f63cb072bef80df221f46a22b\",o=document.getElementById(e);if(o){for(var n=o.offsetTop,d=o.offsetLeft,r=o.offsetWidth,a=o.offsetHeight;o.offsetParent;)o=o.offsetParent,n+=o.offsetTop,d+=o.offsetLeft;var i=(n<=window.pageYOffset+window.innerHeight&&d<window.pageXOffset+window.innerWidth&&n+a>window.pageYOffset&&d+r>window.pageXOffset);if(i&&etargetAllowOtherCheck){allowed=!1;var c=document.createElement(\"script\");return c.src=\"\/\/hu.search.etargetnet.com\/generic\/uni.php?g=ref:58661,area:700x210\",void(document.getElementById(t)&&document.getElementById(e)&&(document.getElementById(t).parentNode.appendChild(c),document.getElementById(t).parentNode.removeChild(document.getElementById(t)),document.getElementById(e).parentNode.removeChild(document.getElementById(e)),document.removeEventListener(\"scroll\",etargetPostloadFunction7a9b589f63cb072bef80df221f46a22b),document.removeEventListener(\"resize\",etargetPostloadFunction7a9b589f63cb072bef80df221f46a22b),document.removeEventListener(\"DOMContentLoaded\",etargetPostloadFunction7a9b589f63cb072bef80df221f46a22b)))}}}var etargetDivID=\"etargetPostload7a9b589f63cb072bef80df221f46a22b\",etargetScriptID=\"etargetScript7a9b589f63cb072bef80df221f46a22b\",etargetPostloadPoint=document.createElement(\"div\");etargetPostloadPoint.id=etargetDivID;var etargetCurScript=document.getElementById(etargetScriptID);etargetCurScript.parentNode.appendChild(etargetPostloadPoint),document.addEventListener(\"scroll\",etargetPostloadFunction7a9b589f63cb072bef80df221f46a22b),document.addEventListener(\"resize\",etargetPostloadFunction7a9b589f63cb072bef80df221f46a22b),document.addEventListener(\"DOMContentLoaded\",etargetPostloadFunction7a9b589f63cb072bef80df221f46a22b);var etargetAllowOtherCheck=!0;if(typeof(\"forceRunPostload\")==\"string\"){etargetPostloadFunction7a9b589f63cb072bef80df221f46a22b()}<\/script><\/div><div id=\"friss-3090844605\" class=\"friss-after-content_2 friss-entity-placement\" style=\"clear: both;\"><div class=\"wprss_ajax\" data-id=\"rss1c70858d16\"><img loading=\"lazy\" decoding=\"async\" src=\"https:\/\/friss-hirek.hu\/wp-content\/plugins\/wp-rss-retriever\/inc\/imgs\/ajax-loader.gif\" alt=\"Loading RSS Feed\" width=\"16\" height=\"16\"><\/div><\/div><br style=\"clear: both; display: block; float: none;\"\/><div id=\"friss-1326408600\" class=\"friss-after-content_3 friss-entity-placement\">https:\/\/www.youtube.com\/watch?v=Pdnw4KiUWp0<\/div>","protected":false},"excerpt":{"rendered":"<p>Vit\u00e9zy D\u00e1vid miniszteri kinevez\u00e9s\u00e9n t\u00fal is b\u0151ven van oka az optimizmusra a hazai logisztika legismertebb szerepl\u0151j\u00e9nek: a Waberer\u2019s m\u00e1r r\u00e9g nem csak a kamionokr\u00f3l sz\u00f3l, \u00e9ppen ez\u00e9rt ker\u00fcltek most ziccerbe. Barna Zsolt eln\u00f6k-vez\u00e9rigazgat\u00f3val a lejt\u0151re ker\u00fcl\u0151 r\u00e9szv\u00e9nyr\u0151l, Vit\u00e9zyr\u0151l \u00e9s Tiborczr\u00f3l, valamint arr\u00f3l is besz\u00e9lgett\u00fcnk, mi\u00e9rt hagyta ott a M\u00c1V igazgat\u00f3s\u00e1g\u00e1t a v\u00e1laszt\u00e1s ut\u00e1n. Az interj\u00fat [&hellip;]<\/p>\n","protected":false},"author":1,"featured_media":0,"comment_status":"open","ping_status":"open","sticky":false,"template":"","format":"standard","meta":{"footnotes":""},"categories":[7],"tags":[],"class_list":["post-171089","post","type-post","status-publish","format-standard","hentry","category-uzlet"],"amp_enabled":true,"_links":{"self":[{"href":"https:\/\/friss-hirek.hu\/index.php\/wp-json\/wp\/v2\/posts\/171089","targetHints":{"allow":["GET"]}}],"collection":[{"href":"https:\/\/friss-hirek.hu\/index.php\/wp-json\/wp\/v2\/posts"}],"about":[{"href":"https:\/\/friss-hirek.hu\/index.php\/wp-json\/wp\/v2\/types\/post"}],"author":[{"embeddable":true,"href":"https:\/\/friss-hirek.hu\/index.php\/wp-json\/wp\/v2\/users\/1"}],"replies":[{"embeddable":true,"href":"https:\/\/friss-hirek.hu\/index.php\/wp-json\/wp\/v2\/comments?post=171089"}],"version-history":[{"count":0,"href":"https:\/\/friss-hirek.hu\/index.php\/wp-json\/wp\/v2\/posts\/171089\/revisions"}],"wp:attachment":[{"href":"https:\/\/friss-hirek.hu\/index.php\/wp-json\/wp\/v2\/media?parent=171089"}],"wp:term":[{"taxonomy":"category","embeddable":true,"href":"https:\/\/friss-hirek.hu\/index.php\/wp-json\/wp\/v2\/categories?post=171089"},{"taxonomy":"post_tag","embeddable":true,"href":"https:\/\/friss-hirek.hu\/index.php\/wp-json\/wp\/v2\/tags?post=171089"}],"curies":[{"name":"wp","href":"https:\/\/api.w.org\/{rel}","templated":true}]}}