{"id":171092,"date":"2026-09-02T11:42:08","date_gmt":"2026-09-02T11:42:08","guid":{"rendered":"https:\/\/friss-hirek.hu\/index.php\/vilagrekord-olyan-messzire-lotte-a-nyilvesszot-a-magyar-ijasz-hogy-alig-talaltak-meg\/friss-hirek\/"},"modified":"2026-09-02T11:42:08","modified_gmt":"2026-09-02T11:42:08","slug":"vilagrekord-olyan-messzire-lotte-a-nyilvesszot-a-magyar-ijasz-hogy-alig-talaltak-meg","status":"publish","type":"post","link":"https:\/\/friss-hirek.hu\/index.php\/vilagrekord-olyan-messzire-lotte-a-nyilvesszot-a-magyar-ijasz-hogy-alig-talaltak-meg\/videk\/","title":{"rendered":"Vil\u00e1grekord: olyan messzire l\u0151tte a ny\u00edlvessz\u0151t a magyar \u00edj\u00e1sz, hogy alig tal\u00e1lt\u00e1k meg"},"content":{"rendered":"<p>T\u00f6bb mint egy kilom\u00e9teres l\u00f6v\u00e9s\u00e9vel vil\u00e1grekordot \u00e9rt el M\u00f3nus J\u00f3zsef \u00edj\u00e1sz, aki nyolcvan centim\u00e9terrel jav\u00edtotta meg a 29 \u00e9ve fenn\u00e1ll\u00f3 cs\u00facsot.<\/p><div id=\"friss-2339985423\" class=\"friss-etarget friss-entity-placement\"><script type=\"text\/javascript\" id=\"etargetScript7a9b589f63cb072bef80df221f46a22b\">function etargetPostloadFunction7a9b589f63cb072bef80df221f46a22b(){var e=\"etargetPostload7a9b589f63cb072bef80df221f46a22b\",t=\"etargetScript7a9b589f63cb072bef80df221f46a22b\",o=document.getElementById(e);if(o){for(var n=o.offsetTop,d=o.offsetLeft,r=o.offsetWidth,a=o.offsetHeight;o.offsetParent;)o=o.offsetParent,n+=o.offsetTop,d+=o.offsetLeft;var i=(n<=window.pageYOffset+window.innerHeight&&d<window.pageXOffset+window.innerWidth&&n+a>window.pageYOffset&&d+r>window.pageXOffset);if(i&&etargetAllowOtherCheck){allowed=!1;var c=document.createElement(\"script\");return c.src=\"\/\/hu.search.etargetnet.com\/generic\/uni.php?g=ref:58661,area:700x210\",void(document.getElementById(t)&&document.getElementById(e)&&(document.getElementById(t).parentNode.appendChild(c),document.getElementById(t).parentNode.removeChild(document.getElementById(t)),document.getElementById(e).parentNode.removeChild(document.getElementById(e)),document.removeEventListener(\"scroll\",etargetPostloadFunction7a9b589f63cb072bef80df221f46a22b),document.removeEventListener(\"resize\",etargetPostloadFunction7a9b589f63cb072bef80df221f46a22b),document.removeEventListener(\"DOMContentLoaded\",etargetPostloadFunction7a9b589f63cb072bef80df221f46a22b)))}}}var etargetDivID=\"etargetPostload7a9b589f63cb072bef80df221f46a22b\",etargetScriptID=\"etargetScript7a9b589f63cb072bef80df221f46a22b\",etargetPostloadPoint=document.createElement(\"div\");etargetPostloadPoint.id=etargetDivID;var etargetCurScript=document.getElementById(etargetScriptID);etargetCurScript.parentNode.appendChild(etargetPostloadPoint),document.addEventListener(\"scroll\",etargetPostloadFunction7a9b589f63cb072bef80df221f46a22b),document.addEventListener(\"resize\",etargetPostloadFunction7a9b589f63cb072bef80df221f46a22b),document.addEventListener(\"DOMContentLoaded\",etargetPostloadFunction7a9b589f63cb072bef80df221f46a22b);var etargetAllowOtherCheck=!0;if(typeof(\"forceRunPostload\")==\"string\"){etargetPostloadFunction7a9b589f63cb072bef80df221f46a22b()}<\/script><\/div>\n<p>Sajt\u00f3sa szerdai k\u00f6zlem\u00e9nye alapj\u00e1n a hajd\u00fan\u00e1n\u00e1si sz\u00fclet\u00e9s\u0171, Feh\u00e9r Farkas n\u00e9ven is ismert t\u00e1vl\u00f6v\u0151 \u00edj\u00e1sz az Egyes\u00fclt \u00c1llamokban, Nevad\u00e1ban, a Smith Creek kisz\u00e1radt t\u00f3 medr\u00e9ben rendezett versenyen hat ny\u00edlvessz\u0151t l\u0151tt ki.<\/p>\n<p>N\u00e9gyet k\u00f6r\u00fclbel\u00fcl 800 m\u00e9tern\u00e9l tal\u00e1ltak meg, az \u00f6t\u00f6dik pedig 1059 m\u00e9terre rep\u00fclt, vagyis mind\u00f6ssze n\u00e9h\u00e1ny m\u00e9terrel maradt el a rekordt\u00f3l. A hatodik ny\u00edlvessz\u0151t csak hosszabb keres\u00e9s ut\u00e1n tal\u00e1lt\u00e1k meg a versenyb\u00edr\u00e1k k\u00f6zrem\u0171k\u00f6d\u00e9s\u00e9vel, a m\u00e9r\u00e9s 1063,59 m\u00e9teres eredm\u00e9nyt mutatott, amellyel M\u00f3nusnak 80 centim\u00e9terrel siker\u00fclt megjav\u00edtania a 29 \u00e9ve fenn\u00e1ll\u00f3, 1062,79 m\u00e9teres kor\u00e1bbi cs\u00facsot.<\/p>\n<figure aria-describedby=\"caption-379559\" class=\"wp-caption aligncenter\"><img loading=\"lazy\" decoding=\"async\" class=\"size-full wp-image-379559 aligncenter\" src=\"https:\/\/s.24.hu\/app\/uploads\/sites\/11\/2026\/09\/monus.jpg\" alt=\"\" width=\"1291\" height=\"2048\" title=\"Vil\u00e1grekord: olyan messzire l\u0151tte a ny\u00edlvessz\u0151t a magyar \u00edj\u00e1sz, hogy alig tal\u00e1lt\u00e1k meg 1\" \/><figcaption class=\"wp-caption-text\"><span class=\"a-imgSource\">facebook\/m\u00f3nus j\u00f3zsef<\/span><\/figcaption><\/figure>\n<blockquote class=\"_ce_measure_widget\" data-ce-measure-widget=\"Id\u00e9zet\">\n<p>Valakinek tal\u00e1n csak 80 centim\u00e9ter. Nekem egy eg\u00e9sz \u00e9let munk\u00e1ja van benne. Mert egy vil\u00e1grekord nem akkor sz\u00fcletik, amikor a ny\u00edlvessz\u0151 f\u00f6ldet \u00e9r, hanem minden egyes napon, amikor az ember a f\u00e1radts\u00e1g \u00e9s a f\u00e1jdalom ut\u00e1n \u00fajra fel\u00e1ll \u00e9s ism\u00e9t megfesz\u00edti az \u00edjat<\/p>\n<\/blockquote>\n<p>\u2013 fogalmazott az eredm\u00e9ny ut\u00e1n M\u00f3nus J\u00f3zsef, aki hossz\u00fa \u00e9vek \u00f3ta a t\u00e1vl\u00f6v\u0151 \u00edj\u00e1szat nemzetk\u00f6zi \u00e9lmez\u0151ny\u00e9hez tartozik.<\/p>\n<p>Sz\u00e1mos vil\u00e1grekordot \u00e1ll\u00edtott m\u00e1r fel k\u00fcl\u00f6nb\u00f6z\u0151 kateg\u00f3ri\u00e1kban \u00e9s kor\u00e1bban ugyancsak az Egyes\u00fclt \u00c1llamokban jutott t\u00fal el\u0151sz\u00f6r az egy kilom\u00e9teres hat\u00e1ron, amikor 2023-ban 1007,41 m\u00e9teres eredm\u00e9nyt \u00e9rt el.<\/p>\n<p>A mostani rekordk\u00eds\u00e9rletet egy\u00e9ves felk\u00e9sz\u00fcl\u00e9s el\u0151zte meg. M\u00f3nus saj\u00e1t \u00edjakat \u00e9s ny\u00edlvessz\u0151ket k\u00e9sz\u00edt, munk\u00e1j\u00e1t pedig a sport mellett a hagyom\u00e1ny\u0151rz\u00e9s \u00e9s a t\u00f6rt\u00e9nelmi \u00edj\u00e1szat kutat\u00e1sa hat\u00e1rozza meg. Elmond\u00e1sa szerint \u00e9vente mintegy 250 ezer ny\u00edlvessz\u0151t l\u0151 ki edz\u00e9seken, versenyeken \u00e9s bemutat\u00f3kon. (MTI)<\/p>\n<p>Vil\u00e1grekordokb\u00f3l egy\u00e9b ter\u00fcleteken sincs hi\u00e1ny: ilyen a <a href=\"https:\/\/sokszinuvidek.24.hu\/mozaik\/2023\/03\/04\/vilag-leghosszabb-nyelvu-kutyaja\/\" target=\"_blank\" rel=\"noopener\">vil\u00e1g leghosszabb nyelv\u0171 kuty\u00e1ja<\/a>, a vil\u00e1g <a href=\"https:\/\/sokszinuvidek.24.hu\/mozaik\/2025\/09\/20\/napraforgo-vilagrekord-magassag-10-meter-67-centi\/\" target=\"_blank\" rel=\"noopener\">legmagasabb napraforg\u00f3ja<\/a> \u00e9s legnagyobb m\u00e9ret\u0171 <a href=\"https:\/\/sokszinuvidek.24.hu\/kertunk-portank\/2020\/10\/21\/afonyaszem-vilagrekord\/\" target=\"_blank\" rel=\"noopener\">\u00e1fony\u00e1ja<\/a>.<\/p>\n<div class=\"o-post__articRecommend m-articRecommend -hasImg cf article-recommendation-container cf _ce_measure_widget\" data-ce-measure-widget=\"Cikkaj\u00e1nl\u00f3 widget\">\n<div class=\"m-articRecommend__widgetTitle\">Kapcsol\u00f3d\u00f3<\/div>\n<div class=\"m-articRecommend__imgWrap image-container\"><a href=\"https:\/\/sokszinuvidek.24.hu\/eletmod\/2023\/10\/13\/puli-kutyakozmetikus-vaskut-ijaszat\/\" target=\"_self\"><img loading=\"lazy\" decoding=\"async\" width=\"480\" height=\"270\" src=\"https:\/\/s.24.hu\/app\/uploads\/sites\/11\/2023\/10\/fb_img_1567183846038-e1696793090467-480x270.jpg\" class=\"img-responsive wp-post-image\" alt=\"\" \/><\/a><\/div>\n<div class=\"m-articRecommend__cntWrap content-container \">\n\t\t\t<a href=\"https:\/\/sokszinuvidek.24.hu\/eletmod\/2023\/10\/13\/puli-kutyakozmetikus-vaskut-ijaszat\/\" target=\"_self\" class=\"m-articRecommend__title ar-title\">Fi\u00e1val j\u00e1r \u00edj\u00e1szversenyekre a vask\u00fati kutyakozmetikus<\/a>\n<div class=\"m-articRecommend__lead ar-lead\">Az m\u00e1r \u00f6nmag\u00e1ban \u00e9rdekes, hogy egy f\u00e9rfi 22 \u00e9ve kutyakozmetikusk\u00e9nt dolgozik, de k\u00f6zben pulikat is teny\u00e9szt \u00e9s egy \u00e9ve \u00edj\u00e1szversenyekre j\u00e1r fi\u00e1val, nem is ak\u00e1rmilyen eredm\u00e9nyekkel.<\/div>\n<\/div>\n<\/div>\n<p>The post <a href=\"https:\/\/sokszinuvidek.24.hu\/mozaik\/2026\/09\/02\/monus-jozsef-ijasz-vilagrekord-amerika\/\" target=\"_blank\">Vil\u00e1grekord: olyan messzire l\u0151tte a ny\u00edlvessz\u0151t a magyar \u00edj\u00e1sz, hogy alig tal\u00e1lt\u00e1k meg<\/a> first appeared on <a href=\"https:\/\/sokszinuvidek.24.hu\/\" target=\"_blank\">Soksz\u00edn\u0171 vid\u00e9k<\/a>.<\/p><div id=\"friss-2227381741\" class=\"friss-etarget-cikk-vege friss-entity-placement\"><script type=\"text\/javascript\" id=\"etargetScript7a9b589f63cb072bef80df221f46a22b\">function etargetPostloadFunction7a9b589f63cb072bef80df221f46a22b(){var e=\"etargetPostload7a9b589f63cb072bef80df221f46a22b\",t=\"etargetScript7a9b589f63cb072bef80df221f46a22b\",o=document.getElementById(e);if(o){for(var n=o.offsetTop,d=o.offsetLeft,r=o.offsetWidth,a=o.offsetHeight;o.offsetParent;)o=o.offsetParent,n+=o.offsetTop,d+=o.offsetLeft;var i=(n<=window.pageYOffset+window.innerHeight&&d<window.pageXOffset+window.innerWidth&&n+a>window.pageYOffset&&d+r>window.pageXOffset);if(i&&etargetAllowOtherCheck){allowed=!1;var c=document.createElement(\"script\");return c.src=\"\/\/hu.search.etargetnet.com\/generic\/uni.php?g=ref:58661,area:700x210\",void(document.getElementById(t)&&document.getElementById(e)&&(document.getElementById(t).parentNode.appendChild(c),document.getElementById(t).parentNode.removeChild(document.getElementById(t)),document.getElementById(e).parentNode.removeChild(document.getElementById(e)),document.removeEventListener(\"scroll\",etargetPostloadFunction7a9b589f63cb072bef80df221f46a22b),document.removeEventListener(\"resize\",etargetPostloadFunction7a9b589f63cb072bef80df221f46a22b),document.removeEventListener(\"DOMContentLoaded\",etargetPostloadFunction7a9b589f63cb072bef80df221f46a22b)))}}}var etargetDivID=\"etargetPostload7a9b589f63cb072bef80df221f46a22b\",etargetScriptID=\"etargetScript7a9b589f63cb072bef80df221f46a22b\",etargetPostloadPoint=document.createElement(\"div\");etargetPostloadPoint.id=etargetDivID;var etargetCurScript=document.getElementById(etargetScriptID);etargetCurScript.parentNode.appendChild(etargetPostloadPoint),document.addEventListener(\"scroll\",etargetPostloadFunction7a9b589f63cb072bef80df221f46a22b),document.addEventListener(\"resize\",etargetPostloadFunction7a9b589f63cb072bef80df221f46a22b),document.addEventListener(\"DOMContentLoaded\",etargetPostloadFunction7a9b589f63cb072bef80df221f46a22b);var etargetAllowOtherCheck=!0;if(typeof(\"forceRunPostload\")==\"string\"){etargetPostloadFunction7a9b589f63cb072bef80df221f46a22b()}<\/script><\/div><div id=\"friss-403031970\" class=\"friss-after-content friss-entity-placement\"><script type=\"text\/javascript\" id=\"etargetScript7a9b589f63cb072bef80df221f46a22b\">function etargetPostloadFunction7a9b589f63cb072bef80df221f46a22b(){var e=\"etargetPostload7a9b589f63cb072bef80df221f46a22b\",t=\"etargetScript7a9b589f63cb072bef80df221f46a22b\",o=document.getElementById(e);if(o){for(var n=o.offsetTop,d=o.offsetLeft,r=o.offsetWidth,a=o.offsetHeight;o.offsetParent;)o=o.offsetParent,n+=o.offsetTop,d+=o.offsetLeft;var i=(n<=window.pageYOffset+window.innerHeight&&d<window.pageXOffset+window.innerWidth&&n+a>window.pageYOffset&&d+r>window.pageXOffset);if(i&&etargetAllowOtherCheck){allowed=!1;var c=document.createElement(\"script\");return c.src=\"\/\/hu.search.etargetnet.com\/generic\/uni.php?g=ref:58661,area:700x210\",void(document.getElementById(t)&&document.getElementById(e)&&(document.getElementById(t).parentNode.appendChild(c),document.getElementById(t).parentNode.removeChild(document.getElementById(t)),document.getElementById(e).parentNode.removeChild(document.getElementById(e)),document.removeEventListener(\"scroll\",etargetPostloadFunction7a9b589f63cb072bef80df221f46a22b),document.removeEventListener(\"resize\",etargetPostloadFunction7a9b589f63cb072bef80df221f46a22b),document.removeEventListener(\"DOMContentLoaded\",etargetPostloadFunction7a9b589f63cb072bef80df221f46a22b)))}}}var etargetDivID=\"etargetPostload7a9b589f63cb072bef80df221f46a22b\",etargetScriptID=\"etargetScript7a9b589f63cb072bef80df221f46a22b\",etargetPostloadPoint=document.createElement(\"div\");etargetPostloadPoint.id=etargetDivID;var etargetCurScript=document.getElementById(etargetScriptID);etargetCurScript.parentNode.appendChild(etargetPostloadPoint),document.addEventListener(\"scroll\",etargetPostloadFunction7a9b589f63cb072bef80df221f46a22b),document.addEventListener(\"resize\",etargetPostloadFunction7a9b589f63cb072bef80df221f46a22b),document.addEventListener(\"DOMContentLoaded\",etargetPostloadFunction7a9b589f63cb072bef80df221f46a22b);var etargetAllowOtherCheck=!0;if(typeof(\"forceRunPostload\")==\"string\"){etargetPostloadFunction7a9b589f63cb072bef80df221f46a22b()}<\/script><\/div><div id=\"friss-2585433786\" class=\"friss-after-content_2 friss-entity-placement\" style=\"clear: both;\"><div class=\"wprss_ajax\" data-id=\"rss1e89c4a245\"><img loading=\"lazy\" decoding=\"async\" src=\"https:\/\/friss-hirek.hu\/wp-content\/plugins\/wp-rss-retriever\/inc\/imgs\/ajax-loader.gif\" alt=\"Loading RSS Feed\" width=\"16\" height=\"16\"><\/div><\/div><br style=\"clear: both; display: block; float: none;\"\/><div id=\"friss-769229227\" class=\"friss-after-content_3 friss-entity-placement\">https:\/\/www.youtube.com\/watch?v=Pdnw4KiUWp0<\/div>","protected":false},"excerpt":{"rendered":"<p>T\u00f6bb mint egy kilom\u00e9teres l\u00f6v\u00e9s\u00e9vel vil\u00e1grekordot \u00e9rt el M\u00f3nus J\u00f3zsef \u00edj\u00e1sz, aki nyolcvan centim\u00e9terrel jav\u00edtotta meg a 29 \u00e9ve fenn\u00e1ll\u00f3 cs\u00facsot. Sajt\u00f3sa szerdai k\u00f6zlem\u00e9nye alapj\u00e1n a hajd\u00fan\u00e1n\u00e1si sz\u00fclet\u00e9s\u0171, Feh\u00e9r Farkas n\u00e9ven is ismert t\u00e1vl\u00f6v\u0151 \u00edj\u00e1sz az Egyes\u00fclt \u00c1llamokban, Nevad\u00e1ban, a Smith Creek kisz\u00e1radt t\u00f3 medr\u00e9ben rendezett versenyen hat ny\u00edlvessz\u0151t l\u0151tt ki. N\u00e9gyet k\u00f6r\u00fclbel\u00fcl 800 m\u00e9tern\u00e9l [&hellip;]<\/p>\n","protected":false},"author":1,"featured_media":0,"comment_status":"open","ping_status":"open","sticky":false,"template":"","format":"standard","meta":{"footnotes":""},"categories":[6],"tags":[],"class_list":["post-171092","post","type-post","status-publish","format-standard","hentry","category-videk"],"amp_enabled":true,"_links":{"self":[{"href":"https:\/\/friss-hirek.hu\/index.php\/wp-json\/wp\/v2\/posts\/171092","targetHints":{"allow":["GET"]}}],"collection":[{"href":"https:\/\/friss-hirek.hu\/index.php\/wp-json\/wp\/v2\/posts"}],"about":[{"href":"https:\/\/friss-hirek.hu\/index.php\/wp-json\/wp\/v2\/types\/post"}],"author":[{"embeddable":true,"href":"https:\/\/friss-hirek.hu\/index.php\/wp-json\/wp\/v2\/users\/1"}],"replies":[{"embeddable":true,"href":"https:\/\/friss-hirek.hu\/index.php\/wp-json\/wp\/v2\/comments?post=171092"}],"version-history":[{"count":0,"href":"https:\/\/friss-hirek.hu\/index.php\/wp-json\/wp\/v2\/posts\/171092\/revisions"}],"wp:attachment":[{"href":"https:\/\/friss-hirek.hu\/index.php\/wp-json\/wp\/v2\/media?parent=171092"}],"wp:term":[{"taxonomy":"category","embeddable":true,"href":"https:\/\/friss-hirek.hu\/index.php\/wp-json\/wp\/v2\/categories?post=171092"},{"taxonomy":"post_tag","embeddable":true,"href":"https:\/\/friss-hirek.hu\/index.php\/wp-json\/wp\/v2\/tags?post=171092"}],"curies":[{"name":"wp","href":"https:\/\/api.w.org\/{rel}","templated":true}]}}