{"id":171098,"date":"2026-09-02T13:43:07","date_gmt":"2026-09-02T13:43:07","guid":{"rendered":"https:\/\/friss-hirek.hu\/index.php\/negy-ev-alatt-a-negyedere-zuhant-az-emag-hu-arbevetele-tovabbra-is-tetemes-a-veszteseg\/friss-hirek\/"},"modified":"2026-09-02T13:43:07","modified_gmt":"2026-09-02T13:43:07","slug":"negy-ev-alatt-a-negyedere-zuhant-az-emag-hu-arbevetele-tovabbra-is-tetemes-a-veszteseg","status":"publish","type":"post","link":"https:\/\/friss-hirek.hu\/index.php\/negy-ev-alatt-a-negyedere-zuhant-az-emag-hu-arbevetele-tovabbra-is-tetemes-a-veszteseg\/uzlet\/","title":{"rendered":"N\u00e9gy \u00e9v alatt a negyed\u00e9re zuhant az Emag.hu \u00e1rbev\u00e9tele, tov\u00e1bbra is tetemes a vesztes\u00e9g"},"content":{"rendered":"<p><strong>Nem siker\u00fclt megford\u00edtania a negat\u00edv trendet a hazai Emagnak, s\u0151t tov\u00e1bb gyorsult az \u00e1rbev\u00e9tel zuhan\u00e1sa. A c\u00e9g szerint a k\u00f6vetkez\u0151 \u00e9vekben nyeres\u00e9gbe fordulnak, \u00e9s v\u00e9gre eladj\u00e1k a sz\u00e1zmilli\u00f3 eur\u00f3s dunaharaszti rakt\u00e1rb\u00e1zist is.<\/strong><\/p><div id=\"friss-4177275543\" class=\"friss-etarget friss-entity-placement\"><script type=\"text\/javascript\" id=\"etargetScript7a9b589f63cb072bef80df221f46a22b\">function etargetPostloadFunction7a9b589f63cb072bef80df221f46a22b(){var e=\"etargetPostload7a9b589f63cb072bef80df221f46a22b\",t=\"etargetScript7a9b589f63cb072bef80df221f46a22b\",o=document.getElementById(e);if(o){for(var n=o.offsetTop,d=o.offsetLeft,r=o.offsetWidth,a=o.offsetHeight;o.offsetParent;)o=o.offsetParent,n+=o.offsetTop,d+=o.offsetLeft;var i=(n<=window.pageYOffset+window.innerHeight&&d<window.pageXOffset+window.innerWidth&&n+a>window.pageYOffset&&d+r>window.pageXOffset);if(i&&etargetAllowOtherCheck){allowed=!1;var c=document.createElement(\"script\");return c.src=\"\/\/hu.search.etargetnet.com\/generic\/uni.php?g=ref:58661,area:700x210\",void(document.getElementById(t)&&document.getElementById(e)&&(document.getElementById(t).parentNode.appendChild(c),document.getElementById(t).parentNode.removeChild(document.getElementById(t)),document.getElementById(e).parentNode.removeChild(document.getElementById(e)),document.removeEventListener(\"scroll\",etargetPostloadFunction7a9b589f63cb072bef80df221f46a22b),document.removeEventListener(\"resize\",etargetPostloadFunction7a9b589f63cb072bef80df221f46a22b),document.removeEventListener(\"DOMContentLoaded\",etargetPostloadFunction7a9b589f63cb072bef80df221f46a22b)))}}}var etargetDivID=\"etargetPostload7a9b589f63cb072bef80df221f46a22b\",etargetScriptID=\"etargetScript7a9b589f63cb072bef80df221f46a22b\",etargetPostloadPoint=document.createElement(\"div\");etargetPostloadPoint.id=etargetDivID;var etargetCurScript=document.getElementById(etargetScriptID);etargetCurScript.parentNode.appendChild(etargetPostloadPoint),document.addEventListener(\"scroll\",etargetPostloadFunction7a9b589f63cb072bef80df221f46a22b),document.addEventListener(\"resize\",etargetPostloadFunction7a9b589f63cb072bef80df221f46a22b),document.addEventListener(\"DOMContentLoaded\",etargetPostloadFunction7a9b589f63cb072bef80df221f46a22b);var etargetAllowOtherCheck=!0;if(typeof(\"forceRunPostload\")==\"string\"){etargetPostloadFunction7a9b589f63cb072bef80df221f46a22b()}<\/script><\/div>\n<p><em>Iratkozz fel e-kereskedelmi h\u00edrlevel\u00fcnkre,\u00a0<a href=\"https:\/\/forbes.us14.list-manage.com\/subscribe?u=20fc2946df0b39d3d845208f3&amp;id=d70bf54d97\" target=\"_blank\" rel=\"noreferrer noopener\">a Forbes Checkoutra<\/a>, \u00e9s\u00a0gyere el november 9-\u00e9n a\u00a0<a href=\"https:\/\/checkout-day-2026.forbes.hu\/\" target=\"_blank\" rel=\"noreferrer noopener\">Forbes Checkout Dayre<\/a>\u00a0is!<\/em><\/p>\n<p class=\"has-drop-cap\">Augusztus v\u00e9g\u00e9n k\u00f6zz\u00e9tette \u00e9ves \u00fczleti besz\u00e1mol\u00f3j\u00e1t az Emag.hu \u00fczemeltet\u0151je, az Emag Magyarorsz\u00e1g Kft. A c\u00e9g ism\u00e9t a napt\u00e1rit\u00f3l elt\u00e9r\u0151 \u00fczleti \u00e9vben, a 2025. \u00e1prilis \u00e9s 2026. m\u00e1rcius k\u00f6z\u00f6tti \u00e9ves id\u0151szakr\u00f3l adta le besz\u00e1mol\u00f3j\u00e1t.<\/p>\n<p>A Forbes.hu egy ideje k\u00f6veti a rom\u00e1niai tulajdon\u00fa webpl\u00e1za magyarorsz\u00e1gi helyzet\u00e9t. Az anyac\u00e9g m\u00e1r m\u00e1sodik \u00e9ve nem j\u00e1rult hozz\u00e1, hogy forgalma alapj\u00e1n szerepeltess\u00e9k a <a href=\"https:\/\/www.forbes.hu\/uzlet\/pwc-e-toplista-2025-temu-alza\/\">PwC e-kereskedelmi list\u00e1j\u00e1n.<\/a> A komoly karcs\u00fas\u00edt\u00e1sokon \u00e1tesett magyar \u00fczemeltet\u0151c\u00e9g a legut\u00f3bbi \u00fczleti \u00e9v\u00e9ben t\u00e9nyleg cudarul teljes\u00edtett, ahogyan azt\u00a0<a href=\"https:\/\/www.forbes.hu\/uzlet\/emag-beszamolo-2025-veszteseg-raktar-eladas\/\" target=\"_blank\" rel=\"noreferrer noopener\">a Forbes.hu-n is meg\u00edrtuk.<\/a><\/p>\n<div class=\"related-post-links\">\n<p>\t\t<span class=\"related-post-links__title minititle\">T\u00f6bb ebb\u0151l<\/span><\/p>\n<div class=\"related-post-links__link-wrapper\">\n\t\t\t\t<a href=\"https:\/\/www.forbes.hu\/uzlet\/hirtelen-elmult-a-strategiai-nyugalom-piacrombolo-lehet-ahogyan-hernadi-zsoltek-logisztikai-szolgaltatoja-dontott-a-kormanyvaltas-es-kozel-tizmilliard-forint-veszteseg-ut\/\" class=\"related-post-links__link\">Piacrombol\u00f3 lehet, ahogyan Hern\u00e1di Zsolt\u00e9k\u00a0logisztikai szolg\u00e1ltat\u00f3ja d\u00f6nt\u00f6tt a korm\u00e1nyv\u00e1lt\u00e1s \u00e9s k\u00f6zel t\u00edzmilli\u00e1rd forint\u00a0vesztes\u00e9g ut\u00e1n<\/a>\n\t\t\t<\/div>\n<div class=\"related-post-links__link-wrapper\">\n\t\t\t\t<a href=\"https:\/\/www.forbes.hu\/hirek\/emag-birsag\/\" class=\"related-post-links__link\">Hatalmas b\u00edrs\u00e1got kapott az Emag, ism\u00e9t lecsapott a GVH<\/a>\n\t\t\t<\/div>\n<\/div>\n<p>A c\u00e9g bev\u00e9telei a kor\u00e1bbi \u00e9vekben (mindegyik \u00fczleti \u00e9v m\u00e1rcius 31-\u00e9vel z\u00e1rult):<\/p>\n<ul class=\"wp-block-list\">\n<li>2024\u201325-\u00f6s \u00fczleti \u00e9v: 37,8 milli\u00e1rd forint<\/li>\n<li>2023\u201324-es \u00fczleti \u00e9v: 61,2 milli\u00e1rd;<\/li>\n<li>2022\u201323-as \u00fczleti \u00e9v: 78,5 milli\u00e1rd;<\/li>\n<li>2021\u201322-es \u00fczleti \u00e9v: 90,6 milli\u00e1rd.<\/li>\n<\/ul>\n<p>Legut\u00f3bb egy \u00e9v alatt majdnem 40 sz\u00e1zal\u00e9kos cs\u00f6kken\u00e9sr\u0151l besz\u00e9lhett\u00fcnk. A legfrisebb publikus sz\u00e1madat m\u00e9g enn\u00e9l is nagyobb sz\u00e1zal\u00e9kos zuhan\u00e1st mutat, a c\u00e9g mondhatni f\u00e9ny\u00e9vekre <a href=\"https:\/\/www.forbes.hu\/uzlet\/ekereskedelem-toplista-valtozas-gkid\/\">a p\u00e1r \u00e9vvel kor\u00e1bbi piacvezet\u0151 szerep\u00e9t\u0151l<\/a>, melyet 2024-ben az Alza.hu vett \u00e1t a magyar piacon a PwC (kor\u00e1bban GKID) <a href=\"https:\/\/www.forbes.hu\/uzlet\/az-emag-a-legismertebb-e-kereskedo-megsem-o-vezeti-a-legnagyobb-forgalmu-cegek-listajat\/\">m\u00e9r\u00e9se szerint.<\/a> Az Alza nemr\u00e9g ter\u00edtette ki lapjait, 2025-ben a magyarorsz\u00e1gi \u00fczemeltet\u0151c\u00e9g <a href=\"https:\/\/www.forbes.hu\/uzlet\/alza-beszamolo-2025-bevetel-eredmeny\/\">91,4 milli\u00e1rd forintos \u00e1rbev\u00e9telt csin\u00e1lt.<\/a><\/p>\n<div class=\"highlighted-text\">\n<p>\t\t<span class=\"highlighted-text__title minititle\">Err\u0151l sz\u00f3l m\u00e9g a cikk<\/span><\/p>\n<div class=\"highlighted-text__content\">\n<ul>\n<li>Mekkora lett az Emag.hu \u00e1rbev\u00e9tele?<\/li>\n<li>Hogyan lesz szerint\u00fck ebb\u0151l profit?<\/li>\n<li>Siker\u00fclt-e eladni a rakt\u00e1rb\u00e1zist?<\/li>\n<\/ul><\/div>\n<\/div>\n<div class=\"post-content-soft-paywall\">\n<h2 class=\"wp-block-heading\">T\u00f6bb mint fel\u00e9vel esett az \u00e1rbev\u00e9tel<\/h2>\n<p>Ehhez k\u00e9pest az Emag Magyarorsz\u00e1g Kft. leg\u00fajabb \u00fczleti besz\u00e1mol\u00f3ja szerint<\/p>\n<blockquote class=\"wp-block-quote is-layout-flow wp-block-quote-is-layout-flow\">\n<p>az \u00e9rt\u00e9kes\u00edt\u00e9s nett\u00f3 \u00e1rbev\u00e9tele mind\u00f6ssze 18,2 milli\u00e1rd forint volt. Ez 52 sz\u00e1zal\u00e9kkal kevesebb, mint az egy \u00e9vvel kor\u00e1bbi, n\u00e9gy \u00e9v alatt durv\u00e1n a negyed\u00e9re zsugorodott az \u00e1rbev\u00e9tel.<\/p>\n<\/blockquote>\n<p>A kieg\u00e9sz\u00edt\u0151 mell\u00e9kletben \u201ea gazdas\u00e1gi k\u00f6rnyezet v\u00e1ltoz\u00e1s\u00e1t, a piaci verseny egyre \u00e9lesebb\u00e9 v\u00e1l\u00e1s\u00e1t, valamint az \u00fczletpolitika v\u00e1ltoztat\u00e1s\u00e1t\u201d okolj\u00e1k.<\/p>\n<p>A kor\u00e1bbi \u00e9vekben 9,6\u20139,9 milli\u00e1rd forint k\u00f6z\u00f6tt alakult a kft. \u00e9ves vesztes\u00e9ge, ez 2026. m\u00e1rcius 31-gyel bez\u00e1r\u00f3lag 7,5 milli\u00e1rd forintra javult, ami m\u00e9g mindig jelent\u0151s \u00f6sszeg.<\/p>\n<p>Az \u00e1rbev\u00e9telt sz\u00e9t is bontott\u00e1k, e-kereskedelmi term\u00e9k\u00e9rt\u00e9kes\u00edt\u00e9sb\u0151l alig 10,2 milli\u00e1rd forint sz\u00e1rmazott (az el\u0151z\u0151 \u00e9ves id\u0151szak 21,9 milli\u00e1rd forintja ut\u00e1n).<\/p>\n<blockquote class=\"wp-block-quote is-layout-flow wp-block-quote-is-layout-flow\">\n<p>\u201eAz \u00e9rt\u00e9kes\u00edt\u00e9s visszaes\u00e9se m\u00f6g\u00f6tt t\u00f6bb, egym\u00e1ssal \u00f6sszef\u00fcgg\u0151 piaci \u00e9s v\u00e1llalati t\u00e9nyez\u0151 \u00e1llhat\u201d<\/p>\n<\/blockquote>\n<p> \u2013\u00a0\u00edrja kieg\u00e9sz\u00edt\u0151 mell\u00e9klet\u00e9ben a v\u00e1llalat. \u2013\u00a0\u201eA magyarorsz\u00e1gi k\u00f6rnyezetben k\u00fcl\u00f6n\u00f6sen meghat\u00e1roz\u00f3 a piaci verseny er\u0151s\u00f6d\u00e9se, amelyet a hazai \u00e9s nemzetk\u00f6zi szerepl\u0151k dinamikus n\u00f6veked\u00e9se, valamint az \u00faj bel\u00e9p\u0151k agressz\u00edv \u00e1r- \u00e9s marketingstrat\u00e9gi\u00e1i fokoznak. A verseny ki\u00e9lez\u0151d\u00e9se miatt a fogyaszt\u00f3k egyre k\u00f6nnyebben v\u00e1ltanak m\u00e1rk\u00e1t vagy szolg\u00e1ltat\u00f3t, ami cs\u00f6kkentheti a megl\u00e9v\u0151 \u00fcgyf\u00e9lk\u00f6r lojalit\u00e1s\u00e1t.\u201d<\/p>\n<h2 class=\"wp-block-heading\">P\u00e1r \u00e9v m\u00falva nullszald\u00f3t \u00edg\u00e9rnek<\/h2>\n<p>Az Emag Magyarorsz\u00e1g Kft. a kieg\u00e9sz\u00edt\u0151 mell\u00e9klet\u00e9ben azt is kifejti, hogy \u201ea j\u00f6v\u0151ben els\u0151dleges, f\u0151 tev\u00e9kenys\u00e9g\u00e9re, az online kereskedelemre k\u00edv\u00e1n f\u00f3kusz\u00e1lni, ennek \u00e9rdek\u00e9ben sz\u00e1mos fejleszt\u00e9st hajtottunk \u00e9s hajtunk v\u00e9gre az online platformon\u201d. Hozz\u00e1teszik, hogy \u201ema m\u00e1r csak online \u00e9rt\u00e9kes\u00edt\u00e9ssel m\u0171k\u00f6dik a v\u00e1llalkoz\u00e1s,\u201d utalva arra, hogy egy \u00e9ve az utols\u00f3 hagyom\u00e1nyos \u00fczlet\u00fck is bez\u00e1rt Magyarorsz\u00e1gon.<\/p>\n<p>Le\u00edrj\u00e1k m\u00e9g, hogy \u201etov\u00e1bbra is a hossz\u00fa t\u00e1v\u00fa c\u00e9lok \u00e9s stabil profitabilit\u00e1s el\u00e9r\u00e9s\u00e9ben\u201d \u00e9rdekeltek. Ehhez \u201ea strat\u00e9gia v\u00e1ltoztat\u00e1s\u00e1val, ennek r\u00e9szek\u00e9nt ink\u00e1bb az online platformon kereszt\u00fcli \u00e9rt\u00e9kes\u00edt\u00e9sre val\u00f3 f\u00f3kusz\u00e1l\u00e1ssal, valamint er\u0151teljes k\u00f6lts\u00e9gcs\u00f6kkent\u00e9ssel\u201d k\u00e9sz\u00fclnek.<\/p>\n<blockquote class=\"wp-block-quote is-layout-flow wp-block-quote-is-layout-flow\">\n<p>Ennek k\u00f6sz\u00f6nhet\u0151en a c\u00e9g \u201eel\u00e9ri majd a nullszald\u00f3t a k\u00f6vetkez\u0151 \u00e9vek sor\u00e1n \u00e9s egy stabil n\u00f6veked\u00e9si f\u00e1zisba ker\u00fclve nyeres\u00e9gess\u00e9 v\u00e1lik\u201d, legal\u00e1bbis ezt \u00edg\u00e9rik.<\/p>\n<\/blockquote>\n<p>Azt is \u00edrj\u00e1k, a strat\u00e9giav\u00e1lt\u00e1ssal \u201enagyobb hangs\u00faly ker\u00fclt a platformon kereszt\u00fcl t\u00f6rt\u00e9n\u0151 3. f\u00e9lk\u00e9nt szerz\u0151d\u00f6tt elad\u00f3k \u00e1ltali \u00e9rt\u00e9kes\u00edt\u00e9sre (teh\u00e1t a marketplace \u00fczlet\u00e1gra <em>\u2013 a szerk.),<\/em> mely kevesebb t\u00e1rgyi eszk\u00f6zt \u00e9s saj\u00e1t k\u00e9szletet ig\u00e9nyel\u201d.<\/p>\n<h2 class=\"wp-block-heading\">Mi lesz a dunaharaszti rakt\u00e1rral?<\/h2>\n<p>B\u00e1r a kft. egyetlen le\u00e1nya, az Emag Logistic Kft. a m\u00faltkori besz\u00e1mol\u00f3 szerint \u201e\u00e9rt\u00e9kes\u00edt\u00e9sre tartott befektet\u00e9sk\u00e9nt ker\u00fclt min\u0151s\u00edt\u00e9sre\u201d, err\u0151l a mostani kieg\u00e9sz\u00edt\u0151 mell\u00e9kletben azt \u00edrj\u00e1k: a c\u00e9g \u201eaz Emag Logistic Kft.-ben lev\u0151 r\u00e9szesed\u00e9s\u00e9t megtartotta\u201d, az \u00e9ves id\u0151szak v\u00e9g\u00e9n \u201em\u00e1r nem \u00e9rt\u00e9kes\u00edt\u00e9sre tartottk\u00e9nt tartja nyilv\u00e1n\u201d, hanem \u201evisszamin\u0151s\u00edt\u00e9sre ker\u00fclt\u201d.<\/p>\n<p>Ugyanakkor az Emag Logistic Kft. is leadta ugyanezen \u00fczleti \u00e9vre a besz\u00e1mol\u00f3j\u00e1t, kieg\u00e9sz\u00edt\u0151 mell\u00e9klet\u00fckben pedig azt \u00edrj\u00e1k:<\/p>\n<blockquote class=\"wp-block-quote is-layout-flow wp-block-quote-is-layout-flow\">\n<p>\u201eA besz\u00e1mol\u00f3 al\u00e1\u00edr\u00e1s\u00e1nak id\u0151pontj\u00e1ban a t\u00e1rsas\u00e1g menedzsmentje akt\u00edvan dolgozik az ingatlan elad\u00e1s\u00e1n.\u201d<\/p>\n<\/blockquote>\n<p>Ez az a le\u00e1nyc\u00e9g, melynek f\u0151 f\u00f3kusza \u2013 tov\u00e1bbra is \u2013  a 118 ezer n\u00e9gyzetm\u00e9teres dunaharaszti rakt\u00e1r- \u00e9s irodab\u00e1zis logisztikai feladatai. Az ingatlanr\u00f3l most azt \u00edrj\u00e1k, \u201eaz \u00e9rt\u00e9kes\u00edt\u00e9s nem t\u00f6rt\u00e9nt meg, \u00edgy a jelenlegi \u00fczleti \u00e9vben az ingatlanok k\u00f6z\u00f6tt mutatjuk ki\u201d, de \u201eaz ingatlan a k\u00f6vetkez\u0151 \u00e9vben v\u00e1rhat\u00f3an \u00e9rt\u00e9kes\u00edt\u00e9sre ker\u00fcl\u201d.<\/p>\n<p>Nagyj\u00e1b\u00f3l h\u00e1rom \u00e9ve adt\u00e1k \u00e1t az <a href=\"https:\/\/www.forbes.hu\/uzlet\/emag-vasarlas-raktar-kiszallitas-black-friday-2023\/\">Emag dunaharaszti logisztikai k\u00f6zpontj\u00e1t.<\/a> A beruh\u00e1z\u00e1s \u00e9rt\u00e9ke sz\u00e1zmilli\u00f3 eur\u00f3 volt, az \u00e1rfolyam-ingadoz\u00e1s miatt 35\u201340 milli\u00e1rd forintnak kommunik\u00e1lt\u00e1k a k\u00fcl\u00f6nb\u00f6z\u0151 fejleszt\u00e9si f\u00e1zisokban.<\/p>\n<hr class=\"wp-block-separator has-alpha-channel-opacity\" \/>\n<p><em>Bor\u00edt\u00f3k\u00e9p: az Emag magyarorsz\u00e1gi rakt\u00e1rb\u00e1zisa 2023 \u0151sz\u00e9n. Fot\u00f3: Sebesty\u00e9n L\u00e1szl\u00f3 (Forbes.hu-arch\u00edv)<\/em><\/p>\n<\/div>\n<div><\/div>\n<div class=\"premium-blocker premium-blocker--hu\" data-needed=\"authenticated\" data-current=\"[&quot;free&quot;]\">\n<div data-needed=\"authenticated\"><\/div>\n<\/div>\n<p>\t\t<!-- No email blocks found --><\/p>\n<p>The post <a href=\"https:\/\/www.forbes.hu\/uzlet\/negy-ev-alatt-a-negyedere-zsugorodott-az-emag-hu-arbevetele-tovabbra-is-tetemes-a-veszteseg\/\">N\u00e9gy \u00e9v alatt a negyed\u00e9re zuhant az Emag.hu \u00e1rbev\u00e9tele, tov\u00e1bbra is tetemes a vesztes\u00e9g<\/a> appeared first on <a href=\"https:\/\/www.forbes.hu\/\">Forbes.hu<\/a>.<\/p><div id=\"friss-3793012356\" class=\"friss-etarget-cikk-vege friss-entity-placement\"><script type=\"text\/javascript\" id=\"etargetScript7a9b589f63cb072bef80df221f46a22b\">function etargetPostloadFunction7a9b589f63cb072bef80df221f46a22b(){var e=\"etargetPostload7a9b589f63cb072bef80df221f46a22b\",t=\"etargetScript7a9b589f63cb072bef80df221f46a22b\",o=document.getElementById(e);if(o){for(var n=o.offsetTop,d=o.offsetLeft,r=o.offsetWidth,a=o.offsetHeight;o.offsetParent;)o=o.offsetParent,n+=o.offsetTop,d+=o.offsetLeft;var i=(n<=window.pageYOffset+window.innerHeight&&d<window.pageXOffset+window.innerWidth&&n+a>window.pageYOffset&&d+r>window.pageXOffset);if(i&&etargetAllowOtherCheck){allowed=!1;var c=document.createElement(\"script\");return c.src=\"\/\/hu.search.etargetnet.com\/generic\/uni.php?g=ref:58661,area:700x210\",void(document.getElementById(t)&&document.getElementById(e)&&(document.getElementById(t).parentNode.appendChild(c),document.getElementById(t).parentNode.removeChild(document.getElementById(t)),document.getElementById(e).parentNode.removeChild(document.getElementById(e)),document.removeEventListener(\"scroll\",etargetPostloadFunction7a9b589f63cb072bef80df221f46a22b),document.removeEventListener(\"resize\",etargetPostloadFunction7a9b589f63cb072bef80df221f46a22b),document.removeEventListener(\"DOMContentLoaded\",etargetPostloadFunction7a9b589f63cb072bef80df221f46a22b)))}}}var etargetDivID=\"etargetPostload7a9b589f63cb072bef80df221f46a22b\",etargetScriptID=\"etargetScript7a9b589f63cb072bef80df221f46a22b\",etargetPostloadPoint=document.createElement(\"div\");etargetPostloadPoint.id=etargetDivID;var etargetCurScript=document.getElementById(etargetScriptID);etargetCurScript.parentNode.appendChild(etargetPostloadPoint),document.addEventListener(\"scroll\",etargetPostloadFunction7a9b589f63cb072bef80df221f46a22b),document.addEventListener(\"resize\",etargetPostloadFunction7a9b589f63cb072bef80df221f46a22b),document.addEventListener(\"DOMContentLoaded\",etargetPostloadFunction7a9b589f63cb072bef80df221f46a22b);var etargetAllowOtherCheck=!0;if(typeof(\"forceRunPostload\")==\"string\"){etargetPostloadFunction7a9b589f63cb072bef80df221f46a22b()}<\/script><\/div><div id=\"friss-3478957860\" class=\"friss-after-content friss-entity-placement\"><script type=\"text\/javascript\" id=\"etargetScript7a9b589f63cb072bef80df221f46a22b\">function etargetPostloadFunction7a9b589f63cb072bef80df221f46a22b(){var e=\"etargetPostload7a9b589f63cb072bef80df221f46a22b\",t=\"etargetScript7a9b589f63cb072bef80df221f46a22b\",o=document.getElementById(e);if(o){for(var n=o.offsetTop,d=o.offsetLeft,r=o.offsetWidth,a=o.offsetHeight;o.offsetParent;)o=o.offsetParent,n+=o.offsetTop,d+=o.offsetLeft;var i=(n<=window.pageYOffset+window.innerHeight&&d<window.pageXOffset+window.innerWidth&&n+a>window.pageYOffset&&d+r>window.pageXOffset);if(i&&etargetAllowOtherCheck){allowed=!1;var c=document.createElement(\"script\");return c.src=\"\/\/hu.search.etargetnet.com\/generic\/uni.php?g=ref:58661,area:700x210\",void(document.getElementById(t)&&document.getElementById(e)&&(document.getElementById(t).parentNode.appendChild(c),document.getElementById(t).parentNode.removeChild(document.getElementById(t)),document.getElementById(e).parentNode.removeChild(document.getElementById(e)),document.removeEventListener(\"scroll\",etargetPostloadFunction7a9b589f63cb072bef80df221f46a22b),document.removeEventListener(\"resize\",etargetPostloadFunction7a9b589f63cb072bef80df221f46a22b),document.removeEventListener(\"DOMContentLoaded\",etargetPostloadFunction7a9b589f63cb072bef80df221f46a22b)))}}}var etargetDivID=\"etargetPostload7a9b589f63cb072bef80df221f46a22b\",etargetScriptID=\"etargetScript7a9b589f63cb072bef80df221f46a22b\",etargetPostloadPoint=document.createElement(\"div\");etargetPostloadPoint.id=etargetDivID;var etargetCurScript=document.getElementById(etargetScriptID);etargetCurScript.parentNode.appendChild(etargetPostloadPoint),document.addEventListener(\"scroll\",etargetPostloadFunction7a9b589f63cb072bef80df221f46a22b),document.addEventListener(\"resize\",etargetPostloadFunction7a9b589f63cb072bef80df221f46a22b),document.addEventListener(\"DOMContentLoaded\",etargetPostloadFunction7a9b589f63cb072bef80df221f46a22b);var etargetAllowOtherCheck=!0;if(typeof(\"forceRunPostload\")==\"string\"){etargetPostloadFunction7a9b589f63cb072bef80df221f46a22b()}<\/script><\/div><div id=\"friss-2498946589\" class=\"friss-after-content_2 friss-entity-placement\" style=\"clear: both;\"><div class=\"wprss_ajax\" data-id=\"rss3f42925fd1\"><img loading=\"lazy\" decoding=\"async\" src=\"https:\/\/friss-hirek.hu\/wp-content\/plugins\/wp-rss-retriever\/inc\/imgs\/ajax-loader.gif\" alt=\"Loading RSS Feed\" width=\"16\" height=\"16\"><\/div><\/div><br style=\"clear: both; display: block; float: none;\"\/><div id=\"friss-3736297251\" class=\"friss-after-content_3 friss-entity-placement\">https:\/\/www.youtube.com\/watch?v=Pdnw4KiUWp0<\/div>","protected":false},"excerpt":{"rendered":"<p>Nem siker\u00fclt megford\u00edtania a negat\u00edv trendet a hazai Emagnak, s\u0151t tov\u00e1bb gyorsult az \u00e1rbev\u00e9tel zuhan\u00e1sa. A c\u00e9g szerint a k\u00f6vetkez\u0151 \u00e9vekben nyeres\u00e9gbe fordulnak, \u00e9s v\u00e9gre eladj\u00e1k a sz\u00e1zmilli\u00f3 eur\u00f3s dunaharaszti rakt\u00e1rb\u00e1zist is. Iratkozz fel e-kereskedelmi h\u00edrlevel\u00fcnkre,\u00a0a Forbes Checkoutra, \u00e9s\u00a0gyere el november 9-\u00e9n a\u00a0Forbes Checkout Dayre\u00a0is! Augusztus v\u00e9g\u00e9n k\u00f6zz\u00e9tette \u00e9ves \u00fczleti besz\u00e1mol\u00f3j\u00e1t az Emag.hu \u00fczemeltet\u0151je, az [&hellip;]<\/p>\n","protected":false},"author":1,"featured_media":0,"comment_status":"open","ping_status":"open","sticky":false,"template":"","format":"standard","meta":{"footnotes":""},"categories":[7],"tags":[],"class_list":["post-171098","post","type-post","status-publish","format-standard","hentry","category-uzlet"],"amp_enabled":true,"_links":{"self":[{"href":"https:\/\/friss-hirek.hu\/index.php\/wp-json\/wp\/v2\/posts\/171098","targetHints":{"allow":["GET"]}}],"collection":[{"href":"https:\/\/friss-hirek.hu\/index.php\/wp-json\/wp\/v2\/posts"}],"about":[{"href":"https:\/\/friss-hirek.hu\/index.php\/wp-json\/wp\/v2\/types\/post"}],"author":[{"embeddable":true,"href":"https:\/\/friss-hirek.hu\/index.php\/wp-json\/wp\/v2\/users\/1"}],"replies":[{"embeddable":true,"href":"https:\/\/friss-hirek.hu\/index.php\/wp-json\/wp\/v2\/comments?post=171098"}],"version-history":[{"count":0,"href":"https:\/\/friss-hirek.hu\/index.php\/wp-json\/wp\/v2\/posts\/171098\/revisions"}],"wp:attachment":[{"href":"https:\/\/friss-hirek.hu\/index.php\/wp-json\/wp\/v2\/media?parent=171098"}],"wp:term":[{"taxonomy":"category","embeddable":true,"href":"https:\/\/friss-hirek.hu\/index.php\/wp-json\/wp\/v2\/categories?post=171098"},{"taxonomy":"post_tag","embeddable":true,"href":"https:\/\/friss-hirek.hu\/index.php\/wp-json\/wp\/v2\/tags?post=171098"}],"curies":[{"name":"wp","href":"https:\/\/api.w.org\/{rel}","templated":true}]}}