{"id":171101,"date":"2026-09-02T14:44:02","date_gmt":"2026-09-02T14:44:02","guid":{"rendered":"https:\/\/friss-hirek.hu\/index.php\/ekkor-jelenik-meg-a-mult-heten-elhunyt-nadas-peter-utolso-konyve\/friss-hirek\/"},"modified":"2026-09-02T14:44:02","modified_gmt":"2026-09-02T14:44:02","slug":"ekkor-jelenik-meg-a-mult-heten-elhunyt-nadas-peter-utolso-konyve","status":"publish","type":"post","link":"https:\/\/friss-hirek.hu\/index.php\/ekkor-jelenik-meg-a-mult-heten-elhunyt-nadas-peter-utolso-konyve\/uzlet\/","title":{"rendered":"Ekkor jelenik meg a m\u00falt h\u00e9ten elhunyt N\u00e1das P\u00e9ter utols\u00f3 k\u00f6nyve"},"content":{"rendered":"<p><strong>A posztumusz k\u00f6tetre nem kell sokat v\u00e1rni.<\/strong><\/p><div id=\"friss-4243814037\" class=\"friss-etarget friss-entity-placement\"><script type=\"text\/javascript\" id=\"etargetScript7a9b589f63cb072bef80df221f46a22b\">function etargetPostloadFunction7a9b589f63cb072bef80df221f46a22b(){var e=\"etargetPostload7a9b589f63cb072bef80df221f46a22b\",t=\"etargetScript7a9b589f63cb072bef80df221f46a22b\",o=document.getElementById(e);if(o){for(var n=o.offsetTop,d=o.offsetLeft,r=o.offsetWidth,a=o.offsetHeight;o.offsetParent;)o=o.offsetParent,n+=o.offsetTop,d+=o.offsetLeft;var i=(n<=window.pageYOffset+window.innerHeight&&d<window.pageXOffset+window.innerWidth&&n+a>window.pageYOffset&&d+r>window.pageXOffset);if(i&&etargetAllowOtherCheck){allowed=!1;var c=document.createElement(\"script\");return c.src=\"\/\/hu.search.etargetnet.com\/generic\/uni.php?g=ref:58661,area:700x210\",void(document.getElementById(t)&&document.getElementById(e)&&(document.getElementById(t).parentNode.appendChild(c),document.getElementById(t).parentNode.removeChild(document.getElementById(t)),document.getElementById(e).parentNode.removeChild(document.getElementById(e)),document.removeEventListener(\"scroll\",etargetPostloadFunction7a9b589f63cb072bef80df221f46a22b),document.removeEventListener(\"resize\",etargetPostloadFunction7a9b589f63cb072bef80df221f46a22b),document.removeEventListener(\"DOMContentLoaded\",etargetPostloadFunction7a9b589f63cb072bef80df221f46a22b)))}}}var etargetDivID=\"etargetPostload7a9b589f63cb072bef80df221f46a22b\",etargetScriptID=\"etargetScript7a9b589f63cb072bef80df221f46a22b\",etargetPostloadPoint=document.createElement(\"div\");etargetPostloadPoint.id=etargetDivID;var etargetCurScript=document.getElementById(etargetScriptID);etargetCurScript.parentNode.appendChild(etargetPostloadPoint),document.addEventListener(\"scroll\",etargetPostloadFunction7a9b589f63cb072bef80df221f46a22b),document.addEventListener(\"resize\",etargetPostloadFunction7a9b589f63cb072bef80df221f46a22b),document.addEventListener(\"DOMContentLoaded\",etargetPostloadFunction7a9b589f63cb072bef80df221f46a22b);var etargetAllowOtherCheck=!0;if(typeof(\"forceRunPostload\")==\"string\"){etargetPostloadFunction7a9b589f63cb072bef80df221f46a22b()}<\/script><\/div>\n<hr class=\"wp-block-separator has-alpha-channel-opacity\" \/>\n<div class=\"highlighted-text\">\n<p>\t\t<span class=\"highlighted-text__title minititle\">Megjelent az \u00faj list\u00e1nk!<\/span><\/p>\n<div class=\"highlighted-text__content\">\n<p><em>K\u00f6zel \u00f6tbilli\u00f3 forintot \u00e9r a top 40 csal\u00e1di c\u00e9g, t\u00f6bb mint a negyed\u00e9t egyetlen szerepl\u0151 hozta \u00f6ssze \u2013 megjelent a Forbes 2026-os csal\u00e1di list\u00e1ja, <a href=\"https:\/\/www.forbes.hu\/lista-csaladi-vallalkozasok-2026\/\" target=\"_blank\" rel=\"noopener\">ide kattintva<\/a> tudod b\u00f6ng\u00e9szni!<\/em><\/p>\n<\/div>\n<\/div>\n<p><strong>Mi t\u00f6rt\u00e9nt?<\/strong> Okt\u00f3ber elsej\u00e9n megjelenik N\u00e1das P\u00e9ter utols\u00f3 k\u00f6nyve, Most az egyszer c\u00edmmel \u2013 k\u00f6z\u00f6lte a S\u00e1rk\u00f6zy \u00e9s T\u00e1rsai kiad\u00f3.<\/p>\n<blockquote class=\"wp-block-quote is-layout-flow wp-block-quote-is-layout-flow\">\n<p>R\u00f6pirat\u00e1ban N\u00e1das P\u00e9ter felsorolja azokat a t\u00e9m\u00e1kat, melyekr\u0151l nem akar besz\u00e9lni. \u201eA k\u00f6z\u00f6s hallgat\u00e1snak nagyobb s\u00falya van.\u201d S \u00edgy azt\u00e1n m\u00e9gis besz\u00e9l<\/p>\n<\/blockquote>\n<p>\u2013 \u00edrta a k\u00f6tetr\u0151l a kiad\u00f3.<\/p>\n<div class=\"related-post-links\">\n<p>\t\t<span class=\"related-post-links__title minititle\">T\u00f6bb ebb\u0151l<\/span><\/p>\n<div class=\"related-post-links__link-wrapper\">\n\t\t\t\t<a href=\"https:\/\/www.forbes.hu\/forbes-sztori\/deri-balazs-interju-nadas-peter-emlekiratok-konyve\/\" class=\"related-post-links__link\">\u201eEz a magyar irodalom legnagyobb m\u0171ve\u201d \u2013 D\u00e9ri Bal\u00e1zs arr\u00f3l, mi\u00e9rt volt politikai l\u00e1zad\u00e1s N\u00e1das P\u00e9tert olvasni, \u00e9s mi\u00e9rt van benne minden, ami fontos<\/a>\n\t\t\t<\/div>\n<div class=\"related-post-links__link-wrapper\">\n\t\t\t\t<a href=\"https:\/\/www.forbes.hu\/uzlet\/ilyen-volt-nadas-peterrel-a-vilag-korul\/\" class=\"related-post-links__link\">Ilyen volt N\u00e1das P\u00e9terrel a vil\u00e1g k\u00f6r\u00fcl<\/a>\n\t\t\t<\/div>\n<\/div>\n<p><strong>Kontextus:<\/strong> N\u00e1das P\u00e9ter 1942. okt\u00f3ber 14-\u00e9n sz\u00fcletett Budapesten, 2026. augusztus 26-\u00e1n halt meg Gombosszegen.<\/p>\n<p>A posztumusz m\u0171ben sz\u00f3 esik a glob\u00e1lis felmeleged\u00e9sr\u0151l \u00e9s az emberi biogr\u00e1fi\u00e1k k\u00f6zel sem glob\u00e1lis k\u00fcl\u00f6nb\u00f6z\u0151s\u00e9g\u00e9r\u0151l. Arr\u00f3l a folyamatr\u00f3l, ahogy ny\u00edlik az oll\u00f3, \u00e9s a globalit\u00e1s szervez\u00e9si elve \u00fctk\u00f6zik a nem glob\u00e1lisan szervezett egy\u00e9nivel. A nagy \u00f6ssze\u00fctk\u00f6z\u00e9s ut\u00e1n ott tal\u00e1lja mag\u00e1t az olvas\u00f3 a szerz\u0151 f\u00f6l\u00f6s tud\u00e1s\u00e1nak zs\u00fafolt rakt\u00e1r\u00e1ban. Ami olyan, mint \u201ea falusi kertek v\u00e9g\u00e9ben a sufni, ahol b\u00e1rmit megtal\u00e1lsz, amit nem keresel, de semmit, amire sz\u00fcks\u00e9ged lenne\u201d. S ahol a szerz\u0151 a megismer\u00e9s v\u00e1gy\u00e1t \u00e9ppen ez\u00e9rt m\u00e9gsem adja fel \u2013 foglalt\u00e1k \u00f6ssze a kiad\u00f3 honlapj\u00e1n.<\/p>\n<p>N\u00e1das P\u00e9ter Kossuth- \u00e9s J\u00f3zsef Attila-d\u00edjas \u00edr\u00f3, dr\u00e1ma\u00edr\u00f3, essz\u00e9ista, aki fot\u00f3riporterk\u00e9nt \u00e9s \u00fajs\u00e1g\u00edr\u00f3k\u00e9nt is dolgozott. El\u0151z\u0151 k\u00f6nyve, a\u00a0Halott bar\u00e1taim\u00a0tavaly jelent meg a S\u00e1rk\u00f6zy \u00e9s T\u00e1rsai gondoz\u00e1s\u00e1ban.<\/p>\n<p><!-- No email blocks found --><\/p>\n<p>The post <a href=\"https:\/\/www.forbes.hu\/hirek\/nadas-peter-utolso-konyve-megjelenes-kiado\/\">Ekkor jelenik meg a m\u00falt h\u00e9ten elhunyt N\u00e1das P\u00e9ter utols\u00f3 k\u00f6nyve<\/a> appeared first on <a href=\"https:\/\/www.forbes.hu\/\">Forbes.hu<\/a>.<\/p><div id=\"friss-906963362\" class=\"friss-etarget-cikk-vege friss-entity-placement\"><script type=\"text\/javascript\" id=\"etargetScript7a9b589f63cb072bef80df221f46a22b\">function etargetPostloadFunction7a9b589f63cb072bef80df221f46a22b(){var e=\"etargetPostload7a9b589f63cb072bef80df221f46a22b\",t=\"etargetScript7a9b589f63cb072bef80df221f46a22b\",o=document.getElementById(e);if(o){for(var n=o.offsetTop,d=o.offsetLeft,r=o.offsetWidth,a=o.offsetHeight;o.offsetParent;)o=o.offsetParent,n+=o.offsetTop,d+=o.offsetLeft;var i=(n<=window.pageYOffset+window.innerHeight&&d<window.pageXOffset+window.innerWidth&&n+a>window.pageYOffset&&d+r>window.pageXOffset);if(i&&etargetAllowOtherCheck){allowed=!1;var c=document.createElement(\"script\");return c.src=\"\/\/hu.search.etargetnet.com\/generic\/uni.php?g=ref:58661,area:700x210\",void(document.getElementById(t)&&document.getElementById(e)&&(document.getElementById(t).parentNode.appendChild(c),document.getElementById(t).parentNode.removeChild(document.getElementById(t)),document.getElementById(e).parentNode.removeChild(document.getElementById(e)),document.removeEventListener(\"scroll\",etargetPostloadFunction7a9b589f63cb072bef80df221f46a22b),document.removeEventListener(\"resize\",etargetPostloadFunction7a9b589f63cb072bef80df221f46a22b),document.removeEventListener(\"DOMContentLoaded\",etargetPostloadFunction7a9b589f63cb072bef80df221f46a22b)))}}}var etargetDivID=\"etargetPostload7a9b589f63cb072bef80df221f46a22b\",etargetScriptID=\"etargetScript7a9b589f63cb072bef80df221f46a22b\",etargetPostloadPoint=document.createElement(\"div\");etargetPostloadPoint.id=etargetDivID;var etargetCurScript=document.getElementById(etargetScriptID);etargetCurScript.parentNode.appendChild(etargetPostloadPoint),document.addEventListener(\"scroll\",etargetPostloadFunction7a9b589f63cb072bef80df221f46a22b),document.addEventListener(\"resize\",etargetPostloadFunction7a9b589f63cb072bef80df221f46a22b),document.addEventListener(\"DOMContentLoaded\",etargetPostloadFunction7a9b589f63cb072bef80df221f46a22b);var etargetAllowOtherCheck=!0;if(typeof(\"forceRunPostload\")==\"string\"){etargetPostloadFunction7a9b589f63cb072bef80df221f46a22b()}<\/script><\/div><div id=\"friss-2407182248\" class=\"friss-after-content friss-entity-placement\"><script type=\"text\/javascript\" id=\"etargetScript7a9b589f63cb072bef80df221f46a22b\">function etargetPostloadFunction7a9b589f63cb072bef80df221f46a22b(){var e=\"etargetPostload7a9b589f63cb072bef80df221f46a22b\",t=\"etargetScript7a9b589f63cb072bef80df221f46a22b\",o=document.getElementById(e);if(o){for(var n=o.offsetTop,d=o.offsetLeft,r=o.offsetWidth,a=o.offsetHeight;o.offsetParent;)o=o.offsetParent,n+=o.offsetTop,d+=o.offsetLeft;var i=(n<=window.pageYOffset+window.innerHeight&&d<window.pageXOffset+window.innerWidth&&n+a>window.pageYOffset&&d+r>window.pageXOffset);if(i&&etargetAllowOtherCheck){allowed=!1;var c=document.createElement(\"script\");return c.src=\"\/\/hu.search.etargetnet.com\/generic\/uni.php?g=ref:58661,area:700x210\",void(document.getElementById(t)&&document.getElementById(e)&&(document.getElementById(t).parentNode.appendChild(c),document.getElementById(t).parentNode.removeChild(document.getElementById(t)),document.getElementById(e).parentNode.removeChild(document.getElementById(e)),document.removeEventListener(\"scroll\",etargetPostloadFunction7a9b589f63cb072bef80df221f46a22b),document.removeEventListener(\"resize\",etargetPostloadFunction7a9b589f63cb072bef80df221f46a22b),document.removeEventListener(\"DOMContentLoaded\",etargetPostloadFunction7a9b589f63cb072bef80df221f46a22b)))}}}var etargetDivID=\"etargetPostload7a9b589f63cb072bef80df221f46a22b\",etargetScriptID=\"etargetScript7a9b589f63cb072bef80df221f46a22b\",etargetPostloadPoint=document.createElement(\"div\");etargetPostloadPoint.id=etargetDivID;var etargetCurScript=document.getElementById(etargetScriptID);etargetCurScript.parentNode.appendChild(etargetPostloadPoint),document.addEventListener(\"scroll\",etargetPostloadFunction7a9b589f63cb072bef80df221f46a22b),document.addEventListener(\"resize\",etargetPostloadFunction7a9b589f63cb072bef80df221f46a22b),document.addEventListener(\"DOMContentLoaded\",etargetPostloadFunction7a9b589f63cb072bef80df221f46a22b);var etargetAllowOtherCheck=!0;if(typeof(\"forceRunPostload\")==\"string\"){etargetPostloadFunction7a9b589f63cb072bef80df221f46a22b()}<\/script><\/div><div id=\"friss-1474915973\" class=\"friss-after-content_2 friss-entity-placement\" style=\"clear: both;\"><div class=\"wprss_ajax\" data-id=\"rssacb4e865b9\"><img loading=\"lazy\" decoding=\"async\" src=\"https:\/\/friss-hirek.hu\/wp-content\/plugins\/wp-rss-retriever\/inc\/imgs\/ajax-loader.gif\" alt=\"Loading RSS Feed\" width=\"16\" height=\"16\"><\/div><\/div><br style=\"clear: both; display: block; float: none;\"\/><div id=\"friss-2326594024\" class=\"friss-after-content_3 friss-entity-placement\">https:\/\/www.youtube.com\/watch?v=Pdnw4KiUWp0<\/div>","protected":false},"excerpt":{"rendered":"<p>A posztumusz k\u00f6tetre nem kell sokat v\u00e1rni. Megjelent az \u00faj list\u00e1nk! K\u00f6zel \u00f6tbilli\u00f3 forintot \u00e9r a top 40 csal\u00e1di c\u00e9g, t\u00f6bb mint a negyed\u00e9t egyetlen szerepl\u0151 hozta \u00f6ssze \u2013 megjelent a Forbes 2026-os csal\u00e1di list\u00e1ja, ide kattintva tudod b\u00f6ng\u00e9szni! Mi t\u00f6rt\u00e9nt? Okt\u00f3ber elsej\u00e9n megjelenik N\u00e1das P\u00e9ter utols\u00f3 k\u00f6nyve, Most az egyszer c\u00edmmel \u2013 k\u00f6z\u00f6lte a [&hellip;]<\/p>\n","protected":false},"author":1,"featured_media":0,"comment_status":"open","ping_status":"open","sticky":false,"template":"","format":"standard","meta":{"footnotes":""},"categories":[7],"tags":[],"class_list":["post-171101","post","type-post","status-publish","format-standard","hentry","category-uzlet"],"amp_enabled":true,"_links":{"self":[{"href":"https:\/\/friss-hirek.hu\/index.php\/wp-json\/wp\/v2\/posts\/171101","targetHints":{"allow":["GET"]}}],"collection":[{"href":"https:\/\/friss-hirek.hu\/index.php\/wp-json\/wp\/v2\/posts"}],"about":[{"href":"https:\/\/friss-hirek.hu\/index.php\/wp-json\/wp\/v2\/types\/post"}],"author":[{"embeddable":true,"href":"https:\/\/friss-hirek.hu\/index.php\/wp-json\/wp\/v2\/users\/1"}],"replies":[{"embeddable":true,"href":"https:\/\/friss-hirek.hu\/index.php\/wp-json\/wp\/v2\/comments?post=171101"}],"version-history":[{"count":0,"href":"https:\/\/friss-hirek.hu\/index.php\/wp-json\/wp\/v2\/posts\/171101\/revisions"}],"wp:attachment":[{"href":"https:\/\/friss-hirek.hu\/index.php\/wp-json\/wp\/v2\/media?parent=171101"}],"wp:term":[{"taxonomy":"category","embeddable":true,"href":"https:\/\/friss-hirek.hu\/index.php\/wp-json\/wp\/v2\/categories?post=171101"},{"taxonomy":"post_tag","embeddable":true,"href":"https:\/\/friss-hirek.hu\/index.php\/wp-json\/wp\/v2\/tags?post=171101"}],"curies":[{"name":"wp","href":"https:\/\/api.w.org\/{rel}","templated":true}]}}