{"id":171118,"date":"2026-09-03T04:53:22","date_gmt":"2026-09-03T04:53:22","guid":{"rendered":"https:\/\/friss-hirek.hu\/index.php\/az-euronics-32-eves-vezere-remelem-ez-egy-uj-korszak-kezdete-ahol-nem-azt-nezzuk-hogy-ki-kinek-a-kije\/friss-hirek\/"},"modified":"2026-09-03T04:53:22","modified_gmt":"2026-09-03T04:53:22","slug":"az-euronics-32-eves-vezere-remelem-ez-egy-uj-korszak-kezdete-ahol-nem-azt-nezzuk-hogy-ki-kinek-a-kije","status":"publish","type":"post","link":"https:\/\/friss-hirek.hu\/index.php\/az-euronics-32-eves-vezere-remelem-ez-egy-uj-korszak-kezdete-ahol-nem-azt-nezzuk-hogy-ki-kinek-a-kije\/uzlet\/","title":{"rendered":"Az Euronics 32 \u00e9ves vez\u00e9re: Rem\u00e9lem, ez egy \u00faj korszak kezdete, ahol nem azt n\u00e9zz\u00fck, hogy ki kinek a kije"},"content":{"rendered":"<p><strong>Fazekas B\u00e1lintnak, a\u00a0magyar Euronics m\u00f6g\u00f6tti csal\u00e1di v\u00e1llalkoz\u00e1s 32 \u00e9ves tulajdonos-\u00fcgyvezet\u0151j\u00e9nek m\u00e1r nem azt kell bebizony\u00edtania, hogy t\u00e9nyleg ki\u00e9rdemelte-e apja ut\u00e1n a\u00a0sz\u00e9k\u00e9t. Sokkal ink\u00e1bb azt, hogy tudja-e a\u00a0kiutat c\u00e9ge \u00e9s minden hazai keresked\u0151 sz\u00e1m\u00e1ra a\u00a0T\u00e1vol-Kelet szor\u00edt\u00e1s\u00e1ban verg\u0151d\u0151 piacon. A szeptemberi Forbes magazin c\u00edmlapj\u00e1n a magyar, aki szembesz\u00e1ll a Temuval.<\/strong><\/p><div id=\"friss-2104319376\" class=\"friss-etarget friss-entity-placement\"><script type=\"text\/javascript\" id=\"etargetScript7a9b589f63cb072bef80df221f46a22b\">function etargetPostloadFunction7a9b589f63cb072bef80df221f46a22b(){var e=\"etargetPostload7a9b589f63cb072bef80df221f46a22b\",t=\"etargetScript7a9b589f63cb072bef80df221f46a22b\",o=document.getElementById(e);if(o){for(var n=o.offsetTop,d=o.offsetLeft,r=o.offsetWidth,a=o.offsetHeight;o.offsetParent;)o=o.offsetParent,n+=o.offsetTop,d+=o.offsetLeft;var i=(n<=window.pageYOffset+window.innerHeight&&d<window.pageXOffset+window.innerWidth&&n+a>window.pageYOffset&&d+r>window.pageXOffset);if(i&&etargetAllowOtherCheck){allowed=!1;var c=document.createElement(\"script\");return c.src=\"\/\/hu.search.etargetnet.com\/generic\/uni.php?g=ref:58661,area:700x210\",void(document.getElementById(t)&&document.getElementById(e)&&(document.getElementById(t).parentNode.appendChild(c),document.getElementById(t).parentNode.removeChild(document.getElementById(t)),document.getElementById(e).parentNode.removeChild(document.getElementById(e)),document.removeEventListener(\"scroll\",etargetPostloadFunction7a9b589f63cb072bef80df221f46a22b),document.removeEventListener(\"resize\",etargetPostloadFunction7a9b589f63cb072bef80df221f46a22b),document.removeEventListener(\"DOMContentLoaded\",etargetPostloadFunction7a9b589f63cb072bef80df221f46a22b)))}}}var etargetDivID=\"etargetPostload7a9b589f63cb072bef80df221f46a22b\",etargetScriptID=\"etargetScript7a9b589f63cb072bef80df221f46a22b\",etargetPostloadPoint=document.createElement(\"div\");etargetPostloadPoint.id=etargetDivID;var etargetCurScript=document.getElementById(etargetScriptID);etargetCurScript.parentNode.appendChild(etargetPostloadPoint),document.addEventListener(\"scroll\",etargetPostloadFunction7a9b589f63cb072bef80df221f46a22b),document.addEventListener(\"resize\",etargetPostloadFunction7a9b589f63cb072bef80df221f46a22b),document.addEventListener(\"DOMContentLoaded\",etargetPostloadFunction7a9b589f63cb072bef80df221f46a22b);var etargetAllowOtherCheck=!0;if(typeof(\"forceRunPostload\")==\"string\"){etargetPostloadFunction7a9b589f63cb072bef80df221f46a22b()}<\/script><\/div>\n<div class=\"highlighted-text\">\n<p>\t\t<span class=\"highlighted-text__title minititle\">\u00daj Forbes-lista!<\/span><\/p>\n<div class=\"highlighted-text__content\">\n<p><em>K\u00f6zel \u00f6tbilli\u00f3 forintot \u00e9r a top 40 csal\u00e1di c\u00e9g, t\u00f6bb mint a negyed\u00e9t egyetlen szerepl\u0151 hozta \u00f6ssze \u2013 megjelent a Forbes 2026-os csal\u00e1di list\u00e1ja, <a href=\"https:\/\/www.forbes.hu\/lista-csaladi-vallalkozasok-2026\/\" target=\"_blank\" rel=\"noopener\">ide kattintva<\/a> tudod b\u00f6ng\u00e9szni!<\/em><\/p>\n<\/div>\n<\/div>\n<p class=\"has-drop-cap\">2017,\u2009London. Fazekas B\u00e1lint \u00e9s \u00e9desapja, Zsolt vacsor\u00e1znak. B\u00e1lint m\u00e1r t\u00f6bb \u00e9ve t\u00e1vol van, tanulm\u00e1nyai miatt megj\u00e1rta New Yorkot, Amszterdamot, San Francisc\u00f3t is. M\u00e9g mindig csak huszonh\u00e1rom. Zsolt a\u00a0rendszerv\u00e1lt\u00e1skor alap\u00edtott csal\u00e1di c\u00e9g\u00fckr\u0151l, a\u00a0V\u00f6r\u00f6sk\u0151 Kft.-r\u0151l besz\u00e9l \u2013 a Forbes szerint 2026-ban a <a href=\"https:\/\/www.forbes.hu\/lists\/csaladi-lista-2026\/37-vorosko-kft-euronics\/\">37. legnagyobb<\/a> magyar csal\u00e1di v\u00e1llalkoz\u00e1s. Arra k\u00e9ri fi\u00e1t, t\u00e9rjen haza seg\u00edteni a\u00a0neh\u00e9z id\u0151ket \u00e9l\u0151 \u201eels\u0151 gyereket\u201d. A\u00a0d\u00f6nt\u00e9sre huszonn\u00e9gy \u00f3r\u00e1t ad.<\/p>\n<p>A vacsor\u00e1t \u00e1lmatlan \u00e9jszaka k\u00f6veti, B\u00e1lint megd\u00f6bbent, de megtisztelve \u00e9rzi mag\u00e1t. Nem az a\u00a0k\u00e9rd\u00e9s benne, amit els\u0151re gondoln\u00e1nk. Hi\u00e1ba van ezekben a\u00a0hetekben \u00e9ppen egy nagy amerikai tech c\u00e9g interj\u00fafolyamat\u00e1nak k\u00f6zep\u00e9n, biztos az igenben.<\/p>\n<blockquote class=\"wp-block-quote is-layout-flow wp-block-quote-is-layout-flow\">\n<p>Csakhogy nagyon nem mindegy, milyen felt\u00e9telek ment\u00e9n mondja ki.<\/p>\n<\/blockquote>\n<p>Egyszerre volt k\u00f6teless\u00e9g \u00e9s felel\u0151ss\u00e9g hazat\u00e9rni, reflekt\u00e1l kilenc \u00e9v \u00e9s ezernyolcsz\u00e1z kilom\u00e9ter t\u00e1vols\u00e1gb\u00f3l. \u00dcll\u0151n, az Euronics robotiz\u00e1lt rakt\u00e1rkomplexum\u00e1nak emeleti irod\u00e1j\u00e1ban \u00fcl\u00fcnk, hatalmas polcokra ny\u00edlik a\u00a0panor\u00e1ma. Kellemes huszonhat fok van, p\u00e1r napja hagytuk magunk m\u00f6g\u00f6tt az energiav\u00e1ls\u00e1g eddigi legkritikusabb \u00f3r\u00e1it.<\/p>\n<figure class=\"wp-block-image size-full\">\n<div class=\"photo-credit-wrapper\"><img decoding=\"async\" width=\"2398\" height=\"3130\" loading=\"lazy\" src=\"https:\/\/cdn.forbes.hu\/uploads\/2026\/09\/2609Forbes_C1.png\" alt=\"\" class=\"wp-image-799168\" \/><\/div><figcaption class=\"wp-element-caption\">Fazekas B\u00e1lint, az Euronics (V\u00f6r\u00f6sk\u0151 Kft.) tulajdonos-\u00fcgyvezet\u0151je a szeptemberi Forbes magazin c\u00edmlapj\u00e1n. C\u00edmlap: Studio Stoki. Fot\u00f3: Krasznai Zolt\u00e1n. Smink, haj: Han\u00e1k Nikoletta. Stylist: Moln\u00e1r Gr\u00e9ta (Bono)<\/figcaption><\/figure>\n<p>B\u00e1lint m\u00e1r mint vez\u00e9rigazgat\u00f3 sorolja, hogy szinte mindegyik irod\u00e1jukat napelem l\u00e1tja el, \u00e9s boltjaikban is megtett\u00e9k a\u00a0sz\u00fcks\u00e9ges l\u00e9p\u00e9seket, kikapcsolt\u00e1k TV-falaikat, haszn\u00e1laton k\u00edv\u00fcli eszk\u00f6zeiket. \u201eNeh\u00e9z k\u00e9rd\u00e9s, hogy a\u00a0c\u00e9gek kommunik\u00e1ci\u00f3ja t\u00falf\u0171t\u00f6tt PR vagy val\u00f3di p\u00e9ldamutat\u00e1s, nekem ez m\u00e9g nem annyira tiszta \u2013 mondja. \u2013 Mi sokszor ink\u00e1bb a\u00a0h\u00e1tt\u00e9rben csin\u00e1ljuk meg a\u00a0dolgokat, mint hogy besz\u00e9lj\u00fcnk r\u00f3luk.\u201d<\/p>\n<div class=\"highlighted-text\">\n<p>\t\t<span class=\"highlighted-text__title minititle\">Kimaradt jelenetek a Forbes Checkoutban!<\/span><\/p>\n<div class=\"highlighted-text__content\">\n<p>Szakm\u00e1z\u00e1s, trendek, j\u00f3slatok \u2013 minden, ami nem f\u00e9rt bele a 15 oldalas c\u00edmlapsztoriba. <a href=\"https:\/\/forbes.us14.list-manage.com\/subscribe?u=20fc2946df0b39d3d845208f3&amp;id=d70bf54d97\">Iratkozz fel e-kereskedelmi h\u00edrlevel\u00fcnkre, a Forbes Checkoutra<\/a>, ahol szeptemberben tov\u00e1bbi exkluz\u00edv r\u00e9szleteket osztunk meg a Fazekas B\u00e1linttal k\u00e9sz\u00fclt interj\u00fankb\u00f3l. A h\u00edrlev\u00e9l keddenk\u00e9nt \u00e9rkezik.<\/p>\n<\/div>\n<\/div>\n<p>Eleg\u00e1ns, tengerk\u00e9k \u00f6lt\u00f6ny\u00e9t feh\u00e9r p\u00f3l\u00f3val \u00e9s s\u00e1rga-k\u00e9k sneakerrel laz\u00edtja fel. Sokat mosolyog, de nem t\u00fal k\u00f6zvetlen. A\u00a0legnehezebb k\u00e9rd\u00e9sek k\u00f6zben is \u00fcgyel r\u00e1, hogy legyen a\u00a0poharunkban v\u00edz. Minden dolgoz\u00f3nak int vagy k\u00f6sz\u00f6n, mikor sz\u00ednes mell\u00e9nyekben s\u00e9t\u00e1lunk a\u00a0harminc\u00f6tezer n\u00e9gyzetm\u00e9teres rakt\u00e1rban. A\u00a0h\u0171t\u0151ket, t\u00e9v\u00e9ket, m\u0171szaki berendez\u00e9seket mozgat\u00f3 targonc\u00e1k \u00e9s robotok figyel\u00e9se k\u00f6zben guly\u00e1sf\u0151z\u0151 csapat\u00e9p\u00edt\u0151re sz\u00f3l\u00f3 megh\u00edv\u00f3n akad meg a\u00a0szem\u00fcnk az egyik oszlopon.<\/p>\n<figure class=\"wp-block-gallery has-nested-images columns-2 is-cropped wp-block-gallery-1 is-layout-flex wp-block-gallery-is-layout-flex\">\n<figure class=\"wp-block-image size-large\">\n<div class=\"photo-credit-wrapper\"><img decoding=\"async\" loading=\"lazy\" data-id=\"799293\" src=\"https:\/\/cdn.forbes.hu\/uploads\/2026\/09\/Euronics_Fazekas_Balint_Forbes_110826_RD_001-scaled.webp?r=eyJ3IjoxNTAwLCJxIjo5MCwicyI6ImpwZyJ9\" alt=\"\" class=\"wp-image-799293\" \/><\/div>\n<\/figure>\n<figure class=\"wp-block-image size-large\">\n<div class=\"photo-credit-wrapper\"><img decoding=\"async\" loading=\"lazy\" data-id=\"799294\" src=\"https:\/\/cdn.forbes.hu\/uploads\/2026\/09\/Euronics_Fazekas_Balint_Forbes_110826_RD_002-scaled.webp?r=eyJ3IjoxNTAwLCJxIjo5MCwicyI6ImpwZyJ9\" alt=\"\" class=\"wp-image-799294\" \/><\/div>\n<\/figure>\n<figure class=\"wp-block-image size-large\">\n<div class=\"photo-credit-wrapper\"><img decoding=\"async\" loading=\"lazy\" data-id=\"799290\" src=\"https:\/\/cdn.forbes.hu\/uploads\/2026\/09\/Euronics_Fazekas_Balint_Forbes_110826_RD_020-scaled.webp?r=eyJ3IjoxNTAwLCJxIjo5MCwicyI6ImpwZyJ9\" alt=\"\" class=\"wp-image-799290\" \/><\/div>\n<\/figure><figcaption class=\"blocks-gallery-caption wp-element-caption\">Fazekas B\u00e1lint, az Euronics (V\u00f6r\u00f6sk\u0151 Kft.) tulajdonos-\u00fcgyvezet\u0151je a c\u00e9g \u00fcll\u0151i logisztikai k\u00f6zpontj\u00e1nak robotiz\u00e1lt r\u00e9sz\u00e9ben. Fot\u00f3k: R\u00e1nki D\u00e1niel<\/figcaption><\/figure>\n<p>Az Euronics-birodalom t\u00f6red\u00e9k\u00e9t l\u00e1tjuk: a\u00a0csal\u00e1di c\u00e9g hetven \u00fczlettel, majdnem ezer munkav\u00e1llal\u00f3val, egyre er\u0151s\u00f6d\u0151 online l\u00e1bbal \u00e9s k\u00fclf\u00f6ldi sz\u00e1rnynyitogat\u00e1sokkal a\u00a0legnagyobb sz\u00e1z sz\u00e1zal\u00e9kban magyar tulajdon\u00fa m\u0171szaki l\u00e1nc. T\u00fal a\u00a0gener\u00e1ci\u00f3v\u00e1lt\u00e1son a\u00a0sz\u00e1lak B\u00e1lintn\u00e1l futnak \u00f6ssze, a\u00a0c\u00e9g mindegyik embere k\u00f6zvetlen\u00fcl neki jelent. A\u00a0piaci k\u00f6rnyezet v\u00e1ltozik, de motiv\u00e1ci\u00f3ja a\u00a0londoni vacsora \u00f3ta ugyanaz.<\/p>\n<blockquote class=\"wp-block-quote is-layout-flow wp-block-quote-is-layout-flow\">\n<p>\u201eBennem volt, hogy ha elv\u00e1llalom, \u00e9s siker\u00fcl, mindenki azt mondja majd, az aranysz\u00e9kbe k\u00f6nny\u0171 be\u00fclni. Viszont ha \u00f6sszecsuklik alattam, \u00e9n leszek az a\u00a0gyerek, aki bed\u00f6nt\u00f6tt egy huszon\u00f6t \u00e9ve sikeres c\u00e9get. M\u00e1rpedig ez\u00e9rt a\u00a0c\u00e9g\u00e9rt mindent meg kell tenni, \u00e9s mindent fel kell \u00e1ldozni.\u201d<\/p>\n<\/blockquote>\n<div class=\"highlighted-text\">\n<p>\t\t<span class=\"highlighted-text__title minititle\">Err\u0151l sz\u00f3l m\u00e9g a cikk<\/span><\/p>\n<div class=\"highlighted-text__content\">\n<p>H\u00e9t er\u0151s id\u00e9zet a c\u00edmlapinterj\u00fab\u00f3l, k\u00f6zt\u00fck<\/p>\n<ul>\n<li>t\u00e1vol-keleti nyom\u00e1sr\u00f3l. a Temu-hat\u00e1sr\u00f3l \u00e9s az online kereskedelem j\u00f6v\u0151j\u00e9r\u0151l,<\/li>\n<li>a magyar csal\u00e1di v\u00e1llalkoz\u00e1sok legfontosabb \u00e9rt\u00e9k\u00e9r\u0151l \u00e9s a lista NER-es r\u00e9sz\u00e9r\u0151l,<\/li>\n<li>valamint alkupoz\u00edci\u00f3r\u00f3l Kapit\u00e1ny Istv\u00e1n miniszters\u00e9ge \u00f3ta<\/li>\n<\/ul><\/div>\n<\/div>\n<div class=\"post-content-soft-paywall\">\n<h2 class=\"wp-block-heading\">H\u00e9t er\u0151s id\u00e9zet a c\u00edmlapinterj\u00fab\u00f3l<\/h2>\n<p><strong>1. A t\u00e1vol-keleti nyom\u00e1sr\u00f3l \u00e9s a Temu-hat\u00e1sr\u00f3l: <\/strong>\u201eNagyon tisztelem K\u00edna gazdas\u00e1gpolitik\u00e1j\u00e1t, hogy hossz\u00fa t\u00e1von tervez, iszonyat gyorsan implement\u00e1l, hogy f\u00fcrge technol\u00f3giai gondolkod\u00e1sa van. Ugyan\u00fagy tisztelem a\u00a0cseh \u00e9s lengyel nagyv\u00e1llalatokat is, de szerintem Eur\u00f3p\u00e1nak is fel kellene \u00e9brednie.<\/p>\n<blockquote class=\"wp-block-quote is-layout-flow wp-block-quote-is-layout-flow\">\n<p>M\u00e1r teljesen m\u00e1s az Eur\u00f3p\u00e1n bel\u00fcli versenyhelyzet, amikor hirtelen rengeteg EU-n k\u00edv\u00fcli c\u00e9g j\u00f6n a\u00a0kontinensre, \u00e9s nem biztos, hogy szimmetrikus a\u00a0beker\u00fcl\u00e9si es\u00e9ly.<\/p>\n<\/blockquote>\n<p>F\u0151leg, amikor ugyanabban az orsz\u00e1gban gy\u00e1rtj\u00e1k a\u00a0term\u00e9ket, mint akihez a\u00a0kereskedelem, a\u00a0logisztikai know-how, majd ut\u00e1na a\u00a0h\u00e1zhoz sz\u00e1ll\u00edt\u00e1s is\u00a0tartozik.\u201d<\/p>\n<p><strong>2. Az online kereskedelem j\u00f6v\u0151j\u00e9r\u0151l:<\/strong> \u201eA kereskedelem k\u00f6vetkez\u0151 \u00f6t \u00e9ve legal\u00e1bb akkora, ha nem nagyobb ugr\u00e1s lesz, mint az ut\u00f3bbi h\u00fasz \u00e9v. Fontos, hogy ne ragadjunk meg az el\u0151z\u0151 st\u00e1diumban.<\/p>\n<blockquote class=\"wp-block-quote is-layout-flow wp-block-quote-is-layout-flow\">\n<p>Ma m\u00e1r az, hogy valakinek van egy weboldala, csin\u00e1l X\u00a0milli\u00e1rd forint \u00e1rbev\u00e9telt, vagy egy list\u00e1ra felker\u00fcl, \u00f6nmag\u00e1ban nem el\u00e9g, hogy holnap t\u00fal\u00e9ljen, vagy hogy j\u00f6v\u0151re ugyanolyan sikeres maradjon.<\/p>\n<\/blockquote>\n<p>Ehhez fontos kizoomolni. Magyarorsz\u00e1g \u00f6nmag\u00e1ban nagyon pici piac. Gyakorlatilag elt\u0171ntek a\u00a0hat\u00e1rok, az \u00fczleti \u00e9s logisztikai fejleszt\u00e9sek r\u00e9v\u00e9n most m\u00e1r viszonylag k\u00f6nnyen ell\u00e1that egy e-keresked\u0151 egyetlen rakt\u00e1rb\u00f3l t\u00f6bb orsz\u00e1got is.\u201d<\/p>\n<p><strong>3. A r\u00e9gi\u00f3s terjeszked\u00e9s neh\u00e9zs\u00e9geir\u0151l:<\/strong> \u201eA horv\u00e1t piacon akt\u00edvan jelen vagyunk, \u00e9s rengeteget tanulunk. A\u00a0mi szeml\u00e9let\u00fcnk az, hogy min\u00e9l nagyobb eredm\u00e9nyt \u00e9rj\u00fcnk el, \u00e9s azt min\u00e9l jobban vissza tudjuk forgatni a\u00a0holnapba. Azt keress\u00fck, hogyan lesz a\u00a0ma befektet\u00e9s\u00e9vel a\u00a0holnap egy nappal egyszer\u0171bb.<\/p>\n<blockquote class=\"wp-block-quote is-layout-flow wp-block-quote-is-layout-flow\">\n<p>B\u0151ven l\u00e1ttunk olyan piaci szerepl\u0151ket, akik bej\u00f6ttek, \u00e9s k\u00e9t \u00e9v alatt piacvezet\u0151k lettek, de t\u00f6bb vesztes\u00e9get termelt az expanzi\u00f3juk, mint amennyi nyeres\u00e9get mi az eg\u00e9sz 37 \u00e9v alatt.<\/p>\n<\/blockquote>\n<p>Az elej\u00e9n is elmondtam a\u00a0csapatnak: nekimegy\u00fcnk a\u00a0terjeszked\u00e9snek, meg fogjuk csin\u00e1lni, \u00e9s sokszor le fogunk pattanni a\u00a0falr\u00f3l. Ha els\u0151re menne, m\u00e1r mindenki kint lenne.\u201d<\/p>\n<figure class=\"wp-block-image size-full\">\n<div class=\"photo-credit-wrapper\"><img decoding=\"async\" width=\"1080\" height=\"1440\" loading=\"lazy\" src=\"https:\/\/cdn.forbes.hu\/uploads\/2026\/09\/FORBES_Mr_Euronics_82690_R1.png\" alt=\"\" class=\"wp-image-799276\" \/><\/div><figcaption class=\"wp-element-caption\">Fot\u00f3: Krasznai Zolt\u00e1n. Smink, haj: Han\u00e1k Nikoletta. Stylist: Moln\u00e1r Gr\u00e9ta (Bono)<\/figcaption><\/figure>\n<p><strong>4. A gener\u00e1ci\u00f3v\u00e1lt\u00e1sr\u00f3l: <\/strong>\u201eNagyon neh\u00e9z \u00fagy felel\u0151ss\u00e9get kapni, hogy k\u00f6zben a\u00a0hib\u00e1z\u00e1s lehet\u0151s\u00e9g\u00e9t nem kapod meg. Ebben szerencs\u00e9s vagyok, mert mi meg\u00e1llapodtunk, hogy amint \u00e1tvettem a\u00a0c\u00e9get, m\u00e1r ne legyen ut\u00e1nany\u00fal\u00e1s. Az ki tudja ny\u00edrni a\u00a0vezet\u0151i tekint\u00e9lyt. Kerest\u00fcnk k\u00fcls\u0151 tan\u00e1csad\u00f3t, eleinte coaching jelleggel k\u00eds\u00e9rt minket v\u00e9gig a\u00a0gener\u00e1ci\u00f3v\u00e1lt\u00e1son.<\/p>\n<blockquote class=\"wp-block-quote is-layout-flow wp-block-quote-is-layout-flow\">\n<p>Minden hetet \u00fagy z\u00e1rtunk, hogy kipakoltatta vel\u00fcnk a\u00a0s\u00e9relmeinket, \u00e9s ha volt b\u00e1rmi, azt ott \u00e1t kellett besz\u00e9ln\u00fcnk. Direkt ne munka vagy \u00e9rtekezlet k\u00f6zben, hanem teljesen norm\u00e1lis keretek k\u00f6z\u00f6tt, hogy ne h\u00e9tk\u00f6zben s\u00f6p\u00f6rj\u00fck ezeket a\u00a0sz\u0151nyeg al\u00e1.\u201d<\/p>\n<\/blockquote>\n<p><strong>5. Az \u00f6ner\u0151b\u0151l \u00e9p\u00edtkez\u0151 csal\u00e1di v\u00e1llalkoz\u00e1sok legfontosabb \u00e9rt\u00e9k\u00e9r\u0151l:<\/strong> \u201eKitart\u00f3ak, \u00e9s tov\u00e1bbadj\u00e1k, hogy al\u00e1zatos munk\u00e1val lehet sikeresnek lenni. Nemcsak a\u00a0mienknek az er\u0151ss\u00e9ge ez, hanem<\/p>\n<blockquote class=\"wp-block-quote is-layout-flow wp-block-quote-is-layout-flow\">\n<p>az \u00f6sszesnek, amelyik gener\u00e1ci\u00f3v\u00e1lt\u00e1son megy \u00e1t, ahol sikeresen adj\u00e1k tov\u00e1bb a\u00a0csal\u00e1di \u00e9rt\u00e9krendet. \u00c9s ahol meg is tudj\u00e1k \u0151rizni, viszik tov\u00e1bb, \u00e9s mindegyik gener\u00e1ci\u00f3 hozz\u00e1teszi, amit csak tud.<\/p>\n<\/blockquote>\n<p>Hossz\u00fa t\u00e1vban gondolkodnak, nem havi vagy negyed\u00e9ves riportokban, mernek befektetni, akkor is, amikor lehet, hogy a\u00a0gazdas\u00e1g nem megy a\u00a0legjobban. Mert l\u00e1tj\u00e1k, hogy \u00f6t-t\u00edz \u00e9v m\u00falva teljesen mindegy, melyik politikai p\u00e1rt van hatalmon, mert jellemz\u0151en nem a\u00a0politik\u00e1b\u00f3l lettek nagyok, hanem att\u00f3l f\u00fcggtek, hogy \u0151k is egy glob\u00e1lis versenyben vannak.\u201d<\/p>\n<p><strong>6. A legnagyobb magyar csal\u00e1di c\u00e9gek NER-es r\u00e9sz\u00e9r\u0151l:<\/strong> \u201eAz ut\u00f3bbi t\u00edz \u00e9vben lehet, hogy ebben volt v\u00e1ltoz\u00e1s, nem mondom. Jelentek meg nagyon nagy csal\u00e1dok an\u00e9lk\u00fcl, hogy lett volna m\u00f6g\u00f6tt\u00fck h\u00fasz\u2013harminc \u00e9v munka. <\/p>\n<blockquote class=\"wp-block-quote is-layout-flow wp-block-quote-is-layout-flow\">\n<p>Apu erre azt mondja: mindig vannak nagyon ragyog\u00f3 csillagok, azt\u00e1n hull\u00f3csillag lesz bel\u0151l\u00fck. Ne vel\u00fck foglalkozzunk, hanem azzal, hogy ez a\u00a0v\u00e1llalkoz\u00e1s a\u00a0mi koll\u00e9g\u00e1inknak \u00e9s a\u00a0k\u00f6rnyezetnek mit tud visszaadni.<\/p>\n<\/blockquote>\n<p> Minden relat\u00edv, mindig van eggyel nagyobb hal n\u00e1lad. Persze tud demotiv\u00e1l\u00f3 is lenni, amikor k\u00f6r\u00fcl\u00f6tted ragyognak, \u00e9s te szenvedsz a\u00a0piacon, de v\u00e9gs\u0151 soron nem az \u00e9n reszortom ezekr\u0151l a\u00a0csal\u00e1dokr\u00f3l d\u00f6nteni.\u201d<\/p>\n<figure class=\"wp-block-gallery has-nested-images columns-2 is-cropped wp-block-gallery-2 is-layout-flex wp-block-gallery-is-layout-flex\">\n<figure class=\"wp-block-image size-large\">\n<div class=\"photo-credit-wrapper\"><img decoding=\"async\" loading=\"lazy\" data-id=\"799301\" src=\"https:\/\/cdn.forbes.hu\/uploads\/2026\/09\/Euronics_Fazekas_Balint_Forbes_110826_RD_012-scaled.webp?r=eyJ3IjoxNTAwLCJxIjo5MCwicyI6ImpwZyJ9\" alt=\"\" class=\"wp-image-799301\" \/><\/div>\n<\/figure>\n<figure class=\"wp-block-image size-large\">\n<div class=\"photo-credit-wrapper\"><img decoding=\"async\" loading=\"lazy\" data-id=\"799300\" src=\"https:\/\/cdn.forbes.hu\/uploads\/2026\/09\/Euronics_Fazekas_Balint_Forbes_110826_RD_008-scaled.webp?r=eyJ3IjoxNTAwLCJxIjo5MCwicyI6ImpwZyJ9\" alt=\"\" class=\"wp-image-799300\" \/><\/div>\n<\/figure>\n<figure class=\"wp-block-image size-large\">\n<div class=\"photo-credit-wrapper\"><img decoding=\"async\" loading=\"lazy\" data-id=\"799299\" src=\"https:\/\/cdn.forbes.hu\/uploads\/2026\/09\/Euronics_Fazekas_Balint_Forbes_110826_RD_009-scaled.webp?r=eyJ3IjoxNTAwLCJxIjo5MCwicyI6ImpwZyJ9\" alt=\"\" class=\"wp-image-799299\" \/><\/div>\n<\/figure><figcaption class=\"blocks-gallery-caption wp-element-caption\">Fazekas B\u00e1lint \u00e9s \u00e9desapja, Fazekas Zsolt alap\u00edt\u00f3 a c\u00e9g \u00fcll\u0151i logisztikai k\u00f6zpontj\u00e1ban. Fot\u00f3k: R\u00e1nki D\u00e1niel<\/figcaption><\/figure>\n<p><strong>7. Alkupoz\u00edci\u00f3r\u00f3l Kapit\u00e1ny Istv\u00e1n miniszters\u00e9ge \u00f3ta: <\/strong>\u201eEgyik \u00e1llamtitk\u00e1rral sem tal\u00e1lkoztam m\u00e9g. Szerintem ilyenkor kell egy kis t\u00fcrelmi id\u0151, hogy fel\u00e1lljon egy teljesen \u00faj rendszer. Azt az\u00e9rt l\u00e1tom, hogy sokkal t\u00f6bbet k\u00e9rdeznek, \u00e9s kevesebbet utas\u00edtanak, ami szerintem pozit\u00edv \u2013 felm\u00e9rik, hogy mi a\u00a0helyzet a\u00a0piacon, \u00e9s mi lenne a\u00a0j\u00f3 ir\u00e1ny.<\/p>\n<blockquote class=\"wp-block-quote is-layout-flow wp-block-quote-is-layout-flow\">\n<p>Nagyon b\u00edzom benne, hogy ez egy \u00faj, pozit\u00edv korszak kezdete, egy \u00faj \u00e9letciklus lehet az orsz\u00e1gnak, ahol t\u00e9nyleg azt n\u00e9zz\u00fck, hogy \u00e9rt\u00e9kalapon ki hogyan teljes\u00edt, \u00e9s nem azt, hogy ki kinek a\u00a0kije.<\/p>\n<\/blockquote>\n<p>\u00c9s szerintem ezek objekt\u00edv dolgok: hogy az embernek milyen az \u00e9rt\u00e9krendje, mer-e rizik\u00f3t v\u00e1llalni, kil\u00e9pni a\u00a0komfortz\u00f3n\u00e1j\u00e1b\u00f3l, seg\u00edti-e a\u00a0k\u00f6rnyezet\u00e9t? Vagyis, hogy mer-e a\u00a0m\u00e1b\u00f3l \u00e1ldozni, hogy a\u00a0holnap jobb legyen? Hogy a\u00a0v\u00e1llalkoz\u00f3k siker\u00e9t ne csak p\u00e9nzben m\u00e9rj\u00e9k, hanem abban is, hogy mit tudtak visszaadni.\u201d<\/p>\n<\/div>\n<div><\/div>\n<div class=\"premium-blocker premium-blocker--hu\" data-needed=\"authenticated\" data-current=\"[&quot;free&quot;]\">\n<div data-needed=\"authenticated\"><\/div>\n<\/div>\n<p>\t\t<!-- No email blocks found --><\/p>\n<p>The post <a href=\"https:\/\/www.forbes.hu\/uzlet\/az-euronics-32-eves-vezere-remelem-ez-egy-uj-korszak-kezdete-ahol-nem-azt-nezzuk-hogy-ki-kinek-a-kije\/\">Az Euronics 32 \u00e9ves vez\u00e9re: Rem\u00e9lem, ez egy \u00faj korszak kezdete, ahol nem azt n\u00e9zz\u00fck, hogy ki kinek a kije<\/a> appeared first on <a href=\"https:\/\/www.forbes.hu\/\">Forbes.hu<\/a>.<\/p><div id=\"friss-3847456685\" class=\"friss-etarget-cikk-vege friss-entity-placement\"><script type=\"text\/javascript\" id=\"etargetScript7a9b589f63cb072bef80df221f46a22b\">function etargetPostloadFunction7a9b589f63cb072bef80df221f46a22b(){var e=\"etargetPostload7a9b589f63cb072bef80df221f46a22b\",t=\"etargetScript7a9b589f63cb072bef80df221f46a22b\",o=document.getElementById(e);if(o){for(var n=o.offsetTop,d=o.offsetLeft,r=o.offsetWidth,a=o.offsetHeight;o.offsetParent;)o=o.offsetParent,n+=o.offsetTop,d+=o.offsetLeft;var i=(n<=window.pageYOffset+window.innerHeight&&d<window.pageXOffset+window.innerWidth&&n+a>window.pageYOffset&&d+r>window.pageXOffset);if(i&&etargetAllowOtherCheck){allowed=!1;var c=document.createElement(\"script\");return c.src=\"\/\/hu.search.etargetnet.com\/generic\/uni.php?g=ref:58661,area:700x210\",void(document.getElementById(t)&&document.getElementById(e)&&(document.getElementById(t).parentNode.appendChild(c),document.getElementById(t).parentNode.removeChild(document.getElementById(t)),document.getElementById(e).parentNode.removeChild(document.getElementById(e)),document.removeEventListener(\"scroll\",etargetPostloadFunction7a9b589f63cb072bef80df221f46a22b),document.removeEventListener(\"resize\",etargetPostloadFunction7a9b589f63cb072bef80df221f46a22b),document.removeEventListener(\"DOMContentLoaded\",etargetPostloadFunction7a9b589f63cb072bef80df221f46a22b)))}}}var etargetDivID=\"etargetPostload7a9b589f63cb072bef80df221f46a22b\",etargetScriptID=\"etargetScript7a9b589f63cb072bef80df221f46a22b\",etargetPostloadPoint=document.createElement(\"div\");etargetPostloadPoint.id=etargetDivID;var etargetCurScript=document.getElementById(etargetScriptID);etargetCurScript.parentNode.appendChild(etargetPostloadPoint),document.addEventListener(\"scroll\",etargetPostloadFunction7a9b589f63cb072bef80df221f46a22b),document.addEventListener(\"resize\",etargetPostloadFunction7a9b589f63cb072bef80df221f46a22b),document.addEventListener(\"DOMContentLoaded\",etargetPostloadFunction7a9b589f63cb072bef80df221f46a22b);var etargetAllowOtherCheck=!0;if(typeof(\"forceRunPostload\")==\"string\"){etargetPostloadFunction7a9b589f63cb072bef80df221f46a22b()}<\/script><\/div><div id=\"friss-3376821219\" class=\"friss-after-content friss-entity-placement\"><script type=\"text\/javascript\" id=\"etargetScript7a9b589f63cb072bef80df221f46a22b\">function etargetPostloadFunction7a9b589f63cb072bef80df221f46a22b(){var e=\"etargetPostload7a9b589f63cb072bef80df221f46a22b\",t=\"etargetScript7a9b589f63cb072bef80df221f46a22b\",o=document.getElementById(e);if(o){for(var n=o.offsetTop,d=o.offsetLeft,r=o.offsetWidth,a=o.offsetHeight;o.offsetParent;)o=o.offsetParent,n+=o.offsetTop,d+=o.offsetLeft;var i=(n<=window.pageYOffset+window.innerHeight&&d<window.pageXOffset+window.innerWidth&&n+a>window.pageYOffset&&d+r>window.pageXOffset);if(i&&etargetAllowOtherCheck){allowed=!1;var c=document.createElement(\"script\");return c.src=\"\/\/hu.search.etargetnet.com\/generic\/uni.php?g=ref:58661,area:700x210\",void(document.getElementById(t)&&document.getElementById(e)&&(document.getElementById(t).parentNode.appendChild(c),document.getElementById(t).parentNode.removeChild(document.getElementById(t)),document.getElementById(e).parentNode.removeChild(document.getElementById(e)),document.removeEventListener(\"scroll\",etargetPostloadFunction7a9b589f63cb072bef80df221f46a22b),document.removeEventListener(\"resize\",etargetPostloadFunction7a9b589f63cb072bef80df221f46a22b),document.removeEventListener(\"DOMContentLoaded\",etargetPostloadFunction7a9b589f63cb072bef80df221f46a22b)))}}}var etargetDivID=\"etargetPostload7a9b589f63cb072bef80df221f46a22b\",etargetScriptID=\"etargetScript7a9b589f63cb072bef80df221f46a22b\",etargetPostloadPoint=document.createElement(\"div\");etargetPostloadPoint.id=etargetDivID;var etargetCurScript=document.getElementById(etargetScriptID);etargetCurScript.parentNode.appendChild(etargetPostloadPoint),document.addEventListener(\"scroll\",etargetPostloadFunction7a9b589f63cb072bef80df221f46a22b),document.addEventListener(\"resize\",etargetPostloadFunction7a9b589f63cb072bef80df221f46a22b),document.addEventListener(\"DOMContentLoaded\",etargetPostloadFunction7a9b589f63cb072bef80df221f46a22b);var etargetAllowOtherCheck=!0;if(typeof(\"forceRunPostload\")==\"string\"){etargetPostloadFunction7a9b589f63cb072bef80df221f46a22b()}<\/script><\/div><div id=\"friss-597221821\" class=\"friss-after-content_2 friss-entity-placement\" style=\"clear: both;\"><div class=\"wprss_ajax\" data-id=\"rsscba2d6a770\"><img loading=\"lazy\" decoding=\"async\" src=\"https:\/\/friss-hirek.hu\/wp-content\/plugins\/wp-rss-retriever\/inc\/imgs\/ajax-loader.gif\" alt=\"Loading RSS Feed\" width=\"16\" height=\"16\"><\/div><\/div><br style=\"clear: both; display: block; float: none;\"\/><div id=\"friss-3409084668\" class=\"friss-after-content_3 friss-entity-placement\">https:\/\/www.youtube.com\/watch?v=Pdnw4KiUWp0<\/div>","protected":false},"excerpt":{"rendered":"<p>Fazekas B\u00e1lintnak, a\u00a0magyar Euronics m\u00f6g\u00f6tti csal\u00e1di v\u00e1llalkoz\u00e1s 32 \u00e9ves tulajdonos-\u00fcgyvezet\u0151j\u00e9nek m\u00e1r nem azt kell bebizony\u00edtania, hogy t\u00e9nyleg ki\u00e9rdemelte-e apja ut\u00e1n a\u00a0sz\u00e9k\u00e9t. Sokkal ink\u00e1bb azt, hogy tudja-e a\u00a0kiutat c\u00e9ge \u00e9s minden hazai keresked\u0151 sz\u00e1m\u00e1ra a\u00a0T\u00e1vol-Kelet szor\u00edt\u00e1s\u00e1ban verg\u0151d\u0151 piacon. A szeptemberi Forbes magazin c\u00edmlapj\u00e1n a magyar, aki szembesz\u00e1ll a Temuval. \u00daj Forbes-lista! K\u00f6zel \u00f6tbilli\u00f3 forintot \u00e9r a [&hellip;]<\/p>\n","protected":false},"author":1,"featured_media":0,"comment_status":"open","ping_status":"open","sticky":false,"template":"","format":"standard","meta":{"footnotes":""},"categories":[7],"tags":[],"class_list":["post-171118","post","type-post","status-publish","format-standard","hentry","category-uzlet"],"amp_enabled":true,"_links":{"self":[{"href":"https:\/\/friss-hirek.hu\/index.php\/wp-json\/wp\/v2\/posts\/171118","targetHints":{"allow":["GET"]}}],"collection":[{"href":"https:\/\/friss-hirek.hu\/index.php\/wp-json\/wp\/v2\/posts"}],"about":[{"href":"https:\/\/friss-hirek.hu\/index.php\/wp-json\/wp\/v2\/types\/post"}],"author":[{"embeddable":true,"href":"https:\/\/friss-hirek.hu\/index.php\/wp-json\/wp\/v2\/users\/1"}],"replies":[{"embeddable":true,"href":"https:\/\/friss-hirek.hu\/index.php\/wp-json\/wp\/v2\/comments?post=171118"}],"version-history":[{"count":0,"href":"https:\/\/friss-hirek.hu\/index.php\/wp-json\/wp\/v2\/posts\/171118\/revisions"}],"wp:attachment":[{"href":"https:\/\/friss-hirek.hu\/index.php\/wp-json\/wp\/v2\/media?parent=171118"}],"wp:term":[{"taxonomy":"category","embeddable":true,"href":"https:\/\/friss-hirek.hu\/index.php\/wp-json\/wp\/v2\/categories?post=171118"},{"taxonomy":"post_tag","embeddable":true,"href":"https:\/\/friss-hirek.hu\/index.php\/wp-json\/wp\/v2\/tags?post=171118"}],"curies":[{"name":"wp","href":"https:\/\/api.w.org\/{rel}","templated":true}]}}